{"id":678,"date":"2011-03-15T13:31:43","date_gmt":"2011-03-15T13:31:43","guid":{"rendered":"http:\/\/www.fieam.org.br\/site\/sesi\/?p=678"},"modified":"2011-03-15T13:31:43","modified_gmt":"2011-03-15T13:31:43","slug":"sistema-s-traz-doutor-bacteria-para-manaus","status":"publish","type":"post","link":"https:\/\/fieam.org.br\/sesi\/sistema-s-traz-doutor-bacteria-para-manaus\/","title":{"rendered":"Sistema \u2018S\u2019 traz Doutor Bact\u00e9ria para Manaus"},"content":{"rendered":"<figure id=\"attachment_681\" aria-describedby=\"caption-attachment-681\" style=\"width: 281px\" class=\"wp-caption aligncenter\"><a href=\"http:\/\/www.fieam.org.br\/site\/sesi\/files\/2011\/03\/foto-para-o-sesi-e-senai.jpg\"><img fetchpriority=\"high\" decoding=\"async\" class=\"size-full wp-image-681\" src=\"http:\/\/www.fieam.org.br\/site\/sesi\/files\/2011\/03\/foto-para-o-sesi-e-senai.jpg\" alt=\"\" width=\"281\" height=\"345\" srcset=\"https:\/\/fieam.org.br\/sesi\/wp-content\/uploads\/sites\/14\/2011\/03\/foto-para-o-sesi-e-senai.jpg 281w, https:\/\/fieam.org.br\/sesi\/wp-content\/uploads\/sites\/14\/2011\/03\/foto-para-o-sesi-e-senai-244x300.jpg 244w\" sizes=\"(max-width: 281px) 100vw, 281px\" \/><\/a><figcaption id=\"caption-attachment-681\" class=\"wp-caption-text\">Doutor Bact\u00e9ria<\/figcaption><\/figure>\n<p>O Servi\u00e7o Nacional de Aprendizagem Industrial (SENAI\/AM) \u00e9 um dos parceiros que traz para Manaus o biom\u00e9dico Roberto Figueiredo, mais conhecido como o \u201cDoutor Bact\u00e9ria\u201d, do programa Fant\u00e1stico. Ele chega nesta ter\u00e7a (15) e falar\u00e1 sobre os riscos que a falta de cuidados com a higiene acarreta \u00e0 sa\u00fade. Na oportunidade, vai citar h\u00e1bitos perigosos comuns, adotados pela maioria das pessoas, a partir das 17 horas, no audit\u00f3rio Gilberto Mendes (na Avenida Joaquim Nabuco, 1919, Centro).<\/p>\n<p>O evento \u00e9 gratuito e aberto ao p\u00fablico, mas as vagas s\u00e3o limitadas.\u00a0 Inscri\u00e7\u00f5es podem ser feitas no Senac Centro pelos telefones 3215-7190 e 7188 (Veja programa\u00e7\u00e3o completa).<\/p>\n<p>A iniciativa far\u00e1 parte do lan\u00e7amento do Programa PAS, realizado entre os dias 15 e 18 de mar\u00e7o. \u00c9 uma realiza\u00e7\u00e3o conjunta do SENAC, SESC, SENAI, SESI e do SEBRAE, que tem como objetivo de disseminar e apoiar a implanta\u00e7\u00e3o de boas pr\u00e1ticas nas empresas do ramo de alimentos e alimenta\u00e7\u00e3o de todo o Pa\u00eds.<\/p>\n<p>Al\u00e9m da palestra, o evento contar\u00e1 com a distribui\u00e7\u00e3o de panfletos e orienta\u00e7\u00f5es individualizadas sobre o tema no Restaurante do SESC, no Amazonas Shopping, no Supermercado DB na Zona Leste de Manaus. A palestra \u00e9 aberta ao p\u00fablico em geral e as vagas s\u00e3o limitadasDoutor Bact\u00e9ria.<\/p>\n<p>O palestrante ficou conhecido como Doutor Bact\u00e9ria ao participar do quadro &#8220;T\u00e1 limpo&#8221; do programa Fant\u00e1stico. Na s\u00e9rie, ele falava dos perigos microsc\u00f3picos que se escondem no cotidiano, esclarecendo d\u00favidas sobre contamina\u00e7\u00e3o de alimentos, higiene, sa\u00fade p\u00fablica e temas relacionados.<\/p>\n<p>Especializado em Sa\u00fade P\u00fablica e em Marketing pela Funda\u00e7\u00e3o Get\u00falio Vargas (FGV) e em Engenharia da Qualidade pela Universidade de S\u00e3o Paulo (USP), Doutor Bact\u00e9ria tamb\u00e9m \u00e9 autor do \u201cGuia pr\u00e1tico para evitar doen\u00e7as veiculadas por alimentos\u201d (Editora Manole), do \u201cPrograma de redu\u00e7\u00e3o de pat\u00f3genos\u201d (Editora Manole, 2002), da \u201cAs armadilhas de uma cozinha\u201d (Editora Manole, 2002) e dos \u201cPadr\u00f5es e procedimentos operacionais de sanitiza\u00e7\u00e3o\u201d (Editora Vida e Consci\u00eancia, 1999).<\/p>\n<p>Programa\u00e7\u00e3o Completa:<\/p>\n<table border=\"1\" cellspacing=\"0\" cellpadding=\"0\">\n<tbody>\n<tr>\n<td><strong>Data <\/strong><\/td>\n<td><strong>Local <\/strong><\/td>\n<td><strong>Hora <\/strong><\/td>\n<td><strong>Evento <\/strong><\/td>\n<td><strong>Observa\u00e7\u00e3o <\/strong><\/td>\n<\/tr>\n<tr>\n<td>15\/03<\/td>\n<td>Audit\u00f3rio Gilberto Mendes<\/td>\n<td>14h00 &#8211; 16h00<\/td>\n<td>Palestra de Abertura<\/td>\n<td valign=\"top\">Palestra destinada a Imprensa, parceiros, convidados e secretarias municipais e estaduais. (P\u00fablico estimado em 40 pessoas)<\/td>\n<\/tr>\n<tr>\n<td>15\/03<\/td>\n<td>Audit\u00f3rio Gilberto Mendes<\/td>\n<td>17h00 &#8211; 18h00<\/td>\n<td>Palestra &#8211; Show c\/ Dr. Bact\u00e9ria<\/td>\n<td valign=\"top\">Palestra aberta ao p\u00fablico local.(P\u00fablico estimado em 180\/200 pessoas)<\/td>\n<\/tr>\n<tr>\n<td>16\/03<\/td>\n<td>Restaurante do SESC &#8211; Centro Manaus\/AM<\/td>\n<td>11h00 &#8211; 15h00<\/td>\n<td>Sensibiliza\u00e7\u00e3o dos usu\u00e1rios<\/td>\n<td valign=\"top\">Distribui\u00e7\u00e3o de panfletos e expositor de imagens da campanha. (P\u00fablico estimado de 1.000 pessoas)<\/td>\n<\/tr>\n<tr>\n<td>17\/03<\/td>\n<td>Amazonas Shopping<\/td>\n<td>10h00 -22h00<\/td>\n<td>Sensibiliza\u00e7\u00e3o dos transeuntes<\/td>\n<td valign=\"top\">Distribui\u00e7\u00e3o de panfletos, orienta\u00e7\u00f5es individualizadas ou a grupos e exposi\u00e7\u00e3o de imagens da campanha. (P\u00fablico estimado de 1000 pessoas)<\/td>\n<\/tr>\n<tr>\n<td>18\/03<\/td>\n<td>Supermercado- Zona Leste Manaus &#8211; DB ZONA LESTE AINDA A CONFIRMAR-<\/td>\n<td>10h00 -22h00<\/td>\n<td>Sensibiliza\u00e7\u00e3o dos clientes<\/td>\n<td valign=\"top\">Distribui\u00e7\u00e3o de panfletos, orienta\u00e7\u00f5es individualizadas ou a grupos e expositor de imagens da campanha. (P\u00fablico estimado de 1000 pessoas)<\/td>\n<\/tr>\n<\/tbody>\n<\/table>\n","protected":false},"excerpt":{"rendered":"<p>Especialista fala sobre os cuidados com a higiene e alimenta\u00e7\u00e3o<\/p>\n","protected":false},"author":1,"featured_media":0,"comment_status":"open","ping_status":"open","sticky":false,"template":"","format":"standard","meta":{"footnotes":""},"categories":[25],"tags":[67,124],"class_list":["post-678","post","type-post","status-publish","format-standard","hentry","category-news","tag-doutor-bacteria","tag-sistema-s"],"yoast_head":"<!-- This site is optimized with the Yoast SEO plugin v28.2 - https:\/\/yoast.com\/product\/yoast-seo-wordpress\/ -->\n<title>Sistema \u2018S\u2019 traz Doutor Bact\u00e9ria para Manaus - SESI<\/title>\n<meta name=\"robots\" content=\"index, follow, max-snippet:-1, max-image-preview:large, max-video-preview:-1\" \/>\n<link rel=\"canonical\" href=\"https:\/\/fieam.org.br\/sesi\/sistema-s-traz-doutor-bacteria-para-manaus\/\" \/>\n<meta property=\"og:locale\" content=\"pt_BR\" \/>\n<meta property=\"og:type\" content=\"article\" \/>\n<meta property=\"og:title\" content=\"Sistema \u2018S\u2019 traz Doutor Bact\u00e9ria para Manaus - SESI\" \/>\n<meta property=\"og:description\" content=\"Especialista fala sobre os cuidados com a higiene e alimenta\u00e7\u00e3o\" \/>\n<meta property=\"og:url\" content=\"https:\/\/fieam.org.br\/sesi\/sistema-s-traz-doutor-bacteria-para-manaus\/\" \/>\n<meta property=\"og:site_name\" content=\"SESI\" \/>\n<meta property=\"article:published_time\" content=\"2011-03-15T13:31:43+00:00\" \/>\n<meta property=\"og:image\" content=\"https:\/\/fieam.org.br\/sesi\/wp-content\/uploads\/sites\/14\/2011\/03\/foto-para-o-sesi-e-senai.jpg\" \/>\n\t<meta property=\"og:image:width\" content=\"281\" \/>\n\t<meta property=\"og:image:height\" content=\"345\" \/>\n\t<meta property=\"og:image:type\" content=\"image\/jpeg\" \/>\n<meta name=\"author\" content=\"Autor\" \/>\n<meta name=\"twitter:card\" content=\"summary_large_image\" \/>\n<meta name=\"twitter:label1\" content=\"Escrito por\" \/>\n\t<meta name=\"twitter:data1\" content=\"Autor\" \/>\n\t<meta name=\"twitter:label2\" content=\"Est. tempo de leitura\" \/>\n\t<meta name=\"twitter:data2\" content=\"3 minutos\" \/>\n<script type=\"application\/ld+json\" class=\"yoast-schema-graph\">{\"@context\":\"https:\\\/\\\/schema.org\",\"@graph\":[{\"@type\":\"Article\",\"@id\":\"https:\\\/\\\/fieam.org.br\\\/sesi\\\/sistema-s-traz-doutor-bacteria-para-manaus\\\/#article\",\"isPartOf\":{\"@id\":\"https:\\\/\\\/fieam.org.br\\\/sesi\\\/sistema-s-traz-doutor-bacteria-para-manaus\\\/\"},\"author\":{\"name\":\"Autor\",\"@id\":\"https:\\\/\\\/fieam.org.br\\\/sesi\\\/#\\\/schema\\\/person\\\/f54998dd14d5f0695b41444f2b01c31e\"},\"headline\":\"Sistema \u2018S\u2019 traz Doutor Bact\u00e9ria para Manaus\",\"datePublished\":\"2011-03-15T13:31:43+00:00\",\"mainEntityOfPage\":{\"@id\":\"https:\\\/\\\/fieam.org.br\\\/sesi\\\/sistema-s-traz-doutor-bacteria-para-manaus\\\/\"},\"wordCount\":527,\"commentCount\":0,\"publisher\":{\"@id\":\"https:\\\/\\\/fieam.org.br\\\/sesi\\\/#organization\"},\"image\":{\"@id\":\"https:\\\/\\\/fieam.org.br\\\/sesi\\\/sistema-s-traz-doutor-bacteria-para-manaus\\\/#primaryimage\"},\"thumbnailUrl\":\"http:\\\/\\\/www.fieam.org.br\\\/site\\\/sesi\\\/files\\\/2011\\\/03\\\/foto-para-o-sesi-e-senai.jpg\",\"keywords\":[\"Doutor Bact\u00e9ria\",\"Sistema \u2018S\u2019\"],\"articleSection\":[\"News\"],\"inLanguage\":\"pt-BR\",\"potentialAction\":[{\"@type\":\"CommentAction\",\"name\":\"Comment\",\"target\":[\"https:\\\/\\\/fieam.org.br\\\/sesi\\\/sistema-s-traz-doutor-bacteria-para-manaus\\\/#respond\"]}]},{\"@type\":\"WebPage\",\"@id\":\"https:\\\/\\\/fieam.org.br\\\/sesi\\\/sistema-s-traz-doutor-bacteria-para-manaus\\\/\",\"url\":\"https:\\\/\\\/fieam.org.br\\\/sesi\\\/sistema-s-traz-doutor-bacteria-para-manaus\\\/\",\"name\":\"Sistema \u2018S\u2019 traz Doutor Bact\u00e9ria para Manaus - SESI\",\"isPartOf\":{\"@id\":\"https:\\\/\\\/fieam.org.br\\\/sesi\\\/#website\"},\"primaryImageOfPage\":{\"@id\":\"https:\\\/\\\/fieam.org.br\\\/sesi\\\/sistema-s-traz-doutor-bacteria-para-manaus\\\/#primaryimage\"},\"image\":{\"@id\":\"https:\\\/\\\/fieam.org.br\\\/sesi\\\/sistema-s-traz-doutor-bacteria-para-manaus\\\/#primaryimage\"},\"thumbnailUrl\":\"http:\\\/\\\/www.fieam.org.br\\\/site\\\/sesi\\\/files\\\/2011\\\/03\\\/foto-para-o-sesi-e-senai.jpg\",\"datePublished\":\"2011-03-15T13:31:43+00:00\",\"breadcrumb\":{\"@id\":\"https:\\\/\\\/fieam.org.br\\\/sesi\\\/sistema-s-traz-doutor-bacteria-para-manaus\\\/#breadcrumb\"},\"inLanguage\":\"pt-BR\",\"potentialAction\":[{\"@type\":\"ReadAction\",\"target\":[\"https:\\\/\\\/fieam.org.br\\\/sesi\\\/sistema-s-traz-doutor-bacteria-para-manaus\\\/\"]}]},{\"@type\":\"ImageObject\",\"inLanguage\":\"pt-BR\",\"@id\":\"https:\\\/\\\/fieam.org.br\\\/sesi\\\/sistema-s-traz-doutor-bacteria-para-manaus\\\/#primaryimage\",\"url\":\"http:\\\/\\\/www.fieam.org.br\\\/site\\\/sesi\\\/files\\\/2011\\\/03\\\/foto-para-o-sesi-e-senai.jpg\",\"contentUrl\":\"http:\\\/\\\/www.fieam.org.br\\\/site\\\/sesi\\\/files\\\/2011\\\/03\\\/foto-para-o-sesi-e-senai.jpg\"},{\"@type\":\"BreadcrumbList\",\"@id\":\"https:\\\/\\\/fieam.org.br\\\/sesi\\\/sistema-s-traz-doutor-bacteria-para-manaus\\\/#breadcrumb\",\"itemListElement\":[{\"@type\":\"ListItem\",\"position\":1,\"name\":\"In\u00edcio\",\"item\":\"https:\\\/\\\/fieam.org.br\\\/sesi\\\/\"},{\"@type\":\"ListItem\",\"position\":2,\"name\":\"Sistema \u2018S\u2019 traz Doutor Bact\u00e9ria para Manaus\"}]},{\"@type\":\"WebSite\",\"@id\":\"https:\\\/\\\/fieam.org.br\\\/sesi\\\/#website\",\"url\":\"https:\\\/\\\/fieam.org.br\\\/sesi\\\/\",\"name\":\"SESI\",\"description\":\"Site Oficial!\",\"publisher\":{\"@id\":\"https:\\\/\\\/fieam.org.br\\\/sesi\\\/#organization\"},\"potentialAction\":[{\"@type\":\"SearchAction\",\"target\":{\"@type\":\"EntryPoint\",\"urlTemplate\":\"https:\\\/\\\/fieam.org.br\\\/sesi\\\/?s={search_term_string}\"},\"query-input\":{\"@type\":\"PropertyValueSpecification\",\"valueRequired\":true,\"valueName\":\"search_term_string\"}}],\"inLanguage\":\"pt-BR\"},{\"@type\":\"Organization\",\"@id\":\"https:\\\/\\\/fieam.org.br\\\/sesi\\\/#organization\",\"name\":\"SESI\",\"url\":\"https:\\\/\\\/fieam.org.br\\\/sesi\\\/\",\"logo\":{\"@type\":\"ImageObject\",\"inLanguage\":\"pt-BR\",\"@id\":\"https:\\\/\\\/fieam.org.br\\\/sesi\\\/#\\\/schema\\\/logo\\\/image\\\/\",\"url\":\"https:\\\/\\\/fieam.org.br\\\/sesi\\\/wp-content\\\/uploads\\\/sites\\\/14\\\/2024\\\/03\\\/cropped-fav.png\",\"contentUrl\":\"https:\\\/\\\/fieam.org.br\\\/sesi\\\/wp-content\\\/uploads\\\/sites\\\/14\\\/2024\\\/03\\\/cropped-fav.png\",\"width\":610,\"height\":589,\"caption\":\"SESI\"},\"image\":{\"@id\":\"https:\\\/\\\/fieam.org.br\\\/sesi\\\/#\\\/schema\\\/logo\\\/image\\\/\"}},{\"@type\":\"Person\",\"@id\":\"https:\\\/\\\/fieam.org.br\\\/sesi\\\/#\\\/schema\\\/person\\\/f54998dd14d5f0695b41444f2b01c31e\",\"name\":\"Autor\",\"image\":{\"@type\":\"ImageObject\",\"inLanguage\":\"pt-BR\",\"@id\":\"https:\\\/\\\/secure.gravatar.com\\\/avatar\\\/3732c223e0e1fad69062a8f770955c9068d37b055204f310a0be18d4069fe380?s=96&d=mm&r=g\",\"url\":\"https:\\\/\\\/secure.gravatar.com\\\/avatar\\\/3732c223e0e1fad69062a8f770955c9068d37b055204f310a0be18d4069fe380?s=96&d=mm&r=g\",\"contentUrl\":\"https:\\\/\\\/secure.gravatar.com\\\/avatar\\\/3732c223e0e1fad69062a8f770955c9068d37b055204f310a0be18d4069fe380?s=96&d=mm&r=g\",\"caption\":\"Autor\"},\"sameAs\":[\"https:\\\/\\\/marketingmassivo.com.br\"],\"url\":\"https:\\\/\\\/fieam.org.br\\\/sesi\\\/author\\\/admin\\\/\"}]}<\/script>\n<!-- \/ Yoast SEO plugin. -->","yoast_head_json":{"title":"Sistema \u2018S\u2019 traz Doutor Bact\u00e9ria para Manaus - SESI","robots":{"index":"index","follow":"follow","max-snippet":"max-snippet:-1","max-image-preview":"max-image-preview:large","max-video-preview":"max-video-preview:-1"},"canonical":"https:\/\/fieam.org.br\/sesi\/sistema-s-traz-doutor-bacteria-para-manaus\/","og_locale":"pt_BR","og_type":"article","og_title":"Sistema \u2018S\u2019 traz Doutor Bact\u00e9ria para Manaus - SESI","og_description":"Especialista fala sobre os cuidados com a higiene e alimenta\u00e7\u00e3o","og_url":"https:\/\/fieam.org.br\/sesi\/sistema-s-traz-doutor-bacteria-para-manaus\/","og_site_name":"SESI","article_published_time":"2011-03-15T13:31:43+00:00","og_image":[{"width":281,"height":345,"url":"https:\/\/fieam.org.br\/sesi\/wp-content\/uploads\/sites\/14\/2011\/03\/foto-para-o-sesi-e-senai.jpg","type":"image\/jpeg"}],"author":"Autor","twitter_card":"summary_large_image","twitter_misc":{"Escrito por":"Autor","Est. tempo de leitura":"3 minutos"},"schema":{"@context":"https:\/\/schema.org","@graph":[{"@type":"Article","@id":"https:\/\/fieam.org.br\/sesi\/sistema-s-traz-doutor-bacteria-para-manaus\/#article","isPartOf":{"@id":"https:\/\/fieam.org.br\/sesi\/sistema-s-traz-doutor-bacteria-para-manaus\/"},"author":{"name":"Autor","@id":"https:\/\/fieam.org.br\/sesi\/#\/schema\/person\/f54998dd14d5f0695b41444f2b01c31e"},"headline":"Sistema \u2018S\u2019 traz Doutor Bact\u00e9ria para Manaus","datePublished":"2011-03-15T13:31:43+00:00","mainEntityOfPage":{"@id":"https:\/\/fieam.org.br\/sesi\/sistema-s-traz-doutor-bacteria-para-manaus\/"},"wordCount":527,"commentCount":0,"publisher":{"@id":"https:\/\/fieam.org.br\/sesi\/#organization"},"image":{"@id":"https:\/\/fieam.org.br\/sesi\/sistema-s-traz-doutor-bacteria-para-manaus\/#primaryimage"},"thumbnailUrl":"http:\/\/www.fieam.org.br\/site\/sesi\/files\/2011\/03\/foto-para-o-sesi-e-senai.jpg","keywords":["Doutor Bact\u00e9ria","Sistema \u2018S\u2019"],"articleSection":["News"],"inLanguage":"pt-BR","potentialAction":[{"@type":"CommentAction","name":"Comment","target":["https:\/\/fieam.org.br\/sesi\/sistema-s-traz-doutor-bacteria-para-manaus\/#respond"]}]},{"@type":"WebPage","@id":"https:\/\/fieam.org.br\/sesi\/sistema-s-traz-doutor-bacteria-para-manaus\/","url":"https:\/\/fieam.org.br\/sesi\/sistema-s-traz-doutor-bacteria-para-manaus\/","name":"Sistema \u2018S\u2019 traz Doutor Bact\u00e9ria para Manaus - SESI","isPartOf":{"@id":"https:\/\/fieam.org.br\/sesi\/#website"},"primaryImageOfPage":{"@id":"https:\/\/fieam.org.br\/sesi\/sistema-s-traz-doutor-bacteria-para-manaus\/#primaryimage"},"image":{"@id":"https:\/\/fieam.org.br\/sesi\/sistema-s-traz-doutor-bacteria-para-manaus\/#primaryimage"},"thumbnailUrl":"http:\/\/www.fieam.org.br\/site\/sesi\/files\/2011\/03\/foto-para-o-sesi-e-senai.jpg","datePublished":"2011-03-15T13:31:43+00:00","breadcrumb":{"@id":"https:\/\/fieam.org.br\/sesi\/sistema-s-traz-doutor-bacteria-para-manaus\/#breadcrumb"},"inLanguage":"pt-BR","potentialAction":[{"@type":"ReadAction","target":["https:\/\/fieam.org.br\/sesi\/sistema-s-traz-doutor-bacteria-para-manaus\/"]}]},{"@type":"ImageObject","inLanguage":"pt-BR","@id":"https:\/\/fieam.org.br\/sesi\/sistema-s-traz-doutor-bacteria-para-manaus\/#primaryimage","url":"http:\/\/www.fieam.org.br\/site\/sesi\/files\/2011\/03\/foto-para-o-sesi-e-senai.jpg","contentUrl":"http:\/\/www.fieam.org.br\/site\/sesi\/files\/2011\/03\/foto-para-o-sesi-e-senai.jpg"},{"@type":"BreadcrumbList","@id":"https:\/\/fieam.org.br\/sesi\/sistema-s-traz-doutor-bacteria-para-manaus\/#breadcrumb","itemListElement":[{"@type":"ListItem","position":1,"name":"In\u00edcio","item":"https:\/\/fieam.org.br\/sesi\/"},{"@type":"ListItem","position":2,"name":"Sistema \u2018S\u2019 traz Doutor Bact\u00e9ria para Manaus"}]},{"@type":"WebSite","@id":"https:\/\/fieam.org.br\/sesi\/#website","url":"https:\/\/fieam.org.br\/sesi\/","name":"SESI","description":"Site Oficial!","publisher":{"@id":"https:\/\/fieam.org.br\/sesi\/#organization"},"potentialAction":[{"@type":"SearchAction","target":{"@type":"EntryPoint","urlTemplate":"https:\/\/fieam.org.br\/sesi\/?s={search_term_string}"},"query-input":{"@type":"PropertyValueSpecification","valueRequired":true,"valueName":"search_term_string"}}],"inLanguage":"pt-BR"},{"@type":"Organization","@id":"https:\/\/fieam.org.br\/sesi\/#organization","name":"SESI","url":"https:\/\/fieam.org.br\/sesi\/","logo":{"@type":"ImageObject","inLanguage":"pt-BR","@id":"https:\/\/fieam.org.br\/sesi\/#\/schema\/logo\/image\/","url":"https:\/\/fieam.org.br\/sesi\/wp-content\/uploads\/sites\/14\/2024\/03\/cropped-fav.png","contentUrl":"https:\/\/fieam.org.br\/sesi\/wp-content\/uploads\/sites\/14\/2024\/03\/cropped-fav.png","width":610,"height":589,"caption":"SESI"},"image":{"@id":"https:\/\/fieam.org.br\/sesi\/#\/schema\/logo\/image\/"}},{"@type":"Person","@id":"https:\/\/fieam.org.br\/sesi\/#\/schema\/person\/f54998dd14d5f0695b41444f2b01c31e","name":"Autor","image":{"@type":"ImageObject","inLanguage":"pt-BR","@id":"https:\/\/secure.gravatar.com\/avatar\/3732c223e0e1fad69062a8f770955c9068d37b055204f310a0be18d4069fe380?s=96&d=mm&r=g","url":"https:\/\/secure.gravatar.com\/avatar\/3732c223e0e1fad69062a8f770955c9068d37b055204f310a0be18d4069fe380?s=96&d=mm&r=g","contentUrl":"https:\/\/secure.gravatar.com\/avatar\/3732c223e0e1fad69062a8f770955c9068d37b055204f310a0be18d4069fe380?s=96&d=mm&r=g","caption":"Autor"},"sameAs":["https:\/\/marketingmassivo.com.br"],"url":"https:\/\/fieam.org.br\/sesi\/author\/admin\/"}]}},"_links":{"self":[{"href":"https:\/\/fieam.org.br\/sesi\/wp-json\/wp\/v2\/posts\/678","targetHints":{"allow":["GET"]}}],"collection":[{"href":"https:\/\/fieam.org.br\/sesi\/wp-json\/wp\/v2\/posts"}],"about":[{"href":"https:\/\/fieam.org.br\/sesi\/wp-json\/wp\/v2\/types\/post"}],"author":[{"embeddable":true,"href":"https:\/\/fieam.org.br\/sesi\/wp-json\/wp\/v2\/users\/1"}],"replies":[{"embeddable":true,"href":"https:\/\/fieam.org.br\/sesi\/wp-json\/wp\/v2\/comments?post=678"}],"version-history":[{"count":0,"href":"https:\/\/fieam.org.br\/sesi\/wp-json\/wp\/v2\/posts\/678\/revisions"}],"wp:attachment":[{"href":"https:\/\/fieam.org.br\/sesi\/wp-json\/wp\/v2\/media?parent=678"}],"wp:term":[{"taxonomy":"category","embeddable":true,"href":"https:\/\/fieam.org.br\/sesi\/wp-json\/wp\/v2\/categories?post=678"},{"taxonomy":"post_tag","embeddable":true,"href":"https:\/\/fieam.org.br\/sesi\/wp-json\/wp\/v2\/tags?post=678"}],"curies":[{"name":"wp","href":"https:\/\/api.w.org\/{rel}","templated":true}]}}