{"id":6431,"date":"2015-01-15T16:59:58","date_gmt":"2015-01-15T16:59:58","guid":{"rendered":"http:\/\/www.fieam.org.br\/site\/sesi\/?p=6431"},"modified":"2015-01-15T16:59:58","modified_gmt":"2015-01-15T16:59:58","slug":"sesi-inscreve-para-cursos-de-educacao-continuada","status":"publish","type":"post","link":"https:\/\/fieam.org.br\/sesi\/sesi-inscreve-para-cursos-de-educacao-continuada\/","title":{"rendered":"SESI inscreve para cursos de Educa\u00e7\u00e3o Continuada"},"content":{"rendered":"<p><a href=\"http:\/\/www.fieam.org.br\/site\/sesi\/\" target=\"_blank\" rel=\"noopener\">O Servi\u00e7o Social da Ind\u00fastria (SESI Amazonas)<\/a>\u00a0est\u00e1 com inscri\u00e7\u00f5es abertas para cursos de Inform\u00e1tica B\u00e1sica, Ferramenta Prezi e Forma\u00e7\u00e3o de L\u00edderes. Os cursos, da modalidade Educa\u00e7\u00e3o Continuada, s\u00e3o direcionados ao trabalhador da ind\u00fastria, seus dependentes e comunidade, e ser\u00e3o realizados nos turnos da tarde e noite.<\/p>\n<p>O curso de Forma\u00e7\u00e3o de L\u00edderes est\u00e1 sendo oferecido em dois m\u00f3dulos. As aulas do primeiro, \u2018Lideran\u00e7a Essencial\u2019, t\u00eam in\u00edcio previsto para o dia 10 de fevereiro, com carga hor\u00e1ria de 12 horas, no hor\u00e1rio de 18h30 \u00e0s 21h30. O curso \u00e9 gratuito para industri\u00e1rios e seus dependentes, e tem um custo de R$ 100,00 para o p\u00fablico em geral. As aulas ser\u00e3o ministradas no N\u00facleo Integrado de Educa\u00e7\u00e3o Continuada (NIEC), localizado na Rua Vivaldo Lima, s\/n, bairro Alvorada I. O segundo m\u00f3dulo do curso de Forma\u00e7\u00e3o de L\u00edderes est\u00e1 previsto para o m\u00eas de mar\u00e7o.<\/p>\n<p>O curso Ferramenta Prezi tem carga hor\u00e1ria de 8 horas, divididas em dois dias. \u00c9 gratuito para o industri\u00e1rio e dependentes, e tem uma taxa de R$ 60,00 para o para o p\u00fablico em geral. As aulas come\u00e7am no dia 10 de fevereiro, no hor\u00e1rio de 13h30 \u00e0s 17h30, e ser\u00e3o ministradas no Centro de Atividades Dr. Diocl\u00e9cio de Miranda Corr\u00eaa, localizado na rua Bras\u00edlia, s\/n, S\u00e3o Jorge.<\/p>\n<p>Para os interessados em cursar Inform\u00e1tica B\u00e1sica, as inscri\u00e7\u00f5es come\u00e7am no dia 26 de janeiro, com in\u00edcio das aulas no dia 4 de fevereiro. O curso \u00e9 gratuito para industri\u00e1rios e seus dependentes, tem um custo de R$ 220,00 para o p\u00fablico em geral, e carga hor\u00e1ria de 30 horas, no hor\u00e1rio de 18h30 \u00e0s 21h30. O curso ser\u00e1 realizado no NIEC.<\/p>\n<p>Para se inscrever, o trabalhador da ind\u00fastria deve apresentar c\u00f3pias do RG, CPF, PIS, contracheque e comprovante de resid\u00eancia. Os dependentes do industri\u00e1rio devem levar, al\u00e9m das c\u00f3pias do RG, CPF e PIS, certid\u00e3o de nascimento ou casamento. Para o p\u00fablico em geral, s\u00e3o requisitadas c\u00f3pias do RG, CPF e comprovante de resid\u00eancia.<\/p>\n<p>Mais informa\u00e7\u00f5es sobre os tr\u00eas cursos pelo telefone (92) 3239-1101 ou 3238-9706 e, e-mail:<a href=\"mailto:educacao.continuada@sesiam.org.br\" target=\"_blank\" rel=\"noopener\">educacao.continuada@sesiam.org.br<\/a>\u00a0ou<a href=\"mailto:serem.educacao@sesiam.org.br\" target=\"_blank\" rel=\"noopener\">serem.educacao@sesiam.org.br<\/a>.<\/p>\n<p>[nggallery id=283]<\/p>\n","protected":false},"excerpt":{"rendered":"<p>O Servi\u00e7o Social da Ind\u00fastria (SESI Amazonas)\u00a0est\u00e1 com inscri\u00e7\u00f5es abertas para cursos de Inform\u00e1tica B\u00e1sica, Ferramenta Prezi e Forma\u00e7\u00e3o de L\u00edderes. Os cursos, da modalidade Educa\u00e7\u00e3o Continuada, s\u00e3o direcionados ao trabalhador da ind\u00fastria, seus dependentes e comunidade, e ser\u00e3o realizados nos turnos da tarde e noite. O curso de Forma\u00e7\u00e3o de L\u00edderes est\u00e1 sendo oferecido [&hellip;]<\/p>\n","protected":false},"author":1,"featured_media":0,"comment_status":"open","ping_status":"open","sticky":false,"template":"","format":"standard","meta":{"footnotes":""},"categories":[25],"tags":[],"class_list":["post-6431","post","type-post","status-publish","format-standard","hentry","category-news"],"yoast_head":"<!-- This site is optimized with the Yoast SEO plugin v28.2 - https:\/\/yoast.com\/product\/yoast-seo-wordpress\/ -->\n<title>SESI inscreve para cursos de Educa\u00e7\u00e3o Continuada - SESI<\/title>\n<meta name=\"robots\" content=\"index, follow, max-snippet:-1, max-image-preview:large, max-video-preview:-1\" \/>\n<link rel=\"canonical\" href=\"https:\/\/fieam.org.br\/sesi\/sesi-inscreve-para-cursos-de-educacao-continuada\/\" \/>\n<meta property=\"og:locale\" content=\"pt_BR\" \/>\n<meta property=\"og:type\" content=\"article\" \/>\n<meta property=\"og:title\" content=\"SESI inscreve para cursos de Educa\u00e7\u00e3o Continuada - SESI\" \/>\n<meta property=\"og:description\" content=\"O Servi\u00e7o Social da Ind\u00fastria (SESI Amazonas)\u00a0est\u00e1 com inscri\u00e7\u00f5es abertas para cursos de Inform\u00e1tica B\u00e1sica, Ferramenta Prezi e Forma\u00e7\u00e3o de L\u00edderes. Os cursos, da modalidade Educa\u00e7\u00e3o Continuada, s\u00e3o direcionados ao trabalhador da ind\u00fastria, seus dependentes e comunidade, e ser\u00e3o realizados nos turnos da tarde e noite. O curso de Forma\u00e7\u00e3o de L\u00edderes est\u00e1 sendo oferecido [&hellip;]\" \/>\n<meta property=\"og:url\" content=\"https:\/\/fieam.org.br\/sesi\/sesi-inscreve-para-cursos-de-educacao-continuada\/\" \/>\n<meta property=\"og:site_name\" content=\"SESI\" \/>\n<meta property=\"article:published_time\" content=\"2015-01-15T16:59:58+00:00\" \/>\n<meta name=\"author\" content=\"Autor\" \/>\n<meta name=\"twitter:card\" content=\"summary_large_image\" \/>\n<meta name=\"twitter:label1\" content=\"Escrito por\" \/>\n\t<meta name=\"twitter:data1\" content=\"Autor\" \/>\n\t<meta name=\"twitter:label2\" content=\"Est. tempo de leitura\" \/>\n\t<meta name=\"twitter:data2\" content=\"2 minutos\" \/>\n<script type=\"application\/ld+json\" class=\"yoast-schema-graph\">{\"@context\":\"https:\\\/\\\/schema.org\",\"@graph\":[{\"@type\":\"Article\",\"@id\":\"https:\\\/\\\/fieam.org.br\\\/sesi\\\/sesi-inscreve-para-cursos-de-educacao-continuada\\\/#article\",\"isPartOf\":{\"@id\":\"https:\\\/\\\/fieam.org.br\\\/sesi\\\/sesi-inscreve-para-cursos-de-educacao-continuada\\\/\"},\"author\":{\"name\":\"Autor\",\"@id\":\"https:\\\/\\\/fieam.org.br\\\/sesi\\\/#\\\/schema\\\/person\\\/f54998dd14d5f0695b41444f2b01c31e\"},\"headline\":\"SESI inscreve para cursos de Educa\u00e7\u00e3o Continuada\",\"datePublished\":\"2015-01-15T16:59:58+00:00\",\"mainEntityOfPage\":{\"@id\":\"https:\\\/\\\/fieam.org.br\\\/sesi\\\/sesi-inscreve-para-cursos-de-educacao-continuada\\\/\"},\"wordCount\":409,\"commentCount\":0,\"publisher\":{\"@id\":\"https:\\\/\\\/fieam.org.br\\\/sesi\\\/#organization\"},\"articleSection\":[\"News\"],\"inLanguage\":\"pt-BR\",\"potentialAction\":[{\"@type\":\"CommentAction\",\"name\":\"Comment\",\"target\":[\"https:\\\/\\\/fieam.org.br\\\/sesi\\\/sesi-inscreve-para-cursos-de-educacao-continuada\\\/#respond\"]}]},{\"@type\":\"WebPage\",\"@id\":\"https:\\\/\\\/fieam.org.br\\\/sesi\\\/sesi-inscreve-para-cursos-de-educacao-continuada\\\/\",\"url\":\"https:\\\/\\\/fieam.org.br\\\/sesi\\\/sesi-inscreve-para-cursos-de-educacao-continuada\\\/\",\"name\":\"SESI inscreve para cursos de Educa\u00e7\u00e3o Continuada - SESI\",\"isPartOf\":{\"@id\":\"https:\\\/\\\/fieam.org.br\\\/sesi\\\/#website\"},\"datePublished\":\"2015-01-15T16:59:58+00:00\",\"breadcrumb\":{\"@id\":\"https:\\\/\\\/fieam.org.br\\\/sesi\\\/sesi-inscreve-para-cursos-de-educacao-continuada\\\/#breadcrumb\"},\"inLanguage\":\"pt-BR\",\"potentialAction\":[{\"@type\":\"ReadAction\",\"target\":[\"https:\\\/\\\/fieam.org.br\\\/sesi\\\/sesi-inscreve-para-cursos-de-educacao-continuada\\\/\"]}]},{\"@type\":\"BreadcrumbList\",\"@id\":\"https:\\\/\\\/fieam.org.br\\\/sesi\\\/sesi-inscreve-para-cursos-de-educacao-continuada\\\/#breadcrumb\",\"itemListElement\":[{\"@type\":\"ListItem\",\"position\":1,\"name\":\"In\u00edcio\",\"item\":\"https:\\\/\\\/fieam.org.br\\\/sesi\\\/\"},{\"@type\":\"ListItem\",\"position\":2,\"name\":\"SESI inscreve para cursos de Educa\u00e7\u00e3o Continuada\"}]},{\"@type\":\"WebSite\",\"@id\":\"https:\\\/\\\/fieam.org.br\\\/sesi\\\/#website\",\"url\":\"https:\\\/\\\/fieam.org.br\\\/sesi\\\/\",\"name\":\"SESI\",\"description\":\"Site Oficial!\",\"publisher\":{\"@id\":\"https:\\\/\\\/fieam.org.br\\\/sesi\\\/#organization\"},\"potentialAction\":[{\"@type\":\"SearchAction\",\"target\":{\"@type\":\"EntryPoint\",\"urlTemplate\":\"https:\\\/\\\/fieam.org.br\\\/sesi\\\/?s={search_term_string}\"},\"query-input\":{\"@type\":\"PropertyValueSpecification\",\"valueRequired\":true,\"valueName\":\"search_term_string\"}}],\"inLanguage\":\"pt-BR\"},{\"@type\":\"Organization\",\"@id\":\"https:\\\/\\\/fieam.org.br\\\/sesi\\\/#organization\",\"name\":\"SESI\",\"url\":\"https:\\\/\\\/fieam.org.br\\\/sesi\\\/\",\"logo\":{\"@type\":\"ImageObject\",\"inLanguage\":\"pt-BR\",\"@id\":\"https:\\\/\\\/fieam.org.br\\\/sesi\\\/#\\\/schema\\\/logo\\\/image\\\/\",\"url\":\"https:\\\/\\\/fieam.org.br\\\/sesi\\\/wp-content\\\/uploads\\\/sites\\\/14\\\/2024\\\/03\\\/cropped-fav.png\",\"contentUrl\":\"https:\\\/\\\/fieam.org.br\\\/sesi\\\/wp-content\\\/uploads\\\/sites\\\/14\\\/2024\\\/03\\\/cropped-fav.png\",\"width\":610,\"height\":589,\"caption\":\"SESI\"},\"image\":{\"@id\":\"https:\\\/\\\/fieam.org.br\\\/sesi\\\/#\\\/schema\\\/logo\\\/image\\\/\"}},{\"@type\":\"Person\",\"@id\":\"https:\\\/\\\/fieam.org.br\\\/sesi\\\/#\\\/schema\\\/person\\\/f54998dd14d5f0695b41444f2b01c31e\",\"name\":\"Autor\",\"image\":{\"@type\":\"ImageObject\",\"inLanguage\":\"pt-BR\",\"@id\":\"https:\\\/\\\/secure.gravatar.com\\\/avatar\\\/3732c223e0e1fad69062a8f770955c9068d37b055204f310a0be18d4069fe380?s=96&d=mm&r=g\",\"url\":\"https:\\\/\\\/secure.gravatar.com\\\/avatar\\\/3732c223e0e1fad69062a8f770955c9068d37b055204f310a0be18d4069fe380?s=96&d=mm&r=g\",\"contentUrl\":\"https:\\\/\\\/secure.gravatar.com\\\/avatar\\\/3732c223e0e1fad69062a8f770955c9068d37b055204f310a0be18d4069fe380?s=96&d=mm&r=g\",\"caption\":\"Autor\"},\"sameAs\":[\"https:\\\/\\\/marketingmassivo.com.br\"],\"url\":\"https:\\\/\\\/fieam.org.br\\\/sesi\\\/author\\\/admin\\\/\"}]}<\/script>\n<!-- \/ Yoast SEO plugin. -->","yoast_head_json":{"title":"SESI inscreve para cursos de Educa\u00e7\u00e3o Continuada - SESI","robots":{"index":"index","follow":"follow","max-snippet":"max-snippet:-1","max-image-preview":"max-image-preview:large","max-video-preview":"max-video-preview:-1"},"canonical":"https:\/\/fieam.org.br\/sesi\/sesi-inscreve-para-cursos-de-educacao-continuada\/","og_locale":"pt_BR","og_type":"article","og_title":"SESI inscreve para cursos de Educa\u00e7\u00e3o Continuada - SESI","og_description":"O Servi\u00e7o Social da Ind\u00fastria (SESI Amazonas)\u00a0est\u00e1 com inscri\u00e7\u00f5es abertas para cursos de Inform\u00e1tica B\u00e1sica, Ferramenta Prezi e Forma\u00e7\u00e3o de L\u00edderes. Os cursos, da modalidade Educa\u00e7\u00e3o Continuada, s\u00e3o direcionados ao trabalhador da ind\u00fastria, seus dependentes e comunidade, e ser\u00e3o realizados nos turnos da tarde e noite. O curso de Forma\u00e7\u00e3o de L\u00edderes est\u00e1 sendo oferecido [&hellip;]","og_url":"https:\/\/fieam.org.br\/sesi\/sesi-inscreve-para-cursos-de-educacao-continuada\/","og_site_name":"SESI","article_published_time":"2015-01-15T16:59:58+00:00","author":"Autor","twitter_card":"summary_large_image","twitter_misc":{"Escrito por":"Autor","Est. tempo de leitura":"2 minutos"},"schema":{"@context":"https:\/\/schema.org","@graph":[{"@type":"Article","@id":"https:\/\/fieam.org.br\/sesi\/sesi-inscreve-para-cursos-de-educacao-continuada\/#article","isPartOf":{"@id":"https:\/\/fieam.org.br\/sesi\/sesi-inscreve-para-cursos-de-educacao-continuada\/"},"author":{"name":"Autor","@id":"https:\/\/fieam.org.br\/sesi\/#\/schema\/person\/f54998dd14d5f0695b41444f2b01c31e"},"headline":"SESI inscreve para cursos de Educa\u00e7\u00e3o Continuada","datePublished":"2015-01-15T16:59:58+00:00","mainEntityOfPage":{"@id":"https:\/\/fieam.org.br\/sesi\/sesi-inscreve-para-cursos-de-educacao-continuada\/"},"wordCount":409,"commentCount":0,"publisher":{"@id":"https:\/\/fieam.org.br\/sesi\/#organization"},"articleSection":["News"],"inLanguage":"pt-BR","potentialAction":[{"@type":"CommentAction","name":"Comment","target":["https:\/\/fieam.org.br\/sesi\/sesi-inscreve-para-cursos-de-educacao-continuada\/#respond"]}]},{"@type":"WebPage","@id":"https:\/\/fieam.org.br\/sesi\/sesi-inscreve-para-cursos-de-educacao-continuada\/","url":"https:\/\/fieam.org.br\/sesi\/sesi-inscreve-para-cursos-de-educacao-continuada\/","name":"SESI inscreve para cursos de Educa\u00e7\u00e3o Continuada - SESI","isPartOf":{"@id":"https:\/\/fieam.org.br\/sesi\/#website"},"datePublished":"2015-01-15T16:59:58+00:00","breadcrumb":{"@id":"https:\/\/fieam.org.br\/sesi\/sesi-inscreve-para-cursos-de-educacao-continuada\/#breadcrumb"},"inLanguage":"pt-BR","potentialAction":[{"@type":"ReadAction","target":["https:\/\/fieam.org.br\/sesi\/sesi-inscreve-para-cursos-de-educacao-continuada\/"]}]},{"@type":"BreadcrumbList","@id":"https:\/\/fieam.org.br\/sesi\/sesi-inscreve-para-cursos-de-educacao-continuada\/#breadcrumb","itemListElement":[{"@type":"ListItem","position":1,"name":"In\u00edcio","item":"https:\/\/fieam.org.br\/sesi\/"},{"@type":"ListItem","position":2,"name":"SESI inscreve para cursos de Educa\u00e7\u00e3o Continuada"}]},{"@type":"WebSite","@id":"https:\/\/fieam.org.br\/sesi\/#website","url":"https:\/\/fieam.org.br\/sesi\/","name":"SESI","description":"Site Oficial!","publisher":{"@id":"https:\/\/fieam.org.br\/sesi\/#organization"},"potentialAction":[{"@type":"SearchAction","target":{"@type":"EntryPoint","urlTemplate":"https:\/\/fieam.org.br\/sesi\/?s={search_term_string}"},"query-input":{"@type":"PropertyValueSpecification","valueRequired":true,"valueName":"search_term_string"}}],"inLanguage":"pt-BR"},{"@type":"Organization","@id":"https:\/\/fieam.org.br\/sesi\/#organization","name":"SESI","url":"https:\/\/fieam.org.br\/sesi\/","logo":{"@type":"ImageObject","inLanguage":"pt-BR","@id":"https:\/\/fieam.org.br\/sesi\/#\/schema\/logo\/image\/","url":"https:\/\/fieam.org.br\/sesi\/wp-content\/uploads\/sites\/14\/2024\/03\/cropped-fav.png","contentUrl":"https:\/\/fieam.org.br\/sesi\/wp-content\/uploads\/sites\/14\/2024\/03\/cropped-fav.png","width":610,"height":589,"caption":"SESI"},"image":{"@id":"https:\/\/fieam.org.br\/sesi\/#\/schema\/logo\/image\/"}},{"@type":"Person","@id":"https:\/\/fieam.org.br\/sesi\/#\/schema\/person\/f54998dd14d5f0695b41444f2b01c31e","name":"Autor","image":{"@type":"ImageObject","inLanguage":"pt-BR","@id":"https:\/\/secure.gravatar.com\/avatar\/3732c223e0e1fad69062a8f770955c9068d37b055204f310a0be18d4069fe380?s=96&d=mm&r=g","url":"https:\/\/secure.gravatar.com\/avatar\/3732c223e0e1fad69062a8f770955c9068d37b055204f310a0be18d4069fe380?s=96&d=mm&r=g","contentUrl":"https:\/\/secure.gravatar.com\/avatar\/3732c223e0e1fad69062a8f770955c9068d37b055204f310a0be18d4069fe380?s=96&d=mm&r=g","caption":"Autor"},"sameAs":["https:\/\/marketingmassivo.com.br"],"url":"https:\/\/fieam.org.br\/sesi\/author\/admin\/"}]}},"_links":{"self":[{"href":"https:\/\/fieam.org.br\/sesi\/wp-json\/wp\/v2\/posts\/6431","targetHints":{"allow":["GET"]}}],"collection":[{"href":"https:\/\/fieam.org.br\/sesi\/wp-json\/wp\/v2\/posts"}],"about":[{"href":"https:\/\/fieam.org.br\/sesi\/wp-json\/wp\/v2\/types\/post"}],"author":[{"embeddable":true,"href":"https:\/\/fieam.org.br\/sesi\/wp-json\/wp\/v2\/users\/1"}],"replies":[{"embeddable":true,"href":"https:\/\/fieam.org.br\/sesi\/wp-json\/wp\/v2\/comments?post=6431"}],"version-history":[{"count":0,"href":"https:\/\/fieam.org.br\/sesi\/wp-json\/wp\/v2\/posts\/6431\/revisions"}],"wp:attachment":[{"href":"https:\/\/fieam.org.br\/sesi\/wp-json\/wp\/v2\/media?parent=6431"}],"wp:term":[{"taxonomy":"category","embeddable":true,"href":"https:\/\/fieam.org.br\/sesi\/wp-json\/wp\/v2\/categories?post=6431"},{"taxonomy":"post_tag","embeddable":true,"href":"https:\/\/fieam.org.br\/sesi\/wp-json\/wp\/v2\/tags?post=6431"}],"curies":[{"name":"wp","href":"https:\/\/api.w.org\/{rel}","templated":true}]}}