{"id":6310,"date":"2014-12-02T17:15:57","date_gmt":"2014-12-02T17:15:57","guid":{"rendered":"http:\/\/www.fieam.org.br\/site\/sesi\/?p=6310"},"modified":"2014-12-02T17:15:57","modified_gmt":"2014-12-02T17:15:57","slug":"industria-preocupada-com-a-febre-chikungunya","status":"publish","type":"post","link":"https:\/\/fieam.org.br\/sesi\/industria-preocupada-com-a-febre-chikungunya\/","title":{"rendered":"Ind\u00fastria preocupada com a febre Chikungunya"},"content":{"rendered":"<p style=\"text-align: left\" align=\"center\"><img fetchpriority=\"high\" decoding=\"async\" class=\"alignleft size-medium wp-image-6311\" alt=\"Sistema FIEAM\" src=\"http:\/\/www.fieam.org.br\/2015\/sesi\/wp-content\/uploads\/sites\/2\/2014\/12\/Sistema-FIEAM-300x289.jpg\" width=\"300\" height=\"289\" srcset=\"https:\/\/fieam.org.br\/sesi\/wp-content\/uploads\/sites\/14\/2014\/12\/Sistema-FIEAM-300x289.jpg 300w, https:\/\/fieam.org.br\/sesi\/wp-content\/uploads\/sites\/14\/2014\/12\/Sistema-FIEAM.jpg 498w\" sizes=\"(max-width: 300px) 100vw, 300px\" \/><\/p>\n<p style=\"text-align: left\" align=\"center\"><b>O que:<\/b>\u00a0Reuni\u00e3o de trabalho sobre enfrentamento \u00e0 febre Chikungunya<\/p>\n<p><b>Quando:<\/b>\u00a0Dia 3 de dezembro (quarta-feira), \u00e0s 9h<\/p>\n<p><b>Onde:<\/b>\u00a0Audit\u00f3rio do SENAI \u2013 Avenida Ot\u00e1vio Rodrigo, 2394, Distrito Industrial<\/p>\n<p>&nbsp;<\/p>\n<p>O Sistema Federa\u00e7\u00e3o das Ind\u00fastrias do Estado do Amazonas (<a href=\"http:\/\/www.fieam.org.br\/site\/fieam\/\" target=\"_blank\" rel=\"noopener\">FIEAM<\/a>) e a Prefeitura de Manaus realizam nesta quarta-feira (3), \u00e0s 9h, no Audit\u00f3rio do\u00a0<a href=\"http:\/\/www.fieam.org.br\/site\/senai\/\" target=\"_blank\" rel=\"noopener\">SENAI<\/a>, Avenida Ot\u00e1vio Rodrigo, 2394, no Distrito Industrial, reuni\u00e3o com a participa\u00e7\u00e3o de profissionais da Secretaria Municipal de Sa\u00fade (Semsa) e da sociedade para tratar de medidas para enfrentamento \u00e0 febre Chikungunya pelo segmento industrial no Estado.<\/p>\n<p>A reuni\u00e3o contar\u00e1 com a participa\u00e7\u00e3o de representantes de empresas do Polo Industrial de Manaus e de sindicatos patronais e de trabalhadores do setor.<\/p>\n<p>De acordo com o supervisor de Sa\u00fade Assistencial do\u00a0<a href=\"http:\/\/www.fieam.org.br\/site\/sesi\/\" target=\"_blank\" rel=\"noopener\">SESI Amazonas<\/a>, Manuel Inauhiny, um dos objetivos da reuni\u00e3o \u00e9 tentar minimizar os impactos que poder\u00e3o ocorrer no caso de uma epidemia da febre em Manaus. Diferente da dengue, a febre Chikungunya provoca danos com maior gravidade \u00e0 sa\u00fade da pessoa\u00a0 acometida da doen\u00e7a.<\/p>\n<p>Para a FIEAM, a preocupa\u00e7\u00e3o maior \u00e9 tentar reduzir os impactos na ind\u00fastria, uma vez que a febre pode causar um afastamento do trabalho de 15 dias, podendo se prologar por at\u00e9 90 dias, o que poder\u00e1 afetar a produ\u00e7\u00e3o das ind\u00fastrias e a pr\u00f3pria economia do Estado.<\/p>\n<p>Segundo Inauhiny, a a\u00e7\u00e3o preventiva deve se concentrar\u00a0 principalmente nas \u00e1reas de prolifera\u00e7\u00e3o do Aedes Aegypti. Um \u00fanico mosquito pode contaminar at\u00e9 300 pessoas por dia.<\/p>\n","protected":false},"excerpt":{"rendered":"<p>O que:\u00a0Reuni\u00e3o de trabalho sobre enfrentamento \u00e0 febre Chikungunya Quando:\u00a0Dia 3 de dezembro (quarta-feira), \u00e0s 9h Onde:\u00a0Audit\u00f3rio do SENAI \u2013 Avenida Ot\u00e1vio Rodrigo, 2394, Distrito Industrial &nbsp; O Sistema Federa\u00e7\u00e3o das Ind\u00fastrias do Estado do Amazonas (FIEAM) e a Prefeitura de Manaus realizam nesta quarta-feira (3), \u00e0s 9h, no Audit\u00f3rio do\u00a0SENAI, Avenida Ot\u00e1vio Rodrigo, 2394, [&hellip;]<\/p>\n","protected":false},"author":1,"featured_media":0,"comment_status":"open","ping_status":"open","sticky":false,"template":"","format":"standard","meta":{"footnotes":""},"categories":[25],"tags":[],"class_list":["post-6310","post","type-post","status-publish","format-standard","hentry","category-news"],"yoast_head":"<!-- This site is optimized with the Yoast SEO plugin v28.2 - https:\/\/yoast.com\/product\/yoast-seo-wordpress\/ -->\n<title>Ind\u00fastria preocupada com a febre Chikungunya - SESI<\/title>\n<meta name=\"robots\" content=\"index, follow, max-snippet:-1, max-image-preview:large, max-video-preview:-1\" \/>\n<link rel=\"canonical\" href=\"https:\/\/fieam.org.br\/sesi\/industria-preocupada-com-a-febre-chikungunya\/\" \/>\n<meta property=\"og:locale\" content=\"pt_BR\" \/>\n<meta property=\"og:type\" content=\"article\" \/>\n<meta property=\"og:title\" content=\"Ind\u00fastria preocupada com a febre Chikungunya - SESI\" \/>\n<meta property=\"og:description\" content=\"O que:\u00a0Reuni\u00e3o de trabalho sobre enfrentamento \u00e0 febre Chikungunya Quando:\u00a0Dia 3 de dezembro (quarta-feira), \u00e0s 9h Onde:\u00a0Audit\u00f3rio do SENAI \u2013 Avenida Ot\u00e1vio Rodrigo, 2394, Distrito Industrial &nbsp; O Sistema Federa\u00e7\u00e3o das Ind\u00fastrias do Estado do Amazonas (FIEAM) e a Prefeitura de Manaus realizam nesta quarta-feira (3), \u00e0s 9h, no Audit\u00f3rio do\u00a0SENAI, Avenida Ot\u00e1vio Rodrigo, 2394, [&hellip;]\" \/>\n<meta property=\"og:url\" content=\"https:\/\/fieam.org.br\/sesi\/industria-preocupada-com-a-febre-chikungunya\/\" \/>\n<meta property=\"og:site_name\" content=\"SESI\" \/>\n<meta property=\"article:published_time\" content=\"2014-12-02T17:15:57+00:00\" \/>\n<meta property=\"og:image\" content=\"https:\/\/fieam.org.br\/sesi\/wp-content\/uploads\/sites\/14\/2014\/12\/Sistema-FIEAM.jpg\" \/>\n\t<meta property=\"og:image:width\" content=\"498\" \/>\n\t<meta property=\"og:image:height\" content=\"480\" \/>\n\t<meta property=\"og:image:type\" content=\"image\/jpeg\" \/>\n<meta name=\"author\" content=\"Autor\" \/>\n<meta name=\"twitter:card\" content=\"summary_large_image\" \/>\n<meta name=\"twitter:label1\" content=\"Escrito por\" \/>\n\t<meta name=\"twitter:data1\" content=\"Autor\" \/>\n\t<meta name=\"twitter:label2\" content=\"Est. tempo de leitura\" \/>\n\t<meta name=\"twitter:data2\" content=\"1 minuto\" \/>\n<script type=\"application\/ld+json\" class=\"yoast-schema-graph\">{\"@context\":\"https:\\\/\\\/schema.org\",\"@graph\":[{\"@type\":\"Article\",\"@id\":\"https:\\\/\\\/fieam.org.br\\\/sesi\\\/industria-preocupada-com-a-febre-chikungunya\\\/#article\",\"isPartOf\":{\"@id\":\"https:\\\/\\\/fieam.org.br\\\/sesi\\\/industria-preocupada-com-a-febre-chikungunya\\\/\"},\"author\":{\"name\":\"Autor\",\"@id\":\"https:\\\/\\\/fieam.org.br\\\/sesi\\\/#\\\/schema\\\/person\\\/f54998dd14d5f0695b41444f2b01c31e\"},\"headline\":\"Ind\u00fastria preocupada com a febre Chikungunya\",\"datePublished\":\"2014-12-02T17:15:57+00:00\",\"mainEntityOfPage\":{\"@id\":\"https:\\\/\\\/fieam.org.br\\\/sesi\\\/industria-preocupada-com-a-febre-chikungunya\\\/\"},\"wordCount\":260,\"commentCount\":0,\"publisher\":{\"@id\":\"https:\\\/\\\/fieam.org.br\\\/sesi\\\/#organization\"},\"image\":{\"@id\":\"https:\\\/\\\/fieam.org.br\\\/sesi\\\/industria-preocupada-com-a-febre-chikungunya\\\/#primaryimage\"},\"thumbnailUrl\":\"http:\\\/\\\/www.fieam.org.br\\\/2015\\\/sesi\\\/wp-content\\\/uploads\\\/sites\\\/2\\\/2014\\\/12\\\/Sistema-FIEAM-300x289.jpg\",\"articleSection\":[\"News\"],\"inLanguage\":\"pt-BR\",\"potentialAction\":[{\"@type\":\"CommentAction\",\"name\":\"Comment\",\"target\":[\"https:\\\/\\\/fieam.org.br\\\/sesi\\\/industria-preocupada-com-a-febre-chikungunya\\\/#respond\"]}]},{\"@type\":\"WebPage\",\"@id\":\"https:\\\/\\\/fieam.org.br\\\/sesi\\\/industria-preocupada-com-a-febre-chikungunya\\\/\",\"url\":\"https:\\\/\\\/fieam.org.br\\\/sesi\\\/industria-preocupada-com-a-febre-chikungunya\\\/\",\"name\":\"Ind\u00fastria preocupada com a febre Chikungunya - SESI\",\"isPartOf\":{\"@id\":\"https:\\\/\\\/fieam.org.br\\\/sesi\\\/#website\"},\"primaryImageOfPage\":{\"@id\":\"https:\\\/\\\/fieam.org.br\\\/sesi\\\/industria-preocupada-com-a-febre-chikungunya\\\/#primaryimage\"},\"image\":{\"@id\":\"https:\\\/\\\/fieam.org.br\\\/sesi\\\/industria-preocupada-com-a-febre-chikungunya\\\/#primaryimage\"},\"thumbnailUrl\":\"http:\\\/\\\/www.fieam.org.br\\\/2015\\\/sesi\\\/wp-content\\\/uploads\\\/sites\\\/2\\\/2014\\\/12\\\/Sistema-FIEAM-300x289.jpg\",\"datePublished\":\"2014-12-02T17:15:57+00:00\",\"breadcrumb\":{\"@id\":\"https:\\\/\\\/fieam.org.br\\\/sesi\\\/industria-preocupada-com-a-febre-chikungunya\\\/#breadcrumb\"},\"inLanguage\":\"pt-BR\",\"potentialAction\":[{\"@type\":\"ReadAction\",\"target\":[\"https:\\\/\\\/fieam.org.br\\\/sesi\\\/industria-preocupada-com-a-febre-chikungunya\\\/\"]}]},{\"@type\":\"ImageObject\",\"inLanguage\":\"pt-BR\",\"@id\":\"https:\\\/\\\/fieam.org.br\\\/sesi\\\/industria-preocupada-com-a-febre-chikungunya\\\/#primaryimage\",\"url\":\"http:\\\/\\\/www.fieam.org.br\\\/2015\\\/sesi\\\/wp-content\\\/uploads\\\/sites\\\/2\\\/2014\\\/12\\\/Sistema-FIEAM-300x289.jpg\",\"contentUrl\":\"http:\\\/\\\/www.fieam.org.br\\\/2015\\\/sesi\\\/wp-content\\\/uploads\\\/sites\\\/2\\\/2014\\\/12\\\/Sistema-FIEAM-300x289.jpg\"},{\"@type\":\"BreadcrumbList\",\"@id\":\"https:\\\/\\\/fieam.org.br\\\/sesi\\\/industria-preocupada-com-a-febre-chikungunya\\\/#breadcrumb\",\"itemListElement\":[{\"@type\":\"ListItem\",\"position\":1,\"name\":\"In\u00edcio\",\"item\":\"https:\\\/\\\/fieam.org.br\\\/sesi\\\/\"},{\"@type\":\"ListItem\",\"position\":2,\"name\":\"Ind\u00fastria preocupada com a febre Chikungunya\"}]},{\"@type\":\"WebSite\",\"@id\":\"https:\\\/\\\/fieam.org.br\\\/sesi\\\/#website\",\"url\":\"https:\\\/\\\/fieam.org.br\\\/sesi\\\/\",\"name\":\"SESI\",\"description\":\"Site Oficial!\",\"publisher\":{\"@id\":\"https:\\\/\\\/fieam.org.br\\\/sesi\\\/#organization\"},\"potentialAction\":[{\"@type\":\"SearchAction\",\"target\":{\"@type\":\"EntryPoint\",\"urlTemplate\":\"https:\\\/\\\/fieam.org.br\\\/sesi\\\/?s={search_term_string}\"},\"query-input\":{\"@type\":\"PropertyValueSpecification\",\"valueRequired\":true,\"valueName\":\"search_term_string\"}}],\"inLanguage\":\"pt-BR\"},{\"@type\":\"Organization\",\"@id\":\"https:\\\/\\\/fieam.org.br\\\/sesi\\\/#organization\",\"name\":\"SESI\",\"url\":\"https:\\\/\\\/fieam.org.br\\\/sesi\\\/\",\"logo\":{\"@type\":\"ImageObject\",\"inLanguage\":\"pt-BR\",\"@id\":\"https:\\\/\\\/fieam.org.br\\\/sesi\\\/#\\\/schema\\\/logo\\\/image\\\/\",\"url\":\"https:\\\/\\\/fieam.org.br\\\/sesi\\\/wp-content\\\/uploads\\\/sites\\\/14\\\/2024\\\/03\\\/cropped-fav.png\",\"contentUrl\":\"https:\\\/\\\/fieam.org.br\\\/sesi\\\/wp-content\\\/uploads\\\/sites\\\/14\\\/2024\\\/03\\\/cropped-fav.png\",\"width\":610,\"height\":589,\"caption\":\"SESI\"},\"image\":{\"@id\":\"https:\\\/\\\/fieam.org.br\\\/sesi\\\/#\\\/schema\\\/logo\\\/image\\\/\"}},{\"@type\":\"Person\",\"@id\":\"https:\\\/\\\/fieam.org.br\\\/sesi\\\/#\\\/schema\\\/person\\\/f54998dd14d5f0695b41444f2b01c31e\",\"name\":\"Autor\",\"image\":{\"@type\":\"ImageObject\",\"inLanguage\":\"pt-BR\",\"@id\":\"https:\\\/\\\/secure.gravatar.com\\\/avatar\\\/3732c223e0e1fad69062a8f770955c9068d37b055204f310a0be18d4069fe380?s=96&d=mm&r=g\",\"url\":\"https:\\\/\\\/secure.gravatar.com\\\/avatar\\\/3732c223e0e1fad69062a8f770955c9068d37b055204f310a0be18d4069fe380?s=96&d=mm&r=g\",\"contentUrl\":\"https:\\\/\\\/secure.gravatar.com\\\/avatar\\\/3732c223e0e1fad69062a8f770955c9068d37b055204f310a0be18d4069fe380?s=96&d=mm&r=g\",\"caption\":\"Autor\"},\"sameAs\":[\"https:\\\/\\\/marketingmassivo.com.br\"],\"url\":\"https:\\\/\\\/fieam.org.br\\\/sesi\\\/author\\\/admin\\\/\"}]}<\/script>\n<!-- \/ Yoast SEO plugin. -->","yoast_head_json":{"title":"Ind\u00fastria preocupada com a febre Chikungunya - SESI","robots":{"index":"index","follow":"follow","max-snippet":"max-snippet:-1","max-image-preview":"max-image-preview:large","max-video-preview":"max-video-preview:-1"},"canonical":"https:\/\/fieam.org.br\/sesi\/industria-preocupada-com-a-febre-chikungunya\/","og_locale":"pt_BR","og_type":"article","og_title":"Ind\u00fastria preocupada com a febre Chikungunya - SESI","og_description":"O que:\u00a0Reuni\u00e3o de trabalho sobre enfrentamento \u00e0 febre Chikungunya Quando:\u00a0Dia 3 de dezembro (quarta-feira), \u00e0s 9h Onde:\u00a0Audit\u00f3rio do SENAI \u2013 Avenida Ot\u00e1vio Rodrigo, 2394, Distrito Industrial &nbsp; O Sistema Federa\u00e7\u00e3o das Ind\u00fastrias do Estado do Amazonas (FIEAM) e a Prefeitura de Manaus realizam nesta quarta-feira (3), \u00e0s 9h, no Audit\u00f3rio do\u00a0SENAI, Avenida Ot\u00e1vio Rodrigo, 2394, [&hellip;]","og_url":"https:\/\/fieam.org.br\/sesi\/industria-preocupada-com-a-febre-chikungunya\/","og_site_name":"SESI","article_published_time":"2014-12-02T17:15:57+00:00","og_image":[{"width":498,"height":480,"url":"https:\/\/fieam.org.br\/sesi\/wp-content\/uploads\/sites\/14\/2014\/12\/Sistema-FIEAM.jpg","type":"image\/jpeg"}],"author":"Autor","twitter_card":"summary_large_image","twitter_misc":{"Escrito por":"Autor","Est. tempo de leitura":"1 minuto"},"schema":{"@context":"https:\/\/schema.org","@graph":[{"@type":"Article","@id":"https:\/\/fieam.org.br\/sesi\/industria-preocupada-com-a-febre-chikungunya\/#article","isPartOf":{"@id":"https:\/\/fieam.org.br\/sesi\/industria-preocupada-com-a-febre-chikungunya\/"},"author":{"name":"Autor","@id":"https:\/\/fieam.org.br\/sesi\/#\/schema\/person\/f54998dd14d5f0695b41444f2b01c31e"},"headline":"Ind\u00fastria preocupada com a febre Chikungunya","datePublished":"2014-12-02T17:15:57+00:00","mainEntityOfPage":{"@id":"https:\/\/fieam.org.br\/sesi\/industria-preocupada-com-a-febre-chikungunya\/"},"wordCount":260,"commentCount":0,"publisher":{"@id":"https:\/\/fieam.org.br\/sesi\/#organization"},"image":{"@id":"https:\/\/fieam.org.br\/sesi\/industria-preocupada-com-a-febre-chikungunya\/#primaryimage"},"thumbnailUrl":"http:\/\/www.fieam.org.br\/2015\/sesi\/wp-content\/uploads\/sites\/2\/2014\/12\/Sistema-FIEAM-300x289.jpg","articleSection":["News"],"inLanguage":"pt-BR","potentialAction":[{"@type":"CommentAction","name":"Comment","target":["https:\/\/fieam.org.br\/sesi\/industria-preocupada-com-a-febre-chikungunya\/#respond"]}]},{"@type":"WebPage","@id":"https:\/\/fieam.org.br\/sesi\/industria-preocupada-com-a-febre-chikungunya\/","url":"https:\/\/fieam.org.br\/sesi\/industria-preocupada-com-a-febre-chikungunya\/","name":"Ind\u00fastria preocupada com a febre Chikungunya - SESI","isPartOf":{"@id":"https:\/\/fieam.org.br\/sesi\/#website"},"primaryImageOfPage":{"@id":"https:\/\/fieam.org.br\/sesi\/industria-preocupada-com-a-febre-chikungunya\/#primaryimage"},"image":{"@id":"https:\/\/fieam.org.br\/sesi\/industria-preocupada-com-a-febre-chikungunya\/#primaryimage"},"thumbnailUrl":"http:\/\/www.fieam.org.br\/2015\/sesi\/wp-content\/uploads\/sites\/2\/2014\/12\/Sistema-FIEAM-300x289.jpg","datePublished":"2014-12-02T17:15:57+00:00","breadcrumb":{"@id":"https:\/\/fieam.org.br\/sesi\/industria-preocupada-com-a-febre-chikungunya\/#breadcrumb"},"inLanguage":"pt-BR","potentialAction":[{"@type":"ReadAction","target":["https:\/\/fieam.org.br\/sesi\/industria-preocupada-com-a-febre-chikungunya\/"]}]},{"@type":"ImageObject","inLanguage":"pt-BR","@id":"https:\/\/fieam.org.br\/sesi\/industria-preocupada-com-a-febre-chikungunya\/#primaryimage","url":"http:\/\/www.fieam.org.br\/2015\/sesi\/wp-content\/uploads\/sites\/2\/2014\/12\/Sistema-FIEAM-300x289.jpg","contentUrl":"http:\/\/www.fieam.org.br\/2015\/sesi\/wp-content\/uploads\/sites\/2\/2014\/12\/Sistema-FIEAM-300x289.jpg"},{"@type":"BreadcrumbList","@id":"https:\/\/fieam.org.br\/sesi\/industria-preocupada-com-a-febre-chikungunya\/#breadcrumb","itemListElement":[{"@type":"ListItem","position":1,"name":"In\u00edcio","item":"https:\/\/fieam.org.br\/sesi\/"},{"@type":"ListItem","position":2,"name":"Ind\u00fastria preocupada com a febre Chikungunya"}]},{"@type":"WebSite","@id":"https:\/\/fieam.org.br\/sesi\/#website","url":"https:\/\/fieam.org.br\/sesi\/","name":"SESI","description":"Site Oficial!","publisher":{"@id":"https:\/\/fieam.org.br\/sesi\/#organization"},"potentialAction":[{"@type":"SearchAction","target":{"@type":"EntryPoint","urlTemplate":"https:\/\/fieam.org.br\/sesi\/?s={search_term_string}"},"query-input":{"@type":"PropertyValueSpecification","valueRequired":true,"valueName":"search_term_string"}}],"inLanguage":"pt-BR"},{"@type":"Organization","@id":"https:\/\/fieam.org.br\/sesi\/#organization","name":"SESI","url":"https:\/\/fieam.org.br\/sesi\/","logo":{"@type":"ImageObject","inLanguage":"pt-BR","@id":"https:\/\/fieam.org.br\/sesi\/#\/schema\/logo\/image\/","url":"https:\/\/fieam.org.br\/sesi\/wp-content\/uploads\/sites\/14\/2024\/03\/cropped-fav.png","contentUrl":"https:\/\/fieam.org.br\/sesi\/wp-content\/uploads\/sites\/14\/2024\/03\/cropped-fav.png","width":610,"height":589,"caption":"SESI"},"image":{"@id":"https:\/\/fieam.org.br\/sesi\/#\/schema\/logo\/image\/"}},{"@type":"Person","@id":"https:\/\/fieam.org.br\/sesi\/#\/schema\/person\/f54998dd14d5f0695b41444f2b01c31e","name":"Autor","image":{"@type":"ImageObject","inLanguage":"pt-BR","@id":"https:\/\/secure.gravatar.com\/avatar\/3732c223e0e1fad69062a8f770955c9068d37b055204f310a0be18d4069fe380?s=96&d=mm&r=g","url":"https:\/\/secure.gravatar.com\/avatar\/3732c223e0e1fad69062a8f770955c9068d37b055204f310a0be18d4069fe380?s=96&d=mm&r=g","contentUrl":"https:\/\/secure.gravatar.com\/avatar\/3732c223e0e1fad69062a8f770955c9068d37b055204f310a0be18d4069fe380?s=96&d=mm&r=g","caption":"Autor"},"sameAs":["https:\/\/marketingmassivo.com.br"],"url":"https:\/\/fieam.org.br\/sesi\/author\/admin\/"}]}},"_links":{"self":[{"href":"https:\/\/fieam.org.br\/sesi\/wp-json\/wp\/v2\/posts\/6310","targetHints":{"allow":["GET"]}}],"collection":[{"href":"https:\/\/fieam.org.br\/sesi\/wp-json\/wp\/v2\/posts"}],"about":[{"href":"https:\/\/fieam.org.br\/sesi\/wp-json\/wp\/v2\/types\/post"}],"author":[{"embeddable":true,"href":"https:\/\/fieam.org.br\/sesi\/wp-json\/wp\/v2\/users\/1"}],"replies":[{"embeddable":true,"href":"https:\/\/fieam.org.br\/sesi\/wp-json\/wp\/v2\/comments?post=6310"}],"version-history":[{"count":0,"href":"https:\/\/fieam.org.br\/sesi\/wp-json\/wp\/v2\/posts\/6310\/revisions"}],"wp:attachment":[{"href":"https:\/\/fieam.org.br\/sesi\/wp-json\/wp\/v2\/media?parent=6310"}],"wp:term":[{"taxonomy":"category","embeddable":true,"href":"https:\/\/fieam.org.br\/sesi\/wp-json\/wp\/v2\/categories?post=6310"},{"taxonomy":"post_tag","embeddable":true,"href":"https:\/\/fieam.org.br\/sesi\/wp-json\/wp\/v2\/tags?post=6310"}],"curies":[{"name":"wp","href":"https:\/\/api.w.org\/{rel}","templated":true}]}}