{"id":6308,"date":"2014-12-01T20:41:57","date_gmt":"2014-12-01T20:41:57","guid":{"rendered":"http:\/\/www.fieam.org.br\/site\/sesi\/?p=6308"},"modified":"2014-12-01T20:41:57","modified_gmt":"2014-12-01T20:41:57","slug":"sesi-incentiva-cultura-local-com-mostra-de-danca-no-clube-do-trabalhador","status":"publish","type":"post","link":"https:\/\/fieam.org.br\/sesi\/sesi-incentiva-cultura-local-com-mostra-de-danca-no-clube-do-trabalhador\/","title":{"rendered":"SESI incentiva cultura local com Mostra de Dan\u00e7a no Clube do Trabalhador"},"content":{"rendered":"<p style=\"text-align: left\" align=\"center\">Um p\u00fablico de 900 pessoas compareceu ao Clube do Trabalhador, no \u00faltimo fim de semana, para acompanhar as apresenta\u00e7\u00f5es da VIII Mostra N\u00facleo de Dan\u00e7a do\u00a0<a href=\"http:\/\/www.fieam.org.br\/site\/sesi\/\" target=\"_blank\" rel=\"noopener\">Servi\u00e7o Social da Ind\u00fastria (SESI Amazonas).<\/a>\u00a0Pelo menos 30 coreografias dos g\u00eaneros cl\u00e1ssico, moderno e contempor\u00e2neo, foram apresentadas na sexta-feira e no s\u00e1bado (28 e 29) por alunos do N\u00facleo SESI de Dan\u00e7a e por seis grupos convidados.<\/p>\n<p>Entre os grupos convidados, estava o do Programa SESI Atleta do Futuro, que re\u00fane alunos de 5 a 18 anos da Escola Estadual Myrthes Trigueiro, no Coroado. O programa utiliza a atividade f\u00edsica para promover a educa\u00e7\u00e3o e a inclus\u00e3o social de crian\u00e7as e adolescentes oriundos de fam\u00edlias de baixa renda. Alunos do SAF apresentaram as coreografias \u201cDan\u00e7a das Flores\u201d, \u201cFolhas da Amaz\u00f4nia\u201d, \u201cBailarinas\u201d e \u201cDan\u00e7ando o destino\u201d.<\/p>\n<p>\u201cA mostra \u00e9 o resultado de um trabalho realizado anualmente pelo SESI Amazonas, no qual \u00e9 apresentada aos pais, respons\u00e1veis e aos pr\u00f3prios bailarinos a import\u00e2ncia da dan\u00e7a para o desenvolvimento do corpo e da mente\u201d, disse a professora de bal\u00e9 do SESI Amazonas, Rafaela Oliveira.<\/p>\n<p>Coreografias, como \u201cDan\u00e7ando na Chuva\u201d, \u201cOncinhas\u201d e \u201cDan\u00e7a do Ventre\u201d foram alguns dos destaques do primeiro dia. A coreografia\u00a0 \u201cP\u00e1ssaros\u201d contou com a participa\u00e7\u00e3o da aluna do curso de bal\u00e9 do SESI Amazonas, Pietra Simpl\u00edcio Pereira, de 6 anos, filha do industri\u00e1rio da empresa Musashi da Amaz\u00f4nia, Robson Lopes, 24 anos, e da dona de casa, Priscila Simpl\u00edcio, 24 anos.<\/p>\n<p>\u201cEstamos aqui para incentivar a cultura e acompanhar o sonho da nossa filha, al\u00e9m de ocupar a mente dela com uma dan\u00e7a que exige t\u00e9cnica, aten\u00e7\u00e3o e muita dedica\u00e7\u00e3o\u201d, disse a m\u00e3e.<\/p>\n<p>As apresenta\u00e7\u00f5es tiveram grande impacto, principalmente para os pais presentes, como a professora de educa\u00e7\u00e3o infantil, Franciane Ferreira, 34 anos, e o marido, o Policial Militar, Ant\u00f4nio Carlos Maciel, 31 anos, que acompanharam pela segunda vez a apresenta\u00e7\u00e3o da filha, a aluna de bal\u00e9 Poliana Ferreira Maciel, 4 anos, que participou da coreografia \u201cDan\u00e7ando no Rio\u201d, com acompanhamento da professora Rafaela.<\/p>\n<p>\u201cPara mim, como m\u00e3e, \u00e9 muito emocionante porque n\u00e3o \u00e9 o meu sonho, \u00e9 a realiza\u00e7\u00e3o do sonho dela. A dan\u00e7a \u00e9 importante, pois desenvolve v\u00e1rias habilidades, principalmente a coordena\u00e7\u00e3o motora. E para n\u00f3s, pais, esse momento \u00e9 prazeroso por compartilharmos com a fam\u00edlia e amigos\u201d, disse a m\u00e3e emocionada.<\/p>\n<p>O Grupo da 3\u00aa Idade do SESI Amazonas, mais uma vez, brilhou na mostra, com apresenta\u00e7\u00e3o da coreografia coletiva \u201cOs Marinheiros\u201d e do solo \u201cDan\u00e7ando na Chuva\u201d, com a dan\u00e7arina Glic\u00e9ria Faria. O grupo \u00e9 ensaiado pela professora Sarah Masulo.<\/p>\n<p>A VIII mostra teve ainda como convidados o Centro de Artes da Universidade do Estado do Amazonas, a Cia de Dan\u00e7a do Ventre Nawaar, Grupo Miscigena\u00e7\u00e3o Amaz\u00f4nica e a Companhia de Dan\u00e7a Luna.<\/p>\n<p>[nggallery id=278]<\/p>\n","protected":false},"excerpt":{"rendered":"<p>Um p\u00fablico de 900 pessoas compareceu ao Clube do Trabalhador, no \u00faltimo fim de semana, para acompanhar as apresenta\u00e7\u00f5es da VIII Mostra N\u00facleo de Dan\u00e7a do\u00a0Servi\u00e7o Social da Ind\u00fastria (SESI Amazonas).\u00a0Pelo menos 30 coreografias dos g\u00eaneros cl\u00e1ssico, moderno e contempor\u00e2neo, foram apresentadas na sexta-feira e no s\u00e1bado (28 e 29) por alunos do N\u00facleo SESI [&hellip;]<\/p>\n","protected":false},"author":1,"featured_media":0,"comment_status":"open","ping_status":"open","sticky":false,"template":"","format":"standard","meta":{"footnotes":""},"categories":[25],"tags":[],"class_list":["post-6308","post","type-post","status-publish","format-standard","hentry","category-news"],"yoast_head":"<!-- This site is optimized with the Yoast SEO plugin v28.2 - https:\/\/yoast.com\/product\/yoast-seo-wordpress\/ -->\n<title>SESI incentiva cultura local com Mostra de Dan\u00e7a no Clube do Trabalhador - SESI<\/title>\n<meta name=\"robots\" content=\"index, follow, max-snippet:-1, max-image-preview:large, max-video-preview:-1\" \/>\n<link rel=\"canonical\" href=\"https:\/\/fieam.org.br\/sesi\/sesi-incentiva-cultura-local-com-mostra-de-danca-no-clube-do-trabalhador\/\" \/>\n<meta property=\"og:locale\" content=\"pt_BR\" \/>\n<meta property=\"og:type\" content=\"article\" \/>\n<meta property=\"og:title\" content=\"SESI incentiva cultura local com Mostra de Dan\u00e7a no Clube do Trabalhador - SESI\" \/>\n<meta property=\"og:description\" content=\"Um p\u00fablico de 900 pessoas compareceu ao Clube do Trabalhador, no \u00faltimo fim de semana, para acompanhar as apresenta\u00e7\u00f5es da VIII Mostra N\u00facleo de Dan\u00e7a do\u00a0Servi\u00e7o Social da Ind\u00fastria (SESI Amazonas).\u00a0Pelo menos 30 coreografias dos g\u00eaneros cl\u00e1ssico, moderno e contempor\u00e2neo, foram apresentadas na sexta-feira e no s\u00e1bado (28 e 29) por alunos do N\u00facleo SESI [&hellip;]\" \/>\n<meta property=\"og:url\" content=\"https:\/\/fieam.org.br\/sesi\/sesi-incentiva-cultura-local-com-mostra-de-danca-no-clube-do-trabalhador\/\" \/>\n<meta property=\"og:site_name\" content=\"SESI\" \/>\n<meta property=\"article:published_time\" content=\"2014-12-01T20:41:57+00:00\" \/>\n<meta name=\"author\" content=\"Autor\" \/>\n<meta name=\"twitter:card\" content=\"summary_large_image\" \/>\n<meta name=\"twitter:label1\" content=\"Escrito por\" \/>\n\t<meta name=\"twitter:data1\" content=\"Autor\" \/>\n\t<meta name=\"twitter:label2\" content=\"Est. tempo de leitura\" \/>\n\t<meta name=\"twitter:data2\" content=\"2 minutos\" \/>\n<script type=\"application\/ld+json\" class=\"yoast-schema-graph\">{\"@context\":\"https:\\\/\\\/schema.org\",\"@graph\":[{\"@type\":\"Article\",\"@id\":\"https:\\\/\\\/fieam.org.br\\\/sesi\\\/sesi-incentiva-cultura-local-com-mostra-de-danca-no-clube-do-trabalhador\\\/#article\",\"isPartOf\":{\"@id\":\"https:\\\/\\\/fieam.org.br\\\/sesi\\\/sesi-incentiva-cultura-local-com-mostra-de-danca-no-clube-do-trabalhador\\\/\"},\"author\":{\"name\":\"Autor\",\"@id\":\"https:\\\/\\\/fieam.org.br\\\/sesi\\\/#\\\/schema\\\/person\\\/f54998dd14d5f0695b41444f2b01c31e\"},\"headline\":\"SESI incentiva cultura local com Mostra de Dan\u00e7a no Clube do Trabalhador\",\"datePublished\":\"2014-12-01T20:41:57+00:00\",\"mainEntityOfPage\":{\"@id\":\"https:\\\/\\\/fieam.org.br\\\/sesi\\\/sesi-incentiva-cultura-local-com-mostra-de-danca-no-clube-do-trabalhador\\\/\"},\"wordCount\":509,\"commentCount\":0,\"publisher\":{\"@id\":\"https:\\\/\\\/fieam.org.br\\\/sesi\\\/#organization\"},\"articleSection\":[\"News\"],\"inLanguage\":\"pt-BR\",\"potentialAction\":[{\"@type\":\"CommentAction\",\"name\":\"Comment\",\"target\":[\"https:\\\/\\\/fieam.org.br\\\/sesi\\\/sesi-incentiva-cultura-local-com-mostra-de-danca-no-clube-do-trabalhador\\\/#respond\"]}]},{\"@type\":\"WebPage\",\"@id\":\"https:\\\/\\\/fieam.org.br\\\/sesi\\\/sesi-incentiva-cultura-local-com-mostra-de-danca-no-clube-do-trabalhador\\\/\",\"url\":\"https:\\\/\\\/fieam.org.br\\\/sesi\\\/sesi-incentiva-cultura-local-com-mostra-de-danca-no-clube-do-trabalhador\\\/\",\"name\":\"SESI incentiva cultura local com Mostra de Dan\u00e7a no Clube do Trabalhador - SESI\",\"isPartOf\":{\"@id\":\"https:\\\/\\\/fieam.org.br\\\/sesi\\\/#website\"},\"datePublished\":\"2014-12-01T20:41:57+00:00\",\"breadcrumb\":{\"@id\":\"https:\\\/\\\/fieam.org.br\\\/sesi\\\/sesi-incentiva-cultura-local-com-mostra-de-danca-no-clube-do-trabalhador\\\/#breadcrumb\"},\"inLanguage\":\"pt-BR\",\"potentialAction\":[{\"@type\":\"ReadAction\",\"target\":[\"https:\\\/\\\/fieam.org.br\\\/sesi\\\/sesi-incentiva-cultura-local-com-mostra-de-danca-no-clube-do-trabalhador\\\/\"]}]},{\"@type\":\"BreadcrumbList\",\"@id\":\"https:\\\/\\\/fieam.org.br\\\/sesi\\\/sesi-incentiva-cultura-local-com-mostra-de-danca-no-clube-do-trabalhador\\\/#breadcrumb\",\"itemListElement\":[{\"@type\":\"ListItem\",\"position\":1,\"name\":\"In\u00edcio\",\"item\":\"https:\\\/\\\/fieam.org.br\\\/sesi\\\/\"},{\"@type\":\"ListItem\",\"position\":2,\"name\":\"SESI incentiva cultura local com Mostra de Dan\u00e7a no Clube do Trabalhador\"}]},{\"@type\":\"WebSite\",\"@id\":\"https:\\\/\\\/fieam.org.br\\\/sesi\\\/#website\",\"url\":\"https:\\\/\\\/fieam.org.br\\\/sesi\\\/\",\"name\":\"SESI\",\"description\":\"Site Oficial!\",\"publisher\":{\"@id\":\"https:\\\/\\\/fieam.org.br\\\/sesi\\\/#organization\"},\"potentialAction\":[{\"@type\":\"SearchAction\",\"target\":{\"@type\":\"EntryPoint\",\"urlTemplate\":\"https:\\\/\\\/fieam.org.br\\\/sesi\\\/?s={search_term_string}\"},\"query-input\":{\"@type\":\"PropertyValueSpecification\",\"valueRequired\":true,\"valueName\":\"search_term_string\"}}],\"inLanguage\":\"pt-BR\"},{\"@type\":\"Organization\",\"@id\":\"https:\\\/\\\/fieam.org.br\\\/sesi\\\/#organization\",\"name\":\"SESI\",\"url\":\"https:\\\/\\\/fieam.org.br\\\/sesi\\\/\",\"logo\":{\"@type\":\"ImageObject\",\"inLanguage\":\"pt-BR\",\"@id\":\"https:\\\/\\\/fieam.org.br\\\/sesi\\\/#\\\/schema\\\/logo\\\/image\\\/\",\"url\":\"https:\\\/\\\/fieam.org.br\\\/sesi\\\/wp-content\\\/uploads\\\/sites\\\/14\\\/2024\\\/03\\\/cropped-fav.png\",\"contentUrl\":\"https:\\\/\\\/fieam.org.br\\\/sesi\\\/wp-content\\\/uploads\\\/sites\\\/14\\\/2024\\\/03\\\/cropped-fav.png\",\"width\":610,\"height\":589,\"caption\":\"SESI\"},\"image\":{\"@id\":\"https:\\\/\\\/fieam.org.br\\\/sesi\\\/#\\\/schema\\\/logo\\\/image\\\/\"}},{\"@type\":\"Person\",\"@id\":\"https:\\\/\\\/fieam.org.br\\\/sesi\\\/#\\\/schema\\\/person\\\/f54998dd14d5f0695b41444f2b01c31e\",\"name\":\"Autor\",\"image\":{\"@type\":\"ImageObject\",\"inLanguage\":\"pt-BR\",\"@id\":\"https:\\\/\\\/secure.gravatar.com\\\/avatar\\\/3732c223e0e1fad69062a8f770955c9068d37b055204f310a0be18d4069fe380?s=96&d=mm&r=g\",\"url\":\"https:\\\/\\\/secure.gravatar.com\\\/avatar\\\/3732c223e0e1fad69062a8f770955c9068d37b055204f310a0be18d4069fe380?s=96&d=mm&r=g\",\"contentUrl\":\"https:\\\/\\\/secure.gravatar.com\\\/avatar\\\/3732c223e0e1fad69062a8f770955c9068d37b055204f310a0be18d4069fe380?s=96&d=mm&r=g\",\"caption\":\"Autor\"},\"sameAs\":[\"https:\\\/\\\/marketingmassivo.com.br\"],\"url\":\"https:\\\/\\\/fieam.org.br\\\/sesi\\\/author\\\/admin\\\/\"}]}<\/script>\n<!-- \/ Yoast SEO plugin. -->","yoast_head_json":{"title":"SESI incentiva cultura local com Mostra de Dan\u00e7a no Clube do Trabalhador - SESI","robots":{"index":"index","follow":"follow","max-snippet":"max-snippet:-1","max-image-preview":"max-image-preview:large","max-video-preview":"max-video-preview:-1"},"canonical":"https:\/\/fieam.org.br\/sesi\/sesi-incentiva-cultura-local-com-mostra-de-danca-no-clube-do-trabalhador\/","og_locale":"pt_BR","og_type":"article","og_title":"SESI incentiva cultura local com Mostra de Dan\u00e7a no Clube do Trabalhador - SESI","og_description":"Um p\u00fablico de 900 pessoas compareceu ao Clube do Trabalhador, no \u00faltimo fim de semana, para acompanhar as apresenta\u00e7\u00f5es da VIII Mostra N\u00facleo de Dan\u00e7a do\u00a0Servi\u00e7o Social da Ind\u00fastria (SESI Amazonas).\u00a0Pelo menos 30 coreografias dos g\u00eaneros cl\u00e1ssico, moderno e contempor\u00e2neo, foram apresentadas na sexta-feira e no s\u00e1bado (28 e 29) por alunos do N\u00facleo SESI [&hellip;]","og_url":"https:\/\/fieam.org.br\/sesi\/sesi-incentiva-cultura-local-com-mostra-de-danca-no-clube-do-trabalhador\/","og_site_name":"SESI","article_published_time":"2014-12-01T20:41:57+00:00","author":"Autor","twitter_card":"summary_large_image","twitter_misc":{"Escrito por":"Autor","Est. tempo de leitura":"2 minutos"},"schema":{"@context":"https:\/\/schema.org","@graph":[{"@type":"Article","@id":"https:\/\/fieam.org.br\/sesi\/sesi-incentiva-cultura-local-com-mostra-de-danca-no-clube-do-trabalhador\/#article","isPartOf":{"@id":"https:\/\/fieam.org.br\/sesi\/sesi-incentiva-cultura-local-com-mostra-de-danca-no-clube-do-trabalhador\/"},"author":{"name":"Autor","@id":"https:\/\/fieam.org.br\/sesi\/#\/schema\/person\/f54998dd14d5f0695b41444f2b01c31e"},"headline":"SESI incentiva cultura local com Mostra de Dan\u00e7a no Clube do Trabalhador","datePublished":"2014-12-01T20:41:57+00:00","mainEntityOfPage":{"@id":"https:\/\/fieam.org.br\/sesi\/sesi-incentiva-cultura-local-com-mostra-de-danca-no-clube-do-trabalhador\/"},"wordCount":509,"commentCount":0,"publisher":{"@id":"https:\/\/fieam.org.br\/sesi\/#organization"},"articleSection":["News"],"inLanguage":"pt-BR","potentialAction":[{"@type":"CommentAction","name":"Comment","target":["https:\/\/fieam.org.br\/sesi\/sesi-incentiva-cultura-local-com-mostra-de-danca-no-clube-do-trabalhador\/#respond"]}]},{"@type":"WebPage","@id":"https:\/\/fieam.org.br\/sesi\/sesi-incentiva-cultura-local-com-mostra-de-danca-no-clube-do-trabalhador\/","url":"https:\/\/fieam.org.br\/sesi\/sesi-incentiva-cultura-local-com-mostra-de-danca-no-clube-do-trabalhador\/","name":"SESI incentiva cultura local com Mostra de Dan\u00e7a no Clube do Trabalhador - SESI","isPartOf":{"@id":"https:\/\/fieam.org.br\/sesi\/#website"},"datePublished":"2014-12-01T20:41:57+00:00","breadcrumb":{"@id":"https:\/\/fieam.org.br\/sesi\/sesi-incentiva-cultura-local-com-mostra-de-danca-no-clube-do-trabalhador\/#breadcrumb"},"inLanguage":"pt-BR","potentialAction":[{"@type":"ReadAction","target":["https:\/\/fieam.org.br\/sesi\/sesi-incentiva-cultura-local-com-mostra-de-danca-no-clube-do-trabalhador\/"]}]},{"@type":"BreadcrumbList","@id":"https:\/\/fieam.org.br\/sesi\/sesi-incentiva-cultura-local-com-mostra-de-danca-no-clube-do-trabalhador\/#breadcrumb","itemListElement":[{"@type":"ListItem","position":1,"name":"In\u00edcio","item":"https:\/\/fieam.org.br\/sesi\/"},{"@type":"ListItem","position":2,"name":"SESI incentiva cultura local com Mostra de Dan\u00e7a no Clube do Trabalhador"}]},{"@type":"WebSite","@id":"https:\/\/fieam.org.br\/sesi\/#website","url":"https:\/\/fieam.org.br\/sesi\/","name":"SESI","description":"Site Oficial!","publisher":{"@id":"https:\/\/fieam.org.br\/sesi\/#organization"},"potentialAction":[{"@type":"SearchAction","target":{"@type":"EntryPoint","urlTemplate":"https:\/\/fieam.org.br\/sesi\/?s={search_term_string}"},"query-input":{"@type":"PropertyValueSpecification","valueRequired":true,"valueName":"search_term_string"}}],"inLanguage":"pt-BR"},{"@type":"Organization","@id":"https:\/\/fieam.org.br\/sesi\/#organization","name":"SESI","url":"https:\/\/fieam.org.br\/sesi\/","logo":{"@type":"ImageObject","inLanguage":"pt-BR","@id":"https:\/\/fieam.org.br\/sesi\/#\/schema\/logo\/image\/","url":"https:\/\/fieam.org.br\/sesi\/wp-content\/uploads\/sites\/14\/2024\/03\/cropped-fav.png","contentUrl":"https:\/\/fieam.org.br\/sesi\/wp-content\/uploads\/sites\/14\/2024\/03\/cropped-fav.png","width":610,"height":589,"caption":"SESI"},"image":{"@id":"https:\/\/fieam.org.br\/sesi\/#\/schema\/logo\/image\/"}},{"@type":"Person","@id":"https:\/\/fieam.org.br\/sesi\/#\/schema\/person\/f54998dd14d5f0695b41444f2b01c31e","name":"Autor","image":{"@type":"ImageObject","inLanguage":"pt-BR","@id":"https:\/\/secure.gravatar.com\/avatar\/3732c223e0e1fad69062a8f770955c9068d37b055204f310a0be18d4069fe380?s=96&d=mm&r=g","url":"https:\/\/secure.gravatar.com\/avatar\/3732c223e0e1fad69062a8f770955c9068d37b055204f310a0be18d4069fe380?s=96&d=mm&r=g","contentUrl":"https:\/\/secure.gravatar.com\/avatar\/3732c223e0e1fad69062a8f770955c9068d37b055204f310a0be18d4069fe380?s=96&d=mm&r=g","caption":"Autor"},"sameAs":["https:\/\/marketingmassivo.com.br"],"url":"https:\/\/fieam.org.br\/sesi\/author\/admin\/"}]}},"_links":{"self":[{"href":"https:\/\/fieam.org.br\/sesi\/wp-json\/wp\/v2\/posts\/6308","targetHints":{"allow":["GET"]}}],"collection":[{"href":"https:\/\/fieam.org.br\/sesi\/wp-json\/wp\/v2\/posts"}],"about":[{"href":"https:\/\/fieam.org.br\/sesi\/wp-json\/wp\/v2\/types\/post"}],"author":[{"embeddable":true,"href":"https:\/\/fieam.org.br\/sesi\/wp-json\/wp\/v2\/users\/1"}],"replies":[{"embeddable":true,"href":"https:\/\/fieam.org.br\/sesi\/wp-json\/wp\/v2\/comments?post=6308"}],"version-history":[{"count":0,"href":"https:\/\/fieam.org.br\/sesi\/wp-json\/wp\/v2\/posts\/6308\/revisions"}],"wp:attachment":[{"href":"https:\/\/fieam.org.br\/sesi\/wp-json\/wp\/v2\/media?parent=6308"}],"wp:term":[{"taxonomy":"category","embeddable":true,"href":"https:\/\/fieam.org.br\/sesi\/wp-json\/wp\/v2\/categories?post=6308"},{"taxonomy":"post_tag","embeddable":true,"href":"https:\/\/fieam.org.br\/sesi\/wp-json\/wp\/v2\/tags?post=6308"}],"curies":[{"name":"wp","href":"https:\/\/api.w.org\/{rel}","templated":true}]}}