{"id":6301,"date":"2014-12-01T20:23:20","date_gmt":"2014-12-01T20:23:20","guid":{"rendered":"http:\/\/www.fieam.org.br\/site\/sesi\/?p=6301"},"modified":"2014-12-01T20:23:20","modified_gmt":"2014-12-01T20:23:20","slug":"sesi-e-senai-selecionam-alunos-para-intercambio-nos-eua","status":"publish","type":"post","link":"https:\/\/fieam.org.br\/sesi\/sesi-e-senai-selecionam-alunos-para-intercambio-nos-eua\/","title":{"rendered":"SESI e SENAI selecionam alunos para interc\u00e2mbio nos EUA"},"content":{"rendered":"<p><a href=\"http:\/\/www.fieam.org.br\/site\/sesi\/sesi-e-senai-selecionam-alunos-para-intercambio-nos-eua\/programa-conexao-mundo-forma-25-alunos-em-sua-primeira-turma\/\" rel=\"attachment wp-att-6303\"><img fetchpriority=\"high\" decoding=\"async\" class=\"alignleft  wp-image-6303\" alt=\"Programa Conex\u00e3o Mundo forma 25 alunos em sua primeira turma\" src=\"http:\/\/www.fieam.org.br\/2015\/sesi\/wp-content\/uploads\/sites\/2\/2014\/12\/Programa-Conex\u00e3o-Mundo-forma-25-alunos-em-sua-primeira-turma-1024x682.jpg\" width=\"294\" height=\"196\" \/><\/a>Os estudantes amazonenses Gabriel Alves e Felipe Monteiro, ambos de 15 anos, est\u00e3o entre os 100 alunos dos departamentos regionais do\u00a0<a href=\"http:\/\/www.fieam.org.br\/site\/sesi\/\" target=\"_blank\" rel=\"noopener\">SESI<\/a>\u00a0e\u00a0<a href=\"http:\/\/www.fieam.org.br\/site\/senai\/\" target=\"_blank\" rel=\"noopener\">SENAI<\/a>\u00a0de todo o Brasil selecionados para participar de interc\u00e2mbio nos Estados Unidos. A sele\u00e7\u00e3o foi a segunda etapa do Programa Conex\u00e3o Mundo.<\/p>\n<p>Desenvolvido pelo Servi\u00e7o Social da Ind\u00fastria (SESI) e Servi\u00e7o Nacional de Aprendizagem Industrial (SENAI), em parceria com a ONG americana US Brazil Connect, o Conex\u00e3o Mundo anunciou, na \u00faltima quinta-feira (27), os alunos selecionados para o interc\u00e2mbio, durante a certifica\u00e7\u00e3o da primeira turma do programa no Amazonas formada por 25 alunos.<\/p>\n<p>Empolgado com a viagem para os EUA, Gabriel disse que o curso foi fundamental para o dom\u00ednio do idioma ingl\u00eas, e que conseguiu evoluir bastante tanto na pron\u00fancia quanto no vocabul\u00e1rio. O aluno disse que o di\u00e1logo constante com as professoras americanas foi o diferencial do curso, o que facilitou muito o aprendizado. \u201cComo as professoras n\u00e3o dominavam o portugu\u00eas, os di\u00e1logos sempre em ingl\u00eas exigiram muito do aluno, mas facilitaram a compreens\u00e3o do idioma\u201d, disse.<\/p>\n<p>Para Gabriel, o curso vai abrir as portas para quem quer trabalhar em empresas multinacionais do Polo Industrial de Manaus (PIM). Ele pretende fazer o curso de astronomia em uma faculdade de S\u00e3o Paulo.<\/p>\n<p>Com carga hor\u00e1ria de 340 horas, o Conex\u00e3o Mundo \u00e9 gratuito e teve in\u00edcio em abril deste ano com alunos do EBEP, modalidade que alia a educa\u00e7\u00e3o b\u00e1sica do SESI \u00e0 educa\u00e7\u00e3o profissional do SENAI, coordenado pelo Sistema Federa\u00e7\u00e3o das Ind\u00fastrias do Estado do Amazonas (FIEAM). O curso contempla etapas a dist\u00e2ncia e presencial.<\/p>\n<p>A coordenadora do Programa Conex\u00e3o Mundo, Luana de Freitas, disse que alguns alunos iniciaram o curso sem nenhum conhecimento e que hoje j\u00e1 conseguem compreender e falar o idioma. De acordo com Luana, o aprendizado foi de forma l\u00fadica, brincando, e que o conhecimento foi adquirido normalmente. Luana disse tamb\u00e9m que al\u00e9m do dom\u00ednio do Ingl\u00eas, os alunos aprenderam outros valores, como respeito, determina\u00e7\u00e3o, comportamento e autogest\u00e3o.<\/p>\n<p>&nbsp;<\/p>\n<p align=\"center\"><b>Chave do conhecimento<\/b><\/p>\n<p>&nbsp;<\/p>\n<p><a href=\"http:\/\/www.fieam.org.br\/site\/sesi\/sesi-e-senai-selecionam-alunos-para-intercambio-nos-eua\/os-alunos-selecionados-felipe-monteiro-esquerda-e-gabriel-alves-direita-com-a-coordenadora-do-programa-conexao-mundo-luana-de-freitas\/\" rel=\"attachment wp-att-6302\"><img decoding=\"async\" class=\"alignleft size-medium wp-image-6302\" alt=\"Os alunos selecionados, Felipe Monteiro, esquerda, e Gabriel Alves, direita, com a coordenadora do Programa Conex\u00e3o Mundo, Luana de Freitas.\" src=\"http:\/\/www.fieam.org.br\/site\/sesi\/files\/2014\/12\/Os-alunos-selecionados-Felipe-Monteiro-esquerda-e-Gabriel-Alves-direita-com-a-coordenadora-do-Programa-Conex\u00e3o-Mundo-Luana-de-Freitas.-300x200.jpg\" width=\"300\" height=\"200\" \/><\/a>O diretor t\u00e9cnico do SENAI, Rog\u00e9rio Pereira, disse durante a solenidade que hoje vivemos numa sociedade que cada vez mais se fortalece com o conhecimento e que est\u00e1 havendo uma migra\u00e7\u00e3o de valores na economia para pa\u00edses que det\u00eam esse conhecimento.\u00a0 De acordo com Pereira, empresas, como Apple e Microsoft n\u00e3o t\u00eam patrim\u00f4nio f\u00edsico, mas pessoas altamente qualificadas e que o conhecimento ser\u00e1 a mola propulsora para o crescimento dos pa\u00edses no futuro.<\/p>\n<p>A gerente de Educa\u00e7\u00e3o do SESI, Rita Machado, disse que a vida \u00e9 feita de escolhas e oportunidades e que os alunos tiveram determina\u00e7\u00e3o para participar do curso, abrindo m\u00e3o de outras\u00a0 atividades. A gerente disse que em raz\u00e3o do sucesso ser\u00e1 realizada, no pr\u00f3ximo ano, a segunda edi\u00e7\u00e3o do Conex\u00e3o Mundo que certificou este ano\u00a0 em todo o pa\u00eds mais de 2 mil alunos.<\/p>\n","protected":false},"excerpt":{"rendered":"<p>Os estudantes amazonenses Gabriel Alves e Felipe Monteiro, ambos de 15 anos, est\u00e3o entre os 100 alunos dos departamentos regionais do\u00a0SESI\u00a0e\u00a0SENAI\u00a0de todo o Brasil selecionados para participar de interc\u00e2mbio nos Estados Unidos. A sele\u00e7\u00e3o foi a segunda etapa do Programa Conex\u00e3o Mundo. Desenvolvido pelo Servi\u00e7o Social da Ind\u00fastria (SESI) e Servi\u00e7o Nacional de Aprendizagem Industrial [&hellip;]<\/p>\n","protected":false},"author":1,"featured_media":0,"comment_status":"open","ping_status":"open","sticky":false,"template":"","format":"standard","meta":{"footnotes":""},"categories":[25],"tags":[],"class_list":["post-6301","post","type-post","status-publish","format-standard","hentry","category-news"],"yoast_head":"<!-- This site is optimized with the Yoast SEO plugin v28.2 - https:\/\/yoast.com\/product\/yoast-seo-wordpress\/ -->\n<title>SESI e SENAI selecionam alunos para interc\u00e2mbio nos EUA - SESI<\/title>\n<meta name=\"robots\" content=\"index, follow, max-snippet:-1, max-image-preview:large, max-video-preview:-1\" \/>\n<link rel=\"canonical\" href=\"https:\/\/fieam.org.br\/sesi\/sesi-e-senai-selecionam-alunos-para-intercambio-nos-eua\/\" \/>\n<meta property=\"og:locale\" content=\"pt_BR\" \/>\n<meta property=\"og:type\" content=\"article\" \/>\n<meta property=\"og:title\" content=\"SESI e SENAI selecionam alunos para interc\u00e2mbio nos EUA - SESI\" \/>\n<meta property=\"og:description\" content=\"Os estudantes amazonenses Gabriel Alves e Felipe Monteiro, ambos de 15 anos, est\u00e3o entre os 100 alunos dos departamentos regionais do\u00a0SESI\u00a0e\u00a0SENAI\u00a0de todo o Brasil selecionados para participar de interc\u00e2mbio nos Estados Unidos. A sele\u00e7\u00e3o foi a segunda etapa do Programa Conex\u00e3o Mundo. Desenvolvido pelo Servi\u00e7o Social da Ind\u00fastria (SESI) e Servi\u00e7o Nacional de Aprendizagem Industrial [&hellip;]\" \/>\n<meta property=\"og:url\" content=\"https:\/\/fieam.org.br\/sesi\/sesi-e-senai-selecionam-alunos-para-intercambio-nos-eua\/\" \/>\n<meta property=\"og:site_name\" content=\"SESI\" \/>\n<meta property=\"article:published_time\" content=\"2014-12-01T20:23:20+00:00\" \/>\n<meta name=\"author\" content=\"Autor\" \/>\n<meta name=\"twitter:card\" content=\"summary_large_image\" \/>\n<meta name=\"twitter:label1\" content=\"Escrito por\" \/>\n\t<meta name=\"twitter:data1\" content=\"Autor\" \/>\n\t<meta name=\"twitter:label2\" content=\"Est. tempo de leitura\" \/>\n\t<meta name=\"twitter:data2\" content=\"3 minutos\" \/>\n<script type=\"application\/ld+json\" class=\"yoast-schema-graph\">{\"@context\":\"https:\\\/\\\/schema.org\",\"@graph\":[{\"@type\":\"Article\",\"@id\":\"https:\\\/\\\/fieam.org.br\\\/sesi\\\/sesi-e-senai-selecionam-alunos-para-intercambio-nos-eua\\\/#article\",\"isPartOf\":{\"@id\":\"https:\\\/\\\/fieam.org.br\\\/sesi\\\/sesi-e-senai-selecionam-alunos-para-intercambio-nos-eua\\\/\"},\"author\":{\"name\":\"Autor\",\"@id\":\"https:\\\/\\\/fieam.org.br\\\/sesi\\\/#\\\/schema\\\/person\\\/f54998dd14d5f0695b41444f2b01c31e\"},\"headline\":\"SESI e SENAI selecionam alunos para interc\u00e2mbio nos EUA\",\"datePublished\":\"2014-12-01T20:23:20+00:00\",\"mainEntityOfPage\":{\"@id\":\"https:\\\/\\\/fieam.org.br\\\/sesi\\\/sesi-e-senai-selecionam-alunos-para-intercambio-nos-eua\\\/\"},\"wordCount\":528,\"commentCount\":0,\"publisher\":{\"@id\":\"https:\\\/\\\/fieam.org.br\\\/sesi\\\/#organization\"},\"articleSection\":[\"News\"],\"inLanguage\":\"pt-BR\",\"potentialAction\":[{\"@type\":\"CommentAction\",\"name\":\"Comment\",\"target\":[\"https:\\\/\\\/fieam.org.br\\\/sesi\\\/sesi-e-senai-selecionam-alunos-para-intercambio-nos-eua\\\/#respond\"]}]},{\"@type\":\"WebPage\",\"@id\":\"https:\\\/\\\/fieam.org.br\\\/sesi\\\/sesi-e-senai-selecionam-alunos-para-intercambio-nos-eua\\\/\",\"url\":\"https:\\\/\\\/fieam.org.br\\\/sesi\\\/sesi-e-senai-selecionam-alunos-para-intercambio-nos-eua\\\/\",\"name\":\"SESI e SENAI selecionam alunos para interc\u00e2mbio nos EUA - SESI\",\"isPartOf\":{\"@id\":\"https:\\\/\\\/fieam.org.br\\\/sesi\\\/#website\"},\"datePublished\":\"2014-12-01T20:23:20+00:00\",\"breadcrumb\":{\"@id\":\"https:\\\/\\\/fieam.org.br\\\/sesi\\\/sesi-e-senai-selecionam-alunos-para-intercambio-nos-eua\\\/#breadcrumb\"},\"inLanguage\":\"pt-BR\",\"potentialAction\":[{\"@type\":\"ReadAction\",\"target\":[\"https:\\\/\\\/fieam.org.br\\\/sesi\\\/sesi-e-senai-selecionam-alunos-para-intercambio-nos-eua\\\/\"]}]},{\"@type\":\"BreadcrumbList\",\"@id\":\"https:\\\/\\\/fieam.org.br\\\/sesi\\\/sesi-e-senai-selecionam-alunos-para-intercambio-nos-eua\\\/#breadcrumb\",\"itemListElement\":[{\"@type\":\"ListItem\",\"position\":1,\"name\":\"In\u00edcio\",\"item\":\"https:\\\/\\\/fieam.org.br\\\/sesi\\\/\"},{\"@type\":\"ListItem\",\"position\":2,\"name\":\"SESI e SENAI selecionam alunos para interc\u00e2mbio nos EUA\"}]},{\"@type\":\"WebSite\",\"@id\":\"https:\\\/\\\/fieam.org.br\\\/sesi\\\/#website\",\"url\":\"https:\\\/\\\/fieam.org.br\\\/sesi\\\/\",\"name\":\"SESI\",\"description\":\"Site Oficial!\",\"publisher\":{\"@id\":\"https:\\\/\\\/fieam.org.br\\\/sesi\\\/#organization\"},\"potentialAction\":[{\"@type\":\"SearchAction\",\"target\":{\"@type\":\"EntryPoint\",\"urlTemplate\":\"https:\\\/\\\/fieam.org.br\\\/sesi\\\/?s={search_term_string}\"},\"query-input\":{\"@type\":\"PropertyValueSpecification\",\"valueRequired\":true,\"valueName\":\"search_term_string\"}}],\"inLanguage\":\"pt-BR\"},{\"@type\":\"Organization\",\"@id\":\"https:\\\/\\\/fieam.org.br\\\/sesi\\\/#organization\",\"name\":\"SESI\",\"url\":\"https:\\\/\\\/fieam.org.br\\\/sesi\\\/\",\"logo\":{\"@type\":\"ImageObject\",\"inLanguage\":\"pt-BR\",\"@id\":\"https:\\\/\\\/fieam.org.br\\\/sesi\\\/#\\\/schema\\\/logo\\\/image\\\/\",\"url\":\"https:\\\/\\\/fieam.org.br\\\/sesi\\\/wp-content\\\/uploads\\\/sites\\\/14\\\/2024\\\/03\\\/cropped-fav.png\",\"contentUrl\":\"https:\\\/\\\/fieam.org.br\\\/sesi\\\/wp-content\\\/uploads\\\/sites\\\/14\\\/2024\\\/03\\\/cropped-fav.png\",\"width\":610,\"height\":589,\"caption\":\"SESI\"},\"image\":{\"@id\":\"https:\\\/\\\/fieam.org.br\\\/sesi\\\/#\\\/schema\\\/logo\\\/image\\\/\"}},{\"@type\":\"Person\",\"@id\":\"https:\\\/\\\/fieam.org.br\\\/sesi\\\/#\\\/schema\\\/person\\\/f54998dd14d5f0695b41444f2b01c31e\",\"name\":\"Autor\",\"image\":{\"@type\":\"ImageObject\",\"inLanguage\":\"pt-BR\",\"@id\":\"https:\\\/\\\/secure.gravatar.com\\\/avatar\\\/3732c223e0e1fad69062a8f770955c9068d37b055204f310a0be18d4069fe380?s=96&d=mm&r=g\",\"url\":\"https:\\\/\\\/secure.gravatar.com\\\/avatar\\\/3732c223e0e1fad69062a8f770955c9068d37b055204f310a0be18d4069fe380?s=96&d=mm&r=g\",\"contentUrl\":\"https:\\\/\\\/secure.gravatar.com\\\/avatar\\\/3732c223e0e1fad69062a8f770955c9068d37b055204f310a0be18d4069fe380?s=96&d=mm&r=g\",\"caption\":\"Autor\"},\"sameAs\":[\"https:\\\/\\\/marketingmassivo.com.br\"],\"url\":\"https:\\\/\\\/fieam.org.br\\\/sesi\\\/author\\\/admin\\\/\"}]}<\/script>\n<!-- \/ Yoast SEO plugin. -->","yoast_head_json":{"title":"SESI e SENAI selecionam alunos para interc\u00e2mbio nos EUA - SESI","robots":{"index":"index","follow":"follow","max-snippet":"max-snippet:-1","max-image-preview":"max-image-preview:large","max-video-preview":"max-video-preview:-1"},"canonical":"https:\/\/fieam.org.br\/sesi\/sesi-e-senai-selecionam-alunos-para-intercambio-nos-eua\/","og_locale":"pt_BR","og_type":"article","og_title":"SESI e SENAI selecionam alunos para interc\u00e2mbio nos EUA - SESI","og_description":"Os estudantes amazonenses Gabriel Alves e Felipe Monteiro, ambos de 15 anos, est\u00e3o entre os 100 alunos dos departamentos regionais do\u00a0SESI\u00a0e\u00a0SENAI\u00a0de todo o Brasil selecionados para participar de interc\u00e2mbio nos Estados Unidos. A sele\u00e7\u00e3o foi a segunda etapa do Programa Conex\u00e3o Mundo. Desenvolvido pelo Servi\u00e7o Social da Ind\u00fastria (SESI) e Servi\u00e7o Nacional de Aprendizagem Industrial [&hellip;]","og_url":"https:\/\/fieam.org.br\/sesi\/sesi-e-senai-selecionam-alunos-para-intercambio-nos-eua\/","og_site_name":"SESI","article_published_time":"2014-12-01T20:23:20+00:00","author":"Autor","twitter_card":"summary_large_image","twitter_misc":{"Escrito por":"Autor","Est. tempo de leitura":"3 minutos"},"schema":{"@context":"https:\/\/schema.org","@graph":[{"@type":"Article","@id":"https:\/\/fieam.org.br\/sesi\/sesi-e-senai-selecionam-alunos-para-intercambio-nos-eua\/#article","isPartOf":{"@id":"https:\/\/fieam.org.br\/sesi\/sesi-e-senai-selecionam-alunos-para-intercambio-nos-eua\/"},"author":{"name":"Autor","@id":"https:\/\/fieam.org.br\/sesi\/#\/schema\/person\/f54998dd14d5f0695b41444f2b01c31e"},"headline":"SESI e SENAI selecionam alunos para interc\u00e2mbio nos EUA","datePublished":"2014-12-01T20:23:20+00:00","mainEntityOfPage":{"@id":"https:\/\/fieam.org.br\/sesi\/sesi-e-senai-selecionam-alunos-para-intercambio-nos-eua\/"},"wordCount":528,"commentCount":0,"publisher":{"@id":"https:\/\/fieam.org.br\/sesi\/#organization"},"articleSection":["News"],"inLanguage":"pt-BR","potentialAction":[{"@type":"CommentAction","name":"Comment","target":["https:\/\/fieam.org.br\/sesi\/sesi-e-senai-selecionam-alunos-para-intercambio-nos-eua\/#respond"]}]},{"@type":"WebPage","@id":"https:\/\/fieam.org.br\/sesi\/sesi-e-senai-selecionam-alunos-para-intercambio-nos-eua\/","url":"https:\/\/fieam.org.br\/sesi\/sesi-e-senai-selecionam-alunos-para-intercambio-nos-eua\/","name":"SESI e SENAI selecionam alunos para interc\u00e2mbio nos EUA - SESI","isPartOf":{"@id":"https:\/\/fieam.org.br\/sesi\/#website"},"datePublished":"2014-12-01T20:23:20+00:00","breadcrumb":{"@id":"https:\/\/fieam.org.br\/sesi\/sesi-e-senai-selecionam-alunos-para-intercambio-nos-eua\/#breadcrumb"},"inLanguage":"pt-BR","potentialAction":[{"@type":"ReadAction","target":["https:\/\/fieam.org.br\/sesi\/sesi-e-senai-selecionam-alunos-para-intercambio-nos-eua\/"]}]},{"@type":"BreadcrumbList","@id":"https:\/\/fieam.org.br\/sesi\/sesi-e-senai-selecionam-alunos-para-intercambio-nos-eua\/#breadcrumb","itemListElement":[{"@type":"ListItem","position":1,"name":"In\u00edcio","item":"https:\/\/fieam.org.br\/sesi\/"},{"@type":"ListItem","position":2,"name":"SESI e SENAI selecionam alunos para interc\u00e2mbio nos EUA"}]},{"@type":"WebSite","@id":"https:\/\/fieam.org.br\/sesi\/#website","url":"https:\/\/fieam.org.br\/sesi\/","name":"SESI","description":"Site Oficial!","publisher":{"@id":"https:\/\/fieam.org.br\/sesi\/#organization"},"potentialAction":[{"@type":"SearchAction","target":{"@type":"EntryPoint","urlTemplate":"https:\/\/fieam.org.br\/sesi\/?s={search_term_string}"},"query-input":{"@type":"PropertyValueSpecification","valueRequired":true,"valueName":"search_term_string"}}],"inLanguage":"pt-BR"},{"@type":"Organization","@id":"https:\/\/fieam.org.br\/sesi\/#organization","name":"SESI","url":"https:\/\/fieam.org.br\/sesi\/","logo":{"@type":"ImageObject","inLanguage":"pt-BR","@id":"https:\/\/fieam.org.br\/sesi\/#\/schema\/logo\/image\/","url":"https:\/\/fieam.org.br\/sesi\/wp-content\/uploads\/sites\/14\/2024\/03\/cropped-fav.png","contentUrl":"https:\/\/fieam.org.br\/sesi\/wp-content\/uploads\/sites\/14\/2024\/03\/cropped-fav.png","width":610,"height":589,"caption":"SESI"},"image":{"@id":"https:\/\/fieam.org.br\/sesi\/#\/schema\/logo\/image\/"}},{"@type":"Person","@id":"https:\/\/fieam.org.br\/sesi\/#\/schema\/person\/f54998dd14d5f0695b41444f2b01c31e","name":"Autor","image":{"@type":"ImageObject","inLanguage":"pt-BR","@id":"https:\/\/secure.gravatar.com\/avatar\/3732c223e0e1fad69062a8f770955c9068d37b055204f310a0be18d4069fe380?s=96&d=mm&r=g","url":"https:\/\/secure.gravatar.com\/avatar\/3732c223e0e1fad69062a8f770955c9068d37b055204f310a0be18d4069fe380?s=96&d=mm&r=g","contentUrl":"https:\/\/secure.gravatar.com\/avatar\/3732c223e0e1fad69062a8f770955c9068d37b055204f310a0be18d4069fe380?s=96&d=mm&r=g","caption":"Autor"},"sameAs":["https:\/\/marketingmassivo.com.br"],"url":"https:\/\/fieam.org.br\/sesi\/author\/admin\/"}]}},"_links":{"self":[{"href":"https:\/\/fieam.org.br\/sesi\/wp-json\/wp\/v2\/posts\/6301","targetHints":{"allow":["GET"]}}],"collection":[{"href":"https:\/\/fieam.org.br\/sesi\/wp-json\/wp\/v2\/posts"}],"about":[{"href":"https:\/\/fieam.org.br\/sesi\/wp-json\/wp\/v2\/types\/post"}],"author":[{"embeddable":true,"href":"https:\/\/fieam.org.br\/sesi\/wp-json\/wp\/v2\/users\/1"}],"replies":[{"embeddable":true,"href":"https:\/\/fieam.org.br\/sesi\/wp-json\/wp\/v2\/comments?post=6301"}],"version-history":[{"count":0,"href":"https:\/\/fieam.org.br\/sesi\/wp-json\/wp\/v2\/posts\/6301\/revisions"}],"wp:attachment":[{"href":"https:\/\/fieam.org.br\/sesi\/wp-json\/wp\/v2\/media?parent=6301"}],"wp:term":[{"taxonomy":"category","embeddable":true,"href":"https:\/\/fieam.org.br\/sesi\/wp-json\/wp\/v2\/categories?post=6301"},{"taxonomy":"post_tag","embeddable":true,"href":"https:\/\/fieam.org.br\/sesi\/wp-json\/wp\/v2\/tags?post=6301"}],"curies":[{"name":"wp","href":"https:\/\/api.w.org\/{rel}","templated":true}]}}