{"id":6236,"date":"2014-11-13T12:02:54","date_gmt":"2014-11-13T12:02:54","guid":{"rendered":"http:\/\/www.fieam.org.br\/site\/sesi\/?p=6236"},"modified":"2014-11-13T12:02:54","modified_gmt":"2014-11-13T12:02:54","slug":"sistema-fieam-expoe-tecnologias-educacionais-na-snct","status":"publish","type":"post","link":"https:\/\/fieam.org.br\/sesi\/sistema-fieam-expoe-tecnologias-educacionais-na-snct\/","title":{"rendered":"Sistema FIEAM exp\u00f5e tecnologias educacionais na SNCT"},"content":{"rendered":"<p>Os programas nas \u00e1reas de educa\u00e7\u00e3o b\u00e1sica, como o Torneio de Rob\u00f3tica, al\u00e9m da educa\u00e7\u00e3o profissional e executiva desenvolvidos pelo Sistema Federa\u00e7\u00e3o das Ind\u00fastrias do Estado do Amazonas, ganharam maior visibilidade na Semana Nacional de Ci\u00eancias e Tecnologia (SNCT), encerrada nesta sexta-feira (7), no Clube do Trabalhador do Amazonas, no S\u00e3o Jos\u00e9 1. No estande, tamb\u00e9m chamaram aten\u00e7\u00e3o os servi\u00e7os oferecidos pelo <a href=\"http:\/\/www.fieam.org.br\/site\/fieam\/\" target=\"_blank\" rel=\"noopener\">Sistema FIEAM<\/a> para elevar a produ\u00e7\u00e3o e a competitividade da ind\u00fastria amazonense. Ao todo, 44 organiza\u00e7\u00f5es participaram do evento inciativa coordenada no Amazonas pela Secretaria de Estado de Ci\u00eancia, Tecnologia e Inova\u00e7\u00e3o (Secti-AM).<\/p>\n<p>O aluno da Rede SESI, Pedro da Costa, 16 anos, apresentou na quinta-feira (6) as ideias do Projeto Rob\u00f3tica Lego, no qual\u00a0\u00a0 professores e alunos utilizam pe\u00e7as da Lego no estudo da f\u00edsica.<\/p>\n<p>Pedro explicou que o projeto Lego Star, desenvolvido por alunos de at\u00e9 16 anos do SESI Amazonas, trata da f\u00faria da natureza, os deslizamentos de terras ocasionados pelas chuvas. O projeto desenvolvido apresenta tr\u00eas alternativas de preven\u00e7\u00e3o a acidentes com deslizamentos: concretagem, escoamento da \u00e1gua e sensor de umidade.<\/p>\n<p>\u201cAs feiras de ci\u00eancia, tecnologia e inova\u00e7\u00e3o s\u00e3o uma oportunidade para crian\u00e7as e tamb\u00e9m para alunos mais velhos conhecerem algo que possa lhes abrir a vis\u00e3o do que ser\u00e3o no futuro. Sempre encontramos alguma coisa interessante que prende nossa aten\u00e7\u00e3o e nos faz pensar e sonhar l\u00e1 na frente, em nossa profiss\u00e3o\u201d, disse Pedro Costa.<\/p>\n<p>Assim tamb\u00e9m pensa a servi\u00e7o gerais, Kelly Oliveira, de 25 anos, que levou o filho N\u00edcolas, de 6 anos, para feira e teve a oportunidade de saber como funciona o projeto Lego Star.<\/p>\n<p>\u201cTenho orgulho do meu filho, ele gosta de estudar, mesmo sendo t\u00e3o pequeno. Acho importante mostrar pra ele as novas ci\u00eancias e tecnologia que temos ou vamos ter contato. Os projetos e trabalhos desta feira s\u00e3o interessantes para todos e para mim tamb\u00e9m\u201d, avaliou Kelly.<\/p>\n<p>N\u00edcolas est\u00e1 no 2\u00ba per\u00edodo da educa\u00e7\u00e3o infantil e ao ser perguntado se havia gostado de ir \u00e0 Semana ele n\u00e3o pensou duas vezes: \u201cgostei muito de ver v\u00e1rias coisas, mas esse robozinho aqui foi o que mais gostei e acho que vou ser engenheiro quando crescer para construir outros desses para salvar um monte de gente\u201d.<\/p>\n<p>A expectativa dos organizadores da Semana Nacional de Ci\u00eancia e Tecnologia Secti foi de receber 10 mil pessoas no Clube do Trabalhador, prestigiando as diversas atividades voltadas \u00e0 ci\u00eancia, tecnologia e inova\u00e7\u00e3o ali realizadas.<\/p>\n<p><strong>[nggallery id=275]<\/strong><\/p>\n","protected":false},"excerpt":{"rendered":"<p>Os programas nas \u00e1reas de educa\u00e7\u00e3o b\u00e1sica, como o Torneio de Rob\u00f3tica, al\u00e9m da educa\u00e7\u00e3o profissional e executiva desenvolvidos pelo Sistema Federa\u00e7\u00e3o das Ind\u00fastrias do Estado do Amazonas, ganharam maior visibilidade na Semana Nacional de Ci\u00eancias e Tecnologia (SNCT), encerrada nesta sexta-feira (7), no Clube do Trabalhador do Amazonas, no S\u00e3o Jos\u00e9 1. No estande, [&hellip;]<\/p>\n","protected":false},"author":1,"featured_media":0,"comment_status":"open","ping_status":"open","sticky":false,"template":"","format":"standard","meta":{"footnotes":""},"categories":[25],"tags":[],"class_list":["post-6236","post","type-post","status-publish","format-standard","hentry","category-news"],"yoast_head":"<!-- This site is optimized with the Yoast SEO plugin v28.2 - https:\/\/yoast.com\/product\/yoast-seo-wordpress\/ -->\n<title>Sistema FIEAM exp\u00f5e tecnologias educacionais na SNCT - SESI<\/title>\n<meta name=\"robots\" content=\"index, follow, max-snippet:-1, max-image-preview:large, max-video-preview:-1\" \/>\n<link rel=\"canonical\" href=\"https:\/\/fieam.org.br\/sesi\/sistema-fieam-expoe-tecnologias-educacionais-na-snct\/\" \/>\n<meta property=\"og:locale\" content=\"pt_BR\" \/>\n<meta property=\"og:type\" content=\"article\" \/>\n<meta property=\"og:title\" content=\"Sistema FIEAM exp\u00f5e tecnologias educacionais na SNCT - SESI\" \/>\n<meta property=\"og:description\" content=\"Os programas nas \u00e1reas de educa\u00e7\u00e3o b\u00e1sica, como o Torneio de Rob\u00f3tica, al\u00e9m da educa\u00e7\u00e3o profissional e executiva desenvolvidos pelo Sistema Federa\u00e7\u00e3o das Ind\u00fastrias do Estado do Amazonas, ganharam maior visibilidade na Semana Nacional de Ci\u00eancias e Tecnologia (SNCT), encerrada nesta sexta-feira (7), no Clube do Trabalhador do Amazonas, no S\u00e3o Jos\u00e9 1. No estande, [&hellip;]\" \/>\n<meta property=\"og:url\" content=\"https:\/\/fieam.org.br\/sesi\/sistema-fieam-expoe-tecnologias-educacionais-na-snct\/\" \/>\n<meta property=\"og:site_name\" content=\"SESI\" \/>\n<meta property=\"article:published_time\" content=\"2014-11-13T12:02:54+00:00\" \/>\n<meta name=\"author\" content=\"Autor\" \/>\n<meta name=\"twitter:card\" content=\"summary_large_image\" \/>\n<meta name=\"twitter:label1\" content=\"Escrito por\" \/>\n\t<meta name=\"twitter:data1\" content=\"Autor\" \/>\n\t<meta name=\"twitter:label2\" content=\"Est. tempo de leitura\" \/>\n\t<meta name=\"twitter:data2\" content=\"2 minutos\" \/>\n<script type=\"application\/ld+json\" class=\"yoast-schema-graph\">{\"@context\":\"https:\\\/\\\/schema.org\",\"@graph\":[{\"@type\":\"Article\",\"@id\":\"https:\\\/\\\/fieam.org.br\\\/sesi\\\/sistema-fieam-expoe-tecnologias-educacionais-na-snct\\\/#article\",\"isPartOf\":{\"@id\":\"https:\\\/\\\/fieam.org.br\\\/sesi\\\/sistema-fieam-expoe-tecnologias-educacionais-na-snct\\\/\"},\"author\":{\"name\":\"Autor\",\"@id\":\"https:\\\/\\\/fieam.org.br\\\/sesi\\\/#\\\/schema\\\/person\\\/f54998dd14d5f0695b41444f2b01c31e\"},\"headline\":\"Sistema FIEAM exp\u00f5e tecnologias educacionais na SNCT\",\"datePublished\":\"2014-11-13T12:02:54+00:00\",\"mainEntityOfPage\":{\"@id\":\"https:\\\/\\\/fieam.org.br\\\/sesi\\\/sistema-fieam-expoe-tecnologias-educacionais-na-snct\\\/\"},\"wordCount\":446,\"commentCount\":0,\"publisher\":{\"@id\":\"https:\\\/\\\/fieam.org.br\\\/sesi\\\/#organization\"},\"articleSection\":[\"News\"],\"inLanguage\":\"pt-BR\",\"potentialAction\":[{\"@type\":\"CommentAction\",\"name\":\"Comment\",\"target\":[\"https:\\\/\\\/fieam.org.br\\\/sesi\\\/sistema-fieam-expoe-tecnologias-educacionais-na-snct\\\/#respond\"]}]},{\"@type\":\"WebPage\",\"@id\":\"https:\\\/\\\/fieam.org.br\\\/sesi\\\/sistema-fieam-expoe-tecnologias-educacionais-na-snct\\\/\",\"url\":\"https:\\\/\\\/fieam.org.br\\\/sesi\\\/sistema-fieam-expoe-tecnologias-educacionais-na-snct\\\/\",\"name\":\"Sistema FIEAM exp\u00f5e tecnologias educacionais na SNCT - SESI\",\"isPartOf\":{\"@id\":\"https:\\\/\\\/fieam.org.br\\\/sesi\\\/#website\"},\"datePublished\":\"2014-11-13T12:02:54+00:00\",\"breadcrumb\":{\"@id\":\"https:\\\/\\\/fieam.org.br\\\/sesi\\\/sistema-fieam-expoe-tecnologias-educacionais-na-snct\\\/#breadcrumb\"},\"inLanguage\":\"pt-BR\",\"potentialAction\":[{\"@type\":\"ReadAction\",\"target\":[\"https:\\\/\\\/fieam.org.br\\\/sesi\\\/sistema-fieam-expoe-tecnologias-educacionais-na-snct\\\/\"]}]},{\"@type\":\"BreadcrumbList\",\"@id\":\"https:\\\/\\\/fieam.org.br\\\/sesi\\\/sistema-fieam-expoe-tecnologias-educacionais-na-snct\\\/#breadcrumb\",\"itemListElement\":[{\"@type\":\"ListItem\",\"position\":1,\"name\":\"In\u00edcio\",\"item\":\"https:\\\/\\\/fieam.org.br\\\/sesi\\\/\"},{\"@type\":\"ListItem\",\"position\":2,\"name\":\"Sistema FIEAM exp\u00f5e tecnologias educacionais na SNCT\"}]},{\"@type\":\"WebSite\",\"@id\":\"https:\\\/\\\/fieam.org.br\\\/sesi\\\/#website\",\"url\":\"https:\\\/\\\/fieam.org.br\\\/sesi\\\/\",\"name\":\"SESI\",\"description\":\"Site Oficial!\",\"publisher\":{\"@id\":\"https:\\\/\\\/fieam.org.br\\\/sesi\\\/#organization\"},\"potentialAction\":[{\"@type\":\"SearchAction\",\"target\":{\"@type\":\"EntryPoint\",\"urlTemplate\":\"https:\\\/\\\/fieam.org.br\\\/sesi\\\/?s={search_term_string}\"},\"query-input\":{\"@type\":\"PropertyValueSpecification\",\"valueRequired\":true,\"valueName\":\"search_term_string\"}}],\"inLanguage\":\"pt-BR\"},{\"@type\":\"Organization\",\"@id\":\"https:\\\/\\\/fieam.org.br\\\/sesi\\\/#organization\",\"name\":\"SESI\",\"url\":\"https:\\\/\\\/fieam.org.br\\\/sesi\\\/\",\"logo\":{\"@type\":\"ImageObject\",\"inLanguage\":\"pt-BR\",\"@id\":\"https:\\\/\\\/fieam.org.br\\\/sesi\\\/#\\\/schema\\\/logo\\\/image\\\/\",\"url\":\"https:\\\/\\\/fieam.org.br\\\/sesi\\\/wp-content\\\/uploads\\\/sites\\\/14\\\/2024\\\/03\\\/cropped-fav.png\",\"contentUrl\":\"https:\\\/\\\/fieam.org.br\\\/sesi\\\/wp-content\\\/uploads\\\/sites\\\/14\\\/2024\\\/03\\\/cropped-fav.png\",\"width\":610,\"height\":589,\"caption\":\"SESI\"},\"image\":{\"@id\":\"https:\\\/\\\/fieam.org.br\\\/sesi\\\/#\\\/schema\\\/logo\\\/image\\\/\"}},{\"@type\":\"Person\",\"@id\":\"https:\\\/\\\/fieam.org.br\\\/sesi\\\/#\\\/schema\\\/person\\\/f54998dd14d5f0695b41444f2b01c31e\",\"name\":\"Autor\",\"image\":{\"@type\":\"ImageObject\",\"inLanguage\":\"pt-BR\",\"@id\":\"https:\\\/\\\/secure.gravatar.com\\\/avatar\\\/3732c223e0e1fad69062a8f770955c9068d37b055204f310a0be18d4069fe380?s=96&d=mm&r=g\",\"url\":\"https:\\\/\\\/secure.gravatar.com\\\/avatar\\\/3732c223e0e1fad69062a8f770955c9068d37b055204f310a0be18d4069fe380?s=96&d=mm&r=g\",\"contentUrl\":\"https:\\\/\\\/secure.gravatar.com\\\/avatar\\\/3732c223e0e1fad69062a8f770955c9068d37b055204f310a0be18d4069fe380?s=96&d=mm&r=g\",\"caption\":\"Autor\"},\"sameAs\":[\"https:\\\/\\\/marketingmassivo.com.br\"],\"url\":\"https:\\\/\\\/fieam.org.br\\\/sesi\\\/author\\\/admin\\\/\"}]}<\/script>\n<!-- \/ Yoast SEO plugin. -->","yoast_head_json":{"title":"Sistema FIEAM exp\u00f5e tecnologias educacionais na SNCT - SESI","robots":{"index":"index","follow":"follow","max-snippet":"max-snippet:-1","max-image-preview":"max-image-preview:large","max-video-preview":"max-video-preview:-1"},"canonical":"https:\/\/fieam.org.br\/sesi\/sistema-fieam-expoe-tecnologias-educacionais-na-snct\/","og_locale":"pt_BR","og_type":"article","og_title":"Sistema FIEAM exp\u00f5e tecnologias educacionais na SNCT - SESI","og_description":"Os programas nas \u00e1reas de educa\u00e7\u00e3o b\u00e1sica, como o Torneio de Rob\u00f3tica, al\u00e9m da educa\u00e7\u00e3o profissional e executiva desenvolvidos pelo Sistema Federa\u00e7\u00e3o das Ind\u00fastrias do Estado do Amazonas, ganharam maior visibilidade na Semana Nacional de Ci\u00eancias e Tecnologia (SNCT), encerrada nesta sexta-feira (7), no Clube do Trabalhador do Amazonas, no S\u00e3o Jos\u00e9 1. No estande, [&hellip;]","og_url":"https:\/\/fieam.org.br\/sesi\/sistema-fieam-expoe-tecnologias-educacionais-na-snct\/","og_site_name":"SESI","article_published_time":"2014-11-13T12:02:54+00:00","author":"Autor","twitter_card":"summary_large_image","twitter_misc":{"Escrito por":"Autor","Est. tempo de leitura":"2 minutos"},"schema":{"@context":"https:\/\/schema.org","@graph":[{"@type":"Article","@id":"https:\/\/fieam.org.br\/sesi\/sistema-fieam-expoe-tecnologias-educacionais-na-snct\/#article","isPartOf":{"@id":"https:\/\/fieam.org.br\/sesi\/sistema-fieam-expoe-tecnologias-educacionais-na-snct\/"},"author":{"name":"Autor","@id":"https:\/\/fieam.org.br\/sesi\/#\/schema\/person\/f54998dd14d5f0695b41444f2b01c31e"},"headline":"Sistema FIEAM exp\u00f5e tecnologias educacionais na SNCT","datePublished":"2014-11-13T12:02:54+00:00","mainEntityOfPage":{"@id":"https:\/\/fieam.org.br\/sesi\/sistema-fieam-expoe-tecnologias-educacionais-na-snct\/"},"wordCount":446,"commentCount":0,"publisher":{"@id":"https:\/\/fieam.org.br\/sesi\/#organization"},"articleSection":["News"],"inLanguage":"pt-BR","potentialAction":[{"@type":"CommentAction","name":"Comment","target":["https:\/\/fieam.org.br\/sesi\/sistema-fieam-expoe-tecnologias-educacionais-na-snct\/#respond"]}]},{"@type":"WebPage","@id":"https:\/\/fieam.org.br\/sesi\/sistema-fieam-expoe-tecnologias-educacionais-na-snct\/","url":"https:\/\/fieam.org.br\/sesi\/sistema-fieam-expoe-tecnologias-educacionais-na-snct\/","name":"Sistema FIEAM exp\u00f5e tecnologias educacionais na SNCT - SESI","isPartOf":{"@id":"https:\/\/fieam.org.br\/sesi\/#website"},"datePublished":"2014-11-13T12:02:54+00:00","breadcrumb":{"@id":"https:\/\/fieam.org.br\/sesi\/sistema-fieam-expoe-tecnologias-educacionais-na-snct\/#breadcrumb"},"inLanguage":"pt-BR","potentialAction":[{"@type":"ReadAction","target":["https:\/\/fieam.org.br\/sesi\/sistema-fieam-expoe-tecnologias-educacionais-na-snct\/"]}]},{"@type":"BreadcrumbList","@id":"https:\/\/fieam.org.br\/sesi\/sistema-fieam-expoe-tecnologias-educacionais-na-snct\/#breadcrumb","itemListElement":[{"@type":"ListItem","position":1,"name":"In\u00edcio","item":"https:\/\/fieam.org.br\/sesi\/"},{"@type":"ListItem","position":2,"name":"Sistema FIEAM exp\u00f5e tecnologias educacionais na SNCT"}]},{"@type":"WebSite","@id":"https:\/\/fieam.org.br\/sesi\/#website","url":"https:\/\/fieam.org.br\/sesi\/","name":"SESI","description":"Site Oficial!","publisher":{"@id":"https:\/\/fieam.org.br\/sesi\/#organization"},"potentialAction":[{"@type":"SearchAction","target":{"@type":"EntryPoint","urlTemplate":"https:\/\/fieam.org.br\/sesi\/?s={search_term_string}"},"query-input":{"@type":"PropertyValueSpecification","valueRequired":true,"valueName":"search_term_string"}}],"inLanguage":"pt-BR"},{"@type":"Organization","@id":"https:\/\/fieam.org.br\/sesi\/#organization","name":"SESI","url":"https:\/\/fieam.org.br\/sesi\/","logo":{"@type":"ImageObject","inLanguage":"pt-BR","@id":"https:\/\/fieam.org.br\/sesi\/#\/schema\/logo\/image\/","url":"https:\/\/fieam.org.br\/sesi\/wp-content\/uploads\/sites\/14\/2024\/03\/cropped-fav.png","contentUrl":"https:\/\/fieam.org.br\/sesi\/wp-content\/uploads\/sites\/14\/2024\/03\/cropped-fav.png","width":610,"height":589,"caption":"SESI"},"image":{"@id":"https:\/\/fieam.org.br\/sesi\/#\/schema\/logo\/image\/"}},{"@type":"Person","@id":"https:\/\/fieam.org.br\/sesi\/#\/schema\/person\/f54998dd14d5f0695b41444f2b01c31e","name":"Autor","image":{"@type":"ImageObject","inLanguage":"pt-BR","@id":"https:\/\/secure.gravatar.com\/avatar\/3732c223e0e1fad69062a8f770955c9068d37b055204f310a0be18d4069fe380?s=96&d=mm&r=g","url":"https:\/\/secure.gravatar.com\/avatar\/3732c223e0e1fad69062a8f770955c9068d37b055204f310a0be18d4069fe380?s=96&d=mm&r=g","contentUrl":"https:\/\/secure.gravatar.com\/avatar\/3732c223e0e1fad69062a8f770955c9068d37b055204f310a0be18d4069fe380?s=96&d=mm&r=g","caption":"Autor"},"sameAs":["https:\/\/marketingmassivo.com.br"],"url":"https:\/\/fieam.org.br\/sesi\/author\/admin\/"}]}},"_links":{"self":[{"href":"https:\/\/fieam.org.br\/sesi\/wp-json\/wp\/v2\/posts\/6236","targetHints":{"allow":["GET"]}}],"collection":[{"href":"https:\/\/fieam.org.br\/sesi\/wp-json\/wp\/v2\/posts"}],"about":[{"href":"https:\/\/fieam.org.br\/sesi\/wp-json\/wp\/v2\/types\/post"}],"author":[{"embeddable":true,"href":"https:\/\/fieam.org.br\/sesi\/wp-json\/wp\/v2\/users\/1"}],"replies":[{"embeddable":true,"href":"https:\/\/fieam.org.br\/sesi\/wp-json\/wp\/v2\/comments?post=6236"}],"version-history":[{"count":0,"href":"https:\/\/fieam.org.br\/sesi\/wp-json\/wp\/v2\/posts\/6236\/revisions"}],"wp:attachment":[{"href":"https:\/\/fieam.org.br\/sesi\/wp-json\/wp\/v2\/media?parent=6236"}],"wp:term":[{"taxonomy":"category","embeddable":true,"href":"https:\/\/fieam.org.br\/sesi\/wp-json\/wp\/v2\/categories?post=6236"},{"taxonomy":"post_tag","embeddable":true,"href":"https:\/\/fieam.org.br\/sesi\/wp-json\/wp\/v2\/tags?post=6236"}],"curies":[{"name":"wp","href":"https:\/\/api.w.org\/{rel}","templated":true}]}}