{"id":6125,"date":"2014-10-20T12:44:49","date_gmt":"2014-10-20T12:44:49","guid":{"rendered":"http:\/\/www.fieam.org.br\/site\/sesi\/?p=6125"},"modified":"2014-10-20T12:44:49","modified_gmt":"2014-10-20T12:44:49","slug":"impram-recebe-programa-sesi-saude-da-mulher-em-prevencao-ao-cancer-de-mama","status":"publish","type":"post","link":"https:\/\/fieam.org.br\/sesi\/impram-recebe-programa-sesi-saude-da-mulher-em-prevencao-ao-cancer-de-mama\/","title":{"rendered":"Impram recebe Programa SESI Sa\u00fade da Mulher em preven\u00e7\u00e3o ao C\u00e2ncer de Mama"},"content":{"rendered":"<figure id=\"attachment_6126\" aria-describedby=\"caption-attachment-6126\" style=\"width: 300px\" class=\"wp-caption alignleft\"><a href=\"http:\/\/www.fieam.org.br\/site\/sesi\/impram-recebe-programa-sesi-saude-da-mulher-em-prevencao-ao-cancer-de-mama\/laco-simbolo-da-campanha-outubro-rosa-formado-por-aproximadamente-50-funcionarias-da-impram\/\" rel=\"attachment wp-att-6126\"><img fetchpriority=\"high\" decoding=\"async\" class=\"size-medium wp-image-6126\" alt=\"La\u00e7o s\u00edmbolo da campanha Outubro Rosa formado por aproximadamente 50 funcion\u00e1rias da Impram\" src=\"http:\/\/www.fieam.org.br\/2015\/sesi\/wp-content\/uploads\/sites\/2\/2014\/10\/La\u00e7o-s\u00edmbolo-da-campanha-Outubro-Rosa-formado-por-aproximadamente-50-funcion\u00e1rias-da-Impram-300x279.jpg\" width=\"300\" height=\"279\" \/><\/a><figcaption id=\"caption-attachment-6126\" class=\"wp-caption-text\">La\u00e7o s\u00edmbolo da campanha Outubro Rosa formado por aproximadamente 50 funcion\u00e1rias da Impram<\/figcaption><\/figure>\n<p>Com participa\u00e7\u00e3o ativa das auxiliares de produ\u00e7\u00e3o, analistas e diretoria, colaboradores da empresa Impressora Amazonense Ltda (Impram) recebeu na manh\u00e3 desta sexta-feira (17) a equipe do Programa<a href=\"http:\/\/www.fieam.org.br\/site\/sesi\" target=\"_blank\" rel=\"noopener\">SESI<\/a>\u00a0Sa\u00fade da Mulher. A a\u00e7\u00e3o sensibilizou a for\u00e7a de trabalho da ind\u00fastria gr\u00e1fica para a campanha \u201cOutubro Rosa\u201d que trata da preven\u00e7\u00e3o do c\u00e2ncer de mama.<\/p>\n<p>O SESI Amazonas divulga e desenvolve a\u00e7\u00f5es neste m\u00eas voltadas \u00e0 identifica\u00e7\u00e3o e cuidados com a patologia do c\u00e2ncer de mama. Essas iniciativas s\u00e3o identificadas por um la\u00e7o cor-de-rosa e s\u00e3o destinadas \u00e0s trabalhadoras do Polo Industrial de Manaus (PIM).<\/p>\n<p>Para a diretora do Impram, R\u00e9gia Moreira, 50, \u00e9 importante orientar as mulheres sobre causas e consequ\u00eancias do c\u00e2ncer de mama, e para isso busca sempre as melhores pr\u00e1ticas de alert\u00e1-las. \u201c\u00c9 importante poder cuidar das nossas colaboradoras, mostrar a elas a import\u00e2ncia desse exame e conscientiz\u00e1-las de que podem ser multiplicadoras desses conhecimentos para sua fam\u00edlia\u201d.<\/p>\n<p>O c\u00e2ncer de mama ainda n\u00e3o pode ser prevenido, mas pode ser tratado se diagnosticado o mais cedo poss\u00edvel. A enfermeira do SESI, Dagmar da Silva, alertou as mulheres para a necessidade de realizar corretamente o autoexame de mama. Segundo ela, ao encontrar algo fora do normal, deve-se procurar imediatamente um profissional da \u00e1rea de mastologia.<\/p>\n<p>\u201cO autoexame deve ser realizado sempre ap\u00f3s a menstrua\u00e7\u00e3o, no per\u00edodo de 10 dias, nunca antes, pois o corpo da mulher sofre altera\u00e7\u00f5es que impossibilitam e at\u00e9 enganam o resultado\u201d, disse Dagmar.<\/p>\n<p>De acordo com a enfermeira, o c\u00e2ncer de mama \u00e9 heredit\u00e1rio, mas nem todos os casos de c\u00e2ncer na fam\u00edlia s\u00e3o pressupostos definitivos para que as pr\u00f3ximas gera\u00e7\u00f5es venham ser acometidas pela doen\u00e7a.<\/p>\n<p>Com essa informa\u00e7\u00e3o a secretaria executiva Patr\u00edcia Machado, 33, disse ficar mais aliviada em rela\u00e7\u00e3o \u00e0 doen\u00e7a, mas que n\u00e3o relaxar\u00e1 em rela\u00e7\u00e3o aos cuidados peri\u00f3dicos que deve tomar. \u201cOs esclarecimentos realizados de forma clara e did\u00e1tica em rela\u00e7\u00e3o ao c\u00e2ncer de mama s\u00e3o fundamentais para que tenhamos a consci\u00eancia de realizarmos o autoexame e nos cuidarmos mais a cada dia\u201d, disse Patr\u00edcia.<\/p>\n<p>O SESI alerta as mulheres que ao completarem 35 anos realizem o exame de mamografia para detec\u00e7\u00e3o da doen\u00e7a, recomendado pelo menos uma vez por ano a partir da\u00ed. \u201cHoje, recomenda-se que em caso da doen\u00e7a na fam\u00edlia seja realizado o exame o quanto antes, pois o risco de adquirir a doen\u00e7a \u00e9 de 90%\u201d, afirma a enfermeira.<\/p>\n<p>Para mais informa\u00e7\u00f5es sobre a Campanha Outubro Rosa na ind\u00fastria procurar o setor de Rela\u00e7\u00f5es com o Mercado (RCM) do SESI Amazonas, que disponibiliza os n\u00fameros (92) 3186-6621 ou 3238-8888 e, e-mail\u00a0<a href=\"mailto:serem.saude@sesiam.org.br\" target=\"_blank\" rel=\"noopener\">serem.saude@sesiam.org.br<\/a>.<\/p>\n<p>[nggallery id=272]<\/p>\n","protected":false},"excerpt":{"rendered":"<p>Com participa\u00e7\u00e3o ativa das auxiliares de produ\u00e7\u00e3o, analistas e diretoria, colaboradores da empresa Impressora Amazonense Ltda (Impram) recebeu na manh\u00e3 desta sexta-feira (17) a equipe do ProgramaSESI\u00a0Sa\u00fade da Mulher. A a\u00e7\u00e3o sensibilizou a for\u00e7a de trabalho da ind\u00fastria gr\u00e1fica para a campanha \u201cOutubro Rosa\u201d que trata da preven\u00e7\u00e3o do c\u00e2ncer de mama. O SESI Amazonas [&hellip;]<\/p>\n","protected":false},"author":1,"featured_media":0,"comment_status":"open","ping_status":"open","sticky":false,"template":"","format":"standard","meta":{"footnotes":""},"categories":[25],"tags":[],"class_list":["post-6125","post","type-post","status-publish","format-standard","hentry","category-news"],"yoast_head":"<!-- This site is optimized with the Yoast SEO plugin v26.8 - https:\/\/yoast.com\/product\/yoast-seo-wordpress\/ -->\n<title>Impram recebe Programa SESI Sa\u00fade da Mulher em preven\u00e7\u00e3o ao C\u00e2ncer de Mama - SESI<\/title>\n<meta name=\"robots\" content=\"index, follow, max-snippet:-1, max-image-preview:large, max-video-preview:-1\" \/>\n<link rel=\"canonical\" href=\"https:\/\/fieam.org.br\/sesi\/impram-recebe-programa-sesi-saude-da-mulher-em-prevencao-ao-cancer-de-mama\/\" \/>\n<meta property=\"og:locale\" content=\"pt_BR\" \/>\n<meta property=\"og:type\" content=\"article\" \/>\n<meta property=\"og:title\" content=\"Impram recebe Programa SESI Sa\u00fade da Mulher em preven\u00e7\u00e3o ao C\u00e2ncer de Mama - SESI\" \/>\n<meta property=\"og:description\" content=\"Com participa\u00e7\u00e3o ativa das auxiliares de produ\u00e7\u00e3o, analistas e diretoria, colaboradores da empresa Impressora Amazonense Ltda (Impram) recebeu na manh\u00e3 desta sexta-feira (17) a equipe do ProgramaSESI\u00a0Sa\u00fade da Mulher. A a\u00e7\u00e3o sensibilizou a for\u00e7a de trabalho da ind\u00fastria gr\u00e1fica para a campanha \u201cOutubro Rosa\u201d que trata da preven\u00e7\u00e3o do c\u00e2ncer de mama. O SESI Amazonas [&hellip;]\" \/>\n<meta property=\"og:url\" content=\"https:\/\/fieam.org.br\/sesi\/impram-recebe-programa-sesi-saude-da-mulher-em-prevencao-ao-cancer-de-mama\/\" \/>\n<meta property=\"og:site_name\" content=\"SESI\" \/>\n<meta property=\"article:published_time\" content=\"2014-10-20T12:44:49+00:00\" \/>\n<meta name=\"author\" content=\"Autor\" \/>\n<meta name=\"twitter:card\" content=\"summary_large_image\" \/>\n<meta name=\"twitter:label1\" content=\"Escrito por\" \/>\n\t<meta name=\"twitter:data1\" content=\"Autor\" \/>\n\t<meta name=\"twitter:label2\" content=\"Est. tempo de leitura\" \/>\n\t<meta name=\"twitter:data2\" content=\"3 minutos\" \/>\n<script type=\"application\/ld+json\" class=\"yoast-schema-graph\">{\"@context\":\"https:\/\/schema.org\",\"@graph\":[{\"@type\":\"Article\",\"@id\":\"https:\/\/fieam.org.br\/sesi\/impram-recebe-programa-sesi-saude-da-mulher-em-prevencao-ao-cancer-de-mama\/#article\",\"isPartOf\":{\"@id\":\"https:\/\/fieam.org.br\/sesi\/impram-recebe-programa-sesi-saude-da-mulher-em-prevencao-ao-cancer-de-mama\/\"},\"author\":{\"name\":\"Autor\",\"@id\":\"https:\/\/fieam.org.br\/sesi\/#\/schema\/person\/c1ceda8321521b291cee22da0a7d34be\"},\"headline\":\"Impram recebe Programa SESI Sa\u00fade da Mulher em preven\u00e7\u00e3o ao C\u00e2ncer de Mama\",\"datePublished\":\"2014-10-20T12:44:49+00:00\",\"mainEntityOfPage\":{\"@id\":\"https:\/\/fieam.org.br\/sesi\/impram-recebe-programa-sesi-saude-da-mulher-em-prevencao-ao-cancer-de-mama\/\"},\"wordCount\":517,\"commentCount\":0,\"publisher\":{\"@id\":\"https:\/\/fieam.org.br\/sesi\/#organization\"},\"articleSection\":[\"News\"],\"inLanguage\":\"pt-BR\",\"potentialAction\":[{\"@type\":\"CommentAction\",\"name\":\"Comment\",\"target\":[\"https:\/\/fieam.org.br\/sesi\/impram-recebe-programa-sesi-saude-da-mulher-em-prevencao-ao-cancer-de-mama\/#respond\"]}]},{\"@type\":\"WebPage\",\"@id\":\"https:\/\/fieam.org.br\/sesi\/impram-recebe-programa-sesi-saude-da-mulher-em-prevencao-ao-cancer-de-mama\/\",\"url\":\"https:\/\/fieam.org.br\/sesi\/impram-recebe-programa-sesi-saude-da-mulher-em-prevencao-ao-cancer-de-mama\/\",\"name\":\"Impram recebe Programa SESI Sa\u00fade da Mulher em preven\u00e7\u00e3o ao C\u00e2ncer de Mama - SESI\",\"isPartOf\":{\"@id\":\"https:\/\/fieam.org.br\/sesi\/#website\"},\"datePublished\":\"2014-10-20T12:44:49+00:00\",\"breadcrumb\":{\"@id\":\"https:\/\/fieam.org.br\/sesi\/impram-recebe-programa-sesi-saude-da-mulher-em-prevencao-ao-cancer-de-mama\/#breadcrumb\"},\"inLanguage\":\"pt-BR\",\"potentialAction\":[{\"@type\":\"ReadAction\",\"target\":[\"https:\/\/fieam.org.br\/sesi\/impram-recebe-programa-sesi-saude-da-mulher-em-prevencao-ao-cancer-de-mama\/\"]}]},{\"@type\":\"BreadcrumbList\",\"@id\":\"https:\/\/fieam.org.br\/sesi\/impram-recebe-programa-sesi-saude-da-mulher-em-prevencao-ao-cancer-de-mama\/#breadcrumb\",\"itemListElement\":[{\"@type\":\"ListItem\",\"position\":1,\"name\":\"In\u00edcio\",\"item\":\"https:\/\/fieam.org.br\/sesi\/\"},{\"@type\":\"ListItem\",\"position\":2,\"name\":\"Impram recebe Programa SESI Sa\u00fade da Mulher em preven\u00e7\u00e3o ao C\u00e2ncer de Mama\"}]},{\"@type\":\"WebSite\",\"@id\":\"https:\/\/fieam.org.br\/sesi\/#website\",\"url\":\"https:\/\/fieam.org.br\/sesi\/\",\"name\":\"SESI\",\"description\":\"Site Oficial!\",\"publisher\":{\"@id\":\"https:\/\/fieam.org.br\/sesi\/#organization\"},\"potentialAction\":[{\"@type\":\"SearchAction\",\"target\":{\"@type\":\"EntryPoint\",\"urlTemplate\":\"https:\/\/fieam.org.br\/sesi\/?s={search_term_string}\"},\"query-input\":{\"@type\":\"PropertyValueSpecification\",\"valueRequired\":true,\"valueName\":\"search_term_string\"}}],\"inLanguage\":\"pt-BR\"},{\"@type\":\"Organization\",\"@id\":\"https:\/\/fieam.org.br\/sesi\/#organization\",\"name\":\"SESI\",\"url\":\"https:\/\/fieam.org.br\/sesi\/\",\"logo\":{\"@type\":\"ImageObject\",\"inLanguage\":\"pt-BR\",\"@id\":\"https:\/\/fieam.org.br\/sesi\/#\/schema\/logo\/image\/\",\"url\":\"https:\/\/fieam.org.br\/sesi\/wp-content\/uploads\/sites\/14\/2024\/03\/cropped-fav.png\",\"contentUrl\":\"https:\/\/fieam.org.br\/sesi\/wp-content\/uploads\/sites\/14\/2024\/03\/cropped-fav.png\",\"width\":610,\"height\":589,\"caption\":\"SESI\"},\"image\":{\"@id\":\"https:\/\/fieam.org.br\/sesi\/#\/schema\/logo\/image\/\"}},{\"@type\":\"Person\",\"@id\":\"https:\/\/fieam.org.br\/sesi\/#\/schema\/person\/c1ceda8321521b291cee22da0a7d34be\",\"name\":\"Autor\",\"image\":{\"@type\":\"ImageObject\",\"inLanguage\":\"pt-BR\",\"@id\":\"https:\/\/fieam.org.br\/sesi\/#\/schema\/person\/image\/\",\"url\":\"https:\/\/secure.gravatar.com\/avatar\/3732c223e0e1fad69062a8f770955c9068d37b055204f310a0be18d4069fe380?s=96&d=mm&r=g\",\"contentUrl\":\"https:\/\/secure.gravatar.com\/avatar\/3732c223e0e1fad69062a8f770955c9068d37b055204f310a0be18d4069fe380?s=96&d=mm&r=g\",\"caption\":\"Autor\"},\"sameAs\":[\"https:\/\/marketingmassivo.com.br\"],\"url\":\"https:\/\/fieam.org.br\/sesi\/author\/admin\/\"}]}<\/script>\n<!-- \/ Yoast SEO plugin. -->","yoast_head_json":{"title":"Impram recebe Programa SESI Sa\u00fade da Mulher em preven\u00e7\u00e3o ao C\u00e2ncer de Mama - SESI","robots":{"index":"index","follow":"follow","max-snippet":"max-snippet:-1","max-image-preview":"max-image-preview:large","max-video-preview":"max-video-preview:-1"},"canonical":"https:\/\/fieam.org.br\/sesi\/impram-recebe-programa-sesi-saude-da-mulher-em-prevencao-ao-cancer-de-mama\/","og_locale":"pt_BR","og_type":"article","og_title":"Impram recebe Programa SESI Sa\u00fade da Mulher em preven\u00e7\u00e3o ao C\u00e2ncer de Mama - SESI","og_description":"Com participa\u00e7\u00e3o ativa das auxiliares de produ\u00e7\u00e3o, analistas e diretoria, colaboradores da empresa Impressora Amazonense Ltda (Impram) recebeu na manh\u00e3 desta sexta-feira (17) a equipe do ProgramaSESI\u00a0Sa\u00fade da Mulher. A a\u00e7\u00e3o sensibilizou a for\u00e7a de trabalho da ind\u00fastria gr\u00e1fica para a campanha \u201cOutubro Rosa\u201d que trata da preven\u00e7\u00e3o do c\u00e2ncer de mama. O SESI Amazonas [&hellip;]","og_url":"https:\/\/fieam.org.br\/sesi\/impram-recebe-programa-sesi-saude-da-mulher-em-prevencao-ao-cancer-de-mama\/","og_site_name":"SESI","article_published_time":"2014-10-20T12:44:49+00:00","author":"Autor","twitter_card":"summary_large_image","twitter_misc":{"Escrito por":"Autor","Est. tempo de leitura":"3 minutos"},"schema":{"@context":"https:\/\/schema.org","@graph":[{"@type":"Article","@id":"https:\/\/fieam.org.br\/sesi\/impram-recebe-programa-sesi-saude-da-mulher-em-prevencao-ao-cancer-de-mama\/#article","isPartOf":{"@id":"https:\/\/fieam.org.br\/sesi\/impram-recebe-programa-sesi-saude-da-mulher-em-prevencao-ao-cancer-de-mama\/"},"author":{"name":"Autor","@id":"https:\/\/fieam.org.br\/sesi\/#\/schema\/person\/c1ceda8321521b291cee22da0a7d34be"},"headline":"Impram recebe Programa SESI Sa\u00fade da Mulher em preven\u00e7\u00e3o ao C\u00e2ncer de Mama","datePublished":"2014-10-20T12:44:49+00:00","mainEntityOfPage":{"@id":"https:\/\/fieam.org.br\/sesi\/impram-recebe-programa-sesi-saude-da-mulher-em-prevencao-ao-cancer-de-mama\/"},"wordCount":517,"commentCount":0,"publisher":{"@id":"https:\/\/fieam.org.br\/sesi\/#organization"},"articleSection":["News"],"inLanguage":"pt-BR","potentialAction":[{"@type":"CommentAction","name":"Comment","target":["https:\/\/fieam.org.br\/sesi\/impram-recebe-programa-sesi-saude-da-mulher-em-prevencao-ao-cancer-de-mama\/#respond"]}]},{"@type":"WebPage","@id":"https:\/\/fieam.org.br\/sesi\/impram-recebe-programa-sesi-saude-da-mulher-em-prevencao-ao-cancer-de-mama\/","url":"https:\/\/fieam.org.br\/sesi\/impram-recebe-programa-sesi-saude-da-mulher-em-prevencao-ao-cancer-de-mama\/","name":"Impram recebe Programa SESI Sa\u00fade da Mulher em preven\u00e7\u00e3o ao C\u00e2ncer de Mama - SESI","isPartOf":{"@id":"https:\/\/fieam.org.br\/sesi\/#website"},"datePublished":"2014-10-20T12:44:49+00:00","breadcrumb":{"@id":"https:\/\/fieam.org.br\/sesi\/impram-recebe-programa-sesi-saude-da-mulher-em-prevencao-ao-cancer-de-mama\/#breadcrumb"},"inLanguage":"pt-BR","potentialAction":[{"@type":"ReadAction","target":["https:\/\/fieam.org.br\/sesi\/impram-recebe-programa-sesi-saude-da-mulher-em-prevencao-ao-cancer-de-mama\/"]}]},{"@type":"BreadcrumbList","@id":"https:\/\/fieam.org.br\/sesi\/impram-recebe-programa-sesi-saude-da-mulher-em-prevencao-ao-cancer-de-mama\/#breadcrumb","itemListElement":[{"@type":"ListItem","position":1,"name":"In\u00edcio","item":"https:\/\/fieam.org.br\/sesi\/"},{"@type":"ListItem","position":2,"name":"Impram recebe Programa SESI Sa\u00fade da Mulher em preven\u00e7\u00e3o ao C\u00e2ncer de Mama"}]},{"@type":"WebSite","@id":"https:\/\/fieam.org.br\/sesi\/#website","url":"https:\/\/fieam.org.br\/sesi\/","name":"SESI","description":"Site Oficial!","publisher":{"@id":"https:\/\/fieam.org.br\/sesi\/#organization"},"potentialAction":[{"@type":"SearchAction","target":{"@type":"EntryPoint","urlTemplate":"https:\/\/fieam.org.br\/sesi\/?s={search_term_string}"},"query-input":{"@type":"PropertyValueSpecification","valueRequired":true,"valueName":"search_term_string"}}],"inLanguage":"pt-BR"},{"@type":"Organization","@id":"https:\/\/fieam.org.br\/sesi\/#organization","name":"SESI","url":"https:\/\/fieam.org.br\/sesi\/","logo":{"@type":"ImageObject","inLanguage":"pt-BR","@id":"https:\/\/fieam.org.br\/sesi\/#\/schema\/logo\/image\/","url":"https:\/\/fieam.org.br\/sesi\/wp-content\/uploads\/sites\/14\/2024\/03\/cropped-fav.png","contentUrl":"https:\/\/fieam.org.br\/sesi\/wp-content\/uploads\/sites\/14\/2024\/03\/cropped-fav.png","width":610,"height":589,"caption":"SESI"},"image":{"@id":"https:\/\/fieam.org.br\/sesi\/#\/schema\/logo\/image\/"}},{"@type":"Person","@id":"https:\/\/fieam.org.br\/sesi\/#\/schema\/person\/c1ceda8321521b291cee22da0a7d34be","name":"Autor","image":{"@type":"ImageObject","inLanguage":"pt-BR","@id":"https:\/\/fieam.org.br\/sesi\/#\/schema\/person\/image\/","url":"https:\/\/secure.gravatar.com\/avatar\/3732c223e0e1fad69062a8f770955c9068d37b055204f310a0be18d4069fe380?s=96&d=mm&r=g","contentUrl":"https:\/\/secure.gravatar.com\/avatar\/3732c223e0e1fad69062a8f770955c9068d37b055204f310a0be18d4069fe380?s=96&d=mm&r=g","caption":"Autor"},"sameAs":["https:\/\/marketingmassivo.com.br"],"url":"https:\/\/fieam.org.br\/sesi\/author\/admin\/"}]}},"_links":{"self":[{"href":"https:\/\/fieam.org.br\/sesi\/wp-json\/wp\/v2\/posts\/6125","targetHints":{"allow":["GET"]}}],"collection":[{"href":"https:\/\/fieam.org.br\/sesi\/wp-json\/wp\/v2\/posts"}],"about":[{"href":"https:\/\/fieam.org.br\/sesi\/wp-json\/wp\/v2\/types\/post"}],"author":[{"embeddable":true,"href":"https:\/\/fieam.org.br\/sesi\/wp-json\/wp\/v2\/users\/1"}],"replies":[{"embeddable":true,"href":"https:\/\/fieam.org.br\/sesi\/wp-json\/wp\/v2\/comments?post=6125"}],"version-history":[{"count":0,"href":"https:\/\/fieam.org.br\/sesi\/wp-json\/wp\/v2\/posts\/6125\/revisions"}],"wp:attachment":[{"href":"https:\/\/fieam.org.br\/sesi\/wp-json\/wp\/v2\/media?parent=6125"}],"wp:term":[{"taxonomy":"category","embeddable":true,"href":"https:\/\/fieam.org.br\/sesi\/wp-json\/wp\/v2\/categories?post=6125"},{"taxonomy":"post_tag","embeddable":true,"href":"https:\/\/fieam.org.br\/sesi\/wp-json\/wp\/v2\/tags?post=6125"}],"curies":[{"name":"wp","href":"https:\/\/api.w.org\/{rel}","templated":true}]}}