{"id":6123,"date":"2014-10-20T12:39:00","date_gmt":"2014-10-20T12:39:00","guid":{"rendered":"http:\/\/www.fieam.org.br\/site\/sesi\/?p=6123"},"modified":"2014-10-20T12:39:00","modified_gmt":"2014-10-20T12:39:00","slug":"alunos-do-sesi-atletas-do-futuro-na-panificadora-conde","status":"publish","type":"post","link":"https:\/\/fieam.org.br\/sesi\/alunos-do-sesi-atletas-do-futuro-na-panificadora-conde\/","title":{"rendered":"Alunos do SESI Atletas do Futuro na Panificadora Conde"},"content":{"rendered":"<p>Cerca de 80 alunos do programa\u00a0<a href=\"http:\/\/www.fieam.org.br\/site\/sesi\" target=\"_blank\" rel=\"noopener\">SESI<\/a>\u00a0Atleta do Futuro (SAF) conheceram nesta sexta-feira, 17, \u00e0s instala\u00e7\u00f5es da panificadora Conde do P\u00e3o, Rua Martim Afonso de Souza, conjunto Dom Pedro I, zona Oeste. De acordo com Carlos Andr\u00e9, um dos diretores da Conde, h\u00e1 seis anos, sempre no m\u00eas de outubro, em comemora\u00e7\u00e3o a data de cria\u00e7\u00e3o da panificadora e ao Dia das Crian\u00e7as, \u00e9 desenvolvido o projeto Brincando de Modelar, que proporciona as crian\u00e7as entre 5 e 12 anos, a oportunidade de vivenciar uma outra realidade, conhecendo a linha de produ\u00e7\u00e3o da panificadora e outras atividades da empresa.<\/p>\n<p>Para Andr\u00e9, presenciar essa intera\u00e7\u00e3o dos alunos na panificadora \u00e9 uma satisfa\u00e7\u00e3o para diretores e funcion\u00e1rios, pois o ambiente produtivo neste dia torna-se mais alegre com a presen\u00e7a de crian\u00e7as que colocaram a m\u00e3o na massa e descobrem um pouco mais do que se faz na Conde.<\/p>\n<p>A assistente social do SESI, \u00c9rica Chaves, explica que a visita na panificadora faz parte da programa\u00e7\u00e3o do SAF e que neste ano proporcionou aos alunos da Escola Estadual Mirtes Trigueiro, do bairro Coroado, aprendizado sobre a profiss\u00e3o de padeiro, al\u00e9m da socializa\u00e7\u00e3o num ambiente diferente da tradicional sala de aula.<\/p>\n<p>\u201cAs crian\u00e7as conheceram de perto a linha de produ\u00e7\u00e3o da panificadora Conde, o que trouxe novos conhecimentos para eles. As atividades do SAF beneficiam os alunos com passeios culturais e temas transversais como meio ambiente, fam\u00edlia e os cursos do Cozinha Brasil. As modalidades esportivas de futsal, t\u00eanis de mesa, jiu-j\u00edtsu, handebol, atletismo e dan\u00e7a s\u00e3o valorizadas, com destaque para o objetivo final do programa Atleta do Futuro que tem a preocupa\u00e7\u00e3o com a forma\u00e7\u00e3o da cidadania e a sa\u00fade dos alunos\u201d, explica a assistente social \u00c9rica.<\/p>\n<p>O Programa SESI Atleta do Futuro (SAF) \u00e9 realizado pelo Servi\u00e7o Social da Ind\u00fastria, em parceria com a Secretaria do Estado de Educa\u00e7\u00e3o do Amazonas (Seduc), Secretaria Municipal de Juventude, Esporte e Lazer (Semjel), e as empresas Recofarma, Manaus Ambiental e Salcomp. A iniciativa beneficia cerca de 2 mil alunos com idade entre\u00a0 6 e 17 anos das \u00a0escolas estaduais Mirtes Trigueiro (Coroado II), General Sampaio (S\u00e3o Jorge) e Them\u00edstocles Gadelha (Jorge Teixeira), al\u00e9m da comunidade.<\/p>\n<p>De acordo com a gerente de Qualidade do SESI, Nelsi Luni\u00e8re, o SAF \u00e9 um projeto pedag\u00f3gico que complementa a forma\u00e7\u00e3o do cidad\u00e3o, usando o esporte como ferramenta, e que disp\u00f5e de uma equipe multidisciplinar composta por assistentes sociais, psic\u00f3logos, profissionais de educa\u00e7\u00e3o f\u00edsica e t\u00e9cnicos da \u00e1rea de lazer.<\/p>\n<p>[nggallery id=271]<\/p>\n","protected":false},"excerpt":{"rendered":"<p>Cerca de 80 alunos do programa\u00a0SESI\u00a0Atleta do Futuro (SAF) conheceram nesta sexta-feira, 17, \u00e0s instala\u00e7\u00f5es da panificadora Conde do P\u00e3o, Rua Martim Afonso de Souza, conjunto Dom Pedro I, zona Oeste. De acordo com Carlos Andr\u00e9, um dos diretores da Conde, h\u00e1 seis anos, sempre no m\u00eas de outubro, em comemora\u00e7\u00e3o a data de cria\u00e7\u00e3o [&hellip;]<\/p>\n","protected":false},"author":1,"featured_media":0,"comment_status":"open","ping_status":"open","sticky":false,"template":"","format":"standard","meta":{"footnotes":""},"categories":[25],"tags":[],"class_list":["post-6123","post","type-post","status-publish","format-standard","hentry","category-news"],"yoast_head":"<!-- This site is optimized with the Yoast SEO plugin v26.8 - https:\/\/yoast.com\/product\/yoast-seo-wordpress\/ -->\n<title>Alunos do SESI Atletas do Futuro na Panificadora Conde - SESI<\/title>\n<meta name=\"robots\" content=\"index, follow, max-snippet:-1, max-image-preview:large, max-video-preview:-1\" \/>\n<link rel=\"canonical\" href=\"https:\/\/fieam.org.br\/sesi\/alunos-do-sesi-atletas-do-futuro-na-panificadora-conde\/\" \/>\n<meta property=\"og:locale\" content=\"pt_BR\" \/>\n<meta property=\"og:type\" content=\"article\" \/>\n<meta property=\"og:title\" content=\"Alunos do SESI Atletas do Futuro na Panificadora Conde - SESI\" \/>\n<meta property=\"og:description\" content=\"Cerca de 80 alunos do programa\u00a0SESI\u00a0Atleta do Futuro (SAF) conheceram nesta sexta-feira, 17, \u00e0s instala\u00e7\u00f5es da panificadora Conde do P\u00e3o, Rua Martim Afonso de Souza, conjunto Dom Pedro I, zona Oeste. De acordo com Carlos Andr\u00e9, um dos diretores da Conde, h\u00e1 seis anos, sempre no m\u00eas de outubro, em comemora\u00e7\u00e3o a data de cria\u00e7\u00e3o [&hellip;]\" \/>\n<meta property=\"og:url\" content=\"https:\/\/fieam.org.br\/sesi\/alunos-do-sesi-atletas-do-futuro-na-panificadora-conde\/\" \/>\n<meta property=\"og:site_name\" content=\"SESI\" \/>\n<meta property=\"article:published_time\" content=\"2014-10-20T12:39:00+00:00\" \/>\n<meta name=\"author\" content=\"Autor\" \/>\n<meta name=\"twitter:card\" content=\"summary_large_image\" \/>\n<meta name=\"twitter:label1\" content=\"Escrito por\" \/>\n\t<meta name=\"twitter:data1\" content=\"Autor\" \/>\n\t<meta name=\"twitter:label2\" content=\"Est. tempo de leitura\" \/>\n\t<meta name=\"twitter:data2\" content=\"2 minutos\" \/>\n<script type=\"application\/ld+json\" class=\"yoast-schema-graph\">{\"@context\":\"https:\/\/schema.org\",\"@graph\":[{\"@type\":\"Article\",\"@id\":\"https:\/\/fieam.org.br\/sesi\/alunos-do-sesi-atletas-do-futuro-na-panificadora-conde\/#article\",\"isPartOf\":{\"@id\":\"https:\/\/fieam.org.br\/sesi\/alunos-do-sesi-atletas-do-futuro-na-panificadora-conde\/\"},\"author\":{\"name\":\"Autor\",\"@id\":\"https:\/\/fieam.org.br\/sesi\/#\/schema\/person\/c1ceda8321521b291cee22da0a7d34be\"},\"headline\":\"Alunos do SESI Atletas do Futuro na Panificadora Conde\",\"datePublished\":\"2014-10-20T12:39:00+00:00\",\"mainEntityOfPage\":{\"@id\":\"https:\/\/fieam.org.br\/sesi\/alunos-do-sesi-atletas-do-futuro-na-panificadora-conde\/\"},\"wordCount\":453,\"commentCount\":0,\"publisher\":{\"@id\":\"https:\/\/fieam.org.br\/sesi\/#organization\"},\"articleSection\":[\"News\"],\"inLanguage\":\"pt-BR\",\"potentialAction\":[{\"@type\":\"CommentAction\",\"name\":\"Comment\",\"target\":[\"https:\/\/fieam.org.br\/sesi\/alunos-do-sesi-atletas-do-futuro-na-panificadora-conde\/#respond\"]}]},{\"@type\":\"WebPage\",\"@id\":\"https:\/\/fieam.org.br\/sesi\/alunos-do-sesi-atletas-do-futuro-na-panificadora-conde\/\",\"url\":\"https:\/\/fieam.org.br\/sesi\/alunos-do-sesi-atletas-do-futuro-na-panificadora-conde\/\",\"name\":\"Alunos do SESI Atletas do Futuro na Panificadora Conde - SESI\",\"isPartOf\":{\"@id\":\"https:\/\/fieam.org.br\/sesi\/#website\"},\"datePublished\":\"2014-10-20T12:39:00+00:00\",\"breadcrumb\":{\"@id\":\"https:\/\/fieam.org.br\/sesi\/alunos-do-sesi-atletas-do-futuro-na-panificadora-conde\/#breadcrumb\"},\"inLanguage\":\"pt-BR\",\"potentialAction\":[{\"@type\":\"ReadAction\",\"target\":[\"https:\/\/fieam.org.br\/sesi\/alunos-do-sesi-atletas-do-futuro-na-panificadora-conde\/\"]}]},{\"@type\":\"BreadcrumbList\",\"@id\":\"https:\/\/fieam.org.br\/sesi\/alunos-do-sesi-atletas-do-futuro-na-panificadora-conde\/#breadcrumb\",\"itemListElement\":[{\"@type\":\"ListItem\",\"position\":1,\"name\":\"In\u00edcio\",\"item\":\"https:\/\/fieam.org.br\/sesi\/\"},{\"@type\":\"ListItem\",\"position\":2,\"name\":\"Alunos do SESI Atletas do Futuro na Panificadora Conde\"}]},{\"@type\":\"WebSite\",\"@id\":\"https:\/\/fieam.org.br\/sesi\/#website\",\"url\":\"https:\/\/fieam.org.br\/sesi\/\",\"name\":\"SESI\",\"description\":\"Site Oficial!\",\"publisher\":{\"@id\":\"https:\/\/fieam.org.br\/sesi\/#organization\"},\"potentialAction\":[{\"@type\":\"SearchAction\",\"target\":{\"@type\":\"EntryPoint\",\"urlTemplate\":\"https:\/\/fieam.org.br\/sesi\/?s={search_term_string}\"},\"query-input\":{\"@type\":\"PropertyValueSpecification\",\"valueRequired\":true,\"valueName\":\"search_term_string\"}}],\"inLanguage\":\"pt-BR\"},{\"@type\":\"Organization\",\"@id\":\"https:\/\/fieam.org.br\/sesi\/#organization\",\"name\":\"SESI\",\"url\":\"https:\/\/fieam.org.br\/sesi\/\",\"logo\":{\"@type\":\"ImageObject\",\"inLanguage\":\"pt-BR\",\"@id\":\"https:\/\/fieam.org.br\/sesi\/#\/schema\/logo\/image\/\",\"url\":\"https:\/\/fieam.org.br\/sesi\/wp-content\/uploads\/sites\/14\/2024\/03\/cropped-fav.png\",\"contentUrl\":\"https:\/\/fieam.org.br\/sesi\/wp-content\/uploads\/sites\/14\/2024\/03\/cropped-fav.png\",\"width\":610,\"height\":589,\"caption\":\"SESI\"},\"image\":{\"@id\":\"https:\/\/fieam.org.br\/sesi\/#\/schema\/logo\/image\/\"}},{\"@type\":\"Person\",\"@id\":\"https:\/\/fieam.org.br\/sesi\/#\/schema\/person\/c1ceda8321521b291cee22da0a7d34be\",\"name\":\"Autor\",\"image\":{\"@type\":\"ImageObject\",\"inLanguage\":\"pt-BR\",\"@id\":\"https:\/\/fieam.org.br\/sesi\/#\/schema\/person\/image\/\",\"url\":\"https:\/\/secure.gravatar.com\/avatar\/3732c223e0e1fad69062a8f770955c9068d37b055204f310a0be18d4069fe380?s=96&d=mm&r=g\",\"contentUrl\":\"https:\/\/secure.gravatar.com\/avatar\/3732c223e0e1fad69062a8f770955c9068d37b055204f310a0be18d4069fe380?s=96&d=mm&r=g\",\"caption\":\"Autor\"},\"sameAs\":[\"https:\/\/marketingmassivo.com.br\"],\"url\":\"https:\/\/fieam.org.br\/sesi\/author\/admin\/\"}]}<\/script>\n<!-- \/ Yoast SEO plugin. -->","yoast_head_json":{"title":"Alunos do SESI Atletas do Futuro na Panificadora Conde - SESI","robots":{"index":"index","follow":"follow","max-snippet":"max-snippet:-1","max-image-preview":"max-image-preview:large","max-video-preview":"max-video-preview:-1"},"canonical":"https:\/\/fieam.org.br\/sesi\/alunos-do-sesi-atletas-do-futuro-na-panificadora-conde\/","og_locale":"pt_BR","og_type":"article","og_title":"Alunos do SESI Atletas do Futuro na Panificadora Conde - SESI","og_description":"Cerca de 80 alunos do programa\u00a0SESI\u00a0Atleta do Futuro (SAF) conheceram nesta sexta-feira, 17, \u00e0s instala\u00e7\u00f5es da panificadora Conde do P\u00e3o, Rua Martim Afonso de Souza, conjunto Dom Pedro I, zona Oeste. De acordo com Carlos Andr\u00e9, um dos diretores da Conde, h\u00e1 seis anos, sempre no m\u00eas de outubro, em comemora\u00e7\u00e3o a data de cria\u00e7\u00e3o [&hellip;]","og_url":"https:\/\/fieam.org.br\/sesi\/alunos-do-sesi-atletas-do-futuro-na-panificadora-conde\/","og_site_name":"SESI","article_published_time":"2014-10-20T12:39:00+00:00","author":"Autor","twitter_card":"summary_large_image","twitter_misc":{"Escrito por":"Autor","Est. tempo de leitura":"2 minutos"},"schema":{"@context":"https:\/\/schema.org","@graph":[{"@type":"Article","@id":"https:\/\/fieam.org.br\/sesi\/alunos-do-sesi-atletas-do-futuro-na-panificadora-conde\/#article","isPartOf":{"@id":"https:\/\/fieam.org.br\/sesi\/alunos-do-sesi-atletas-do-futuro-na-panificadora-conde\/"},"author":{"name":"Autor","@id":"https:\/\/fieam.org.br\/sesi\/#\/schema\/person\/c1ceda8321521b291cee22da0a7d34be"},"headline":"Alunos do SESI Atletas do Futuro na Panificadora Conde","datePublished":"2014-10-20T12:39:00+00:00","mainEntityOfPage":{"@id":"https:\/\/fieam.org.br\/sesi\/alunos-do-sesi-atletas-do-futuro-na-panificadora-conde\/"},"wordCount":453,"commentCount":0,"publisher":{"@id":"https:\/\/fieam.org.br\/sesi\/#organization"},"articleSection":["News"],"inLanguage":"pt-BR","potentialAction":[{"@type":"CommentAction","name":"Comment","target":["https:\/\/fieam.org.br\/sesi\/alunos-do-sesi-atletas-do-futuro-na-panificadora-conde\/#respond"]}]},{"@type":"WebPage","@id":"https:\/\/fieam.org.br\/sesi\/alunos-do-sesi-atletas-do-futuro-na-panificadora-conde\/","url":"https:\/\/fieam.org.br\/sesi\/alunos-do-sesi-atletas-do-futuro-na-panificadora-conde\/","name":"Alunos do SESI Atletas do Futuro na Panificadora Conde - SESI","isPartOf":{"@id":"https:\/\/fieam.org.br\/sesi\/#website"},"datePublished":"2014-10-20T12:39:00+00:00","breadcrumb":{"@id":"https:\/\/fieam.org.br\/sesi\/alunos-do-sesi-atletas-do-futuro-na-panificadora-conde\/#breadcrumb"},"inLanguage":"pt-BR","potentialAction":[{"@type":"ReadAction","target":["https:\/\/fieam.org.br\/sesi\/alunos-do-sesi-atletas-do-futuro-na-panificadora-conde\/"]}]},{"@type":"BreadcrumbList","@id":"https:\/\/fieam.org.br\/sesi\/alunos-do-sesi-atletas-do-futuro-na-panificadora-conde\/#breadcrumb","itemListElement":[{"@type":"ListItem","position":1,"name":"In\u00edcio","item":"https:\/\/fieam.org.br\/sesi\/"},{"@type":"ListItem","position":2,"name":"Alunos do SESI Atletas do Futuro na Panificadora Conde"}]},{"@type":"WebSite","@id":"https:\/\/fieam.org.br\/sesi\/#website","url":"https:\/\/fieam.org.br\/sesi\/","name":"SESI","description":"Site Oficial!","publisher":{"@id":"https:\/\/fieam.org.br\/sesi\/#organization"},"potentialAction":[{"@type":"SearchAction","target":{"@type":"EntryPoint","urlTemplate":"https:\/\/fieam.org.br\/sesi\/?s={search_term_string}"},"query-input":{"@type":"PropertyValueSpecification","valueRequired":true,"valueName":"search_term_string"}}],"inLanguage":"pt-BR"},{"@type":"Organization","@id":"https:\/\/fieam.org.br\/sesi\/#organization","name":"SESI","url":"https:\/\/fieam.org.br\/sesi\/","logo":{"@type":"ImageObject","inLanguage":"pt-BR","@id":"https:\/\/fieam.org.br\/sesi\/#\/schema\/logo\/image\/","url":"https:\/\/fieam.org.br\/sesi\/wp-content\/uploads\/sites\/14\/2024\/03\/cropped-fav.png","contentUrl":"https:\/\/fieam.org.br\/sesi\/wp-content\/uploads\/sites\/14\/2024\/03\/cropped-fav.png","width":610,"height":589,"caption":"SESI"},"image":{"@id":"https:\/\/fieam.org.br\/sesi\/#\/schema\/logo\/image\/"}},{"@type":"Person","@id":"https:\/\/fieam.org.br\/sesi\/#\/schema\/person\/c1ceda8321521b291cee22da0a7d34be","name":"Autor","image":{"@type":"ImageObject","inLanguage":"pt-BR","@id":"https:\/\/fieam.org.br\/sesi\/#\/schema\/person\/image\/","url":"https:\/\/secure.gravatar.com\/avatar\/3732c223e0e1fad69062a8f770955c9068d37b055204f310a0be18d4069fe380?s=96&d=mm&r=g","contentUrl":"https:\/\/secure.gravatar.com\/avatar\/3732c223e0e1fad69062a8f770955c9068d37b055204f310a0be18d4069fe380?s=96&d=mm&r=g","caption":"Autor"},"sameAs":["https:\/\/marketingmassivo.com.br"],"url":"https:\/\/fieam.org.br\/sesi\/author\/admin\/"}]}},"_links":{"self":[{"href":"https:\/\/fieam.org.br\/sesi\/wp-json\/wp\/v2\/posts\/6123","targetHints":{"allow":["GET"]}}],"collection":[{"href":"https:\/\/fieam.org.br\/sesi\/wp-json\/wp\/v2\/posts"}],"about":[{"href":"https:\/\/fieam.org.br\/sesi\/wp-json\/wp\/v2\/types\/post"}],"author":[{"embeddable":true,"href":"https:\/\/fieam.org.br\/sesi\/wp-json\/wp\/v2\/users\/1"}],"replies":[{"embeddable":true,"href":"https:\/\/fieam.org.br\/sesi\/wp-json\/wp\/v2\/comments?post=6123"}],"version-history":[{"count":0,"href":"https:\/\/fieam.org.br\/sesi\/wp-json\/wp\/v2\/posts\/6123\/revisions"}],"wp:attachment":[{"href":"https:\/\/fieam.org.br\/sesi\/wp-json\/wp\/v2\/media?parent=6123"}],"wp:term":[{"taxonomy":"category","embeddable":true,"href":"https:\/\/fieam.org.br\/sesi\/wp-json\/wp\/v2\/categories?post=6123"},{"taxonomy":"post_tag","embeddable":true,"href":"https:\/\/fieam.org.br\/sesi\/wp-json\/wp\/v2\/tags?post=6123"}],"curies":[{"name":"wp","href":"https:\/\/api.w.org\/{rel}","templated":true}]}}