{"id":6045,"date":"2014-09-30T19:02:45","date_gmt":"2014-09-30T19:02:45","guid":{"rendered":"http:\/\/www.fieam.org.br\/site\/sesi\/?p=6045"},"modified":"2014-09-30T19:02:45","modified_gmt":"2014-09-30T19:02:45","slug":"edital-senai-sesi-de-inovacao-seleciona-29-projetos-na-segunda-fase-2","status":"publish","type":"post","link":"https:\/\/fieam.org.br\/sesi\/edital-senai-sesi-de-inovacao-seleciona-29-projetos-na-segunda-fase-2\/","title":{"rendered":"Edital SENAI SESI de Inova\u00e7\u00e3o seleciona 29 projetos na segunda fase"},"content":{"rendered":"<div>\n<p align=\"center\"><i>Empresas escolhidas ter\u00e3o R$ 7,625 milh\u00f5es para colocar ideias inovadoras em pr\u00e1tica. A partir da<\/i><\/p>\n<\/div>\n<div>\n<p align=\"center\"><i>\u00a0contrata\u00e7\u00e3o, projetos t\u00eam prazo de 20 meses para serem executados<\/i><\/p>\n<p align=\"center\">\n<p>A segunda fase do Edital de Inova\u00e7\u00e3o selecionou 29 projetos de todo o pa\u00eds \u2013 seis projetos a mais do que na primeira fase. Nesta etapa, os contemplados ter\u00e3o dispon\u00edveis outros 25% do total de recursos, que representam R$ 7,625 milh\u00f5es. Na edi\u00e7\u00e3o 2014, o edital disp\u00f5e de R$ 30,5 milh\u00f5es, sendo R$ 20 milh\u00f5es para projetos do Servi\u00e7o Nacional de Aprendizagem Industrial (SENAI), R$ 7,5 milh\u00f5es para projetos do Servi\u00e7o Social da Ind\u00fastria (SESI) e R$ 3 milh\u00f5es em bolsas de pesquisa do Conselho Nacional de Desenvolvimento Cient\u00edfico e Tecnol\u00f3gico (CNPq). Este ano, a sele\u00e7\u00e3o do edital funciona em ciclos cont\u00ednuos de inscri\u00e7\u00e3o. Assim, as empresas t\u00eam chance de submeter propostas a qualquer tempo, at\u00e9 15 de fevereiro de 2015, com possibilidade de sele\u00e7\u00e3o em avalia\u00e7\u00f5es trimestrais.<\/p>\n<p>Na segunda fase, foram inscritos 366 projetos. Desses, 94 foram selecionados para a avalia\u00e7\u00e3o da banca examinadora. Entre os vencedores, 12 vieram de Santa Catarina. Os outros escolhidos s\u00e3o da Bahia (4), Paran\u00e1 (4), Maranh\u00e3o (2), Rio Grande do Sul (2), Distrito Federal (1), Esp\u00edrito Santo (1), Minas Gerias (1), Mato Grosso do Sul (1) e Rio Grande do Norte (1).<\/p>\n<p>O edital SENAI SESI de Inova\u00e7\u00e3o tem como objetivo custear projetos de inova\u00e7\u00e3o tecnol\u00f3gica que contemplem as \u00e1reas de sa\u00fade, seguran\u00e7a, qualidade de vida, educa\u00e7\u00e3o e cultura, por meio de produtos, processos e servi\u00e7os. Podem concorrer empresas do setor industrial de qualquer porte, inclusive startups. As empresas precisam atuar em parceria com os Departamentos Regionais do SENAI, do SESI, do SENAI\/Cetiqt ou com o CNPq. As inscri\u00e7\u00f5es devem ser feitas pela internet no site:\u00a0<a href=\"http:\/\/www.editaldeinovacao.com.br\/\" target=\"_blank\" rel=\"noopener\">www.editaldeinovacao.com.br<\/a>.<\/p>\n<p><b>EDITAL PASSO A PASSO<\/b><\/p>\n<p>1 \u2013 Inscri\u00e7\u00e3o: O projeto inovador pode ser inscrito a qualquer tempo at\u00e9 15 de fevereiro de 2015. Cada projeto pode ser or\u00e7ado em at\u00e9 R$ 300 mil;<\/p>\n<p>2 \u2013 An\u00e1lise: As ideias apresentadas s\u00e3o analisadas trimestralmente por um comit\u00ea de avaliadores do ITA, Poli Design Mil\u00e3o e FGV. At\u00e9 o fim de 2014, haver\u00e1 mais um per\u00edodo de avalia\u00e7\u00e3o. O \u00faltimo ciclo ser\u00e1 em 2015;<\/p>\n<p>3 \u2013 Plano de Neg\u00f3cio: S\u00e3o levados em conta o potencial inovador da ideia e a capacidade de a empresa coloc\u00e1-la no mercado;<\/p>\n<p>4 \u2013 Os projetos aprovados s\u00e3o ranqueados. Aqueles dentro do limite de cr\u00e9dito dispon\u00edvel para o ciclo seguem para a fase de contrata\u00e7\u00e3o e execu\u00e7\u00e3o. Os que ficarem abaixo, por\u00e9m aprovados, ter\u00e3o chance no ciclo seguinte.<\/p>\n<p>A partir da contrata\u00e7\u00e3o, o projeto tem prazo de 20 meses para ser executado.<\/p>\n<p><b>Distribui\u00e7\u00e3o or\u00e7ament\u00e1ria do edital SENAI SESI de Inova\u00e7\u00e3o 2014<\/b><\/p>\n<\/div>\n<div>\n<p>&nbsp;<\/p>\n<\/div>\n<div>\n<table style=\"width: 659px\" border=\"0\" cellspacing=\"0\" cellpadding=\"0\">\n<tbody>\n<tr>\n<td valign=\"top\" width=\"132\"><b>\u00a0<\/b><\/p>\n<p><b>Ciclos de avalia\u00e7\u00e3o<\/b><\/td>\n<td valign=\"top\" width=\"132\"><b>\u00a0<\/b><\/p>\n<p><b>Or\u00e7amento SENAI<\/b><\/td>\n<td valign=\"top\" width=\"132\"><b>\u00a0<\/b><\/p>\n<p><b>Or\u00e7amento SESI<\/b><\/td>\n<td valign=\"top\" width=\"132\"><b>Or\u00e7amento MCTI\/CNPq<\/b><\/td>\n<td valign=\"top\" width=\"132\"><b>\u00a0<\/b><\/p>\n<p><b>TOTAL<\/b><\/td>\n<\/tr>\n<tr>\n<td valign=\"top\" width=\"132\">2014 &#8211; 1<\/td>\n<td valign=\"top\" width=\"132\">R$ 5 milh\u00f5es<\/td>\n<td valign=\"top\" width=\"132\">R$ 1,875 milh\u00e3o<\/td>\n<td valign=\"top\" width=\"132\">R$ 750 mil<\/td>\n<td valign=\"top\" width=\"132\">R$ 7,625 milh\u00f5es<\/td>\n<\/tr>\n<tr>\n<td valign=\"top\" width=\"132\">2014 &#8211; 2<\/td>\n<td valign=\"top\" width=\"132\">R$ 5 milh\u00f5es<\/td>\n<td valign=\"top\" width=\"132\">R$ 1,875 milh\u00e3o<\/td>\n<td valign=\"top\" width=\"132\">R$ 750 mil<\/td>\n<td valign=\"top\" width=\"132\">R$ 7,625 milh\u00f5es<\/td>\n<\/tr>\n<tr>\n<td valign=\"top\" width=\"132\">2014 &#8211; 3<\/td>\n<td valign=\"top\" width=\"132\">R$ 5 milh\u00f5es<\/td>\n<td valign=\"top\" width=\"132\">R$ 1,875 milh\u00e3o<\/td>\n<td valign=\"top\" width=\"132\">R$ 750 mil<\/td>\n<td valign=\"top\" width=\"132\">R$ 7,625 milh\u00f5es<\/td>\n<\/tr>\n<tr>\n<td valign=\"top\" width=\"132\">2014 &#8211; 4<\/td>\n<td valign=\"top\" width=\"132\">R$ 5 milh\u00f5es<\/td>\n<td valign=\"top\" width=\"132\">R$ 1,875 milh\u00e3o<\/td>\n<td valign=\"top\" width=\"132\">R$ 750 mil<\/td>\n<td valign=\"top\" width=\"132\">R$ 7,625 milh\u00f5es<\/td>\n<\/tr>\n<tr>\n<td valign=\"top\" width=\"132\">TOTAL<\/td>\n<td valign=\"top\" width=\"132\">R$ 20 milh\u00f5es<\/td>\n<td valign=\"top\" width=\"132\">R$ 7,5 milh\u00f5es<\/td>\n<td valign=\"top\" width=\"132\">R$ 3 milh\u00f5es<\/td>\n<td valign=\"top\" width=\"132\"><b>R$ 30,5 milh\u00f5es<\/b><\/td>\n<\/tr>\n<\/tbody>\n<\/table>\n<p>&nbsp;<\/p>\n<p>Conhe\u00e7a os projetos selecionados no segundo ciclo:<\/p>\n<p>&nbsp;<\/p>\n<table style=\"width: 653px\" border=\"0\" cellspacing=\"0\" cellpadding=\"0\">\n<tbody>\n<tr>\n<td colspan=\"4\" nowrap=\"nowrap\" width=\"653\">\n<p align=\"center\"><b>EDITAL SENAI SESI DE INOVA\u00c7\u00c3O<\/b><b>\u00a02014<\/b><\/p>\n<\/td>\n<\/tr>\n<tr>\n<td colspan=\"4\" nowrap=\"nowrap\" width=\"653\">\n<p align=\"center\"><b>SEGUNDA FASE<\/b><\/p>\n<\/td>\n<\/tr>\n<tr>\n<td width=\"77\">\n<p align=\"center\"><b>Institui\u00e7\u00e3o<\/b><\/p>\n<\/td>\n<td width=\"57\">\n<p align=\"center\"><b>ESTADO<\/b><\/p>\n<\/td>\n<td width=\"340\">\n<p align=\"center\"><b>T\u00cdTULO DO PROJETO<\/b><\/p>\n<\/td>\n<td width=\"180\">\n<p align=\"center\"><b>EMPRESA<\/b><\/p>\n<\/td>\n<\/tr>\n<tr>\n<td rowspan=\"22\" nowrap=\"nowrap\" width=\"77\">\n<p align=\"center\"><b>SENAI<\/b><\/p>\n<\/td>\n<td nowrap=\"nowrap\" width=\"57\">\n<p align=\"center\">BA<\/p>\n<\/td>\n<td width=\"340\">Pel\u00edcula de controle solar inteligente.<\/td>\n<td width=\"180\">\n<p align=\"center\">Dortech \u2013 Servi\u00e7os de Inform\u00e1tica e Tecnologia LTDA<\/p>\n<\/td>\n<\/tr>\n<tr>\n<td nowrap=\"nowrap\" width=\"57\">\n<p align=\"center\">BA<\/p>\n<\/td>\n<td width=\"340\">Zim\u00a0Bio:\u00a0Pigmentos\u00a0naturais\u00a0em\u00a0po\u0301\u00a0para efeitos\u00a0especiais,\u00a0celebra\u00e7\u00f5es\u00a0e\u00a0arte.<\/td>\n<td width=\"180\">\n<p align=\"center\">Zim Color<\/p>\n<\/td>\n<\/tr>\n<tr>\n<td nowrap=\"nowrap\" width=\"57\">\n<p align=\"center\">BA<\/p>\n<\/td>\n<td width=\"340\">Produ\u00e7\u00e3o de biomassa com alto valor agregado a partir de microalgas.<\/td>\n<td width=\"180\">\n<p align=\"center\">Balga Solu\u00e7\u00f5es Ambientais LTDA<\/p>\n<\/td>\n<\/tr>\n<tr>\n<td nowrap=\"nowrap\" width=\"57\">\n<p align=\"center\">BA<\/p>\n<\/td>\n<td width=\"340\">Desenvolvimento de controlador eletr\u00f4nico de pot\u00eancia microprocessado para gerenciamento de motor el\u00e9trico, baseado em alternador automotivo, com aplica\u00e7\u00e3o em ve\u00edculos el\u00e9tricos leves.<\/td>\n<td width=\"180\">\n<p align=\"center\">Guell Tecnologia e Engenharia LTDA<\/p>\n<\/td>\n<\/tr>\n<tr>\n<td nowrap=\"nowrap\" width=\"57\">\n<p align=\"center\">DF<\/p>\n<\/td>\n<td width=\"340\">Desenvolver OTDR-reflect\u00f4metro \u00f3ptico no dom\u00ednio do tempo.<\/td>\n<td width=\"180\">\n<p align=\"center\">Wise Inform\u00e1tica LTDA<\/p>\n<\/td>\n<\/tr>\n<tr>\n<td nowrap=\"nowrap\" width=\"57\">\n<p align=\"center\">ES<\/p>\n<\/td>\n<td width=\"340\">Tremit &#8211; m\u00e1quina de amostragem do perfil do solo \u00edntegra.<\/td>\n<td width=\"180\">\n<p align=\"center\">Aratu<\/p>\n<\/td>\n<\/tr>\n<tr>\n<td nowrap=\"nowrap\" width=\"57\">\n<p align=\"center\">MA<\/p>\n<\/td>\n<td width=\"340\">Enova Acqua.<\/td>\n<td width=\"180\">\n<p align=\"center\">Jo\u00e3o Victor M. Caracas &#8211; ME<\/p>\n<\/td>\n<\/tr>\n<tr>\n<td nowrap=\"nowrap\" width=\"57\">\n<p align=\"center\">MA<\/p>\n<\/td>\n<td width=\"340\">Ecoplaca.<\/td>\n<td width=\"180\">\n<p align=\"center\">I. C. A. de Sousa Com\u00e9rcio Ind\u00fastria \u2013 ME (Marmogran)<\/p>\n<\/td>\n<\/tr>\n<tr>\n<td nowrap=\"nowrap\" width=\"57\">\n<p align=\"center\">MG<\/p>\n<\/td>\n<td width=\"340\">Desenvolvimento de processo para a produ\u00e7\u00e3o de propantes a partir do rejeito de flota\u00e7\u00e3o.<\/td>\n<td width=\"180\">\n<p align=\"center\">Votorantim Metais<\/p>\n<\/td>\n<\/tr>\n<tr>\n<td nowrap=\"nowrap\" width=\"57\">\n<p align=\"center\">MS<\/p>\n<\/td>\n<td width=\"340\">Novo fungo transg\u00eanico produtor de enzimas celulol\u00edticas para otimiza\u00e7\u00e3o da hidr\u00f3lise enzim\u00e1tica.<\/td>\n<td width=\"180\">\n<p align=\"center\">BioCelere Agroindustrial LTDA<\/p>\n<\/td>\n<\/tr>\n<tr>\n<td nowrap=\"nowrap\" width=\"57\">\n<p align=\"center\">RN<\/p>\n<\/td>\n<td width=\"340\">Desenvolvimento de queijo de coalho fresco\u00a0<i>light<\/i>\u00a0e funcional, que promova a saciedade.<\/td>\n<td width=\"180\">\n<p align=\"center\">MAILA Maced\u00f4nia Agroindustrial LTDA (Latic\u00ednios BABI)<\/p>\n<\/td>\n<\/tr>\n<tr>\n<td nowrap=\"nowrap\" width=\"57\">\n<p align=\"center\">RS<\/p>\n<\/td>\n<td width=\"340\">Long Egg &#8211; produto a base de ovo em formato cil\u00edndrico.<\/td>\n<td width=\"180\">\n<p align=\"center\">Solar Com\u00e9rcio e Agroind\u00fastria LTDA<\/p>\n<\/td>\n<\/tr>\n<tr>\n<td nowrap=\"nowrap\" width=\"57\">\n<p align=\"center\">RS<\/p>\n<\/td>\n<td width=\"340\">EasyRCP &#8211; sensor de feedback de massagem card\u00edaca.<\/td>\n<td width=\"180\">\n<p align=\"center\">Toth Desenvolvimento Tecnol\u00f3gico LTDA<\/p>\n<\/td>\n<\/tr>\n<tr>\n<td nowrap=\"nowrap\" width=\"57\">\n<p align=\"center\">PR<\/p>\n<\/td>\n<td width=\"340\">Desenvolvimento de tecnologia nacional de acumuladores compactos em l\u00edtio &#8211; ar com alt\u00edssima efici\u00eancia.<\/td>\n<td width=\"180\">\n<p align=\"center\">Eletran Ind\u00fastria e Com\u00e9rcio de Acumuladores S.A.<\/p>\n<\/td>\n<\/tr>\n<tr>\n<td nowrap=\"nowrap\" width=\"57\">\n<p align=\"center\">SC<\/p>\n<\/td>\n<td width=\"340\">Equipamento port\u00e1til de identifica\u00e7\u00e3o da tonalidade dos dentes.<\/td>\n<td width=\"180\">\n<p align=\"center\">Evo Prestadores LTDA<\/p>\n<\/td>\n<\/tr>\n<tr>\n<td nowrap=\"nowrap\" width=\"57\">\n<p align=\"center\">SC<\/p>\n<\/td>\n<td width=\"340\">LaserFunde: desenvolvimento de uma impressora 3D de metais compacta, com novas abordagens de escaneamento, e alimenta\u00e7\u00e3o para fabrica\u00e7\u00e3o de pe\u00e7as com combina\u00e7\u00f5es de p\u00f3s-met\u00e1licos.<\/td>\n<td width=\"180\">\n<p align=\"center\">Alkimat tecnologia LTDA<\/p>\n<\/td>\n<\/tr>\n<tr>\n<td nowrap=\"nowrap\" width=\"57\">\n<p align=\"center\">SC<\/p>\n<\/td>\n<td width=\"340\">Corantes e auxiliares para tingimento sem \u00e1gua.<\/td>\n<td width=\"180\">\n<p align=\"center\">Siebert Qu\u00edmica LTDA<\/p>\n<\/td>\n<\/tr>\n<tr>\n<td nowrap=\"nowrap\" width=\"57\">\n<p align=\"center\">SC<\/p>\n<\/td>\n<td width=\"340\">Inovador processo produtivo aplicado \u00e0 polia com amortecimento de vibra\u00e7\u00f5es.<\/td>\n<td width=\"180\">\n<p align=\"center\">ZEN S.A.<\/p>\n<\/td>\n<\/tr>\n<tr>\n<td nowrap=\"nowrap\" width=\"57\">\n<p align=\"center\">SC<\/p>\n<\/td>\n<td width=\"340\">Desenvolvimento de um novo equipamento para gerar ar comprimido.<\/td>\n<td width=\"180\">\n<p align=\"center\">Schulz S. A.<\/p>\n<\/td>\n<\/tr>\n<tr>\n<td nowrap=\"nowrap\" width=\"57\">\n<p align=\"center\">SC<\/p>\n<\/td>\n<td width=\"340\">Sistema integrado de rastreamento, controle e qualidade da higieniza\u00e7\u00e3o de m\u00e3os em hospitais.<\/td>\n<td width=\"180\">\n<p align=\"center\">Neoprospecta Pesquisa e Consultoria S.A<\/p>\n<\/td>\n<\/tr>\n<tr>\n<td nowrap=\"nowrap\" width=\"57\">\n<p align=\"center\">SC<\/p>\n<\/td>\n<td width=\"340\">Aeronave n\u00e3o tripulada para aerolevantamento.<\/td>\n<td width=\"180\">\n<p align=\"center\">H\u00f3rus Aeronaves<\/p>\n<\/td>\n<\/tr>\n<tr>\n<td nowrap=\"nowrap\" width=\"57\">\n<p align=\"center\">SC<\/p>\n<\/td>\n<td width=\"340\">Desenvolvimento de mancais magn\u00e9ticos para motores de alta rota\u00e7\u00e3o.<\/td>\n<td width=\"180\">\n<p align=\"center\">WEG Equipamentos El\u00e9tricos S\/A<\/p>\n<\/td>\n<\/tr>\n<tr>\n<td rowspan=\"7\" nowrap=\"nowrap\" width=\"77\">\n<p align=\"center\"><b>SESI<\/b><\/p>\n<\/td>\n<td nowrap=\"nowrap\" width=\"57\">\n<p align=\"center\">PR<\/p>\n<\/td>\n<td width=\"340\">Programa de gest\u00e3o NR 36: contribuindo para a competitividade industrial.<\/td>\n<td width=\"180\">\n<p align=\"center\">Frangos Pioneiro Ind\u00fastria e Com\u00e9rcio de Alimentos LTDA<\/p>\n<\/td>\n<\/tr>\n<tr>\n<td nowrap=\"nowrap\" width=\"57\">\n<p align=\"center\">PR<\/p>\n<\/td>\n<td width=\"340\">Da preven\u00e7\u00e3o ao tratamento &#8211; um modelo de programa de sa\u00fade mental.<\/td>\n<td width=\"180\">\n<p align=\"center\">Bosch do Brasil<\/p>\n<\/td>\n<\/tr>\n<tr>\n<td nowrap=\"nowrap\" width=\"57\">\n<p align=\"center\">PR<\/p>\n<\/td>\n<td width=\"340\">Acompanhamento e reintegra\u00e7\u00e3o do trabalhador afastado.<\/td>\n<td width=\"180\">\n<p align=\"center\">Bosch do Brasil<\/p>\n<\/td>\n<\/tr>\n<tr>\n<td nowrap=\"nowrap\" width=\"57\">\n<p align=\"center\">SC<\/p>\n<\/td>\n<td width=\"340\">\u00a0Wanke &#8211; sistema de preven\u00e7\u00e3o de riscos no armazenamento e transporte com ponte rolante.<\/td>\n<td width=\"180\">\n<p align=\"center\">Wanke S\/A<\/p>\n<\/td>\n<\/tr>\n<tr>\n<td nowrap=\"nowrap\" width=\"57\">\n<p align=\"center\">SC<\/p>\n<\/td>\n<td width=\"340\">Capacita\u00e7\u00e3o\u00a0<i>gameficada<\/i>\u00a0e colaborativa.<\/td>\n<td width=\"180\">\n<p align=\"center\">CIA de Bebidas das Am\u00e9ricas &#8211; Ambev<\/p>\n<\/td>\n<\/tr>\n<tr>\n<td nowrap=\"nowrap\" width=\"57\">\n<p align=\"center\">SC<\/p>\n<\/td>\n<td width=\"340\">EPISis &#8211; monitorando ponto de riscos, aumentando a seguran\u00e7a.<\/td>\n<td width=\"180\">\n<p align=\"center\">Softecsul Tecnologia LTDA<\/p>\n<\/td>\n<\/tr>\n<tr>\n<td nowrap=\"nowrap\" width=\"57\">\n<p align=\"center\">SC<\/p>\n<\/td>\n<td width=\"340\">M\u00e1quina de descasque de bananas.<\/td>\n<td width=\"180\">\n<p align=\"center\">Polpa Brasil Desidratados LTDA<\/p>\n<\/td>\n<\/tr>\n<\/tbody>\n<\/table>\n<\/div>\n<div>\n<div>\n<p>&nbsp;<\/p>\n<\/div>\n<p><b>ATENDIMENTO \u00c0 IMPRENSA<br \/>\nGer\u00eancia de Jornalismo da CNI<\/b><\/p>\n<p><b>(61) 3317-9578 \/ 9825<\/b><br \/>\n<a href=\"mailto:imprensa@cni.org.br\" target=\"_blank\" rel=\"noopener\">imprensa@cni.org.br<\/a><br \/>\n<a href=\"http:\/\/www.portaldaindustria.com.br\/\" target=\"_blank\" rel=\"noopener\">http:\/\/www.portaldaindustria.com.br\/<\/a><br \/>\n<a href=\"http:\/\/www.bancodemidia.cni.org.br\/\" target=\"_blank\" rel=\"noopener\">http:\/\/www.bancodemidia.cni.org.br<\/a><br \/>\n<a href=\"https:\/\/twitter.com\/CNI_br\" target=\"_blank\" rel=\"noopener\">https:\/\/twitter.com\/CNI_br<\/a><br \/>\n<a href=\"https:\/\/www.facebook.com\/cnibrasil\" target=\"_blank\" rel=\"noopener\">https:\/\/www.facebook.com\/cnibrasil<\/a><br \/>\n<a href=\"http:\/\/www.youtube.com\/user\/cniweb\" target=\"_blank\" rel=\"noopener\">http:\/\/www.youtube.com\/user\/cniweb<\/a><\/p>\n<\/div>\n","protected":false},"excerpt":{"rendered":"<p>Empresas escolhidas ter\u00e3o R$ 7,625 milh\u00f5es para colocar ideias inovadoras em pr\u00e1tica. A partir da \u00a0contrata\u00e7\u00e3o, projetos t\u00eam prazo de 20 meses para serem executados A segunda fase do Edital de Inova\u00e7\u00e3o selecionou 29 projetos de todo o pa\u00eds \u2013 seis projetos a mais do que na primeira fase. Nesta etapa, os contemplados ter\u00e3o dispon\u00edveis [&hellip;]<\/p>\n","protected":false},"author":1,"featured_media":0,"comment_status":"open","ping_status":"open","sticky":false,"template":"","format":"standard","meta":{"footnotes":""},"categories":[25],"tags":[],"class_list":["post-6045","post","type-post","status-publish","format-standard","hentry","category-news"],"yoast_head":"<!-- This site is optimized with the Yoast SEO plugin v28.2 - https:\/\/yoast.com\/product\/yoast-seo-wordpress\/ -->\n<title>Edital SENAI SESI de Inova\u00e7\u00e3o seleciona 29 projetos na segunda fase - SESI<\/title>\n<meta name=\"robots\" content=\"index, follow, max-snippet:-1, max-image-preview:large, max-video-preview:-1\" \/>\n<link rel=\"canonical\" href=\"https:\/\/fieam.org.br\/sesi\/edital-senai-sesi-de-inovacao-seleciona-29-projetos-na-segunda-fase-2\/\" \/>\n<meta property=\"og:locale\" content=\"pt_BR\" \/>\n<meta property=\"og:type\" content=\"article\" \/>\n<meta property=\"og:title\" content=\"Edital SENAI SESI de Inova\u00e7\u00e3o seleciona 29 projetos na segunda fase - SESI\" \/>\n<meta property=\"og:description\" content=\"Empresas escolhidas ter\u00e3o R$ 7,625 milh\u00f5es para colocar ideias inovadoras em pr\u00e1tica. A partir da \u00a0contrata\u00e7\u00e3o, projetos t\u00eam prazo de 20 meses para serem executados A segunda fase do Edital de Inova\u00e7\u00e3o selecionou 29 projetos de todo o pa\u00eds \u2013 seis projetos a mais do que na primeira fase. Nesta etapa, os contemplados ter\u00e3o dispon\u00edveis [&hellip;]\" \/>\n<meta property=\"og:url\" content=\"https:\/\/fieam.org.br\/sesi\/edital-senai-sesi-de-inovacao-seleciona-29-projetos-na-segunda-fase-2\/\" \/>\n<meta property=\"og:site_name\" content=\"SESI\" \/>\n<meta property=\"article:published_time\" content=\"2014-09-30T19:02:45+00:00\" \/>\n<meta name=\"author\" content=\"Autor\" \/>\n<meta name=\"twitter:card\" content=\"summary_large_image\" \/>\n<meta name=\"twitter:label1\" content=\"Escrito por\" \/>\n\t<meta name=\"twitter:data1\" content=\"Autor\" \/>\n\t<meta name=\"twitter:label2\" content=\"Est. tempo de leitura\" \/>\n\t<meta name=\"twitter:data2\" content=\"6 minutos\" \/>\n<script type=\"application\/ld+json\" class=\"yoast-schema-graph\">{\"@context\":\"https:\\\/\\\/schema.org\",\"@graph\":[{\"@type\":\"Article\",\"@id\":\"https:\\\/\\\/fieam.org.br\\\/sesi\\\/edital-senai-sesi-de-inovacao-seleciona-29-projetos-na-segunda-fase-2\\\/#article\",\"isPartOf\":{\"@id\":\"https:\\\/\\\/fieam.org.br\\\/sesi\\\/edital-senai-sesi-de-inovacao-seleciona-29-projetos-na-segunda-fase-2\\\/\"},\"author\":{\"name\":\"Autor\",\"@id\":\"https:\\\/\\\/fieam.org.br\\\/sesi\\\/#\\\/schema\\\/person\\\/f54998dd14d5f0695b41444f2b01c31e\"},\"headline\":\"Edital SENAI SESI de Inova\u00e7\u00e3o seleciona 29 projetos na segunda fase\",\"datePublished\":\"2014-09-30T19:02:45+00:00\",\"mainEntityOfPage\":{\"@id\":\"https:\\\/\\\/fieam.org.br\\\/sesi\\\/edital-senai-sesi-de-inovacao-seleciona-29-projetos-na-segunda-fase-2\\\/\"},\"wordCount\":1127,\"commentCount\":0,\"publisher\":{\"@id\":\"https:\\\/\\\/fieam.org.br\\\/sesi\\\/#organization\"},\"articleSection\":[\"News\"],\"inLanguage\":\"pt-BR\",\"potentialAction\":[{\"@type\":\"CommentAction\",\"name\":\"Comment\",\"target\":[\"https:\\\/\\\/fieam.org.br\\\/sesi\\\/edital-senai-sesi-de-inovacao-seleciona-29-projetos-na-segunda-fase-2\\\/#respond\"]}]},{\"@type\":\"WebPage\",\"@id\":\"https:\\\/\\\/fieam.org.br\\\/sesi\\\/edital-senai-sesi-de-inovacao-seleciona-29-projetos-na-segunda-fase-2\\\/\",\"url\":\"https:\\\/\\\/fieam.org.br\\\/sesi\\\/edital-senai-sesi-de-inovacao-seleciona-29-projetos-na-segunda-fase-2\\\/\",\"name\":\"Edital SENAI SESI de Inova\u00e7\u00e3o seleciona 29 projetos na segunda fase - SESI\",\"isPartOf\":{\"@id\":\"https:\\\/\\\/fieam.org.br\\\/sesi\\\/#website\"},\"datePublished\":\"2014-09-30T19:02:45+00:00\",\"breadcrumb\":{\"@id\":\"https:\\\/\\\/fieam.org.br\\\/sesi\\\/edital-senai-sesi-de-inovacao-seleciona-29-projetos-na-segunda-fase-2\\\/#breadcrumb\"},\"inLanguage\":\"pt-BR\",\"potentialAction\":[{\"@type\":\"ReadAction\",\"target\":[\"https:\\\/\\\/fieam.org.br\\\/sesi\\\/edital-senai-sesi-de-inovacao-seleciona-29-projetos-na-segunda-fase-2\\\/\"]}]},{\"@type\":\"BreadcrumbList\",\"@id\":\"https:\\\/\\\/fieam.org.br\\\/sesi\\\/edital-senai-sesi-de-inovacao-seleciona-29-projetos-na-segunda-fase-2\\\/#breadcrumb\",\"itemListElement\":[{\"@type\":\"ListItem\",\"position\":1,\"name\":\"In\u00edcio\",\"item\":\"https:\\\/\\\/fieam.org.br\\\/sesi\\\/\"},{\"@type\":\"ListItem\",\"position\":2,\"name\":\"Edital SENAI SESI de Inova\u00e7\u00e3o seleciona 29 projetos na segunda fase\"}]},{\"@type\":\"WebSite\",\"@id\":\"https:\\\/\\\/fieam.org.br\\\/sesi\\\/#website\",\"url\":\"https:\\\/\\\/fieam.org.br\\\/sesi\\\/\",\"name\":\"SESI\",\"description\":\"Site Oficial!\",\"publisher\":{\"@id\":\"https:\\\/\\\/fieam.org.br\\\/sesi\\\/#organization\"},\"potentialAction\":[{\"@type\":\"SearchAction\",\"target\":{\"@type\":\"EntryPoint\",\"urlTemplate\":\"https:\\\/\\\/fieam.org.br\\\/sesi\\\/?s={search_term_string}\"},\"query-input\":{\"@type\":\"PropertyValueSpecification\",\"valueRequired\":true,\"valueName\":\"search_term_string\"}}],\"inLanguage\":\"pt-BR\"},{\"@type\":\"Organization\",\"@id\":\"https:\\\/\\\/fieam.org.br\\\/sesi\\\/#organization\",\"name\":\"SESI\",\"url\":\"https:\\\/\\\/fieam.org.br\\\/sesi\\\/\",\"logo\":{\"@type\":\"ImageObject\",\"inLanguage\":\"pt-BR\",\"@id\":\"https:\\\/\\\/fieam.org.br\\\/sesi\\\/#\\\/schema\\\/logo\\\/image\\\/\",\"url\":\"https:\\\/\\\/fieam.org.br\\\/sesi\\\/wp-content\\\/uploads\\\/sites\\\/14\\\/2024\\\/03\\\/cropped-fav.png\",\"contentUrl\":\"https:\\\/\\\/fieam.org.br\\\/sesi\\\/wp-content\\\/uploads\\\/sites\\\/14\\\/2024\\\/03\\\/cropped-fav.png\",\"width\":610,\"height\":589,\"caption\":\"SESI\"},\"image\":{\"@id\":\"https:\\\/\\\/fieam.org.br\\\/sesi\\\/#\\\/schema\\\/logo\\\/image\\\/\"}},{\"@type\":\"Person\",\"@id\":\"https:\\\/\\\/fieam.org.br\\\/sesi\\\/#\\\/schema\\\/person\\\/f54998dd14d5f0695b41444f2b01c31e\",\"name\":\"Autor\",\"image\":{\"@type\":\"ImageObject\",\"inLanguage\":\"pt-BR\",\"@id\":\"https:\\\/\\\/secure.gravatar.com\\\/avatar\\\/3732c223e0e1fad69062a8f770955c9068d37b055204f310a0be18d4069fe380?s=96&d=mm&r=g\",\"url\":\"https:\\\/\\\/secure.gravatar.com\\\/avatar\\\/3732c223e0e1fad69062a8f770955c9068d37b055204f310a0be18d4069fe380?s=96&d=mm&r=g\",\"contentUrl\":\"https:\\\/\\\/secure.gravatar.com\\\/avatar\\\/3732c223e0e1fad69062a8f770955c9068d37b055204f310a0be18d4069fe380?s=96&d=mm&r=g\",\"caption\":\"Autor\"},\"sameAs\":[\"https:\\\/\\\/marketingmassivo.com.br\"],\"url\":\"https:\\\/\\\/fieam.org.br\\\/sesi\\\/author\\\/admin\\\/\"}]}<\/script>\n<!-- \/ Yoast SEO plugin. -->","yoast_head_json":{"title":"Edital SENAI SESI de Inova\u00e7\u00e3o seleciona 29 projetos na segunda fase - SESI","robots":{"index":"index","follow":"follow","max-snippet":"max-snippet:-1","max-image-preview":"max-image-preview:large","max-video-preview":"max-video-preview:-1"},"canonical":"https:\/\/fieam.org.br\/sesi\/edital-senai-sesi-de-inovacao-seleciona-29-projetos-na-segunda-fase-2\/","og_locale":"pt_BR","og_type":"article","og_title":"Edital SENAI SESI de Inova\u00e7\u00e3o seleciona 29 projetos na segunda fase - SESI","og_description":"Empresas escolhidas ter\u00e3o R$ 7,625 milh\u00f5es para colocar ideias inovadoras em pr\u00e1tica. A partir da \u00a0contrata\u00e7\u00e3o, projetos t\u00eam prazo de 20 meses para serem executados A segunda fase do Edital de Inova\u00e7\u00e3o selecionou 29 projetos de todo o pa\u00eds \u2013 seis projetos a mais do que na primeira fase. Nesta etapa, os contemplados ter\u00e3o dispon\u00edveis [&hellip;]","og_url":"https:\/\/fieam.org.br\/sesi\/edital-senai-sesi-de-inovacao-seleciona-29-projetos-na-segunda-fase-2\/","og_site_name":"SESI","article_published_time":"2014-09-30T19:02:45+00:00","author":"Autor","twitter_card":"summary_large_image","twitter_misc":{"Escrito por":"Autor","Est. tempo de leitura":"6 minutos"},"schema":{"@context":"https:\/\/schema.org","@graph":[{"@type":"Article","@id":"https:\/\/fieam.org.br\/sesi\/edital-senai-sesi-de-inovacao-seleciona-29-projetos-na-segunda-fase-2\/#article","isPartOf":{"@id":"https:\/\/fieam.org.br\/sesi\/edital-senai-sesi-de-inovacao-seleciona-29-projetos-na-segunda-fase-2\/"},"author":{"name":"Autor","@id":"https:\/\/fieam.org.br\/sesi\/#\/schema\/person\/f54998dd14d5f0695b41444f2b01c31e"},"headline":"Edital SENAI SESI de Inova\u00e7\u00e3o seleciona 29 projetos na segunda fase","datePublished":"2014-09-30T19:02:45+00:00","mainEntityOfPage":{"@id":"https:\/\/fieam.org.br\/sesi\/edital-senai-sesi-de-inovacao-seleciona-29-projetos-na-segunda-fase-2\/"},"wordCount":1127,"commentCount":0,"publisher":{"@id":"https:\/\/fieam.org.br\/sesi\/#organization"},"articleSection":["News"],"inLanguage":"pt-BR","potentialAction":[{"@type":"CommentAction","name":"Comment","target":["https:\/\/fieam.org.br\/sesi\/edital-senai-sesi-de-inovacao-seleciona-29-projetos-na-segunda-fase-2\/#respond"]}]},{"@type":"WebPage","@id":"https:\/\/fieam.org.br\/sesi\/edital-senai-sesi-de-inovacao-seleciona-29-projetos-na-segunda-fase-2\/","url":"https:\/\/fieam.org.br\/sesi\/edital-senai-sesi-de-inovacao-seleciona-29-projetos-na-segunda-fase-2\/","name":"Edital SENAI SESI de Inova\u00e7\u00e3o seleciona 29 projetos na segunda fase - SESI","isPartOf":{"@id":"https:\/\/fieam.org.br\/sesi\/#website"},"datePublished":"2014-09-30T19:02:45+00:00","breadcrumb":{"@id":"https:\/\/fieam.org.br\/sesi\/edital-senai-sesi-de-inovacao-seleciona-29-projetos-na-segunda-fase-2\/#breadcrumb"},"inLanguage":"pt-BR","potentialAction":[{"@type":"ReadAction","target":["https:\/\/fieam.org.br\/sesi\/edital-senai-sesi-de-inovacao-seleciona-29-projetos-na-segunda-fase-2\/"]}]},{"@type":"BreadcrumbList","@id":"https:\/\/fieam.org.br\/sesi\/edital-senai-sesi-de-inovacao-seleciona-29-projetos-na-segunda-fase-2\/#breadcrumb","itemListElement":[{"@type":"ListItem","position":1,"name":"In\u00edcio","item":"https:\/\/fieam.org.br\/sesi\/"},{"@type":"ListItem","position":2,"name":"Edital SENAI SESI de Inova\u00e7\u00e3o seleciona 29 projetos na segunda fase"}]},{"@type":"WebSite","@id":"https:\/\/fieam.org.br\/sesi\/#website","url":"https:\/\/fieam.org.br\/sesi\/","name":"SESI","description":"Site Oficial!","publisher":{"@id":"https:\/\/fieam.org.br\/sesi\/#organization"},"potentialAction":[{"@type":"SearchAction","target":{"@type":"EntryPoint","urlTemplate":"https:\/\/fieam.org.br\/sesi\/?s={search_term_string}"},"query-input":{"@type":"PropertyValueSpecification","valueRequired":true,"valueName":"search_term_string"}}],"inLanguage":"pt-BR"},{"@type":"Organization","@id":"https:\/\/fieam.org.br\/sesi\/#organization","name":"SESI","url":"https:\/\/fieam.org.br\/sesi\/","logo":{"@type":"ImageObject","inLanguage":"pt-BR","@id":"https:\/\/fieam.org.br\/sesi\/#\/schema\/logo\/image\/","url":"https:\/\/fieam.org.br\/sesi\/wp-content\/uploads\/sites\/14\/2024\/03\/cropped-fav.png","contentUrl":"https:\/\/fieam.org.br\/sesi\/wp-content\/uploads\/sites\/14\/2024\/03\/cropped-fav.png","width":610,"height":589,"caption":"SESI"},"image":{"@id":"https:\/\/fieam.org.br\/sesi\/#\/schema\/logo\/image\/"}},{"@type":"Person","@id":"https:\/\/fieam.org.br\/sesi\/#\/schema\/person\/f54998dd14d5f0695b41444f2b01c31e","name":"Autor","image":{"@type":"ImageObject","inLanguage":"pt-BR","@id":"https:\/\/secure.gravatar.com\/avatar\/3732c223e0e1fad69062a8f770955c9068d37b055204f310a0be18d4069fe380?s=96&d=mm&r=g","url":"https:\/\/secure.gravatar.com\/avatar\/3732c223e0e1fad69062a8f770955c9068d37b055204f310a0be18d4069fe380?s=96&d=mm&r=g","contentUrl":"https:\/\/secure.gravatar.com\/avatar\/3732c223e0e1fad69062a8f770955c9068d37b055204f310a0be18d4069fe380?s=96&d=mm&r=g","caption":"Autor"},"sameAs":["https:\/\/marketingmassivo.com.br"],"url":"https:\/\/fieam.org.br\/sesi\/author\/admin\/"}]}},"_links":{"self":[{"href":"https:\/\/fieam.org.br\/sesi\/wp-json\/wp\/v2\/posts\/6045","targetHints":{"allow":["GET"]}}],"collection":[{"href":"https:\/\/fieam.org.br\/sesi\/wp-json\/wp\/v2\/posts"}],"about":[{"href":"https:\/\/fieam.org.br\/sesi\/wp-json\/wp\/v2\/types\/post"}],"author":[{"embeddable":true,"href":"https:\/\/fieam.org.br\/sesi\/wp-json\/wp\/v2\/users\/1"}],"replies":[{"embeddable":true,"href":"https:\/\/fieam.org.br\/sesi\/wp-json\/wp\/v2\/comments?post=6045"}],"version-history":[{"count":0,"href":"https:\/\/fieam.org.br\/sesi\/wp-json\/wp\/v2\/posts\/6045\/revisions"}],"wp:attachment":[{"href":"https:\/\/fieam.org.br\/sesi\/wp-json\/wp\/v2\/media?parent=6045"}],"wp:term":[{"taxonomy":"category","embeddable":true,"href":"https:\/\/fieam.org.br\/sesi\/wp-json\/wp\/v2\/categories?post=6045"},{"taxonomy":"post_tag","embeddable":true,"href":"https:\/\/fieam.org.br\/sesi\/wp-json\/wp\/v2\/tags?post=6045"}],"curies":[{"name":"wp","href":"https:\/\/api.w.org\/{rel}","templated":true}]}}