{"id":6029,"date":"2014-09-30T11:24:01","date_gmt":"2014-09-30T11:24:01","guid":{"rendered":"http:\/\/www.fieam.org.br\/site\/sesi\/?p=6029"},"modified":"2014-09-30T11:24:01","modified_gmt":"2014-09-30T11:24:01","slug":"moto-honda-e-salcomp-sao-campeas-no-atletismo","status":"publish","type":"post","link":"https:\/\/fieam.org.br\/sesi\/moto-honda-e-salcomp-sao-campeas-no-atletismo\/","title":{"rendered":"Moto Honda e Salcomp s\u00e3o campe\u00e3s no atletismo"},"content":{"rendered":"<p align=\"center\"><i>As provas do atletismo foram disputadas no \u00faltimo domingo, na pista da Ufam<\/i><\/p>\n<figure id=\"attachment_6030\" aria-describedby=\"caption-attachment-6030\" style=\"width: 300px\" class=\"wp-caption alignleft\"><a href=\"http:\/\/www.fieam.org.br\/site\/sesi\/moto-honda-e-salcomp-sao-campeas-no-atletismo\/salcomp_campea_no-feminino\/\" rel=\"attachment wp-att-6030\"><img fetchpriority=\"high\" decoding=\"async\" class=\"size-medium wp-image-6030\" alt=\"Salcomp foi campe\u00e3 no feminino\" src=\"http:\/\/www.fieam.org.br\/2015\/sesi\/wp-content\/uploads\/sites\/2\/2014\/09\/Salcomp_campea_no-feminino-300x200.jpg\" width=\"300\" height=\"200\" srcset=\"https:\/\/fieam.org.br\/sesi\/wp-content\/uploads\/sites\/14\/2014\/09\/Salcomp_campea_no-feminino-300x200.jpg 300w, https:\/\/fieam.org.br\/sesi\/wp-content\/uploads\/sites\/14\/2014\/09\/Salcomp_campea_no-feminino-768x512.jpg 768w, https:\/\/fieam.org.br\/sesi\/wp-content\/uploads\/sites\/14\/2014\/09\/Salcomp_campea_no-feminino.jpg 1024w\" sizes=\"(max-width: 300px) 100vw, 300px\" \/><\/a><figcaption id=\"caption-attachment-6030\" class=\"wp-caption-text\">Salcomp foi campe\u00e3 no feminino<\/figcaption><\/figure>\n<p>Moto Honda, no masculino, e Salcomp, no feminino s\u00e3o as vencedoras da modalidade atletismo nos Jogos Estaduais do\u00a0<a href=\"http:\/\/www.fieam.org.br\/site\/sesi\" target=\"_blank\" rel=\"noopener\">SESI<\/a>\u00a02014. As provas foram disputadas no \u00faltimo domingo (28), na pista de atletismo da Universidade Federal do Amazonas (Ufam) e reuniu cerca de 200 trabalhadores atletas de 21 empresas do Polo Industrial de Manaus.<\/p>\n<p>A competi\u00e7\u00e3o confirmou o favoritismo de atletas, como Jackson Mendes, da Steck da Amaz\u00f4nia, medalha de ouro nos 3.000 metros, com o tempo de 9min18seg5, Jos\u00e9 Gemison, da Amazon A\u00e7o, na prova de 100m, com o tempo de 11seg02, e Leonardo Sena, da Universal Fitness, na prova de 800 metros, com o tempo de 2min11seg.<\/p>\n<p>No feminino, Luciele Sousa, da Salcomp, que j\u00e1 havia conquistado ouro com a equipe de voleibol de quadra, conquistou mais tr\u00eas medalhas no atletismo &#8211; na prova de 400m, com o tempo de 1min15seg06, no revezamento 4&#215;10, com as atletas, \u00c9rica Silva, Flaviana Monteiro e Rosane Patr\u00edcio, e na prova de salto em altura, com a marca de 1m35. M\u00e1rcia Gabrielle, da Yamaha, foi outro destaque da competi\u00e7\u00e3o, no feminino, ao vencer as provas de 100m, com o tempo de 12seg5, e 200m, com 26seg06.<\/p>\n<p>Gemison, que conquistou a prata nos Jogos Nacionais, no in\u00edcio deste m\u00eas, em Bel\u00e9m (PA), disse que conseguiu realizar uma melhor prova, e que est\u00e1 acostumado com a pista da Ufam, onde faz seu treinamento. Segundo Gemison, o n\u00edvel t\u00e9cnico dos competidores melhorou em rela\u00e7\u00e3o ao ano passado. Para ele, a prova de 100 metros exige explos\u00e3o, velocidade e um bom condicionamento f\u00edsico.<\/p>\n<p>Leonardo Sena, medalha de ouro nos Jogos Nacionais deste ano, disse que vai continuar focando nos treinamento para baixar ainda mais o seu tempo e que n\u00e3o teve dificuldades\u00a0 de correr na pista da Ufam sob temperatura elevada, de 40 graus. Leonardo conquistou tamb\u00e9m a medalha de prata nos 200m.<\/p>\n<p>No feminino, Luciele Sousa, da Salcomp, disse que sua\u00a0 especialidade \u00e9 a prova de salto em altura, onde conquistou a prata nos Jogos Nacionais, em Bel\u00e9m, e que, competir\u00a0\u00a0 em \u00a0provas e modalidades diferentes exige treinamento e muita dedica\u00e7\u00e3o. Segundo a atleta, a prova de salto em altura requer t\u00e9cnica, velocidade, al\u00e9m de impuls\u00e3o, e a dos 400m \u00e9 mais de largada e velocidade. A forma\u00e7\u00e3o de Luciele no atletismo foi realizada na Vila Ol\u00edmpica de Manaus, sob orienta\u00e7\u00e3o de treinadores cubanos.<\/p>\n<p>Outro destaque, no feminino, M\u00e1rcia Gabrielle, da Yamaha, ouro, nas provas de 100 e 200 metros, disse que iniciou no atletismo competindo no arremesso de peso e que teve que se adaptar \u00e0s novas provas treinando de segunda a s\u00e1bado, duas horas por dia.<\/p>\n<div id=\"imcontent\">Na pontua\u00e7\u00e3o final, no masculino, a Moto Honda ficou em 1\u00ba lugar, conquistando dez medalhas, sendo oito de ouro, uma prata e outra de bronze. a Samsung em 2\u00ba, e a Palladium, em 3\u00ba. No feminino, a Salcomp, conquistou o 1\u00ba lugar com 17 medalhas, sendo oito de ouro, seis de prata e tr\u00eas de bronze. a Samsung ficou em 2\u00ba, enquanto que a Palladium, ficou em 3\u00ba lugar.<\/div>\n<p>[nggallery id=266]<\/p>\n","protected":false},"excerpt":{"rendered":"<p>As provas do atletismo foram disputadas no \u00faltimo domingo, na pista da Ufam Moto Honda, no masculino, e Salcomp, no feminino s\u00e3o as vencedoras da modalidade atletismo nos Jogos Estaduais do\u00a0SESI\u00a02014. As provas foram disputadas no \u00faltimo domingo (28), na pista de atletismo da Universidade Federal do Amazonas (Ufam) e reuniu cerca de 200 trabalhadores [&hellip;]<\/p>\n","protected":false},"author":1,"featured_media":0,"comment_status":"open","ping_status":"open","sticky":false,"template":"","format":"standard","meta":{"footnotes":""},"categories":[25],"tags":[],"class_list":["post-6029","post","type-post","status-publish","format-standard","hentry","category-news"],"yoast_head":"<!-- This site is optimized with the Yoast SEO plugin v28.2 - https:\/\/yoast.com\/product\/yoast-seo-wordpress\/ -->\n<title>Moto Honda e Salcomp s\u00e3o campe\u00e3s no atletismo - SESI<\/title>\n<meta name=\"robots\" content=\"index, follow, max-snippet:-1, max-image-preview:large, max-video-preview:-1\" \/>\n<link rel=\"canonical\" href=\"https:\/\/fieam.org.br\/sesi\/moto-honda-e-salcomp-sao-campeas-no-atletismo\/\" \/>\n<meta property=\"og:locale\" content=\"pt_BR\" \/>\n<meta property=\"og:type\" content=\"article\" \/>\n<meta property=\"og:title\" content=\"Moto Honda e Salcomp s\u00e3o campe\u00e3s no atletismo - SESI\" \/>\n<meta property=\"og:description\" content=\"As provas do atletismo foram disputadas no \u00faltimo domingo, na pista da Ufam Moto Honda, no masculino, e Salcomp, no feminino s\u00e3o as vencedoras da modalidade atletismo nos Jogos Estaduais do\u00a0SESI\u00a02014. As provas foram disputadas no \u00faltimo domingo (28), na pista de atletismo da Universidade Federal do Amazonas (Ufam) e reuniu cerca de 200 trabalhadores [&hellip;]\" \/>\n<meta property=\"og:url\" content=\"https:\/\/fieam.org.br\/sesi\/moto-honda-e-salcomp-sao-campeas-no-atletismo\/\" \/>\n<meta property=\"og:site_name\" content=\"SESI\" \/>\n<meta property=\"article:published_time\" content=\"2014-09-30T11:24:01+00:00\" \/>\n<meta property=\"og:image\" content=\"https:\/\/fieam.org.br\/sesi\/wp-content\/uploads\/sites\/14\/2014\/09\/Salcomp_campea_no-feminino.jpg\" \/>\n\t<meta property=\"og:image:width\" content=\"1024\" \/>\n\t<meta property=\"og:image:height\" content=\"683\" \/>\n\t<meta property=\"og:image:type\" content=\"image\/jpeg\" \/>\n<meta name=\"author\" content=\"Autor\" \/>\n<meta name=\"twitter:card\" content=\"summary_large_image\" \/>\n<meta name=\"twitter:label1\" content=\"Escrito por\" \/>\n\t<meta name=\"twitter:data1\" content=\"Autor\" \/>\n\t<meta name=\"twitter:label2\" content=\"Est. tempo de leitura\" \/>\n\t<meta name=\"twitter:data2\" content=\"3 minutos\" \/>\n<script type=\"application\/ld+json\" class=\"yoast-schema-graph\">{\"@context\":\"https:\\\/\\\/schema.org\",\"@graph\":[{\"@type\":\"Article\",\"@id\":\"https:\\\/\\\/fieam.org.br\\\/sesi\\\/moto-honda-e-salcomp-sao-campeas-no-atletismo\\\/#article\",\"isPartOf\":{\"@id\":\"https:\\\/\\\/fieam.org.br\\\/sesi\\\/moto-honda-e-salcomp-sao-campeas-no-atletismo\\\/\"},\"author\":{\"name\":\"Autor\",\"@id\":\"https:\\\/\\\/fieam.org.br\\\/sesi\\\/#\\\/schema\\\/person\\\/f54998dd14d5f0695b41444f2b01c31e\"},\"headline\":\"Moto Honda e Salcomp s\u00e3o campe\u00e3s no atletismo\",\"datePublished\":\"2014-09-30T11:24:01+00:00\",\"mainEntityOfPage\":{\"@id\":\"https:\\\/\\\/fieam.org.br\\\/sesi\\\/moto-honda-e-salcomp-sao-campeas-no-atletismo\\\/\"},\"wordCount\":552,\"commentCount\":0,\"publisher\":{\"@id\":\"https:\\\/\\\/fieam.org.br\\\/sesi\\\/#organization\"},\"image\":{\"@id\":\"https:\\\/\\\/fieam.org.br\\\/sesi\\\/moto-honda-e-salcomp-sao-campeas-no-atletismo\\\/#primaryimage\"},\"thumbnailUrl\":\"http:\\\/\\\/www.fieam.org.br\\\/2015\\\/sesi\\\/wp-content\\\/uploads\\\/sites\\\/2\\\/2014\\\/09\\\/Salcomp_campea_no-feminino-300x200.jpg\",\"articleSection\":[\"News\"],\"inLanguage\":\"pt-BR\",\"potentialAction\":[{\"@type\":\"CommentAction\",\"name\":\"Comment\",\"target\":[\"https:\\\/\\\/fieam.org.br\\\/sesi\\\/moto-honda-e-salcomp-sao-campeas-no-atletismo\\\/#respond\"]}]},{\"@type\":\"WebPage\",\"@id\":\"https:\\\/\\\/fieam.org.br\\\/sesi\\\/moto-honda-e-salcomp-sao-campeas-no-atletismo\\\/\",\"url\":\"https:\\\/\\\/fieam.org.br\\\/sesi\\\/moto-honda-e-salcomp-sao-campeas-no-atletismo\\\/\",\"name\":\"Moto Honda e Salcomp s\u00e3o campe\u00e3s no atletismo - SESI\",\"isPartOf\":{\"@id\":\"https:\\\/\\\/fieam.org.br\\\/sesi\\\/#website\"},\"primaryImageOfPage\":{\"@id\":\"https:\\\/\\\/fieam.org.br\\\/sesi\\\/moto-honda-e-salcomp-sao-campeas-no-atletismo\\\/#primaryimage\"},\"image\":{\"@id\":\"https:\\\/\\\/fieam.org.br\\\/sesi\\\/moto-honda-e-salcomp-sao-campeas-no-atletismo\\\/#primaryimage\"},\"thumbnailUrl\":\"http:\\\/\\\/www.fieam.org.br\\\/2015\\\/sesi\\\/wp-content\\\/uploads\\\/sites\\\/2\\\/2014\\\/09\\\/Salcomp_campea_no-feminino-300x200.jpg\",\"datePublished\":\"2014-09-30T11:24:01+00:00\",\"breadcrumb\":{\"@id\":\"https:\\\/\\\/fieam.org.br\\\/sesi\\\/moto-honda-e-salcomp-sao-campeas-no-atletismo\\\/#breadcrumb\"},\"inLanguage\":\"pt-BR\",\"potentialAction\":[{\"@type\":\"ReadAction\",\"target\":[\"https:\\\/\\\/fieam.org.br\\\/sesi\\\/moto-honda-e-salcomp-sao-campeas-no-atletismo\\\/\"]}]},{\"@type\":\"ImageObject\",\"inLanguage\":\"pt-BR\",\"@id\":\"https:\\\/\\\/fieam.org.br\\\/sesi\\\/moto-honda-e-salcomp-sao-campeas-no-atletismo\\\/#primaryimage\",\"url\":\"http:\\\/\\\/www.fieam.org.br\\\/2015\\\/sesi\\\/wp-content\\\/uploads\\\/sites\\\/2\\\/2014\\\/09\\\/Salcomp_campea_no-feminino-300x200.jpg\",\"contentUrl\":\"http:\\\/\\\/www.fieam.org.br\\\/2015\\\/sesi\\\/wp-content\\\/uploads\\\/sites\\\/2\\\/2014\\\/09\\\/Salcomp_campea_no-feminino-300x200.jpg\"},{\"@type\":\"BreadcrumbList\",\"@id\":\"https:\\\/\\\/fieam.org.br\\\/sesi\\\/moto-honda-e-salcomp-sao-campeas-no-atletismo\\\/#breadcrumb\",\"itemListElement\":[{\"@type\":\"ListItem\",\"position\":1,\"name\":\"In\u00edcio\",\"item\":\"https:\\\/\\\/fieam.org.br\\\/sesi\\\/\"},{\"@type\":\"ListItem\",\"position\":2,\"name\":\"Moto Honda e Salcomp s\u00e3o campe\u00e3s no atletismo\"}]},{\"@type\":\"WebSite\",\"@id\":\"https:\\\/\\\/fieam.org.br\\\/sesi\\\/#website\",\"url\":\"https:\\\/\\\/fieam.org.br\\\/sesi\\\/\",\"name\":\"SESI\",\"description\":\"Site Oficial!\",\"publisher\":{\"@id\":\"https:\\\/\\\/fieam.org.br\\\/sesi\\\/#organization\"},\"potentialAction\":[{\"@type\":\"SearchAction\",\"target\":{\"@type\":\"EntryPoint\",\"urlTemplate\":\"https:\\\/\\\/fieam.org.br\\\/sesi\\\/?s={search_term_string}\"},\"query-input\":{\"@type\":\"PropertyValueSpecification\",\"valueRequired\":true,\"valueName\":\"search_term_string\"}}],\"inLanguage\":\"pt-BR\"},{\"@type\":\"Organization\",\"@id\":\"https:\\\/\\\/fieam.org.br\\\/sesi\\\/#organization\",\"name\":\"SESI\",\"url\":\"https:\\\/\\\/fieam.org.br\\\/sesi\\\/\",\"logo\":{\"@type\":\"ImageObject\",\"inLanguage\":\"pt-BR\",\"@id\":\"https:\\\/\\\/fieam.org.br\\\/sesi\\\/#\\\/schema\\\/logo\\\/image\\\/\",\"url\":\"https:\\\/\\\/fieam.org.br\\\/sesi\\\/wp-content\\\/uploads\\\/sites\\\/14\\\/2024\\\/03\\\/cropped-fav.png\",\"contentUrl\":\"https:\\\/\\\/fieam.org.br\\\/sesi\\\/wp-content\\\/uploads\\\/sites\\\/14\\\/2024\\\/03\\\/cropped-fav.png\",\"width\":610,\"height\":589,\"caption\":\"SESI\"},\"image\":{\"@id\":\"https:\\\/\\\/fieam.org.br\\\/sesi\\\/#\\\/schema\\\/logo\\\/image\\\/\"}},{\"@type\":\"Person\",\"@id\":\"https:\\\/\\\/fieam.org.br\\\/sesi\\\/#\\\/schema\\\/person\\\/f54998dd14d5f0695b41444f2b01c31e\",\"name\":\"Autor\",\"image\":{\"@type\":\"ImageObject\",\"inLanguage\":\"pt-BR\",\"@id\":\"https:\\\/\\\/secure.gravatar.com\\\/avatar\\\/3732c223e0e1fad69062a8f770955c9068d37b055204f310a0be18d4069fe380?s=96&d=mm&r=g\",\"url\":\"https:\\\/\\\/secure.gravatar.com\\\/avatar\\\/3732c223e0e1fad69062a8f770955c9068d37b055204f310a0be18d4069fe380?s=96&d=mm&r=g\",\"contentUrl\":\"https:\\\/\\\/secure.gravatar.com\\\/avatar\\\/3732c223e0e1fad69062a8f770955c9068d37b055204f310a0be18d4069fe380?s=96&d=mm&r=g\",\"caption\":\"Autor\"},\"sameAs\":[\"https:\\\/\\\/marketingmassivo.com.br\"],\"url\":\"https:\\\/\\\/fieam.org.br\\\/sesi\\\/author\\\/admin\\\/\"}]}<\/script>\n<!-- \/ Yoast SEO plugin. -->","yoast_head_json":{"title":"Moto Honda e Salcomp s\u00e3o campe\u00e3s no atletismo - SESI","robots":{"index":"index","follow":"follow","max-snippet":"max-snippet:-1","max-image-preview":"max-image-preview:large","max-video-preview":"max-video-preview:-1"},"canonical":"https:\/\/fieam.org.br\/sesi\/moto-honda-e-salcomp-sao-campeas-no-atletismo\/","og_locale":"pt_BR","og_type":"article","og_title":"Moto Honda e Salcomp s\u00e3o campe\u00e3s no atletismo - SESI","og_description":"As provas do atletismo foram disputadas no \u00faltimo domingo, na pista da Ufam Moto Honda, no masculino, e Salcomp, no feminino s\u00e3o as vencedoras da modalidade atletismo nos Jogos Estaduais do\u00a0SESI\u00a02014. As provas foram disputadas no \u00faltimo domingo (28), na pista de atletismo da Universidade Federal do Amazonas (Ufam) e reuniu cerca de 200 trabalhadores [&hellip;]","og_url":"https:\/\/fieam.org.br\/sesi\/moto-honda-e-salcomp-sao-campeas-no-atletismo\/","og_site_name":"SESI","article_published_time":"2014-09-30T11:24:01+00:00","og_image":[{"width":1024,"height":683,"url":"https:\/\/fieam.org.br\/sesi\/wp-content\/uploads\/sites\/14\/2014\/09\/Salcomp_campea_no-feminino.jpg","type":"image\/jpeg"}],"author":"Autor","twitter_card":"summary_large_image","twitter_misc":{"Escrito por":"Autor","Est. tempo de leitura":"3 minutos"},"schema":{"@context":"https:\/\/schema.org","@graph":[{"@type":"Article","@id":"https:\/\/fieam.org.br\/sesi\/moto-honda-e-salcomp-sao-campeas-no-atletismo\/#article","isPartOf":{"@id":"https:\/\/fieam.org.br\/sesi\/moto-honda-e-salcomp-sao-campeas-no-atletismo\/"},"author":{"name":"Autor","@id":"https:\/\/fieam.org.br\/sesi\/#\/schema\/person\/f54998dd14d5f0695b41444f2b01c31e"},"headline":"Moto Honda e Salcomp s\u00e3o campe\u00e3s no atletismo","datePublished":"2014-09-30T11:24:01+00:00","mainEntityOfPage":{"@id":"https:\/\/fieam.org.br\/sesi\/moto-honda-e-salcomp-sao-campeas-no-atletismo\/"},"wordCount":552,"commentCount":0,"publisher":{"@id":"https:\/\/fieam.org.br\/sesi\/#organization"},"image":{"@id":"https:\/\/fieam.org.br\/sesi\/moto-honda-e-salcomp-sao-campeas-no-atletismo\/#primaryimage"},"thumbnailUrl":"http:\/\/www.fieam.org.br\/2015\/sesi\/wp-content\/uploads\/sites\/2\/2014\/09\/Salcomp_campea_no-feminino-300x200.jpg","articleSection":["News"],"inLanguage":"pt-BR","potentialAction":[{"@type":"CommentAction","name":"Comment","target":["https:\/\/fieam.org.br\/sesi\/moto-honda-e-salcomp-sao-campeas-no-atletismo\/#respond"]}]},{"@type":"WebPage","@id":"https:\/\/fieam.org.br\/sesi\/moto-honda-e-salcomp-sao-campeas-no-atletismo\/","url":"https:\/\/fieam.org.br\/sesi\/moto-honda-e-salcomp-sao-campeas-no-atletismo\/","name":"Moto Honda e Salcomp s\u00e3o campe\u00e3s no atletismo - SESI","isPartOf":{"@id":"https:\/\/fieam.org.br\/sesi\/#website"},"primaryImageOfPage":{"@id":"https:\/\/fieam.org.br\/sesi\/moto-honda-e-salcomp-sao-campeas-no-atletismo\/#primaryimage"},"image":{"@id":"https:\/\/fieam.org.br\/sesi\/moto-honda-e-salcomp-sao-campeas-no-atletismo\/#primaryimage"},"thumbnailUrl":"http:\/\/www.fieam.org.br\/2015\/sesi\/wp-content\/uploads\/sites\/2\/2014\/09\/Salcomp_campea_no-feminino-300x200.jpg","datePublished":"2014-09-30T11:24:01+00:00","breadcrumb":{"@id":"https:\/\/fieam.org.br\/sesi\/moto-honda-e-salcomp-sao-campeas-no-atletismo\/#breadcrumb"},"inLanguage":"pt-BR","potentialAction":[{"@type":"ReadAction","target":["https:\/\/fieam.org.br\/sesi\/moto-honda-e-salcomp-sao-campeas-no-atletismo\/"]}]},{"@type":"ImageObject","inLanguage":"pt-BR","@id":"https:\/\/fieam.org.br\/sesi\/moto-honda-e-salcomp-sao-campeas-no-atletismo\/#primaryimage","url":"http:\/\/www.fieam.org.br\/2015\/sesi\/wp-content\/uploads\/sites\/2\/2014\/09\/Salcomp_campea_no-feminino-300x200.jpg","contentUrl":"http:\/\/www.fieam.org.br\/2015\/sesi\/wp-content\/uploads\/sites\/2\/2014\/09\/Salcomp_campea_no-feminino-300x200.jpg"},{"@type":"BreadcrumbList","@id":"https:\/\/fieam.org.br\/sesi\/moto-honda-e-salcomp-sao-campeas-no-atletismo\/#breadcrumb","itemListElement":[{"@type":"ListItem","position":1,"name":"In\u00edcio","item":"https:\/\/fieam.org.br\/sesi\/"},{"@type":"ListItem","position":2,"name":"Moto Honda e Salcomp s\u00e3o campe\u00e3s no atletismo"}]},{"@type":"WebSite","@id":"https:\/\/fieam.org.br\/sesi\/#website","url":"https:\/\/fieam.org.br\/sesi\/","name":"SESI","description":"Site Oficial!","publisher":{"@id":"https:\/\/fieam.org.br\/sesi\/#organization"},"potentialAction":[{"@type":"SearchAction","target":{"@type":"EntryPoint","urlTemplate":"https:\/\/fieam.org.br\/sesi\/?s={search_term_string}"},"query-input":{"@type":"PropertyValueSpecification","valueRequired":true,"valueName":"search_term_string"}}],"inLanguage":"pt-BR"},{"@type":"Organization","@id":"https:\/\/fieam.org.br\/sesi\/#organization","name":"SESI","url":"https:\/\/fieam.org.br\/sesi\/","logo":{"@type":"ImageObject","inLanguage":"pt-BR","@id":"https:\/\/fieam.org.br\/sesi\/#\/schema\/logo\/image\/","url":"https:\/\/fieam.org.br\/sesi\/wp-content\/uploads\/sites\/14\/2024\/03\/cropped-fav.png","contentUrl":"https:\/\/fieam.org.br\/sesi\/wp-content\/uploads\/sites\/14\/2024\/03\/cropped-fav.png","width":610,"height":589,"caption":"SESI"},"image":{"@id":"https:\/\/fieam.org.br\/sesi\/#\/schema\/logo\/image\/"}},{"@type":"Person","@id":"https:\/\/fieam.org.br\/sesi\/#\/schema\/person\/f54998dd14d5f0695b41444f2b01c31e","name":"Autor","image":{"@type":"ImageObject","inLanguage":"pt-BR","@id":"https:\/\/secure.gravatar.com\/avatar\/3732c223e0e1fad69062a8f770955c9068d37b055204f310a0be18d4069fe380?s=96&d=mm&r=g","url":"https:\/\/secure.gravatar.com\/avatar\/3732c223e0e1fad69062a8f770955c9068d37b055204f310a0be18d4069fe380?s=96&d=mm&r=g","contentUrl":"https:\/\/secure.gravatar.com\/avatar\/3732c223e0e1fad69062a8f770955c9068d37b055204f310a0be18d4069fe380?s=96&d=mm&r=g","caption":"Autor"},"sameAs":["https:\/\/marketingmassivo.com.br"],"url":"https:\/\/fieam.org.br\/sesi\/author\/admin\/"}]}},"_links":{"self":[{"href":"https:\/\/fieam.org.br\/sesi\/wp-json\/wp\/v2\/posts\/6029","targetHints":{"allow":["GET"]}}],"collection":[{"href":"https:\/\/fieam.org.br\/sesi\/wp-json\/wp\/v2\/posts"}],"about":[{"href":"https:\/\/fieam.org.br\/sesi\/wp-json\/wp\/v2\/types\/post"}],"author":[{"embeddable":true,"href":"https:\/\/fieam.org.br\/sesi\/wp-json\/wp\/v2\/users\/1"}],"replies":[{"embeddable":true,"href":"https:\/\/fieam.org.br\/sesi\/wp-json\/wp\/v2\/comments?post=6029"}],"version-history":[{"count":0,"href":"https:\/\/fieam.org.br\/sesi\/wp-json\/wp\/v2\/posts\/6029\/revisions"}],"wp:attachment":[{"href":"https:\/\/fieam.org.br\/sesi\/wp-json\/wp\/v2\/media?parent=6029"}],"wp:term":[{"taxonomy":"category","embeddable":true,"href":"https:\/\/fieam.org.br\/sesi\/wp-json\/wp\/v2\/categories?post=6029"},{"taxonomy":"post_tag","embeddable":true,"href":"https:\/\/fieam.org.br\/sesi\/wp-json\/wp\/v2\/tags?post=6029"}],"curies":[{"name":"wp","href":"https:\/\/api.w.org\/{rel}","templated":true}]}}