{"id":5980,"date":"2014-09-10T19:58:38","date_gmt":"2014-09-10T19:58:38","guid":{"rendered":"http:\/\/www.fieam.org.br\/site\/sesi\/?p=5980"},"modified":"2014-09-10T19:58:38","modified_gmt":"2014-09-10T19:58:38","slug":"jogos-nacionais-do-sesi-amazonenses-estreiam-com-vitoria-em-belem","status":"publish","type":"post","link":"https:\/\/fieam.org.br\/sesi\/jogos-nacionais-do-sesi-amazonenses-estreiam-com-vitoria-em-belem\/","title":{"rendered":"Jogos Nacionais do SESI &#8211; Amazonenses estreiam com vit\u00f3ria em Bel\u00e9m"},"content":{"rendered":"<figure id=\"attachment_5981\" aria-describedby=\"caption-attachment-5981\" style=\"width: 300px\" class=\"wp-caption alignleft\"><a href=\"http:\/\/www.fieam.org.br\/site\/sesi\/jogos-nacionais-do-sesi-amazonenses-estreiam-com-vitoria-em-belem\/futebol-sete-master-moto-honda\/\" rel=\"attachment wp-att-5981\"><img fetchpriority=\"high\" decoding=\"async\" class=\"size-medium wp-image-5981\" alt=\"Futebol Sete M\u00e1ster Moto Honda\" src=\"http:\/\/www.fieam.org.br\/2015\/sesi\/wp-content\/uploads\/sites\/2\/2014\/09\/Futebol-Sete-M\u00e1ster-Moto-Honda-300x200.jpg\" width=\"300\" height=\"200\" \/><\/a><figcaption id=\"caption-attachment-5981\" class=\"wp-caption-text\">Futebol Sete M\u00e1ster Moto Honda<\/figcaption><\/figure>\n<p>Com uma vit\u00f3ria no t\u00eanis de quadra e um empate no futebol sete m\u00e1ster, o Amazonas estreou com o p\u00e9 direito, nesta quarta-feira (10), primeiro dia de competi\u00e7\u00f5es, nos Jogos Nacionais do\u00a0<a href=\"http:\/\/www.fieam.org.br\/site\/sesi\" target=\"_blank\" rel=\"noopener\">SESI<\/a>, que ser\u00e3o disputados at\u00e9 o pr\u00f3ximo domingo em Bel\u00e9m do Par\u00e1.<\/p>\n<p>Rafael Souza, da Manaus Ambiental, bicampe\u00e3o amazonense na categoria A do t\u00eanis de quadra, derrotou Andr\u00e9 Silva, da Tupy, de Santa Catarina, por 2 a 0, com parciais de 6 a 0 nos dois sets. No futebol sete m\u00e1ster, a Moto Honda conseguiu um empate de 2 a 2 contra a equipe da Mitsubishi, de Goi\u00e1s, e segue na luta pela classifica\u00e7\u00e3o, tendo que vencer seu pr\u00f3ximo jogo. A partida foi realizada na arena coberta do SESI Ananindeua, na regi\u00e3o metropolitana da capital paraense.<\/p>\n<p>A Honda sentiu nos primeiros minutos a estreia, enquanto que a Mitsubishi, mais organizada, pressionava mais e conseguiu marcar o 1\u00ba gol por interm\u00e9dio de Adriano. Os amazonenses reagiram e empataram com um gol de Talv\u00e2nio. O primeiro tempo terminou 1 a 1. No segundo tempo, a equipe de Santa Catarina aproveitou o melhor momento para desempatar, com um gol de Welder. A Honda empatou com outro gol do experiente Talv\u00e2nio. Jogaram ainda pela Moto Honda os trabalhadores atletas Franklander, Edinho, Dorval, Dilzane, Piola, Jailson, Alex e S\u00e9rgio.<\/p>\n<figure id=\"attachment_5982\" aria-describedby=\"caption-attachment-5982\" style=\"width: 300px\" class=\"wp-caption alignleft\"><a href=\"http:\/\/www.fieam.org.br\/site\/sesi\/jogos-nacionais-do-sesi-amazonenses-estreiam-com-vitoria-em-belem\/rafael-souza-tenis-de-quadra-categoria-a\/\" rel=\"attachment wp-att-5982\"><img decoding=\"async\" class=\"size-medium wp-image-5982\" alt=\"Rafael Souza t\u00eanis de quadra categoria A\" src=\"http:\/\/www.fieam.org.br\/2015\/sesi\/wp-content\/uploads\/sites\/2\/2014\/09\/Rafael-Souza-t\u00eanis-de-quadra-categoria-A-300x200.jpg\" width=\"300\" height=\"200\" \/><\/a><figcaption id=\"caption-attachment-5982\" class=\"wp-caption-text\">Rafael Souza t\u00eanis de quadra categoria A<\/figcaption><\/figure>\n<p>As competi\u00e7\u00f5es est\u00e3o sendo realizadas no SESI Bel\u00e9m, com as modalidade de nata\u00e7\u00e3o, v\u00f4lei de quadra e xadrez. No complexo esportivo do munic\u00edpio de Ananindeua, est\u00e3o sendo disputadas as modalidades de futebol de campo, futebol sete m\u00e1ster, futsal, t\u00eanis de quadra e t\u00eanis de mesa.<\/p>\n<p>As provas de atletismo ser\u00e3o disputadas na pista ol\u00edmpica do Est\u00e1dio Mangueir\u00e3o, em Bel\u00e9m. Jos\u00e9 Gemison, da Amazon A\u00e7o, atual medalha de ouro na prova de 100 metros, \u00e9 a grande esperan\u00e7a de medalha de ouro, no atletismo.<\/p>\n<p>Em sua 10\u00aa edi\u00e7\u00e3o, os Jogos Nacionais do SESI re\u00fanem 1,2 mil trabalhadores atletas de todo o Pa\u00eds. O Amazonas participa com uma delega\u00e7\u00e3o composta por 82 atletas de empresas do Polo Industrial de Manaus(PIM). Das dez modalidades em disputa, o Amazonas s\u00f3 n\u00e3o participa da modalidade v\u00f4lei de quadra.<\/p>\n","protected":false},"excerpt":{"rendered":"<p>Com uma vit\u00f3ria no t\u00eanis de quadra e um empate no futebol sete m\u00e1ster, o Amazonas estreou com o p\u00e9 direito, nesta quarta-feira (10), primeiro dia de competi\u00e7\u00f5es, nos Jogos Nacionais do\u00a0SESI, que ser\u00e3o disputados at\u00e9 o pr\u00f3ximo domingo em Bel\u00e9m do Par\u00e1. Rafael Souza, da Manaus Ambiental, bicampe\u00e3o amazonense na categoria A do t\u00eanis [&hellip;]<\/p>\n","protected":false},"author":1,"featured_media":0,"comment_status":"open","ping_status":"open","sticky":false,"template":"","format":"standard","meta":{"footnotes":""},"categories":[25],"tags":[],"class_list":["post-5980","post","type-post","status-publish","format-standard","hentry","category-news"],"yoast_head":"<!-- This site is optimized with the Yoast SEO plugin v28.2 - https:\/\/yoast.com\/product\/yoast-seo-wordpress\/ -->\n<title>Jogos Nacionais do SESI - Amazonenses estreiam com vit\u00f3ria em Bel\u00e9m - SESI<\/title>\n<meta name=\"robots\" content=\"index, follow, max-snippet:-1, max-image-preview:large, max-video-preview:-1\" \/>\n<link rel=\"canonical\" href=\"https:\/\/fieam.org.br\/sesi\/jogos-nacionais-do-sesi-amazonenses-estreiam-com-vitoria-em-belem\/\" \/>\n<meta property=\"og:locale\" content=\"pt_BR\" \/>\n<meta property=\"og:type\" content=\"article\" \/>\n<meta property=\"og:title\" content=\"Jogos Nacionais do SESI - Amazonenses estreiam com vit\u00f3ria em Bel\u00e9m - SESI\" \/>\n<meta property=\"og:description\" content=\"Com uma vit\u00f3ria no t\u00eanis de quadra e um empate no futebol sete m\u00e1ster, o Amazonas estreou com o p\u00e9 direito, nesta quarta-feira (10), primeiro dia de competi\u00e7\u00f5es, nos Jogos Nacionais do\u00a0SESI, que ser\u00e3o disputados at\u00e9 o pr\u00f3ximo domingo em Bel\u00e9m do Par\u00e1. Rafael Souza, da Manaus Ambiental, bicampe\u00e3o amazonense na categoria A do t\u00eanis [&hellip;]\" \/>\n<meta property=\"og:url\" content=\"https:\/\/fieam.org.br\/sesi\/jogos-nacionais-do-sesi-amazonenses-estreiam-com-vitoria-em-belem\/\" \/>\n<meta property=\"og:site_name\" content=\"SESI\" \/>\n<meta property=\"article:published_time\" content=\"2014-09-10T19:58:38+00:00\" \/>\n<meta name=\"author\" content=\"Autor\" \/>\n<meta name=\"twitter:card\" content=\"summary_large_image\" \/>\n<meta name=\"twitter:label1\" content=\"Escrito por\" \/>\n\t<meta name=\"twitter:data1\" content=\"Autor\" \/>\n\t<meta name=\"twitter:label2\" content=\"Est. tempo de leitura\" \/>\n\t<meta name=\"twitter:data2\" content=\"2 minutos\" \/>\n<script type=\"application\/ld+json\" class=\"yoast-schema-graph\">{\"@context\":\"https:\\\/\\\/schema.org\",\"@graph\":[{\"@type\":\"Article\",\"@id\":\"https:\\\/\\\/fieam.org.br\\\/sesi\\\/jogos-nacionais-do-sesi-amazonenses-estreiam-com-vitoria-em-belem\\\/#article\",\"isPartOf\":{\"@id\":\"https:\\\/\\\/fieam.org.br\\\/sesi\\\/jogos-nacionais-do-sesi-amazonenses-estreiam-com-vitoria-em-belem\\\/\"},\"author\":{\"name\":\"Autor\",\"@id\":\"https:\\\/\\\/fieam.org.br\\\/sesi\\\/#\\\/schema\\\/person\\\/f54998dd14d5f0695b41444f2b01c31e\"},\"headline\":\"Jogos Nacionais do SESI &#8211; Amazonenses estreiam com vit\u00f3ria em Bel\u00e9m\",\"datePublished\":\"2014-09-10T19:58:38+00:00\",\"mainEntityOfPage\":{\"@id\":\"https:\\\/\\\/fieam.org.br\\\/sesi\\\/jogos-nacionais-do-sesi-amazonenses-estreiam-com-vitoria-em-belem\\\/\"},\"wordCount\":417,\"commentCount\":0,\"publisher\":{\"@id\":\"https:\\\/\\\/fieam.org.br\\\/sesi\\\/#organization\"},\"articleSection\":[\"News\"],\"inLanguage\":\"pt-BR\",\"potentialAction\":[{\"@type\":\"CommentAction\",\"name\":\"Comment\",\"target\":[\"https:\\\/\\\/fieam.org.br\\\/sesi\\\/jogos-nacionais-do-sesi-amazonenses-estreiam-com-vitoria-em-belem\\\/#respond\"]}]},{\"@type\":\"WebPage\",\"@id\":\"https:\\\/\\\/fieam.org.br\\\/sesi\\\/jogos-nacionais-do-sesi-amazonenses-estreiam-com-vitoria-em-belem\\\/\",\"url\":\"https:\\\/\\\/fieam.org.br\\\/sesi\\\/jogos-nacionais-do-sesi-amazonenses-estreiam-com-vitoria-em-belem\\\/\",\"name\":\"Jogos Nacionais do SESI - Amazonenses estreiam com vit\u00f3ria em Bel\u00e9m - SESI\",\"isPartOf\":{\"@id\":\"https:\\\/\\\/fieam.org.br\\\/sesi\\\/#website\"},\"datePublished\":\"2014-09-10T19:58:38+00:00\",\"breadcrumb\":{\"@id\":\"https:\\\/\\\/fieam.org.br\\\/sesi\\\/jogos-nacionais-do-sesi-amazonenses-estreiam-com-vitoria-em-belem\\\/#breadcrumb\"},\"inLanguage\":\"pt-BR\",\"potentialAction\":[{\"@type\":\"ReadAction\",\"target\":[\"https:\\\/\\\/fieam.org.br\\\/sesi\\\/jogos-nacionais-do-sesi-amazonenses-estreiam-com-vitoria-em-belem\\\/\"]}]},{\"@type\":\"BreadcrumbList\",\"@id\":\"https:\\\/\\\/fieam.org.br\\\/sesi\\\/jogos-nacionais-do-sesi-amazonenses-estreiam-com-vitoria-em-belem\\\/#breadcrumb\",\"itemListElement\":[{\"@type\":\"ListItem\",\"position\":1,\"name\":\"In\u00edcio\",\"item\":\"https:\\\/\\\/fieam.org.br\\\/sesi\\\/\"},{\"@type\":\"ListItem\",\"position\":2,\"name\":\"Jogos Nacionais do SESI &#8211; Amazonenses estreiam com vit\u00f3ria em Bel\u00e9m\"}]},{\"@type\":\"WebSite\",\"@id\":\"https:\\\/\\\/fieam.org.br\\\/sesi\\\/#website\",\"url\":\"https:\\\/\\\/fieam.org.br\\\/sesi\\\/\",\"name\":\"SESI\",\"description\":\"Site Oficial!\",\"publisher\":{\"@id\":\"https:\\\/\\\/fieam.org.br\\\/sesi\\\/#organization\"},\"potentialAction\":[{\"@type\":\"SearchAction\",\"target\":{\"@type\":\"EntryPoint\",\"urlTemplate\":\"https:\\\/\\\/fieam.org.br\\\/sesi\\\/?s={search_term_string}\"},\"query-input\":{\"@type\":\"PropertyValueSpecification\",\"valueRequired\":true,\"valueName\":\"search_term_string\"}}],\"inLanguage\":\"pt-BR\"},{\"@type\":\"Organization\",\"@id\":\"https:\\\/\\\/fieam.org.br\\\/sesi\\\/#organization\",\"name\":\"SESI\",\"url\":\"https:\\\/\\\/fieam.org.br\\\/sesi\\\/\",\"logo\":{\"@type\":\"ImageObject\",\"inLanguage\":\"pt-BR\",\"@id\":\"https:\\\/\\\/fieam.org.br\\\/sesi\\\/#\\\/schema\\\/logo\\\/image\\\/\",\"url\":\"https:\\\/\\\/fieam.org.br\\\/sesi\\\/wp-content\\\/uploads\\\/sites\\\/14\\\/2024\\\/03\\\/cropped-fav.png\",\"contentUrl\":\"https:\\\/\\\/fieam.org.br\\\/sesi\\\/wp-content\\\/uploads\\\/sites\\\/14\\\/2024\\\/03\\\/cropped-fav.png\",\"width\":610,\"height\":589,\"caption\":\"SESI\"},\"image\":{\"@id\":\"https:\\\/\\\/fieam.org.br\\\/sesi\\\/#\\\/schema\\\/logo\\\/image\\\/\"}},{\"@type\":\"Person\",\"@id\":\"https:\\\/\\\/fieam.org.br\\\/sesi\\\/#\\\/schema\\\/person\\\/f54998dd14d5f0695b41444f2b01c31e\",\"name\":\"Autor\",\"image\":{\"@type\":\"ImageObject\",\"inLanguage\":\"pt-BR\",\"@id\":\"https:\\\/\\\/secure.gravatar.com\\\/avatar\\\/3732c223e0e1fad69062a8f770955c9068d37b055204f310a0be18d4069fe380?s=96&d=mm&r=g\",\"url\":\"https:\\\/\\\/secure.gravatar.com\\\/avatar\\\/3732c223e0e1fad69062a8f770955c9068d37b055204f310a0be18d4069fe380?s=96&d=mm&r=g\",\"contentUrl\":\"https:\\\/\\\/secure.gravatar.com\\\/avatar\\\/3732c223e0e1fad69062a8f770955c9068d37b055204f310a0be18d4069fe380?s=96&d=mm&r=g\",\"caption\":\"Autor\"},\"sameAs\":[\"https:\\\/\\\/marketingmassivo.com.br\"],\"url\":\"https:\\\/\\\/fieam.org.br\\\/sesi\\\/author\\\/admin\\\/\"}]}<\/script>\n<!-- \/ Yoast SEO plugin. -->","yoast_head_json":{"title":"Jogos Nacionais do SESI - Amazonenses estreiam com vit\u00f3ria em Bel\u00e9m - SESI","robots":{"index":"index","follow":"follow","max-snippet":"max-snippet:-1","max-image-preview":"max-image-preview:large","max-video-preview":"max-video-preview:-1"},"canonical":"https:\/\/fieam.org.br\/sesi\/jogos-nacionais-do-sesi-amazonenses-estreiam-com-vitoria-em-belem\/","og_locale":"pt_BR","og_type":"article","og_title":"Jogos Nacionais do SESI - Amazonenses estreiam com vit\u00f3ria em Bel\u00e9m - SESI","og_description":"Com uma vit\u00f3ria no t\u00eanis de quadra e um empate no futebol sete m\u00e1ster, o Amazonas estreou com o p\u00e9 direito, nesta quarta-feira (10), primeiro dia de competi\u00e7\u00f5es, nos Jogos Nacionais do\u00a0SESI, que ser\u00e3o disputados at\u00e9 o pr\u00f3ximo domingo em Bel\u00e9m do Par\u00e1. Rafael Souza, da Manaus Ambiental, bicampe\u00e3o amazonense na categoria A do t\u00eanis [&hellip;]","og_url":"https:\/\/fieam.org.br\/sesi\/jogos-nacionais-do-sesi-amazonenses-estreiam-com-vitoria-em-belem\/","og_site_name":"SESI","article_published_time":"2014-09-10T19:58:38+00:00","author":"Autor","twitter_card":"summary_large_image","twitter_misc":{"Escrito por":"Autor","Est. tempo de leitura":"2 minutos"},"schema":{"@context":"https:\/\/schema.org","@graph":[{"@type":"Article","@id":"https:\/\/fieam.org.br\/sesi\/jogos-nacionais-do-sesi-amazonenses-estreiam-com-vitoria-em-belem\/#article","isPartOf":{"@id":"https:\/\/fieam.org.br\/sesi\/jogos-nacionais-do-sesi-amazonenses-estreiam-com-vitoria-em-belem\/"},"author":{"name":"Autor","@id":"https:\/\/fieam.org.br\/sesi\/#\/schema\/person\/f54998dd14d5f0695b41444f2b01c31e"},"headline":"Jogos Nacionais do SESI &#8211; Amazonenses estreiam com vit\u00f3ria em Bel\u00e9m","datePublished":"2014-09-10T19:58:38+00:00","mainEntityOfPage":{"@id":"https:\/\/fieam.org.br\/sesi\/jogos-nacionais-do-sesi-amazonenses-estreiam-com-vitoria-em-belem\/"},"wordCount":417,"commentCount":0,"publisher":{"@id":"https:\/\/fieam.org.br\/sesi\/#organization"},"articleSection":["News"],"inLanguage":"pt-BR","potentialAction":[{"@type":"CommentAction","name":"Comment","target":["https:\/\/fieam.org.br\/sesi\/jogos-nacionais-do-sesi-amazonenses-estreiam-com-vitoria-em-belem\/#respond"]}]},{"@type":"WebPage","@id":"https:\/\/fieam.org.br\/sesi\/jogos-nacionais-do-sesi-amazonenses-estreiam-com-vitoria-em-belem\/","url":"https:\/\/fieam.org.br\/sesi\/jogos-nacionais-do-sesi-amazonenses-estreiam-com-vitoria-em-belem\/","name":"Jogos Nacionais do SESI - Amazonenses estreiam com vit\u00f3ria em Bel\u00e9m - SESI","isPartOf":{"@id":"https:\/\/fieam.org.br\/sesi\/#website"},"datePublished":"2014-09-10T19:58:38+00:00","breadcrumb":{"@id":"https:\/\/fieam.org.br\/sesi\/jogos-nacionais-do-sesi-amazonenses-estreiam-com-vitoria-em-belem\/#breadcrumb"},"inLanguage":"pt-BR","potentialAction":[{"@type":"ReadAction","target":["https:\/\/fieam.org.br\/sesi\/jogos-nacionais-do-sesi-amazonenses-estreiam-com-vitoria-em-belem\/"]}]},{"@type":"BreadcrumbList","@id":"https:\/\/fieam.org.br\/sesi\/jogos-nacionais-do-sesi-amazonenses-estreiam-com-vitoria-em-belem\/#breadcrumb","itemListElement":[{"@type":"ListItem","position":1,"name":"In\u00edcio","item":"https:\/\/fieam.org.br\/sesi\/"},{"@type":"ListItem","position":2,"name":"Jogos Nacionais do SESI &#8211; Amazonenses estreiam com vit\u00f3ria em Bel\u00e9m"}]},{"@type":"WebSite","@id":"https:\/\/fieam.org.br\/sesi\/#website","url":"https:\/\/fieam.org.br\/sesi\/","name":"SESI","description":"Site Oficial!","publisher":{"@id":"https:\/\/fieam.org.br\/sesi\/#organization"},"potentialAction":[{"@type":"SearchAction","target":{"@type":"EntryPoint","urlTemplate":"https:\/\/fieam.org.br\/sesi\/?s={search_term_string}"},"query-input":{"@type":"PropertyValueSpecification","valueRequired":true,"valueName":"search_term_string"}}],"inLanguage":"pt-BR"},{"@type":"Organization","@id":"https:\/\/fieam.org.br\/sesi\/#organization","name":"SESI","url":"https:\/\/fieam.org.br\/sesi\/","logo":{"@type":"ImageObject","inLanguage":"pt-BR","@id":"https:\/\/fieam.org.br\/sesi\/#\/schema\/logo\/image\/","url":"https:\/\/fieam.org.br\/sesi\/wp-content\/uploads\/sites\/14\/2024\/03\/cropped-fav.png","contentUrl":"https:\/\/fieam.org.br\/sesi\/wp-content\/uploads\/sites\/14\/2024\/03\/cropped-fav.png","width":610,"height":589,"caption":"SESI"},"image":{"@id":"https:\/\/fieam.org.br\/sesi\/#\/schema\/logo\/image\/"}},{"@type":"Person","@id":"https:\/\/fieam.org.br\/sesi\/#\/schema\/person\/f54998dd14d5f0695b41444f2b01c31e","name":"Autor","image":{"@type":"ImageObject","inLanguage":"pt-BR","@id":"https:\/\/secure.gravatar.com\/avatar\/3732c223e0e1fad69062a8f770955c9068d37b055204f310a0be18d4069fe380?s=96&d=mm&r=g","url":"https:\/\/secure.gravatar.com\/avatar\/3732c223e0e1fad69062a8f770955c9068d37b055204f310a0be18d4069fe380?s=96&d=mm&r=g","contentUrl":"https:\/\/secure.gravatar.com\/avatar\/3732c223e0e1fad69062a8f770955c9068d37b055204f310a0be18d4069fe380?s=96&d=mm&r=g","caption":"Autor"},"sameAs":["https:\/\/marketingmassivo.com.br"],"url":"https:\/\/fieam.org.br\/sesi\/author\/admin\/"}]}},"_links":{"self":[{"href":"https:\/\/fieam.org.br\/sesi\/wp-json\/wp\/v2\/posts\/5980","targetHints":{"allow":["GET"]}}],"collection":[{"href":"https:\/\/fieam.org.br\/sesi\/wp-json\/wp\/v2\/posts"}],"about":[{"href":"https:\/\/fieam.org.br\/sesi\/wp-json\/wp\/v2\/types\/post"}],"author":[{"embeddable":true,"href":"https:\/\/fieam.org.br\/sesi\/wp-json\/wp\/v2\/users\/1"}],"replies":[{"embeddable":true,"href":"https:\/\/fieam.org.br\/sesi\/wp-json\/wp\/v2\/comments?post=5980"}],"version-history":[{"count":0,"href":"https:\/\/fieam.org.br\/sesi\/wp-json\/wp\/v2\/posts\/5980\/revisions"}],"wp:attachment":[{"href":"https:\/\/fieam.org.br\/sesi\/wp-json\/wp\/v2\/media?parent=5980"}],"wp:term":[{"taxonomy":"category","embeddable":true,"href":"https:\/\/fieam.org.br\/sesi\/wp-json\/wp\/v2\/categories?post=5980"},{"taxonomy":"post_tag","embeddable":true,"href":"https:\/\/fieam.org.br\/sesi\/wp-json\/wp\/v2\/tags?post=5980"}],"curies":[{"name":"wp","href":"https:\/\/api.w.org\/{rel}","templated":true}]}}