{"id":5973,"date":"2014-09-04T20:00:37","date_gmt":"2014-09-04T20:00:37","guid":{"rendered":"http:\/\/www.fieam.org.br\/site\/sesi\/?p=5973"},"modified":"2014-09-04T20:00:37","modified_gmt":"2014-09-04T20:00:37","slug":"am-leva-82-atletas-da-industria-para-jogos-de-belem","status":"publish","type":"post","link":"https:\/\/fieam.org.br\/sesi\/am-leva-82-atletas-da-industria-para-jogos-de-belem\/","title":{"rendered":"AM leva 82 atletas da ind\u00fastria para Jogos de Bel\u00e9m"},"content":{"rendered":"<figure id=\"attachment_5975\" aria-describedby=\"caption-attachment-5975\" style=\"width: 300px\" class=\"wp-caption alignleft\"><a href=\"http:\/\/www.fieam.org.br\/site\/sesi\/am-leva-82-atletas-da-industria-para-jogos-de-belem\/honda-representa-o-amazonas-no-volei-de-quadra-no-masculino\/\" rel=\"attachment wp-att-5975\"><img fetchpriority=\"high\" decoding=\"async\" class=\"size-medium wp-image-5975\" alt=\"Honda representa o amazonas no v\u00f4lei de quadra  no masculino\" src=\"http:\/\/www.fieam.org.br\/2015\/sesi\/wp-content\/uploads\/sites\/2\/2014\/09\/Honda-representa-o-amazonas-no-v\u00f4lei-de-quadra-no-masculino-300x200.jpg\" width=\"300\" height=\"200\" \/><\/a><figcaption id=\"caption-attachment-5975\" class=\"wp-caption-text\">Honda representa o amazonas no v\u00f4lei de quadra no masculino<\/figcaption><\/figure>\n<p>Com uma delega\u00e7\u00e3o formada por 82 trabalhadores atletas de empresas do Polo Industrial de Manaus (PIM), o SESI Amazonas ter\u00e1 forte participa\u00e7\u00e3o na 10\u00aa edi\u00e7\u00e3o dos Jogos Nacionais do SESI, que ser\u00e3o disputados de 10 a 14 deste m\u00eas, em Bel\u00e9m do Par\u00e1.<\/p>\n<p>Ser\u00e3o disputadas dez modalidades esportivas, no masculino e feminino: futebol de campo, futsal, futebol sete m\u00e1ster, v\u00f4lei de quadra, v\u00f4lei de areia, xadrez, t\u00eanis de mesa, t\u00eanis de quadra, nata\u00e7\u00e3o e atletismo. Dessas, o Amazonas s\u00f3 n\u00e3o ter\u00e1 representantes no v\u00f4lei de areia.<\/p>\n<p>O futebol de campo ser\u00e1 representado pelo time da Mitsuba, enquanto a Moto Honda ter\u00e1 representantes no futebol sete m\u00e1ster, no v\u00f4lei de quadra masculino e na categoria B do t\u00eanis de quadra, com o trabalhador atleta Marcelo Frederick. \u00a0A Salcomp vai disputar no futsal feminino e no v\u00f4lei de quadra feminino. No t\u00eanis de mesa, os representantes do Amazonas ser\u00e3o os atletas Daniel Farias, da Masa da Amaz\u00f4nia, e Suzana Kamimura, da Nokia. No xadrez r\u00e1pido, o Amazonas ser\u00e1 representado pelo trabalhador da Poliamazon, Luiz Eduardo. Nas outras duas categorias do t\u00eanis de quadra, os representantes do Estado s\u00e3o Rafael Souza, da \u00a0Manaus Ambiental, na categoria A, e Jo\u00e3o Bosco Evangelista, da Petrobras, na categoria C. A nata\u00e7\u00e3o tem um equipe composta por seis aletas e o atletismo, por oito.<\/p>\n<p>&nbsp;<\/p>\n<p><b>Favoritos<\/b><\/p>\n<p>&nbsp;<\/p>\n<figure id=\"attachment_5976\" aria-describedby=\"caption-attachment-5976\" style=\"width: 300px\" class=\"wp-caption alignleft\"><a href=\"http:\/\/www.fieam.org.br\/site\/sesi\/am-leva-82-atletas-da-industria-para-jogos-de-belem\/salcomp-no-podio-2\/\" rel=\"attachment wp-att-5976\"><img decoding=\"async\" class=\"size-medium wp-image-5976\" alt=\"Salcomp no p\u00f3dio\" src=\"http:\/\/www.fieam.org.br\/2015\/sesi\/wp-content\/uploads\/sites\/2\/2014\/09\/Salcomp-no-p\u00f3dio-300x200.jpg\" width=\"300\" height=\"200\" \/><\/a><figcaption id=\"caption-attachment-5976\" class=\"wp-caption-text\">Salcomp no p\u00f3dio<\/figcaption><\/figure>\n<p>Jos\u00e9 Gemison, 27, da Amazon A\u00e7o, tem grandes chances de conquistar a medalha de ouro na prova de 100 metros rasos. Ele \u00e9 o atual campe\u00e3o dos Jogos Nacionais de 2013 nessa prova com a marca de 10seg60. O atleta diz ter treinado forte, pelo menos duas horas por dia, na Vila Ol\u00edmpica de Manaus e conseguiu baixar o seu tempo para 10seg40. De acordo com Gemison, a prova de 100 metros exige muita concentra\u00e7\u00e3o, for\u00e7a, velocidade e resist\u00eancia, e que s\u00f3 com muito treinamento \u00e9 poss\u00edvel conseguir esse condicionamento.<\/p>\n<p>Jackson Mendes, da Steck da Amaz\u00f4nia, \u00e9 outro favorito na prova de 3000 metros, em que conquistou a medalha de ouro na \u00faltima edi\u00e7\u00e3o dos Jogos Nacionais no Rio de Janeiro. Leonardo Sena, da Universal Fitness, na prova de 800 metros, e Val\u00e9ria Nascimento, da Moto Honda, no arremesso de peso, s\u00e3o outros destaques do atletismo, com possibilidades de medalhas para o Amazonas.<\/p>\n<p>Al\u00e9m do atletismo, o Amazonas tem chances de medalha de ouro no futsal feminino, da Salcomp, no futebol sete m\u00e1ster, da Moto Honda, e no t\u00eanis de mesa, com Suzana Kamimura, da Nokia, medalha de ouro, nos jogos de 2013.<\/p>\n<p>Nos Jogos Nacionais de 2013, no Rio de Janeiro, o Amazonas\u00a0 conquistou 16 medalhas, sendo tr\u00eas de ouro, dez de prata e tr\u00eas de bronze.<\/p>\n","protected":false},"excerpt":{"rendered":"<p>Com uma delega\u00e7\u00e3o formada por 82 trabalhadores atletas de empresas do Polo Industrial de Manaus (PIM), o SESI Amazonas ter\u00e1 forte participa\u00e7\u00e3o na 10\u00aa edi\u00e7\u00e3o dos Jogos Nacionais do SESI, que ser\u00e3o disputados de 10 a 14 deste m\u00eas, em Bel\u00e9m do Par\u00e1. Ser\u00e3o disputadas dez modalidades esportivas, no masculino e feminino: futebol de campo, [&hellip;]<\/p>\n","protected":false},"author":1,"featured_media":0,"comment_status":"open","ping_status":"open","sticky":false,"template":"","format":"standard","meta":{"footnotes":""},"categories":[25],"tags":[],"class_list":["post-5973","post","type-post","status-publish","format-standard","hentry","category-news"],"yoast_head":"<!-- This site is optimized with the Yoast SEO plugin v28.2 - https:\/\/yoast.com\/product\/yoast-seo-wordpress\/ -->\n<title>AM leva 82 atletas da ind\u00fastria para Jogos de Bel\u00e9m - SESI<\/title>\n<meta name=\"robots\" content=\"index, follow, max-snippet:-1, max-image-preview:large, max-video-preview:-1\" \/>\n<link rel=\"canonical\" href=\"https:\/\/fieam.org.br\/sesi\/am-leva-82-atletas-da-industria-para-jogos-de-belem\/\" \/>\n<meta property=\"og:locale\" content=\"pt_BR\" \/>\n<meta property=\"og:type\" content=\"article\" \/>\n<meta property=\"og:title\" content=\"AM leva 82 atletas da ind\u00fastria para Jogos de Bel\u00e9m - SESI\" \/>\n<meta property=\"og:description\" content=\"Com uma delega\u00e7\u00e3o formada por 82 trabalhadores atletas de empresas do Polo Industrial de Manaus (PIM), o SESI Amazonas ter\u00e1 forte participa\u00e7\u00e3o na 10\u00aa edi\u00e7\u00e3o dos Jogos Nacionais do SESI, que ser\u00e3o disputados de 10 a 14 deste m\u00eas, em Bel\u00e9m do Par\u00e1. Ser\u00e3o disputadas dez modalidades esportivas, no masculino e feminino: futebol de campo, [&hellip;]\" \/>\n<meta property=\"og:url\" content=\"https:\/\/fieam.org.br\/sesi\/am-leva-82-atletas-da-industria-para-jogos-de-belem\/\" \/>\n<meta property=\"og:site_name\" content=\"SESI\" \/>\n<meta property=\"article:published_time\" content=\"2014-09-04T20:00:37+00:00\" \/>\n<meta name=\"author\" content=\"Autor\" \/>\n<meta name=\"twitter:card\" content=\"summary_large_image\" \/>\n<meta name=\"twitter:label1\" content=\"Escrito por\" \/>\n\t<meta name=\"twitter:data1\" content=\"Autor\" \/>\n\t<meta name=\"twitter:label2\" content=\"Est. tempo de leitura\" \/>\n\t<meta name=\"twitter:data2\" content=\"2 minutos\" \/>\n<script type=\"application\/ld+json\" class=\"yoast-schema-graph\">{\"@context\":\"https:\\\/\\\/schema.org\",\"@graph\":[{\"@type\":\"Article\",\"@id\":\"https:\\\/\\\/fieam.org.br\\\/sesi\\\/am-leva-82-atletas-da-industria-para-jogos-de-belem\\\/#article\",\"isPartOf\":{\"@id\":\"https:\\\/\\\/fieam.org.br\\\/sesi\\\/am-leva-82-atletas-da-industria-para-jogos-de-belem\\\/\"},\"author\":{\"name\":\"Autor\",\"@id\":\"https:\\\/\\\/fieam.org.br\\\/sesi\\\/#\\\/schema\\\/person\\\/f54998dd14d5f0695b41444f2b01c31e\"},\"headline\":\"AM leva 82 atletas da ind\u00fastria para Jogos de Bel\u00e9m\",\"datePublished\":\"2014-09-04T20:00:37+00:00\",\"mainEntityOfPage\":{\"@id\":\"https:\\\/\\\/fieam.org.br\\\/sesi\\\/am-leva-82-atletas-da-industria-para-jogos-de-belem\\\/\"},\"wordCount\":505,\"commentCount\":0,\"publisher\":{\"@id\":\"https:\\\/\\\/fieam.org.br\\\/sesi\\\/#organization\"},\"articleSection\":[\"News\"],\"inLanguage\":\"pt-BR\",\"potentialAction\":[{\"@type\":\"CommentAction\",\"name\":\"Comment\",\"target\":[\"https:\\\/\\\/fieam.org.br\\\/sesi\\\/am-leva-82-atletas-da-industria-para-jogos-de-belem\\\/#respond\"]}]},{\"@type\":\"WebPage\",\"@id\":\"https:\\\/\\\/fieam.org.br\\\/sesi\\\/am-leva-82-atletas-da-industria-para-jogos-de-belem\\\/\",\"url\":\"https:\\\/\\\/fieam.org.br\\\/sesi\\\/am-leva-82-atletas-da-industria-para-jogos-de-belem\\\/\",\"name\":\"AM leva 82 atletas da ind\u00fastria para Jogos de Bel\u00e9m - SESI\",\"isPartOf\":{\"@id\":\"https:\\\/\\\/fieam.org.br\\\/sesi\\\/#website\"},\"datePublished\":\"2014-09-04T20:00:37+00:00\",\"breadcrumb\":{\"@id\":\"https:\\\/\\\/fieam.org.br\\\/sesi\\\/am-leva-82-atletas-da-industria-para-jogos-de-belem\\\/#breadcrumb\"},\"inLanguage\":\"pt-BR\",\"potentialAction\":[{\"@type\":\"ReadAction\",\"target\":[\"https:\\\/\\\/fieam.org.br\\\/sesi\\\/am-leva-82-atletas-da-industria-para-jogos-de-belem\\\/\"]}]},{\"@type\":\"BreadcrumbList\",\"@id\":\"https:\\\/\\\/fieam.org.br\\\/sesi\\\/am-leva-82-atletas-da-industria-para-jogos-de-belem\\\/#breadcrumb\",\"itemListElement\":[{\"@type\":\"ListItem\",\"position\":1,\"name\":\"In\u00edcio\",\"item\":\"https:\\\/\\\/fieam.org.br\\\/sesi\\\/\"},{\"@type\":\"ListItem\",\"position\":2,\"name\":\"AM leva 82 atletas da ind\u00fastria para Jogos de Bel\u00e9m\"}]},{\"@type\":\"WebSite\",\"@id\":\"https:\\\/\\\/fieam.org.br\\\/sesi\\\/#website\",\"url\":\"https:\\\/\\\/fieam.org.br\\\/sesi\\\/\",\"name\":\"SESI\",\"description\":\"Site Oficial!\",\"publisher\":{\"@id\":\"https:\\\/\\\/fieam.org.br\\\/sesi\\\/#organization\"},\"potentialAction\":[{\"@type\":\"SearchAction\",\"target\":{\"@type\":\"EntryPoint\",\"urlTemplate\":\"https:\\\/\\\/fieam.org.br\\\/sesi\\\/?s={search_term_string}\"},\"query-input\":{\"@type\":\"PropertyValueSpecification\",\"valueRequired\":true,\"valueName\":\"search_term_string\"}}],\"inLanguage\":\"pt-BR\"},{\"@type\":\"Organization\",\"@id\":\"https:\\\/\\\/fieam.org.br\\\/sesi\\\/#organization\",\"name\":\"SESI\",\"url\":\"https:\\\/\\\/fieam.org.br\\\/sesi\\\/\",\"logo\":{\"@type\":\"ImageObject\",\"inLanguage\":\"pt-BR\",\"@id\":\"https:\\\/\\\/fieam.org.br\\\/sesi\\\/#\\\/schema\\\/logo\\\/image\\\/\",\"url\":\"https:\\\/\\\/fieam.org.br\\\/sesi\\\/wp-content\\\/uploads\\\/sites\\\/14\\\/2024\\\/03\\\/cropped-fav.png\",\"contentUrl\":\"https:\\\/\\\/fieam.org.br\\\/sesi\\\/wp-content\\\/uploads\\\/sites\\\/14\\\/2024\\\/03\\\/cropped-fav.png\",\"width\":610,\"height\":589,\"caption\":\"SESI\"},\"image\":{\"@id\":\"https:\\\/\\\/fieam.org.br\\\/sesi\\\/#\\\/schema\\\/logo\\\/image\\\/\"}},{\"@type\":\"Person\",\"@id\":\"https:\\\/\\\/fieam.org.br\\\/sesi\\\/#\\\/schema\\\/person\\\/f54998dd14d5f0695b41444f2b01c31e\",\"name\":\"Autor\",\"image\":{\"@type\":\"ImageObject\",\"inLanguage\":\"pt-BR\",\"@id\":\"https:\\\/\\\/secure.gravatar.com\\\/avatar\\\/3732c223e0e1fad69062a8f770955c9068d37b055204f310a0be18d4069fe380?s=96&d=mm&r=g\",\"url\":\"https:\\\/\\\/secure.gravatar.com\\\/avatar\\\/3732c223e0e1fad69062a8f770955c9068d37b055204f310a0be18d4069fe380?s=96&d=mm&r=g\",\"contentUrl\":\"https:\\\/\\\/secure.gravatar.com\\\/avatar\\\/3732c223e0e1fad69062a8f770955c9068d37b055204f310a0be18d4069fe380?s=96&d=mm&r=g\",\"caption\":\"Autor\"},\"sameAs\":[\"https:\\\/\\\/marketingmassivo.com.br\"],\"url\":\"https:\\\/\\\/fieam.org.br\\\/sesi\\\/author\\\/admin\\\/\"}]}<\/script>\n<!-- \/ Yoast SEO plugin. -->","yoast_head_json":{"title":"AM leva 82 atletas da ind\u00fastria para Jogos de Bel\u00e9m - SESI","robots":{"index":"index","follow":"follow","max-snippet":"max-snippet:-1","max-image-preview":"max-image-preview:large","max-video-preview":"max-video-preview:-1"},"canonical":"https:\/\/fieam.org.br\/sesi\/am-leva-82-atletas-da-industria-para-jogos-de-belem\/","og_locale":"pt_BR","og_type":"article","og_title":"AM leva 82 atletas da ind\u00fastria para Jogos de Bel\u00e9m - SESI","og_description":"Com uma delega\u00e7\u00e3o formada por 82 trabalhadores atletas de empresas do Polo Industrial de Manaus (PIM), o SESI Amazonas ter\u00e1 forte participa\u00e7\u00e3o na 10\u00aa edi\u00e7\u00e3o dos Jogos Nacionais do SESI, que ser\u00e3o disputados de 10 a 14 deste m\u00eas, em Bel\u00e9m do Par\u00e1. Ser\u00e3o disputadas dez modalidades esportivas, no masculino e feminino: futebol de campo, [&hellip;]","og_url":"https:\/\/fieam.org.br\/sesi\/am-leva-82-atletas-da-industria-para-jogos-de-belem\/","og_site_name":"SESI","article_published_time":"2014-09-04T20:00:37+00:00","author":"Autor","twitter_card":"summary_large_image","twitter_misc":{"Escrito por":"Autor","Est. tempo de leitura":"2 minutos"},"schema":{"@context":"https:\/\/schema.org","@graph":[{"@type":"Article","@id":"https:\/\/fieam.org.br\/sesi\/am-leva-82-atletas-da-industria-para-jogos-de-belem\/#article","isPartOf":{"@id":"https:\/\/fieam.org.br\/sesi\/am-leva-82-atletas-da-industria-para-jogos-de-belem\/"},"author":{"name":"Autor","@id":"https:\/\/fieam.org.br\/sesi\/#\/schema\/person\/f54998dd14d5f0695b41444f2b01c31e"},"headline":"AM leva 82 atletas da ind\u00fastria para Jogos de Bel\u00e9m","datePublished":"2014-09-04T20:00:37+00:00","mainEntityOfPage":{"@id":"https:\/\/fieam.org.br\/sesi\/am-leva-82-atletas-da-industria-para-jogos-de-belem\/"},"wordCount":505,"commentCount":0,"publisher":{"@id":"https:\/\/fieam.org.br\/sesi\/#organization"},"articleSection":["News"],"inLanguage":"pt-BR","potentialAction":[{"@type":"CommentAction","name":"Comment","target":["https:\/\/fieam.org.br\/sesi\/am-leva-82-atletas-da-industria-para-jogos-de-belem\/#respond"]}]},{"@type":"WebPage","@id":"https:\/\/fieam.org.br\/sesi\/am-leva-82-atletas-da-industria-para-jogos-de-belem\/","url":"https:\/\/fieam.org.br\/sesi\/am-leva-82-atletas-da-industria-para-jogos-de-belem\/","name":"AM leva 82 atletas da ind\u00fastria para Jogos de Bel\u00e9m - SESI","isPartOf":{"@id":"https:\/\/fieam.org.br\/sesi\/#website"},"datePublished":"2014-09-04T20:00:37+00:00","breadcrumb":{"@id":"https:\/\/fieam.org.br\/sesi\/am-leva-82-atletas-da-industria-para-jogos-de-belem\/#breadcrumb"},"inLanguage":"pt-BR","potentialAction":[{"@type":"ReadAction","target":["https:\/\/fieam.org.br\/sesi\/am-leva-82-atletas-da-industria-para-jogos-de-belem\/"]}]},{"@type":"BreadcrumbList","@id":"https:\/\/fieam.org.br\/sesi\/am-leva-82-atletas-da-industria-para-jogos-de-belem\/#breadcrumb","itemListElement":[{"@type":"ListItem","position":1,"name":"In\u00edcio","item":"https:\/\/fieam.org.br\/sesi\/"},{"@type":"ListItem","position":2,"name":"AM leva 82 atletas da ind\u00fastria para Jogos de Bel\u00e9m"}]},{"@type":"WebSite","@id":"https:\/\/fieam.org.br\/sesi\/#website","url":"https:\/\/fieam.org.br\/sesi\/","name":"SESI","description":"Site Oficial!","publisher":{"@id":"https:\/\/fieam.org.br\/sesi\/#organization"},"potentialAction":[{"@type":"SearchAction","target":{"@type":"EntryPoint","urlTemplate":"https:\/\/fieam.org.br\/sesi\/?s={search_term_string}"},"query-input":{"@type":"PropertyValueSpecification","valueRequired":true,"valueName":"search_term_string"}}],"inLanguage":"pt-BR"},{"@type":"Organization","@id":"https:\/\/fieam.org.br\/sesi\/#organization","name":"SESI","url":"https:\/\/fieam.org.br\/sesi\/","logo":{"@type":"ImageObject","inLanguage":"pt-BR","@id":"https:\/\/fieam.org.br\/sesi\/#\/schema\/logo\/image\/","url":"https:\/\/fieam.org.br\/sesi\/wp-content\/uploads\/sites\/14\/2024\/03\/cropped-fav.png","contentUrl":"https:\/\/fieam.org.br\/sesi\/wp-content\/uploads\/sites\/14\/2024\/03\/cropped-fav.png","width":610,"height":589,"caption":"SESI"},"image":{"@id":"https:\/\/fieam.org.br\/sesi\/#\/schema\/logo\/image\/"}},{"@type":"Person","@id":"https:\/\/fieam.org.br\/sesi\/#\/schema\/person\/f54998dd14d5f0695b41444f2b01c31e","name":"Autor","image":{"@type":"ImageObject","inLanguage":"pt-BR","@id":"https:\/\/secure.gravatar.com\/avatar\/3732c223e0e1fad69062a8f770955c9068d37b055204f310a0be18d4069fe380?s=96&d=mm&r=g","url":"https:\/\/secure.gravatar.com\/avatar\/3732c223e0e1fad69062a8f770955c9068d37b055204f310a0be18d4069fe380?s=96&d=mm&r=g","contentUrl":"https:\/\/secure.gravatar.com\/avatar\/3732c223e0e1fad69062a8f770955c9068d37b055204f310a0be18d4069fe380?s=96&d=mm&r=g","caption":"Autor"},"sameAs":["https:\/\/marketingmassivo.com.br"],"url":"https:\/\/fieam.org.br\/sesi\/author\/admin\/"}]}},"_links":{"self":[{"href":"https:\/\/fieam.org.br\/sesi\/wp-json\/wp\/v2\/posts\/5973","targetHints":{"allow":["GET"]}}],"collection":[{"href":"https:\/\/fieam.org.br\/sesi\/wp-json\/wp\/v2\/posts"}],"about":[{"href":"https:\/\/fieam.org.br\/sesi\/wp-json\/wp\/v2\/types\/post"}],"author":[{"embeddable":true,"href":"https:\/\/fieam.org.br\/sesi\/wp-json\/wp\/v2\/users\/1"}],"replies":[{"embeddable":true,"href":"https:\/\/fieam.org.br\/sesi\/wp-json\/wp\/v2\/comments?post=5973"}],"version-history":[{"count":0,"href":"https:\/\/fieam.org.br\/sesi\/wp-json\/wp\/v2\/posts\/5973\/revisions"}],"wp:attachment":[{"href":"https:\/\/fieam.org.br\/sesi\/wp-json\/wp\/v2\/media?parent=5973"}],"wp:term":[{"taxonomy":"category","embeddable":true,"href":"https:\/\/fieam.org.br\/sesi\/wp-json\/wp\/v2\/categories?post=5973"},{"taxonomy":"post_tag","embeddable":true,"href":"https:\/\/fieam.org.br\/sesi\/wp-json\/wp\/v2\/tags?post=5973"}],"curies":[{"name":"wp","href":"https:\/\/api.w.org\/{rel}","templated":true}]}}