{"id":5959,"date":"2014-09-02T15:45:12","date_gmt":"2014-09-02T15:45:12","guid":{"rendered":"http:\/\/www.fieam.org.br\/site\/sesi\/?p=5959"},"modified":"2014-09-02T15:45:12","modified_gmt":"2014-09-02T15:45:12","slug":"jogos-estaduais-do-sesi-2014-tenis-de-quadra-encerra-disputas-em-tres-categorias","status":"publish","type":"post","link":"https:\/\/fieam.org.br\/sesi\/jogos-estaduais-do-sesi-2014-tenis-de-quadra-encerra-disputas-em-tres-categorias\/","title":{"rendered":"JOGOS ESTADUAIS DO SESI 2014 &#8211; T\u00eanis de quadra encerra disputas em tr\u00eas categorias"},"content":{"rendered":"<p>O atleta Jo\u00e3o Bosco Evangelista, da Petrobras, conquistou ouro na final da categoria C do t\u00eanis de quadra, dos Jogos Estaduais do\u00a0<a href=\"http:\/\/www.fieam.org.br\/site\/sesi\" target=\"_blank\" rel=\"noopener\">SESI,<\/a>\u00a0disputada no \u00faltimo fim de semana no Clube do Trabalhador do Amazonas. Com 25 trabalhadores atletas representando empresas do Polo Industrial de Manaus, o t\u00eanis foi disputado nos fins de semana de agosto, nas categorias A, B e C.<\/p>\n<p>No encerramento da categoria C, que re\u00fane atletas acima de 45 anos, Jo\u00e3o Bosco Evangelista conquistou a medalha de ouro ao vencer o tenista Arlindo Pinto, da Manaus Ambiental, por 2 a 0, com parciais de 6 a 4 e 6 a 3.<\/p>\n<p>Bosco disse que a partida contra Arlindo foi muito dif\u00edcil e bastante estudada e tecnicamente bem desenvolvida, ressaltando a experi\u00eancia do advers\u00e1rio. Bosco disse ainda que o t\u00eanis exige muito treinamento e dedica\u00e7\u00e3o e que a raquete, os movimentos do corpo devem estar em sintonia para que as jogadas saiam perfeitas. O atleta disse que o t\u00eanis d\u00e1 um bom condicionamento f\u00edsico, preparando o atleta para o trabalho e para a vida. O vencedor da modalidade tem 50 anos e pratica o t\u00eanis h\u00e1 20, e vai participar dos Jogos Nacionais do SESI, que ser\u00e3o realizados de 10 a 14 deste m\u00eas, em Bel\u00e9m (PA). A medalha de bronze ficou com M\u00e1rcio Ladeira, da 3M.<\/p>\n<p>Na categoria A, Rafael Souza, conquistou o bicampeonato ao vencer as tr\u00eas partidas que disputou. A categoria reuniu quatro atletas e todos jogaram contra todos. Rafael venceu Thiago Fonteneles, da Honda, Daniel Santiago, da Samsung, e Wallace Wanderley, da Procomp, os tr\u00eas pelo placar de 9 a 0.\u00a0 Wanderley ficou com a medalha de prata e Fonteneles, com a de bronze.<\/p>\n<p>No feminino, a atleta Nilce Vinente, da Salcomp, conquistou a medalha de ouro ao vencer Renata Dickie, da Honda, por 9 a 0.<\/p>\n<p>Na categoria B, Marcelo Frederick, da Moto Honda, conquistou a medalha de ouro ao vencer, na final, Rodrigo P\u00e1dua, da Petrobras, por 2 a 0, com parciais de 6 a 2 e 6 a 0. O atleta da Honda, William Yamaji conquistou a medalha de bronze. No feminino, a atleta Manami Okubo conquistou a medalha de ouro ao vencer a atleta Tamar Xavier, da Petrobras, por um set a zero com placar de 9 a 7.<\/p>\n<p>[nggallery id=262]<\/p>\n","protected":false},"excerpt":{"rendered":"<p>O atleta Jo\u00e3o Bosco Evangelista, da Petrobras, conquistou ouro na final da categoria C do t\u00eanis de quadra, dos Jogos Estaduais do\u00a0SESI,\u00a0disputada no \u00faltimo fim de semana no Clube do Trabalhador do Amazonas. Com 25 trabalhadores atletas representando empresas do Polo Industrial de Manaus, o t\u00eanis foi disputado nos fins de semana de agosto, nas [&hellip;]<\/p>\n","protected":false},"author":1,"featured_media":0,"comment_status":"open","ping_status":"open","sticky":false,"template":"","format":"standard","meta":{"footnotes":""},"categories":[25],"tags":[],"class_list":["post-5959","post","type-post","status-publish","format-standard","hentry","category-news"],"yoast_head":"<!-- This site is optimized with the Yoast SEO plugin v28.2 - https:\/\/yoast.com\/product\/yoast-seo-wordpress\/ -->\n<title>JOGOS ESTADUAIS DO SESI 2014 - T\u00eanis de quadra encerra disputas em tr\u00eas categorias - SESI<\/title>\n<meta name=\"robots\" content=\"index, follow, max-snippet:-1, max-image-preview:large, max-video-preview:-1\" \/>\n<link rel=\"canonical\" href=\"https:\/\/fieam.org.br\/sesi\/jogos-estaduais-do-sesi-2014-tenis-de-quadra-encerra-disputas-em-tres-categorias\/\" \/>\n<meta property=\"og:locale\" content=\"pt_BR\" \/>\n<meta property=\"og:type\" content=\"article\" \/>\n<meta property=\"og:title\" content=\"JOGOS ESTADUAIS DO SESI 2014 - T\u00eanis de quadra encerra disputas em tr\u00eas categorias - SESI\" \/>\n<meta property=\"og:description\" content=\"O atleta Jo\u00e3o Bosco Evangelista, da Petrobras, conquistou ouro na final da categoria C do t\u00eanis de quadra, dos Jogos Estaduais do\u00a0SESI,\u00a0disputada no \u00faltimo fim de semana no Clube do Trabalhador do Amazonas. Com 25 trabalhadores atletas representando empresas do Polo Industrial de Manaus, o t\u00eanis foi disputado nos fins de semana de agosto, nas [&hellip;]\" \/>\n<meta property=\"og:url\" content=\"https:\/\/fieam.org.br\/sesi\/jogos-estaduais-do-sesi-2014-tenis-de-quadra-encerra-disputas-em-tres-categorias\/\" \/>\n<meta property=\"og:site_name\" content=\"SESI\" \/>\n<meta property=\"article:published_time\" content=\"2014-09-02T15:45:12+00:00\" \/>\n<meta name=\"author\" content=\"Autor\" \/>\n<meta name=\"twitter:card\" content=\"summary_large_image\" \/>\n<meta name=\"twitter:label1\" content=\"Escrito por\" \/>\n\t<meta name=\"twitter:data1\" content=\"Autor\" \/>\n\t<meta name=\"twitter:label2\" content=\"Est. tempo de leitura\" \/>\n\t<meta name=\"twitter:data2\" content=\"2 minutos\" \/>\n<script type=\"application\/ld+json\" class=\"yoast-schema-graph\">{\"@context\":\"https:\\\/\\\/schema.org\",\"@graph\":[{\"@type\":\"Article\",\"@id\":\"https:\\\/\\\/fieam.org.br\\\/sesi\\\/jogos-estaduais-do-sesi-2014-tenis-de-quadra-encerra-disputas-em-tres-categorias\\\/#article\",\"isPartOf\":{\"@id\":\"https:\\\/\\\/fieam.org.br\\\/sesi\\\/jogos-estaduais-do-sesi-2014-tenis-de-quadra-encerra-disputas-em-tres-categorias\\\/\"},\"author\":{\"name\":\"Autor\",\"@id\":\"https:\\\/\\\/fieam.org.br\\\/sesi\\\/#\\\/schema\\\/person\\\/f54998dd14d5f0695b41444f2b01c31e\"},\"headline\":\"JOGOS ESTADUAIS DO SESI 2014 &#8211; T\u00eanis de quadra encerra disputas em tr\u00eas categorias\",\"datePublished\":\"2014-09-02T15:45:12+00:00\",\"mainEntityOfPage\":{\"@id\":\"https:\\\/\\\/fieam.org.br\\\/sesi\\\/jogos-estaduais-do-sesi-2014-tenis-de-quadra-encerra-disputas-em-tres-categorias\\\/\"},\"wordCount\":393,\"commentCount\":0,\"publisher\":{\"@id\":\"https:\\\/\\\/fieam.org.br\\\/sesi\\\/#organization\"},\"articleSection\":[\"News\"],\"inLanguage\":\"pt-BR\",\"potentialAction\":[{\"@type\":\"CommentAction\",\"name\":\"Comment\",\"target\":[\"https:\\\/\\\/fieam.org.br\\\/sesi\\\/jogos-estaduais-do-sesi-2014-tenis-de-quadra-encerra-disputas-em-tres-categorias\\\/#respond\"]}]},{\"@type\":\"WebPage\",\"@id\":\"https:\\\/\\\/fieam.org.br\\\/sesi\\\/jogos-estaduais-do-sesi-2014-tenis-de-quadra-encerra-disputas-em-tres-categorias\\\/\",\"url\":\"https:\\\/\\\/fieam.org.br\\\/sesi\\\/jogos-estaduais-do-sesi-2014-tenis-de-quadra-encerra-disputas-em-tres-categorias\\\/\",\"name\":\"JOGOS ESTADUAIS DO SESI 2014 - T\u00eanis de quadra encerra disputas em tr\u00eas categorias - SESI\",\"isPartOf\":{\"@id\":\"https:\\\/\\\/fieam.org.br\\\/sesi\\\/#website\"},\"datePublished\":\"2014-09-02T15:45:12+00:00\",\"breadcrumb\":{\"@id\":\"https:\\\/\\\/fieam.org.br\\\/sesi\\\/jogos-estaduais-do-sesi-2014-tenis-de-quadra-encerra-disputas-em-tres-categorias\\\/#breadcrumb\"},\"inLanguage\":\"pt-BR\",\"potentialAction\":[{\"@type\":\"ReadAction\",\"target\":[\"https:\\\/\\\/fieam.org.br\\\/sesi\\\/jogos-estaduais-do-sesi-2014-tenis-de-quadra-encerra-disputas-em-tres-categorias\\\/\"]}]},{\"@type\":\"BreadcrumbList\",\"@id\":\"https:\\\/\\\/fieam.org.br\\\/sesi\\\/jogos-estaduais-do-sesi-2014-tenis-de-quadra-encerra-disputas-em-tres-categorias\\\/#breadcrumb\",\"itemListElement\":[{\"@type\":\"ListItem\",\"position\":1,\"name\":\"In\u00edcio\",\"item\":\"https:\\\/\\\/fieam.org.br\\\/sesi\\\/\"},{\"@type\":\"ListItem\",\"position\":2,\"name\":\"JOGOS ESTADUAIS DO SESI 2014 &#8211; T\u00eanis de quadra encerra disputas em tr\u00eas categorias\"}]},{\"@type\":\"WebSite\",\"@id\":\"https:\\\/\\\/fieam.org.br\\\/sesi\\\/#website\",\"url\":\"https:\\\/\\\/fieam.org.br\\\/sesi\\\/\",\"name\":\"SESI\",\"description\":\"Site Oficial!\",\"publisher\":{\"@id\":\"https:\\\/\\\/fieam.org.br\\\/sesi\\\/#organization\"},\"potentialAction\":[{\"@type\":\"SearchAction\",\"target\":{\"@type\":\"EntryPoint\",\"urlTemplate\":\"https:\\\/\\\/fieam.org.br\\\/sesi\\\/?s={search_term_string}\"},\"query-input\":{\"@type\":\"PropertyValueSpecification\",\"valueRequired\":true,\"valueName\":\"search_term_string\"}}],\"inLanguage\":\"pt-BR\"},{\"@type\":\"Organization\",\"@id\":\"https:\\\/\\\/fieam.org.br\\\/sesi\\\/#organization\",\"name\":\"SESI\",\"url\":\"https:\\\/\\\/fieam.org.br\\\/sesi\\\/\",\"logo\":{\"@type\":\"ImageObject\",\"inLanguage\":\"pt-BR\",\"@id\":\"https:\\\/\\\/fieam.org.br\\\/sesi\\\/#\\\/schema\\\/logo\\\/image\\\/\",\"url\":\"https:\\\/\\\/fieam.org.br\\\/sesi\\\/wp-content\\\/uploads\\\/sites\\\/14\\\/2024\\\/03\\\/cropped-fav.png\",\"contentUrl\":\"https:\\\/\\\/fieam.org.br\\\/sesi\\\/wp-content\\\/uploads\\\/sites\\\/14\\\/2024\\\/03\\\/cropped-fav.png\",\"width\":610,\"height\":589,\"caption\":\"SESI\"},\"image\":{\"@id\":\"https:\\\/\\\/fieam.org.br\\\/sesi\\\/#\\\/schema\\\/logo\\\/image\\\/\"}},{\"@type\":\"Person\",\"@id\":\"https:\\\/\\\/fieam.org.br\\\/sesi\\\/#\\\/schema\\\/person\\\/f54998dd14d5f0695b41444f2b01c31e\",\"name\":\"Autor\",\"image\":{\"@type\":\"ImageObject\",\"inLanguage\":\"pt-BR\",\"@id\":\"https:\\\/\\\/secure.gravatar.com\\\/avatar\\\/3732c223e0e1fad69062a8f770955c9068d37b055204f310a0be18d4069fe380?s=96&d=mm&r=g\",\"url\":\"https:\\\/\\\/secure.gravatar.com\\\/avatar\\\/3732c223e0e1fad69062a8f770955c9068d37b055204f310a0be18d4069fe380?s=96&d=mm&r=g\",\"contentUrl\":\"https:\\\/\\\/secure.gravatar.com\\\/avatar\\\/3732c223e0e1fad69062a8f770955c9068d37b055204f310a0be18d4069fe380?s=96&d=mm&r=g\",\"caption\":\"Autor\"},\"sameAs\":[\"https:\\\/\\\/marketingmassivo.com.br\"],\"url\":\"https:\\\/\\\/fieam.org.br\\\/sesi\\\/author\\\/admin\\\/\"}]}<\/script>\n<!-- \/ Yoast SEO plugin. -->","yoast_head_json":{"title":"JOGOS ESTADUAIS DO SESI 2014 - T\u00eanis de quadra encerra disputas em tr\u00eas categorias - SESI","robots":{"index":"index","follow":"follow","max-snippet":"max-snippet:-1","max-image-preview":"max-image-preview:large","max-video-preview":"max-video-preview:-1"},"canonical":"https:\/\/fieam.org.br\/sesi\/jogos-estaduais-do-sesi-2014-tenis-de-quadra-encerra-disputas-em-tres-categorias\/","og_locale":"pt_BR","og_type":"article","og_title":"JOGOS ESTADUAIS DO SESI 2014 - T\u00eanis de quadra encerra disputas em tr\u00eas categorias - SESI","og_description":"O atleta Jo\u00e3o Bosco Evangelista, da Petrobras, conquistou ouro na final da categoria C do t\u00eanis de quadra, dos Jogos Estaduais do\u00a0SESI,\u00a0disputada no \u00faltimo fim de semana no Clube do Trabalhador do Amazonas. Com 25 trabalhadores atletas representando empresas do Polo Industrial de Manaus, o t\u00eanis foi disputado nos fins de semana de agosto, nas [&hellip;]","og_url":"https:\/\/fieam.org.br\/sesi\/jogos-estaduais-do-sesi-2014-tenis-de-quadra-encerra-disputas-em-tres-categorias\/","og_site_name":"SESI","article_published_time":"2014-09-02T15:45:12+00:00","author":"Autor","twitter_card":"summary_large_image","twitter_misc":{"Escrito por":"Autor","Est. tempo de leitura":"2 minutos"},"schema":{"@context":"https:\/\/schema.org","@graph":[{"@type":"Article","@id":"https:\/\/fieam.org.br\/sesi\/jogos-estaduais-do-sesi-2014-tenis-de-quadra-encerra-disputas-em-tres-categorias\/#article","isPartOf":{"@id":"https:\/\/fieam.org.br\/sesi\/jogos-estaduais-do-sesi-2014-tenis-de-quadra-encerra-disputas-em-tres-categorias\/"},"author":{"name":"Autor","@id":"https:\/\/fieam.org.br\/sesi\/#\/schema\/person\/f54998dd14d5f0695b41444f2b01c31e"},"headline":"JOGOS ESTADUAIS DO SESI 2014 &#8211; T\u00eanis de quadra encerra disputas em tr\u00eas categorias","datePublished":"2014-09-02T15:45:12+00:00","mainEntityOfPage":{"@id":"https:\/\/fieam.org.br\/sesi\/jogos-estaduais-do-sesi-2014-tenis-de-quadra-encerra-disputas-em-tres-categorias\/"},"wordCount":393,"commentCount":0,"publisher":{"@id":"https:\/\/fieam.org.br\/sesi\/#organization"},"articleSection":["News"],"inLanguage":"pt-BR","potentialAction":[{"@type":"CommentAction","name":"Comment","target":["https:\/\/fieam.org.br\/sesi\/jogos-estaduais-do-sesi-2014-tenis-de-quadra-encerra-disputas-em-tres-categorias\/#respond"]}]},{"@type":"WebPage","@id":"https:\/\/fieam.org.br\/sesi\/jogos-estaduais-do-sesi-2014-tenis-de-quadra-encerra-disputas-em-tres-categorias\/","url":"https:\/\/fieam.org.br\/sesi\/jogos-estaduais-do-sesi-2014-tenis-de-quadra-encerra-disputas-em-tres-categorias\/","name":"JOGOS ESTADUAIS DO SESI 2014 - T\u00eanis de quadra encerra disputas em tr\u00eas categorias - SESI","isPartOf":{"@id":"https:\/\/fieam.org.br\/sesi\/#website"},"datePublished":"2014-09-02T15:45:12+00:00","breadcrumb":{"@id":"https:\/\/fieam.org.br\/sesi\/jogos-estaduais-do-sesi-2014-tenis-de-quadra-encerra-disputas-em-tres-categorias\/#breadcrumb"},"inLanguage":"pt-BR","potentialAction":[{"@type":"ReadAction","target":["https:\/\/fieam.org.br\/sesi\/jogos-estaduais-do-sesi-2014-tenis-de-quadra-encerra-disputas-em-tres-categorias\/"]}]},{"@type":"BreadcrumbList","@id":"https:\/\/fieam.org.br\/sesi\/jogos-estaduais-do-sesi-2014-tenis-de-quadra-encerra-disputas-em-tres-categorias\/#breadcrumb","itemListElement":[{"@type":"ListItem","position":1,"name":"In\u00edcio","item":"https:\/\/fieam.org.br\/sesi\/"},{"@type":"ListItem","position":2,"name":"JOGOS ESTADUAIS DO SESI 2014 &#8211; T\u00eanis de quadra encerra disputas em tr\u00eas categorias"}]},{"@type":"WebSite","@id":"https:\/\/fieam.org.br\/sesi\/#website","url":"https:\/\/fieam.org.br\/sesi\/","name":"SESI","description":"Site Oficial!","publisher":{"@id":"https:\/\/fieam.org.br\/sesi\/#organization"},"potentialAction":[{"@type":"SearchAction","target":{"@type":"EntryPoint","urlTemplate":"https:\/\/fieam.org.br\/sesi\/?s={search_term_string}"},"query-input":{"@type":"PropertyValueSpecification","valueRequired":true,"valueName":"search_term_string"}}],"inLanguage":"pt-BR"},{"@type":"Organization","@id":"https:\/\/fieam.org.br\/sesi\/#organization","name":"SESI","url":"https:\/\/fieam.org.br\/sesi\/","logo":{"@type":"ImageObject","inLanguage":"pt-BR","@id":"https:\/\/fieam.org.br\/sesi\/#\/schema\/logo\/image\/","url":"https:\/\/fieam.org.br\/sesi\/wp-content\/uploads\/sites\/14\/2024\/03\/cropped-fav.png","contentUrl":"https:\/\/fieam.org.br\/sesi\/wp-content\/uploads\/sites\/14\/2024\/03\/cropped-fav.png","width":610,"height":589,"caption":"SESI"},"image":{"@id":"https:\/\/fieam.org.br\/sesi\/#\/schema\/logo\/image\/"}},{"@type":"Person","@id":"https:\/\/fieam.org.br\/sesi\/#\/schema\/person\/f54998dd14d5f0695b41444f2b01c31e","name":"Autor","image":{"@type":"ImageObject","inLanguage":"pt-BR","@id":"https:\/\/secure.gravatar.com\/avatar\/3732c223e0e1fad69062a8f770955c9068d37b055204f310a0be18d4069fe380?s=96&d=mm&r=g","url":"https:\/\/secure.gravatar.com\/avatar\/3732c223e0e1fad69062a8f770955c9068d37b055204f310a0be18d4069fe380?s=96&d=mm&r=g","contentUrl":"https:\/\/secure.gravatar.com\/avatar\/3732c223e0e1fad69062a8f770955c9068d37b055204f310a0be18d4069fe380?s=96&d=mm&r=g","caption":"Autor"},"sameAs":["https:\/\/marketingmassivo.com.br"],"url":"https:\/\/fieam.org.br\/sesi\/author\/admin\/"}]}},"_links":{"self":[{"href":"https:\/\/fieam.org.br\/sesi\/wp-json\/wp\/v2\/posts\/5959","targetHints":{"allow":["GET"]}}],"collection":[{"href":"https:\/\/fieam.org.br\/sesi\/wp-json\/wp\/v2\/posts"}],"about":[{"href":"https:\/\/fieam.org.br\/sesi\/wp-json\/wp\/v2\/types\/post"}],"author":[{"embeddable":true,"href":"https:\/\/fieam.org.br\/sesi\/wp-json\/wp\/v2\/users\/1"}],"replies":[{"embeddable":true,"href":"https:\/\/fieam.org.br\/sesi\/wp-json\/wp\/v2\/comments?post=5959"}],"version-history":[{"count":0,"href":"https:\/\/fieam.org.br\/sesi\/wp-json\/wp\/v2\/posts\/5959\/revisions"}],"wp:attachment":[{"href":"https:\/\/fieam.org.br\/sesi\/wp-json\/wp\/v2\/media?parent=5959"}],"wp:term":[{"taxonomy":"category","embeddable":true,"href":"https:\/\/fieam.org.br\/sesi\/wp-json\/wp\/v2\/categories?post=5959"},{"taxonomy":"post_tag","embeddable":true,"href":"https:\/\/fieam.org.br\/sesi\/wp-json\/wp\/v2\/tags?post=5959"}],"curies":[{"name":"wp","href":"https:\/\/api.w.org\/{rel}","templated":true}]}}