{"id":5926,"date":"2014-08-25T19:25:29","date_gmt":"2014-08-25T19:25:29","guid":{"rendered":"http:\/\/www.fieam.org.br\/site\/sesi\/?p=5926"},"modified":"2014-08-25T19:25:29","modified_gmt":"2014-08-25T19:25:29","slug":"sesi-e-sinduscon-promovem-acao-para-trabalhadores","status":"publish","type":"post","link":"https:\/\/fieam.org.br\/sesi\/sesi-e-sinduscon-promovem-acao-para-trabalhadores\/","title":{"rendered":"SESI e Sinduscon promovem a\u00e7\u00e3o para trabalhadores"},"content":{"rendered":"<p>&nbsp;<\/p>\n<figure id=\"attachment_5927\" aria-describedby=\"caption-attachment-5927\" style=\"width: 300px\" class=\"wp-caption alignleft\"><a href=\"http:\/\/www.fieam.org.br\/site\/sesi\/sesi-e-sinduscon-promovem-acao-para-trabalhadores\/presidente-do-sinduscon-eduardo-lopes-fala-da-importancia-da-acao-para-os-trabalhadores-e-seus-familiares\/\" rel=\"attachment wp-att-5927\"><img fetchpriority=\"high\" decoding=\"async\" class=\"size-medium wp-image-5927\" alt=\"Presidente do Sinduscon, Eduardo Lopes, fala da import\u00e2ncia da a\u00e7\u00e3o para os trabalhadores e seus familiares\" src=\"http:\/\/www.fieam.org.br\/2015\/sesi\/wp-content\/uploads\/sites\/2\/2014\/08\/Presidente-do-Sinduscon-Eduardo-Lopes-fala-da-import\u00e2ncia-da-a\u00e7\u00e3o-para-os-trabalhadores-e-seus-familiares-300x200.jpg\" width=\"300\" height=\"200\" \/><\/a><figcaption id=\"caption-attachment-5927\" class=\"wp-caption-text\">Presidente do Sinduscon, Eduardo Lopes, fala da import\u00e2ncia da a\u00e7\u00e3o para os trabalhadores e seus familiares<\/figcaption><\/figure>\n<p><a href=\"http:\/\/www.fieam.org.br\/site\/sesi\" target=\"_blank\" rel=\"noopener\">O Servi\u00e7o Social da Ind\u00fastria (SESI Amazonas),<\/a>\u00a0em parceria com o Sindicato da Ind\u00fastria da Constru\u00e7\u00e3o Civil do Amazonas (Sinduscon) e Servi\u00e7o Social da Ind\u00fastria da Constru\u00e7\u00e3o Civil de Manaus (Sinconci) atenderam mais de 5 mil trabalhadores nas \u00e1reas de educa\u00e7\u00e3o, sa\u00fade e lazer, entre outros servi\u00e7os, no Dia Nacional da Constru\u00e7\u00e3o Social e \u00a0Circuito da Fam\u00edlia, no Clube do Trabalhador do Amazonas.<\/p>\n<p>Idealizada pela C\u00e2mara Brasileira da Ind\u00fastria da Constru\u00e7\u00e3o (CBIC), com o tema \u201cFam\u00edlia: o alicerce do que se constr\u00f3i na vida\u201d, a a\u00e7\u00e3o social foi realizada simultaneamente em todo o Brasil e ofereceu, no Amazonas, cerca de 10 mil atendimentos.<\/p>\n<p>De acordo com o presidente do Sinduscon, Eduardo Lopes, essa foi a oitava edi\u00e7\u00e3o da Constru\u00e7\u00e3o Social, evento que proporciona ao trabalhador da ind\u00fastria, a cada ano, um atendimento exclusivo em alguns servi\u00e7os essenciais. \u201cPretendemos atingir ao m\u00e1ximo as necessidades do trabalhador e sua fam\u00edlia, e principalmente, estreitar a rela\u00e7\u00e3o do trabalhador com a empresa\u201d, disse.<\/p>\n<p>Um dos servi\u00e7os mais procurados na a\u00e7\u00e3o social foi o oferecido pela Superintend\u00eancia Regional do Trabalho e Emprego (SRTE), com a emiss\u00e3o da primeira via da carteira de trabalho. Um dos que aproveitaram bem o servi\u00e7o foi o desempregado Josias Matos, 19, que saiu satisfeito com a rapidez do atendimento. \u201cJ\u00e1 estava h\u00e1 mais de seis meses tentando tirar a carteira, e hoje, em menos de uma hora, saio com o cadastro realizado, o que vai facilitar de agora em diante a busca por um emprego\u201d.<\/p>\n<p>Servi\u00e7os de cidadania, como limpeza de pele, corte de cabelo, massagem corporal e manicure tamb\u00e9m foram procurados pelas fam\u00edlias. A dona de casa Adriana Lima, 28, acompanhada dos dois filhos, de 2 e 4 anos, \u00a0e do marido, Edson Alves, 31, funcion\u00e1rio da empresa F. Lopez, se disse satisfeita com os servi\u00e7os oferecidos. \u201cA agilidade e o atendimento s\u00e3o nota 10. N\u00e3o \u00e9 sempre que temos a oportunidade de encontrar v\u00e1rios servi\u00e7os em um s\u00f3 lugar, al\u00e9m de proporcionar lazer aos meus filhos\u201d, disse ela.<\/p>\n<p>Al\u00e9m de cuidar da apar\u00eancia, Adriana e os filhos aproveitaram para ficar em dia com os exames de sa\u00fade, recebendo imuniza\u00e7\u00f5es contra febre amarela, hepatite B e tr\u00edplice viral, servi\u00e7o oferecido pela equipe de sa\u00fade do SESI Amazonas.<\/p>\n<p>Os visitantes tamb\u00e9m receberam orienta\u00e7\u00e3o psicol\u00f3gica, odontol\u00f3gica, mudas de plantas e dicas de como diminuir o desperd\u00edcio de alimentos na prepara\u00e7\u00e3o da comida, estas pela equipe do Programa SESI Cozinha Brasil, al\u00e9m de assistirem a espet\u00e1culos musicais.<\/p>\n<p>&nbsp;<\/p>\n<p><b>Circuito da Fam\u00edlia<\/b><\/p>\n<p>&nbsp;<\/p>\n<p>Paralela \u00e0 Constru\u00e7\u00e3o Social, do Sinduscon, o SESI Amazonas realizou uma manh\u00e3 de lazer com o 2\u00ba Circuito da Fam\u00edlia para o trabalhador da ind\u00fastria, clientes do Clube do Trabalhador e seus familiares, com atividades de macrogin\u00e1stica, dan\u00e7a, jogos de sal\u00e3o, gincana cultural, ca\u00e7a ao tesouro, bingo social, concurso de talento, entre outras atividades.<\/p>\n<p>Os servidores p\u00fablicos e frequentadores do Clube do Trabalhador, Alzira e Carlos Fran\u00e7a, ambos de 35 anos, aproveitaram para levar a filha Yasmin, de 4 anos, para participar do circuito, iniciando com a macrogin\u00e1stica e, em seguida usufruir do momento de lazer com os brinquedos infl\u00e1veis e servi\u00e7os de cidadania.<\/p>\n<p>\u201cSempre comparecemos ao Clube para nos exercitarmos na academia ao ar livre, e sempre trazemos a nossa filha, pois sabemos que a necessidade de cuidar da sa\u00fade deve come\u00e7ar desde crian\u00e7a. A\u00e7\u00f5es como essas nos incentivam a cuidar mais da sa\u00fade, al\u00e9m de reduzir o estresse ap\u00f3s uma semana corrida de trabalho\u201d, disse Alzira.<\/p>\n<p>Para a coordenadora do circuito, Fab\u00edola Paes, \u00e9 importante promover o lazer socioeducativo para o trabalhador e sua fam\u00edlia como forma de resgatar o conv\u00edvio familiar durante atividades de lazer e entretenimento.<\/p>\n<p>\u201c\u00c9 um evento onde promovemos a parte cultural e entretenimento aos industri\u00e1rios e seus dependentes com o intuito de agregar valores \u00e0s fam\u00edlias e, \u00e9 muito bom ver em cada um deles a felicidade e a alegria de estarem participando das atividades em geral\u201d, frisa Fab\u00edola.<\/p>\n<p>[nggallery id=260]<\/p>\n","protected":false},"excerpt":{"rendered":"<p>&nbsp; O Servi\u00e7o Social da Ind\u00fastria (SESI Amazonas),\u00a0em parceria com o Sindicato da Ind\u00fastria da Constru\u00e7\u00e3o Civil do Amazonas (Sinduscon) e Servi\u00e7o Social da Ind\u00fastria da Constru\u00e7\u00e3o Civil de Manaus (Sinconci) atenderam mais de 5 mil trabalhadores nas \u00e1reas de educa\u00e7\u00e3o, sa\u00fade e lazer, entre outros servi\u00e7os, no Dia Nacional da Constru\u00e7\u00e3o Social e \u00a0Circuito [&hellip;]<\/p>\n","protected":false},"author":1,"featured_media":0,"comment_status":"open","ping_status":"open","sticky":false,"template":"","format":"standard","meta":{"footnotes":""},"categories":[25],"tags":[],"class_list":["post-5926","post","type-post","status-publish","format-standard","hentry","category-news"],"yoast_head":"<!-- This site is optimized with the Yoast SEO plugin v28.2 - https:\/\/yoast.com\/product\/yoast-seo-wordpress\/ -->\n<title>SESI e Sinduscon promovem a\u00e7\u00e3o para trabalhadores - SESI<\/title>\n<meta name=\"robots\" content=\"index, follow, max-snippet:-1, max-image-preview:large, max-video-preview:-1\" \/>\n<link rel=\"canonical\" href=\"https:\/\/fieam.org.br\/sesi\/sesi-e-sinduscon-promovem-acao-para-trabalhadores\/\" \/>\n<meta property=\"og:locale\" content=\"pt_BR\" \/>\n<meta property=\"og:type\" content=\"article\" \/>\n<meta property=\"og:title\" content=\"SESI e Sinduscon promovem a\u00e7\u00e3o para trabalhadores - SESI\" \/>\n<meta property=\"og:description\" content=\"&nbsp; O Servi\u00e7o Social da Ind\u00fastria (SESI Amazonas),\u00a0em parceria com o Sindicato da Ind\u00fastria da Constru\u00e7\u00e3o Civil do Amazonas (Sinduscon) e Servi\u00e7o Social da Ind\u00fastria da Constru\u00e7\u00e3o Civil de Manaus (Sinconci) atenderam mais de 5 mil trabalhadores nas \u00e1reas de educa\u00e7\u00e3o, sa\u00fade e lazer, entre outros servi\u00e7os, no Dia Nacional da Constru\u00e7\u00e3o Social e \u00a0Circuito [&hellip;]\" \/>\n<meta property=\"og:url\" content=\"https:\/\/fieam.org.br\/sesi\/sesi-e-sinduscon-promovem-acao-para-trabalhadores\/\" \/>\n<meta property=\"og:site_name\" content=\"SESI\" \/>\n<meta property=\"article:published_time\" content=\"2014-08-25T19:25:29+00:00\" \/>\n<meta name=\"author\" content=\"Autor\" \/>\n<meta name=\"twitter:card\" content=\"summary_large_image\" \/>\n<meta name=\"twitter:label1\" content=\"Escrito por\" \/>\n\t<meta name=\"twitter:data1\" content=\"Autor\" \/>\n\t<meta name=\"twitter:label2\" content=\"Est. tempo de leitura\" \/>\n\t<meta name=\"twitter:data2\" content=\"4 minutos\" \/>\n<script type=\"application\/ld+json\" class=\"yoast-schema-graph\">{\"@context\":\"https:\\\/\\\/schema.org\",\"@graph\":[{\"@type\":\"Article\",\"@id\":\"https:\\\/\\\/fieam.org.br\\\/sesi\\\/sesi-e-sinduscon-promovem-acao-para-trabalhadores\\\/#article\",\"isPartOf\":{\"@id\":\"https:\\\/\\\/fieam.org.br\\\/sesi\\\/sesi-e-sinduscon-promovem-acao-para-trabalhadores\\\/\"},\"author\":{\"name\":\"Autor\",\"@id\":\"https:\\\/\\\/fieam.org.br\\\/sesi\\\/#\\\/schema\\\/person\\\/f54998dd14d5f0695b41444f2b01c31e\"},\"headline\":\"SESI e Sinduscon promovem a\u00e7\u00e3o para trabalhadores\",\"datePublished\":\"2014-08-25T19:25:29+00:00\",\"mainEntityOfPage\":{\"@id\":\"https:\\\/\\\/fieam.org.br\\\/sesi\\\/sesi-e-sinduscon-promovem-acao-para-trabalhadores\\\/\"},\"wordCount\":747,\"commentCount\":0,\"publisher\":{\"@id\":\"https:\\\/\\\/fieam.org.br\\\/sesi\\\/#organization\"},\"articleSection\":[\"News\"],\"inLanguage\":\"pt-BR\",\"potentialAction\":[{\"@type\":\"CommentAction\",\"name\":\"Comment\",\"target\":[\"https:\\\/\\\/fieam.org.br\\\/sesi\\\/sesi-e-sinduscon-promovem-acao-para-trabalhadores\\\/#respond\"]}]},{\"@type\":\"WebPage\",\"@id\":\"https:\\\/\\\/fieam.org.br\\\/sesi\\\/sesi-e-sinduscon-promovem-acao-para-trabalhadores\\\/\",\"url\":\"https:\\\/\\\/fieam.org.br\\\/sesi\\\/sesi-e-sinduscon-promovem-acao-para-trabalhadores\\\/\",\"name\":\"SESI e Sinduscon promovem a\u00e7\u00e3o para trabalhadores - SESI\",\"isPartOf\":{\"@id\":\"https:\\\/\\\/fieam.org.br\\\/sesi\\\/#website\"},\"datePublished\":\"2014-08-25T19:25:29+00:00\",\"breadcrumb\":{\"@id\":\"https:\\\/\\\/fieam.org.br\\\/sesi\\\/sesi-e-sinduscon-promovem-acao-para-trabalhadores\\\/#breadcrumb\"},\"inLanguage\":\"pt-BR\",\"potentialAction\":[{\"@type\":\"ReadAction\",\"target\":[\"https:\\\/\\\/fieam.org.br\\\/sesi\\\/sesi-e-sinduscon-promovem-acao-para-trabalhadores\\\/\"]}]},{\"@type\":\"BreadcrumbList\",\"@id\":\"https:\\\/\\\/fieam.org.br\\\/sesi\\\/sesi-e-sinduscon-promovem-acao-para-trabalhadores\\\/#breadcrumb\",\"itemListElement\":[{\"@type\":\"ListItem\",\"position\":1,\"name\":\"In\u00edcio\",\"item\":\"https:\\\/\\\/fieam.org.br\\\/sesi\\\/\"},{\"@type\":\"ListItem\",\"position\":2,\"name\":\"SESI e Sinduscon promovem a\u00e7\u00e3o para trabalhadores\"}]},{\"@type\":\"WebSite\",\"@id\":\"https:\\\/\\\/fieam.org.br\\\/sesi\\\/#website\",\"url\":\"https:\\\/\\\/fieam.org.br\\\/sesi\\\/\",\"name\":\"SESI\",\"description\":\"Site Oficial!\",\"publisher\":{\"@id\":\"https:\\\/\\\/fieam.org.br\\\/sesi\\\/#organization\"},\"potentialAction\":[{\"@type\":\"SearchAction\",\"target\":{\"@type\":\"EntryPoint\",\"urlTemplate\":\"https:\\\/\\\/fieam.org.br\\\/sesi\\\/?s={search_term_string}\"},\"query-input\":{\"@type\":\"PropertyValueSpecification\",\"valueRequired\":true,\"valueName\":\"search_term_string\"}}],\"inLanguage\":\"pt-BR\"},{\"@type\":\"Organization\",\"@id\":\"https:\\\/\\\/fieam.org.br\\\/sesi\\\/#organization\",\"name\":\"SESI\",\"url\":\"https:\\\/\\\/fieam.org.br\\\/sesi\\\/\",\"logo\":{\"@type\":\"ImageObject\",\"inLanguage\":\"pt-BR\",\"@id\":\"https:\\\/\\\/fieam.org.br\\\/sesi\\\/#\\\/schema\\\/logo\\\/image\\\/\",\"url\":\"https:\\\/\\\/fieam.org.br\\\/sesi\\\/wp-content\\\/uploads\\\/sites\\\/14\\\/2024\\\/03\\\/cropped-fav.png\",\"contentUrl\":\"https:\\\/\\\/fieam.org.br\\\/sesi\\\/wp-content\\\/uploads\\\/sites\\\/14\\\/2024\\\/03\\\/cropped-fav.png\",\"width\":610,\"height\":589,\"caption\":\"SESI\"},\"image\":{\"@id\":\"https:\\\/\\\/fieam.org.br\\\/sesi\\\/#\\\/schema\\\/logo\\\/image\\\/\"}},{\"@type\":\"Person\",\"@id\":\"https:\\\/\\\/fieam.org.br\\\/sesi\\\/#\\\/schema\\\/person\\\/f54998dd14d5f0695b41444f2b01c31e\",\"name\":\"Autor\",\"image\":{\"@type\":\"ImageObject\",\"inLanguage\":\"pt-BR\",\"@id\":\"https:\\\/\\\/secure.gravatar.com\\\/avatar\\\/3732c223e0e1fad69062a8f770955c9068d37b055204f310a0be18d4069fe380?s=96&d=mm&r=g\",\"url\":\"https:\\\/\\\/secure.gravatar.com\\\/avatar\\\/3732c223e0e1fad69062a8f770955c9068d37b055204f310a0be18d4069fe380?s=96&d=mm&r=g\",\"contentUrl\":\"https:\\\/\\\/secure.gravatar.com\\\/avatar\\\/3732c223e0e1fad69062a8f770955c9068d37b055204f310a0be18d4069fe380?s=96&d=mm&r=g\",\"caption\":\"Autor\"},\"sameAs\":[\"https:\\\/\\\/marketingmassivo.com.br\"],\"url\":\"https:\\\/\\\/fieam.org.br\\\/sesi\\\/author\\\/admin\\\/\"}]}<\/script>\n<!-- \/ Yoast SEO plugin. -->","yoast_head_json":{"title":"SESI e Sinduscon promovem a\u00e7\u00e3o para trabalhadores - SESI","robots":{"index":"index","follow":"follow","max-snippet":"max-snippet:-1","max-image-preview":"max-image-preview:large","max-video-preview":"max-video-preview:-1"},"canonical":"https:\/\/fieam.org.br\/sesi\/sesi-e-sinduscon-promovem-acao-para-trabalhadores\/","og_locale":"pt_BR","og_type":"article","og_title":"SESI e Sinduscon promovem a\u00e7\u00e3o para trabalhadores - SESI","og_description":"&nbsp; O Servi\u00e7o Social da Ind\u00fastria (SESI Amazonas),\u00a0em parceria com o Sindicato da Ind\u00fastria da Constru\u00e7\u00e3o Civil do Amazonas (Sinduscon) e Servi\u00e7o Social da Ind\u00fastria da Constru\u00e7\u00e3o Civil de Manaus (Sinconci) atenderam mais de 5 mil trabalhadores nas \u00e1reas de educa\u00e7\u00e3o, sa\u00fade e lazer, entre outros servi\u00e7os, no Dia Nacional da Constru\u00e7\u00e3o Social e \u00a0Circuito [&hellip;]","og_url":"https:\/\/fieam.org.br\/sesi\/sesi-e-sinduscon-promovem-acao-para-trabalhadores\/","og_site_name":"SESI","article_published_time":"2014-08-25T19:25:29+00:00","author":"Autor","twitter_card":"summary_large_image","twitter_misc":{"Escrito por":"Autor","Est. tempo de leitura":"4 minutos"},"schema":{"@context":"https:\/\/schema.org","@graph":[{"@type":"Article","@id":"https:\/\/fieam.org.br\/sesi\/sesi-e-sinduscon-promovem-acao-para-trabalhadores\/#article","isPartOf":{"@id":"https:\/\/fieam.org.br\/sesi\/sesi-e-sinduscon-promovem-acao-para-trabalhadores\/"},"author":{"name":"Autor","@id":"https:\/\/fieam.org.br\/sesi\/#\/schema\/person\/f54998dd14d5f0695b41444f2b01c31e"},"headline":"SESI e Sinduscon promovem a\u00e7\u00e3o para trabalhadores","datePublished":"2014-08-25T19:25:29+00:00","mainEntityOfPage":{"@id":"https:\/\/fieam.org.br\/sesi\/sesi-e-sinduscon-promovem-acao-para-trabalhadores\/"},"wordCount":747,"commentCount":0,"publisher":{"@id":"https:\/\/fieam.org.br\/sesi\/#organization"},"articleSection":["News"],"inLanguage":"pt-BR","potentialAction":[{"@type":"CommentAction","name":"Comment","target":["https:\/\/fieam.org.br\/sesi\/sesi-e-sinduscon-promovem-acao-para-trabalhadores\/#respond"]}]},{"@type":"WebPage","@id":"https:\/\/fieam.org.br\/sesi\/sesi-e-sinduscon-promovem-acao-para-trabalhadores\/","url":"https:\/\/fieam.org.br\/sesi\/sesi-e-sinduscon-promovem-acao-para-trabalhadores\/","name":"SESI e Sinduscon promovem a\u00e7\u00e3o para trabalhadores - SESI","isPartOf":{"@id":"https:\/\/fieam.org.br\/sesi\/#website"},"datePublished":"2014-08-25T19:25:29+00:00","breadcrumb":{"@id":"https:\/\/fieam.org.br\/sesi\/sesi-e-sinduscon-promovem-acao-para-trabalhadores\/#breadcrumb"},"inLanguage":"pt-BR","potentialAction":[{"@type":"ReadAction","target":["https:\/\/fieam.org.br\/sesi\/sesi-e-sinduscon-promovem-acao-para-trabalhadores\/"]}]},{"@type":"BreadcrumbList","@id":"https:\/\/fieam.org.br\/sesi\/sesi-e-sinduscon-promovem-acao-para-trabalhadores\/#breadcrumb","itemListElement":[{"@type":"ListItem","position":1,"name":"In\u00edcio","item":"https:\/\/fieam.org.br\/sesi\/"},{"@type":"ListItem","position":2,"name":"SESI e Sinduscon promovem a\u00e7\u00e3o para trabalhadores"}]},{"@type":"WebSite","@id":"https:\/\/fieam.org.br\/sesi\/#website","url":"https:\/\/fieam.org.br\/sesi\/","name":"SESI","description":"Site Oficial!","publisher":{"@id":"https:\/\/fieam.org.br\/sesi\/#organization"},"potentialAction":[{"@type":"SearchAction","target":{"@type":"EntryPoint","urlTemplate":"https:\/\/fieam.org.br\/sesi\/?s={search_term_string}"},"query-input":{"@type":"PropertyValueSpecification","valueRequired":true,"valueName":"search_term_string"}}],"inLanguage":"pt-BR"},{"@type":"Organization","@id":"https:\/\/fieam.org.br\/sesi\/#organization","name":"SESI","url":"https:\/\/fieam.org.br\/sesi\/","logo":{"@type":"ImageObject","inLanguage":"pt-BR","@id":"https:\/\/fieam.org.br\/sesi\/#\/schema\/logo\/image\/","url":"https:\/\/fieam.org.br\/sesi\/wp-content\/uploads\/sites\/14\/2024\/03\/cropped-fav.png","contentUrl":"https:\/\/fieam.org.br\/sesi\/wp-content\/uploads\/sites\/14\/2024\/03\/cropped-fav.png","width":610,"height":589,"caption":"SESI"},"image":{"@id":"https:\/\/fieam.org.br\/sesi\/#\/schema\/logo\/image\/"}},{"@type":"Person","@id":"https:\/\/fieam.org.br\/sesi\/#\/schema\/person\/f54998dd14d5f0695b41444f2b01c31e","name":"Autor","image":{"@type":"ImageObject","inLanguage":"pt-BR","@id":"https:\/\/secure.gravatar.com\/avatar\/3732c223e0e1fad69062a8f770955c9068d37b055204f310a0be18d4069fe380?s=96&d=mm&r=g","url":"https:\/\/secure.gravatar.com\/avatar\/3732c223e0e1fad69062a8f770955c9068d37b055204f310a0be18d4069fe380?s=96&d=mm&r=g","contentUrl":"https:\/\/secure.gravatar.com\/avatar\/3732c223e0e1fad69062a8f770955c9068d37b055204f310a0be18d4069fe380?s=96&d=mm&r=g","caption":"Autor"},"sameAs":["https:\/\/marketingmassivo.com.br"],"url":"https:\/\/fieam.org.br\/sesi\/author\/admin\/"}]}},"_links":{"self":[{"href":"https:\/\/fieam.org.br\/sesi\/wp-json\/wp\/v2\/posts\/5926","targetHints":{"allow":["GET"]}}],"collection":[{"href":"https:\/\/fieam.org.br\/sesi\/wp-json\/wp\/v2\/posts"}],"about":[{"href":"https:\/\/fieam.org.br\/sesi\/wp-json\/wp\/v2\/types\/post"}],"author":[{"embeddable":true,"href":"https:\/\/fieam.org.br\/sesi\/wp-json\/wp\/v2\/users\/1"}],"replies":[{"embeddable":true,"href":"https:\/\/fieam.org.br\/sesi\/wp-json\/wp\/v2\/comments?post=5926"}],"version-history":[{"count":0,"href":"https:\/\/fieam.org.br\/sesi\/wp-json\/wp\/v2\/posts\/5926\/revisions"}],"wp:attachment":[{"href":"https:\/\/fieam.org.br\/sesi\/wp-json\/wp\/v2\/media?parent=5926"}],"wp:term":[{"taxonomy":"category","embeddable":true,"href":"https:\/\/fieam.org.br\/sesi\/wp-json\/wp\/v2\/categories?post=5926"},{"taxonomy":"post_tag","embeddable":true,"href":"https:\/\/fieam.org.br\/sesi\/wp-json\/wp\/v2\/tags?post=5926"}],"curies":[{"name":"wp","href":"https:\/\/api.w.org\/{rel}","templated":true}]}}