{"id":5851,"date":"2014-08-12T19:56:52","date_gmt":"2014-08-12T19:56:52","guid":{"rendered":"http:\/\/www.fieam.org.br\/site\/sesi\/?p=5851"},"modified":"2014-08-12T19:56:52","modified_gmt":"2014-08-12T19:56:52","slug":"menor-aprendiz-fica-com-ouro-no-tenis-de-mesa","status":"publish","type":"post","link":"https:\/\/fieam.org.br\/sesi\/menor-aprendiz-fica-com-ouro-no-tenis-de-mesa\/","title":{"rendered":"Menor aprendiz fica com ouro no t\u00eanis de mesa"},"content":{"rendered":"<figure id=\"attachment_5852\" aria-describedby=\"caption-attachment-5852\" style=\"width: 300px\" class=\"wp-caption alignleft\"><a href=\"http:\/\/www.fieam.org.br\/site\/sesi\/menor-aprendiz-fica-com-ouro-no-tenis-de-mesa\/leonardo-da-tpv-duas-medalhas-de-ouro\/\" rel=\"attachment wp-att-5852\"><img fetchpriority=\"high\" decoding=\"async\" class=\"size-medium wp-image-5852\" title=\"Leonardo da TPV - duas medalhas de ouro\" alt=\"Leonardo da TPV - duas medalhas de ouro\" src=\"http:\/\/www.fieam.org.br\/2015\/sesi\/wp-content\/uploads\/sites\/2\/2014\/08\/Leonardo-da-TPV-duas-medalhas-de-ouro-300x200.jpg\" width=\"300\" height=\"200\" srcset=\"https:\/\/fieam.org.br\/sesi\/wp-content\/uploads\/sites\/14\/2014\/08\/Leonardo-da-TPV-duas-medalhas-de-ouro-300x200.jpg 300w, https:\/\/fieam.org.br\/sesi\/wp-content\/uploads\/sites\/14\/2014\/08\/Leonardo-da-TPV-duas-medalhas-de-ouro-768x512.jpg 768w, https:\/\/fieam.org.br\/sesi\/wp-content\/uploads\/sites\/14\/2014\/08\/Leonardo-da-TPV-duas-medalhas-de-ouro.jpg 1024w\" sizes=\"(max-width: 300px) 100vw, 300px\" \/><\/a><figcaption id=\"caption-attachment-5852\" class=\"wp-caption-text\">Leonardo da TPV &#8211; duas medalhas de ouro<\/figcaption><\/figure>\n<p>O menor aprendiz da TPV, Leonardo Soares, de 16 anos, foi o destaque da modalidade t\u00eanis de mesa dos Jogos Estaduais de 2014 ao conquistar duas medalhas de ouro, uma por equipe e outra individual. Na final da modalidade individual, Leonardo venceu Maicon Braga, da Masa da Amaz\u00f4nia, por 3 a 0, com parciais de 11 a 3, 11 a 7 e 11 a 6.<\/p>\n<p>Leonardo, que aprendeu a jogar t\u00eanis com o pai, participou pela primeira vez dos Jogos\u00a0<a href=\"http:\/\/www.fieam.org.br\/site\/sesi\" target=\"_blank\" rel=\"noopener\">SESI<\/a>. Ele disse que teve dificuldades para chegar \u00e0 final no individual e que as partidas foram bem disputadas. Acabou vencendo porque, segundo ele, treinou muito e estava focado na competi\u00e7\u00e3o.<\/p>\n<p>Como estrat\u00e9gia, o mesatenista revela que ataca constantemente, al\u00e9m der sacar sempre com muito efeito para dificultar a recep\u00e7\u00e3o do advers\u00e1rio. No p\u00f3dio, Leonardo ficou com o ouro, Maicon Braga, com a prata, e os atletas Eudesmar Neves, da P&amp;G, e Danilo Mendon\u00e7a, da Moto Honda, empatados na terceira coloca\u00e7\u00e3o, ficaram com a medalha de bronze.<\/p>\n<p>No feminino, mais uma vez prevaleceu a t\u00e9cnica e a qualidade da atleta Suzana Kamimura, da Nokia, que conquistou o tetracampeonato ao derrotar na final a atleta da Panasonic, Priscila Lima, por 3 a 0, com parciais de 11-3, 11-4 e 11-1. Para conquistar a quarta medalha de ouro, Kamimura venceu as seis partidas que disputou sem perder um set. As atletas Brenda Coelho (Salcomp) Fernanda Barahuna (TPV) ficaram na terceira coloca\u00e7\u00e3o e ganharam medalhas de bronze.<\/p>\n<p>Suzana tem 32 anos e come\u00e7ou a praticar a modalidade aos 8 anos. Em 2012 conquistou o t\u00edtulo de campe\u00e3 dos Jogos Nacionais em Goi\u00e2nia (GO), e este ano participa dos Jogos Nacionais do SESI em Bel\u00e9m (PA), no m\u00eas de setembro. Ela disse que n\u00edvel do t\u00eanis de mesa entre industri\u00e1rios precisa de mais treinamento. Para Kamimura, o t\u00eanis exige concentra\u00e7\u00e3o e que a tranquilidade \u00e9 a \u00a0sua\u00a0 principal virtude na modalidade.<\/p>\n<p>Na classifica\u00e7\u00e3o por equipe, no masculino, a TPV conquistou o ouro, a Masa da Amaz\u00f4nia ficou com a prata, enquanto que LG e Honda ganharam medalhas de bronze. No feminino, a medalha de ouro foi para a Panasonic, a prata para a Honda. TPV e Salcomp ficaram com a de bronze.<\/p>\n<p>A modalidade de t\u00eanis de mesa foi disputada no \u00faltimo fim de semana na Vila Ol\u00edmpica de Manaus e reuniu cerca de 120 atletas no masculino e no feminino, representando 24 empresas do Polo Industrial de Manaus (PIM).<\/p>\n<p>[nggallery id=258]<\/p>\n","protected":false},"excerpt":{"rendered":"<p>O menor aprendiz da TPV, Leonardo Soares, de 16 anos, foi o destaque da modalidade t\u00eanis de mesa dos Jogos Estaduais de 2014 ao conquistar duas medalhas de ouro, uma por equipe e outra individual. Na final da modalidade individual, Leonardo venceu Maicon Braga, da Masa da Amaz\u00f4nia, por 3 a 0, com parciais de [&hellip;]<\/p>\n","protected":false},"author":1,"featured_media":0,"comment_status":"open","ping_status":"open","sticky":false,"template":"","format":"standard","meta":{"footnotes":""},"categories":[25],"tags":[],"class_list":["post-5851","post","type-post","status-publish","format-standard","hentry","category-news"],"yoast_head":"<!-- This site is optimized with the Yoast SEO plugin v26.8 - https:\/\/yoast.com\/product\/yoast-seo-wordpress\/ -->\n<title>Menor aprendiz fica com ouro no t\u00eanis de mesa - SESI<\/title>\n<meta name=\"robots\" content=\"index, follow, max-snippet:-1, max-image-preview:large, max-video-preview:-1\" \/>\n<link rel=\"canonical\" href=\"https:\/\/fieam.org.br\/sesi\/menor-aprendiz-fica-com-ouro-no-tenis-de-mesa\/\" \/>\n<meta property=\"og:locale\" content=\"pt_BR\" \/>\n<meta property=\"og:type\" content=\"article\" \/>\n<meta property=\"og:title\" content=\"Menor aprendiz fica com ouro no t\u00eanis de mesa - SESI\" \/>\n<meta property=\"og:description\" content=\"O menor aprendiz da TPV, Leonardo Soares, de 16 anos, foi o destaque da modalidade t\u00eanis de mesa dos Jogos Estaduais de 2014 ao conquistar duas medalhas de ouro, uma por equipe e outra individual. Na final da modalidade individual, Leonardo venceu Maicon Braga, da Masa da Amaz\u00f4nia, por 3 a 0, com parciais de [&hellip;]\" \/>\n<meta property=\"og:url\" content=\"https:\/\/fieam.org.br\/sesi\/menor-aprendiz-fica-com-ouro-no-tenis-de-mesa\/\" \/>\n<meta property=\"og:site_name\" content=\"SESI\" \/>\n<meta property=\"article:published_time\" content=\"2014-08-12T19:56:52+00:00\" \/>\n<meta property=\"og:image\" content=\"https:\/\/fieam.org.br\/sesi\/wp-content\/uploads\/sites\/14\/2014\/08\/Leonardo-da-TPV-duas-medalhas-de-ouro.jpg\" \/>\n\t<meta property=\"og:image:width\" content=\"1024\" \/>\n\t<meta property=\"og:image:height\" content=\"683\" \/>\n\t<meta property=\"og:image:type\" content=\"image\/jpeg\" \/>\n<meta name=\"author\" content=\"Autor\" \/>\n<meta name=\"twitter:card\" content=\"summary_large_image\" \/>\n<meta name=\"twitter:label1\" content=\"Escrito por\" \/>\n\t<meta name=\"twitter:data1\" content=\"Autor\" \/>\n\t<meta name=\"twitter:label2\" content=\"Est. tempo de leitura\" \/>\n\t<meta name=\"twitter:data2\" content=\"2 minutos\" \/>\n<script type=\"application\/ld+json\" class=\"yoast-schema-graph\">{\"@context\":\"https:\/\/schema.org\",\"@graph\":[{\"@type\":\"Article\",\"@id\":\"https:\/\/fieam.org.br\/sesi\/menor-aprendiz-fica-com-ouro-no-tenis-de-mesa\/#article\",\"isPartOf\":{\"@id\":\"https:\/\/fieam.org.br\/sesi\/menor-aprendiz-fica-com-ouro-no-tenis-de-mesa\/\"},\"author\":{\"name\":\"Autor\",\"@id\":\"https:\/\/fieam.org.br\/sesi\/#\/schema\/person\/c1ceda8321521b291cee22da0a7d34be\"},\"headline\":\"Menor aprendiz fica com ouro no t\u00eanis de mesa\",\"datePublished\":\"2014-08-12T19:56:52+00:00\",\"mainEntityOfPage\":{\"@id\":\"https:\/\/fieam.org.br\/sesi\/menor-aprendiz-fica-com-ouro-no-tenis-de-mesa\/\"},\"wordCount\":443,\"commentCount\":0,\"publisher\":{\"@id\":\"https:\/\/fieam.org.br\/sesi\/#organization\"},\"image\":{\"@id\":\"https:\/\/fieam.org.br\/sesi\/menor-aprendiz-fica-com-ouro-no-tenis-de-mesa\/#primaryimage\"},\"thumbnailUrl\":\"http:\/\/www.fieam.org.br\/2015\/sesi\/wp-content\/uploads\/sites\/2\/2014\/08\/Leonardo-da-TPV-duas-medalhas-de-ouro-300x200.jpg\",\"articleSection\":[\"News\"],\"inLanguage\":\"pt-BR\",\"potentialAction\":[{\"@type\":\"CommentAction\",\"name\":\"Comment\",\"target\":[\"https:\/\/fieam.org.br\/sesi\/menor-aprendiz-fica-com-ouro-no-tenis-de-mesa\/#respond\"]}]},{\"@type\":\"WebPage\",\"@id\":\"https:\/\/fieam.org.br\/sesi\/menor-aprendiz-fica-com-ouro-no-tenis-de-mesa\/\",\"url\":\"https:\/\/fieam.org.br\/sesi\/menor-aprendiz-fica-com-ouro-no-tenis-de-mesa\/\",\"name\":\"Menor aprendiz fica com ouro no t\u00eanis de mesa - SESI\",\"isPartOf\":{\"@id\":\"https:\/\/fieam.org.br\/sesi\/#website\"},\"primaryImageOfPage\":{\"@id\":\"https:\/\/fieam.org.br\/sesi\/menor-aprendiz-fica-com-ouro-no-tenis-de-mesa\/#primaryimage\"},\"image\":{\"@id\":\"https:\/\/fieam.org.br\/sesi\/menor-aprendiz-fica-com-ouro-no-tenis-de-mesa\/#primaryimage\"},\"thumbnailUrl\":\"http:\/\/www.fieam.org.br\/2015\/sesi\/wp-content\/uploads\/sites\/2\/2014\/08\/Leonardo-da-TPV-duas-medalhas-de-ouro-300x200.jpg\",\"datePublished\":\"2014-08-12T19:56:52+00:00\",\"breadcrumb\":{\"@id\":\"https:\/\/fieam.org.br\/sesi\/menor-aprendiz-fica-com-ouro-no-tenis-de-mesa\/#breadcrumb\"},\"inLanguage\":\"pt-BR\",\"potentialAction\":[{\"@type\":\"ReadAction\",\"target\":[\"https:\/\/fieam.org.br\/sesi\/menor-aprendiz-fica-com-ouro-no-tenis-de-mesa\/\"]}]},{\"@type\":\"ImageObject\",\"inLanguage\":\"pt-BR\",\"@id\":\"https:\/\/fieam.org.br\/sesi\/menor-aprendiz-fica-com-ouro-no-tenis-de-mesa\/#primaryimage\",\"url\":\"http:\/\/www.fieam.org.br\/2015\/sesi\/wp-content\/uploads\/sites\/2\/2014\/08\/Leonardo-da-TPV-duas-medalhas-de-ouro-300x200.jpg\",\"contentUrl\":\"http:\/\/www.fieam.org.br\/2015\/sesi\/wp-content\/uploads\/sites\/2\/2014\/08\/Leonardo-da-TPV-duas-medalhas-de-ouro-300x200.jpg\"},{\"@type\":\"BreadcrumbList\",\"@id\":\"https:\/\/fieam.org.br\/sesi\/menor-aprendiz-fica-com-ouro-no-tenis-de-mesa\/#breadcrumb\",\"itemListElement\":[{\"@type\":\"ListItem\",\"position\":1,\"name\":\"In\u00edcio\",\"item\":\"https:\/\/fieam.org.br\/sesi\/\"},{\"@type\":\"ListItem\",\"position\":2,\"name\":\"Menor aprendiz fica com ouro no t\u00eanis de mesa\"}]},{\"@type\":\"WebSite\",\"@id\":\"https:\/\/fieam.org.br\/sesi\/#website\",\"url\":\"https:\/\/fieam.org.br\/sesi\/\",\"name\":\"SESI\",\"description\":\"Site Oficial!\",\"publisher\":{\"@id\":\"https:\/\/fieam.org.br\/sesi\/#organization\"},\"potentialAction\":[{\"@type\":\"SearchAction\",\"target\":{\"@type\":\"EntryPoint\",\"urlTemplate\":\"https:\/\/fieam.org.br\/sesi\/?s={search_term_string}\"},\"query-input\":{\"@type\":\"PropertyValueSpecification\",\"valueRequired\":true,\"valueName\":\"search_term_string\"}}],\"inLanguage\":\"pt-BR\"},{\"@type\":\"Organization\",\"@id\":\"https:\/\/fieam.org.br\/sesi\/#organization\",\"name\":\"SESI\",\"url\":\"https:\/\/fieam.org.br\/sesi\/\",\"logo\":{\"@type\":\"ImageObject\",\"inLanguage\":\"pt-BR\",\"@id\":\"https:\/\/fieam.org.br\/sesi\/#\/schema\/logo\/image\/\",\"url\":\"https:\/\/fieam.org.br\/sesi\/wp-content\/uploads\/sites\/14\/2024\/03\/cropped-fav.png\",\"contentUrl\":\"https:\/\/fieam.org.br\/sesi\/wp-content\/uploads\/sites\/14\/2024\/03\/cropped-fav.png\",\"width\":610,\"height\":589,\"caption\":\"SESI\"},\"image\":{\"@id\":\"https:\/\/fieam.org.br\/sesi\/#\/schema\/logo\/image\/\"}},{\"@type\":\"Person\",\"@id\":\"https:\/\/fieam.org.br\/sesi\/#\/schema\/person\/c1ceda8321521b291cee22da0a7d34be\",\"name\":\"Autor\",\"image\":{\"@type\":\"ImageObject\",\"inLanguage\":\"pt-BR\",\"@id\":\"https:\/\/fieam.org.br\/sesi\/#\/schema\/person\/image\/\",\"url\":\"https:\/\/secure.gravatar.com\/avatar\/3732c223e0e1fad69062a8f770955c9068d37b055204f310a0be18d4069fe380?s=96&d=mm&r=g\",\"contentUrl\":\"https:\/\/secure.gravatar.com\/avatar\/3732c223e0e1fad69062a8f770955c9068d37b055204f310a0be18d4069fe380?s=96&d=mm&r=g\",\"caption\":\"Autor\"},\"sameAs\":[\"https:\/\/marketingmassivo.com.br\"],\"url\":\"https:\/\/fieam.org.br\/sesi\/author\/admin\/\"}]}<\/script>\n<!-- \/ Yoast SEO plugin. -->","yoast_head_json":{"title":"Menor aprendiz fica com ouro no t\u00eanis de mesa - SESI","robots":{"index":"index","follow":"follow","max-snippet":"max-snippet:-1","max-image-preview":"max-image-preview:large","max-video-preview":"max-video-preview:-1"},"canonical":"https:\/\/fieam.org.br\/sesi\/menor-aprendiz-fica-com-ouro-no-tenis-de-mesa\/","og_locale":"pt_BR","og_type":"article","og_title":"Menor aprendiz fica com ouro no t\u00eanis de mesa - SESI","og_description":"O menor aprendiz da TPV, Leonardo Soares, de 16 anos, foi o destaque da modalidade t\u00eanis de mesa dos Jogos Estaduais de 2014 ao conquistar duas medalhas de ouro, uma por equipe e outra individual. Na final da modalidade individual, Leonardo venceu Maicon Braga, da Masa da Amaz\u00f4nia, por 3 a 0, com parciais de [&hellip;]","og_url":"https:\/\/fieam.org.br\/sesi\/menor-aprendiz-fica-com-ouro-no-tenis-de-mesa\/","og_site_name":"SESI","article_published_time":"2014-08-12T19:56:52+00:00","og_image":[{"width":1024,"height":683,"url":"https:\/\/fieam.org.br\/sesi\/wp-content\/uploads\/sites\/14\/2014\/08\/Leonardo-da-TPV-duas-medalhas-de-ouro.jpg","type":"image\/jpeg"}],"author":"Autor","twitter_card":"summary_large_image","twitter_misc":{"Escrito por":"Autor","Est. tempo de leitura":"2 minutos"},"schema":{"@context":"https:\/\/schema.org","@graph":[{"@type":"Article","@id":"https:\/\/fieam.org.br\/sesi\/menor-aprendiz-fica-com-ouro-no-tenis-de-mesa\/#article","isPartOf":{"@id":"https:\/\/fieam.org.br\/sesi\/menor-aprendiz-fica-com-ouro-no-tenis-de-mesa\/"},"author":{"name":"Autor","@id":"https:\/\/fieam.org.br\/sesi\/#\/schema\/person\/c1ceda8321521b291cee22da0a7d34be"},"headline":"Menor aprendiz fica com ouro no t\u00eanis de mesa","datePublished":"2014-08-12T19:56:52+00:00","mainEntityOfPage":{"@id":"https:\/\/fieam.org.br\/sesi\/menor-aprendiz-fica-com-ouro-no-tenis-de-mesa\/"},"wordCount":443,"commentCount":0,"publisher":{"@id":"https:\/\/fieam.org.br\/sesi\/#organization"},"image":{"@id":"https:\/\/fieam.org.br\/sesi\/menor-aprendiz-fica-com-ouro-no-tenis-de-mesa\/#primaryimage"},"thumbnailUrl":"http:\/\/www.fieam.org.br\/2015\/sesi\/wp-content\/uploads\/sites\/2\/2014\/08\/Leonardo-da-TPV-duas-medalhas-de-ouro-300x200.jpg","articleSection":["News"],"inLanguage":"pt-BR","potentialAction":[{"@type":"CommentAction","name":"Comment","target":["https:\/\/fieam.org.br\/sesi\/menor-aprendiz-fica-com-ouro-no-tenis-de-mesa\/#respond"]}]},{"@type":"WebPage","@id":"https:\/\/fieam.org.br\/sesi\/menor-aprendiz-fica-com-ouro-no-tenis-de-mesa\/","url":"https:\/\/fieam.org.br\/sesi\/menor-aprendiz-fica-com-ouro-no-tenis-de-mesa\/","name":"Menor aprendiz fica com ouro no t\u00eanis de mesa - SESI","isPartOf":{"@id":"https:\/\/fieam.org.br\/sesi\/#website"},"primaryImageOfPage":{"@id":"https:\/\/fieam.org.br\/sesi\/menor-aprendiz-fica-com-ouro-no-tenis-de-mesa\/#primaryimage"},"image":{"@id":"https:\/\/fieam.org.br\/sesi\/menor-aprendiz-fica-com-ouro-no-tenis-de-mesa\/#primaryimage"},"thumbnailUrl":"http:\/\/www.fieam.org.br\/2015\/sesi\/wp-content\/uploads\/sites\/2\/2014\/08\/Leonardo-da-TPV-duas-medalhas-de-ouro-300x200.jpg","datePublished":"2014-08-12T19:56:52+00:00","breadcrumb":{"@id":"https:\/\/fieam.org.br\/sesi\/menor-aprendiz-fica-com-ouro-no-tenis-de-mesa\/#breadcrumb"},"inLanguage":"pt-BR","potentialAction":[{"@type":"ReadAction","target":["https:\/\/fieam.org.br\/sesi\/menor-aprendiz-fica-com-ouro-no-tenis-de-mesa\/"]}]},{"@type":"ImageObject","inLanguage":"pt-BR","@id":"https:\/\/fieam.org.br\/sesi\/menor-aprendiz-fica-com-ouro-no-tenis-de-mesa\/#primaryimage","url":"http:\/\/www.fieam.org.br\/2015\/sesi\/wp-content\/uploads\/sites\/2\/2014\/08\/Leonardo-da-TPV-duas-medalhas-de-ouro-300x200.jpg","contentUrl":"http:\/\/www.fieam.org.br\/2015\/sesi\/wp-content\/uploads\/sites\/2\/2014\/08\/Leonardo-da-TPV-duas-medalhas-de-ouro-300x200.jpg"},{"@type":"BreadcrumbList","@id":"https:\/\/fieam.org.br\/sesi\/menor-aprendiz-fica-com-ouro-no-tenis-de-mesa\/#breadcrumb","itemListElement":[{"@type":"ListItem","position":1,"name":"In\u00edcio","item":"https:\/\/fieam.org.br\/sesi\/"},{"@type":"ListItem","position":2,"name":"Menor aprendiz fica com ouro no t\u00eanis de mesa"}]},{"@type":"WebSite","@id":"https:\/\/fieam.org.br\/sesi\/#website","url":"https:\/\/fieam.org.br\/sesi\/","name":"SESI","description":"Site Oficial!","publisher":{"@id":"https:\/\/fieam.org.br\/sesi\/#organization"},"potentialAction":[{"@type":"SearchAction","target":{"@type":"EntryPoint","urlTemplate":"https:\/\/fieam.org.br\/sesi\/?s={search_term_string}"},"query-input":{"@type":"PropertyValueSpecification","valueRequired":true,"valueName":"search_term_string"}}],"inLanguage":"pt-BR"},{"@type":"Organization","@id":"https:\/\/fieam.org.br\/sesi\/#organization","name":"SESI","url":"https:\/\/fieam.org.br\/sesi\/","logo":{"@type":"ImageObject","inLanguage":"pt-BR","@id":"https:\/\/fieam.org.br\/sesi\/#\/schema\/logo\/image\/","url":"https:\/\/fieam.org.br\/sesi\/wp-content\/uploads\/sites\/14\/2024\/03\/cropped-fav.png","contentUrl":"https:\/\/fieam.org.br\/sesi\/wp-content\/uploads\/sites\/14\/2024\/03\/cropped-fav.png","width":610,"height":589,"caption":"SESI"},"image":{"@id":"https:\/\/fieam.org.br\/sesi\/#\/schema\/logo\/image\/"}},{"@type":"Person","@id":"https:\/\/fieam.org.br\/sesi\/#\/schema\/person\/c1ceda8321521b291cee22da0a7d34be","name":"Autor","image":{"@type":"ImageObject","inLanguage":"pt-BR","@id":"https:\/\/fieam.org.br\/sesi\/#\/schema\/person\/image\/","url":"https:\/\/secure.gravatar.com\/avatar\/3732c223e0e1fad69062a8f770955c9068d37b055204f310a0be18d4069fe380?s=96&d=mm&r=g","contentUrl":"https:\/\/secure.gravatar.com\/avatar\/3732c223e0e1fad69062a8f770955c9068d37b055204f310a0be18d4069fe380?s=96&d=mm&r=g","caption":"Autor"},"sameAs":["https:\/\/marketingmassivo.com.br"],"url":"https:\/\/fieam.org.br\/sesi\/author\/admin\/"}]}},"_links":{"self":[{"href":"https:\/\/fieam.org.br\/sesi\/wp-json\/wp\/v2\/posts\/5851","targetHints":{"allow":["GET"]}}],"collection":[{"href":"https:\/\/fieam.org.br\/sesi\/wp-json\/wp\/v2\/posts"}],"about":[{"href":"https:\/\/fieam.org.br\/sesi\/wp-json\/wp\/v2\/types\/post"}],"author":[{"embeddable":true,"href":"https:\/\/fieam.org.br\/sesi\/wp-json\/wp\/v2\/users\/1"}],"replies":[{"embeddable":true,"href":"https:\/\/fieam.org.br\/sesi\/wp-json\/wp\/v2\/comments?post=5851"}],"version-history":[{"count":0,"href":"https:\/\/fieam.org.br\/sesi\/wp-json\/wp\/v2\/posts\/5851\/revisions"}],"wp:attachment":[{"href":"https:\/\/fieam.org.br\/sesi\/wp-json\/wp\/v2\/media?parent=5851"}],"wp:term":[{"taxonomy":"category","embeddable":true,"href":"https:\/\/fieam.org.br\/sesi\/wp-json\/wp\/v2\/categories?post=5851"},{"taxonomy":"post_tag","embeddable":true,"href":"https:\/\/fieam.org.br\/sesi\/wp-json\/wp\/v2\/tags?post=5851"}],"curies":[{"name":"wp","href":"https:\/\/api.w.org\/{rel}","templated":true}]}}