{"id":5847,"date":"2014-08-11T21:07:16","date_gmt":"2014-08-11T21:07:16","guid":{"rendered":"http:\/\/www.fieam.org.br\/site\/sesi\/?p=5847"},"modified":"2014-08-11T21:07:16","modified_gmt":"2014-08-11T21:07:16","slug":"acao-comunitaria-tem-ate-oferta-de-emprego-no-sao-jorge","status":"publish","type":"post","link":"https:\/\/fieam.org.br\/sesi\/acao-comunitaria-tem-ate-oferta-de-emprego-no-sao-jorge\/","title":{"rendered":"A\u00e7\u00e3o Comunit\u00e1ria tem at\u00e9 oferta de emprego no S\u00e3o Jorge"},"content":{"rendered":"<figure id=\"attachment_5848\" aria-describedby=\"caption-attachment-5848\" style=\"width: 300px\" class=\"wp-caption alignleft\"><a href=\"http:\/\/www.fieam.org.br\/site\/sesi\/acao-comunitaria-tem-ate-oferta-de-emprego-no-sao-jorge\/sesi-realizou-acoes-educativas-em-odontogia\/\" rel=\"attachment wp-att-5848\"><img fetchpriority=\"high\" decoding=\"async\" class=\"size-medium wp-image-5848\" alt=\"SESI realizou a\u00e7\u00f5es educativas em  odontogia\" src=\"http:\/\/www.fieam.org.br\/2015\/sesi\/wp-content\/uploads\/sites\/2\/2014\/08\/SESI-realizou-a\u00e7\u00f5es-educativas-em-odontogia-300x200.jpg\" width=\"300\" height=\"200\" \/><\/a><figcaption id=\"caption-attachment-5848\" class=\"wp-caption-text\">SESI realizou a\u00e7\u00f5es educativas em odontogia<\/figcaption><\/figure>\n<p>Desempregado h\u00e1 mais de seis meses, Maicon Negreiros de Lima, 19, realizou o sonho de voltar ao mercado de trabalho ao participar da A\u00e7\u00e3o Comunit\u00e1ria promovida pelo Servi\u00e7o Social da Ind\u00fastria, no \u00faltimo fim de semana, no Centro de Atividades Diocl\u00e9cio de Miranda Corr\u00eaa, no bairro S\u00e3o Jorge. Maicon conseguiu uma das 100 vagas oferecidas pelo Sistema Nacional de Emprego (Sine), um dos parceiros do\u00a0<a href=\"http:\/\/www.fieam.org.br\/site\/sesi\" target=\"_blank\" rel=\"noopener\">SESI<\/a>, no evento.<\/p>\n<p>Por ter o perfil profissional exigido pela empresa, Maicon foi encaminhado \u00e0 Mil Empresa de Constru\u00e7\u00e3o Civil para trabalhar na fun\u00e7\u00e3o de auxiliar de dep\u00f3sito. Ele mora no bairro Novo Israel, na zona Norte, e disse que agora tudo vai melhorar, porque tem mulher e filho para sustentar. Durante a a\u00e7\u00e3o, que teve como tema \u201cO Jovem e a Empregabilidade\u201d, foram fechadas as 100 ofertas de emprego levadas pelo SINE, e emitidas 60 carteiras de trabalho.<\/p>\n<p>Em sua segunda edi\u00e7\u00e3o, a A\u00e7\u00e3o Comunit\u00e1ria do SESI foi realizada de 9h \u00e0s 15h de s\u00e1bado (9) e direcionada \u00e0 comunidade S\u00e3o Jorge e \u00a0entorno, bairros adjacentes, al\u00e9m de pessoas de outros bairros, com palestras e treinamento, a\u00e7\u00f5es de cidadania, atividades de lazer e cultura, e emiss\u00e3o de documentos.<\/p>\n<p>A medicina alternativa teve um espa\u00e7o muito procurado pelo p\u00fablico, gra\u00e7as a produtos, como o pau-tenente, que combate o colesterol, melhora a digest\u00e3o e ainda emagrece, al\u00e9m da paracana\u00faba e espinheira-santa. A Bio Extrato montou um estande onde as pessoa aproveitavam para\u00a0 lavar e hidratar os cabelos e conhecer a linha de cosm\u00e9ticos oferecidos.<\/p>\n<p>O SESISA\u00daDE participou com orienta\u00e7\u00f5es e preven\u00e7\u00e3o em odontologia. Crian\u00e7as e adolescentes foram orientados a escovar os dentes no m\u00ednimo tr\u00eas vezes por dia, usar fio dental diariamente, escovar a l\u00edngua e fazer os movimentos corretos com a escova dental.<\/p>\n<p>Dentre as a\u00e7\u00f5es de cidadania, o p\u00fablico recebeu orienta\u00e7\u00f5es e aconselhamentos sobre direitos e deveres de crian\u00e7as e adolescentes, capta\u00e7\u00e3o de pessoas para o mercado de trabalho,\u00a0 atendimento oftalmol\u00f3gico (Unidade M\u00f3vel \u00d3tica Diniz),\u00a0 cadastramento para est\u00e1gios e encaminhamento de emprego com o\u00a0<a href=\"http:\/\/www.fieam.org.br\/site\/iel\" target=\"_blank\" rel=\"noopener\">Instituto Euvaldo Lodi (IEL Amazonas)<\/a>, al\u00e9m de cadastro para menor aprendiz realizado pela Samsung.<\/p>\n<p>As crian\u00e7as e adolescentes aproveitaram a manh\u00e3 de s\u00e1bado e se divertiram com os brinquedos infl\u00e1veis,\u00a0 cama el\u00e1stica, degusta\u00e7\u00e3o de refrescos, refrigerantes, caf\u00e9 e o famoso \u2018suco da horta\u2019, uma das especialidades do Programa SESI Cozinha Brasil, al\u00e9m de pintura facial, oficina de desenhos e a\u00e7\u00e3o educativa com palestras.<\/p>\n<p>A Secretaria Municipal de Assist\u00eancia Social e Direitos Humanos (Semasdh) realizou inscri\u00e7\u00f5es para o \u00a0Cadastro \u00danico destinado a Programas Sociais e receber atendimento do Programa Bolsa Fam\u00edlia e Programa Nacional de Acesso ao Ensino T\u00e9cnico e Emprego (Pronatec). Para participar do Pronatec \u00e9 necess\u00e1rio tamb\u00e9m certificado de escolaridade conclu\u00eddo ou cursando, e se menor de 18 anos os documentos do respons\u00e1vel, enquanto para o Bolsa Fam\u00edlia, \u00e9 exigida renda familiar at\u00e9 tr\u00eas sal\u00e1rios m\u00ednimos, al\u00e9m de carteira de trabalho.<\/p>\n<p>A A\u00e7\u00e3o \u00e9 uma realiza\u00e7\u00e3o do SESI Amazonas em parceria com o IEL Amazonas, A.L. Com\u00e9rcio de Purificadores, Amazonas Copiadora Ltda, Associa\u00e7\u00e3o de Moradores do S\u00e3o Jorge, Bio Extratos, Conselho Tutelar,\u00a0<a title=\"Permanent Link to Bem vindo \u00e0 Secretaria Municipal de Assist\u00eancia Social e Direitos Humanos\" href=\"http:\/\/semasdh.manaus.am.gov.br\/ola-mundo\/\" target=\"_blank\" rel=\"noopener\">Secretaria Municipal de Assist\u00eancia Social e Direitos Humanos<\/a>\u00a0(Semasdh), Instituto Embelleze, Medicinal, \u00d3tica Diniz, Recicla Manaus, Samsung, Sine Amazonas, Top Internacional Ltda e Tr\u00eas Cora\u00e7\u00f5es.<\/p>\n<p>A coordenadora da A\u00e7\u00e3o Comunit\u00e1ria, Patr\u00edcia Bezerra, disse que foram oferecidos 30 servi\u00e7os beneficiando cerca\u00a0 de 2,5 mil pessoas\u00a0 e que a maioria dos servi\u00e7os foi direcionada aos jovens em raz\u00e3o da pesquisa realizada pelo IBGE, que identificou o bairro de S\u00e3o Jorge com uma grande popula\u00e7\u00e3o formada por jovens. Segundo a coordenadora, SESI e parceiros se preocuparam em oferecer servi\u00e7os que contribuam para a inser\u00e7\u00e3o do jovem no mercado de trabalho.<\/p>\n<p>[nggallery id=257]<\/p>\n","protected":false},"excerpt":{"rendered":"<p>Desempregado h\u00e1 mais de seis meses, Maicon Negreiros de Lima, 19, realizou o sonho de voltar ao mercado de trabalho ao participar da A\u00e7\u00e3o Comunit\u00e1ria promovida pelo Servi\u00e7o Social da Ind\u00fastria, no \u00faltimo fim de semana, no Centro de Atividades Diocl\u00e9cio de Miranda Corr\u00eaa, no bairro S\u00e3o Jorge. Maicon conseguiu uma das 100 vagas oferecidas [&hellip;]<\/p>\n","protected":false},"author":1,"featured_media":0,"comment_status":"open","ping_status":"open","sticky":false,"template":"","format":"standard","meta":{"footnotes":""},"categories":[25],"tags":[],"class_list":["post-5847","post","type-post","status-publish","format-standard","hentry","category-news"],"yoast_head":"<!-- This site is optimized with the Yoast SEO plugin v28.2 - https:\/\/yoast.com\/product\/yoast-seo-wordpress\/ -->\n<title>A\u00e7\u00e3o Comunit\u00e1ria tem at\u00e9 oferta de emprego no S\u00e3o Jorge - SESI<\/title>\n<meta name=\"robots\" content=\"index, follow, max-snippet:-1, max-image-preview:large, max-video-preview:-1\" \/>\n<link rel=\"canonical\" href=\"https:\/\/fieam.org.br\/sesi\/acao-comunitaria-tem-ate-oferta-de-emprego-no-sao-jorge\/\" \/>\n<meta property=\"og:locale\" content=\"pt_BR\" \/>\n<meta property=\"og:type\" content=\"article\" \/>\n<meta property=\"og:title\" content=\"A\u00e7\u00e3o Comunit\u00e1ria tem at\u00e9 oferta de emprego no S\u00e3o Jorge - SESI\" \/>\n<meta property=\"og:description\" content=\"Desempregado h\u00e1 mais de seis meses, Maicon Negreiros de Lima, 19, realizou o sonho de voltar ao mercado de trabalho ao participar da A\u00e7\u00e3o Comunit\u00e1ria promovida pelo Servi\u00e7o Social da Ind\u00fastria, no \u00faltimo fim de semana, no Centro de Atividades Diocl\u00e9cio de Miranda Corr\u00eaa, no bairro S\u00e3o Jorge. Maicon conseguiu uma das 100 vagas oferecidas [&hellip;]\" \/>\n<meta property=\"og:url\" content=\"https:\/\/fieam.org.br\/sesi\/acao-comunitaria-tem-ate-oferta-de-emprego-no-sao-jorge\/\" \/>\n<meta property=\"og:site_name\" content=\"SESI\" \/>\n<meta property=\"article:published_time\" content=\"2014-08-11T21:07:16+00:00\" \/>\n<meta name=\"author\" content=\"Autor\" \/>\n<meta name=\"twitter:card\" content=\"summary_large_image\" \/>\n<meta name=\"twitter:label1\" content=\"Escrito por\" \/>\n\t<meta name=\"twitter:data1\" content=\"Autor\" \/>\n\t<meta name=\"twitter:label2\" content=\"Est. tempo de leitura\" \/>\n\t<meta name=\"twitter:data2\" content=\"3 minutos\" \/>\n<script type=\"application\/ld+json\" class=\"yoast-schema-graph\">{\"@context\":\"https:\\\/\\\/schema.org\",\"@graph\":[{\"@type\":\"Article\",\"@id\":\"https:\\\/\\\/fieam.org.br\\\/sesi\\\/acao-comunitaria-tem-ate-oferta-de-emprego-no-sao-jorge\\\/#article\",\"isPartOf\":{\"@id\":\"https:\\\/\\\/fieam.org.br\\\/sesi\\\/acao-comunitaria-tem-ate-oferta-de-emprego-no-sao-jorge\\\/\"},\"author\":{\"name\":\"Autor\",\"@id\":\"https:\\\/\\\/fieam.org.br\\\/sesi\\\/#\\\/schema\\\/person\\\/f54998dd14d5f0695b41444f2b01c31e\"},\"headline\":\"A\u00e7\u00e3o Comunit\u00e1ria tem at\u00e9 oferta de emprego no S\u00e3o Jorge\",\"datePublished\":\"2014-08-11T21:07:16+00:00\",\"mainEntityOfPage\":{\"@id\":\"https:\\\/\\\/fieam.org.br\\\/sesi\\\/acao-comunitaria-tem-ate-oferta-de-emprego-no-sao-jorge\\\/\"},\"wordCount\":697,\"commentCount\":0,\"publisher\":{\"@id\":\"https:\\\/\\\/fieam.org.br\\\/sesi\\\/#organization\"},\"articleSection\":[\"News\"],\"inLanguage\":\"pt-BR\",\"potentialAction\":[{\"@type\":\"CommentAction\",\"name\":\"Comment\",\"target\":[\"https:\\\/\\\/fieam.org.br\\\/sesi\\\/acao-comunitaria-tem-ate-oferta-de-emprego-no-sao-jorge\\\/#respond\"]}]},{\"@type\":\"WebPage\",\"@id\":\"https:\\\/\\\/fieam.org.br\\\/sesi\\\/acao-comunitaria-tem-ate-oferta-de-emprego-no-sao-jorge\\\/\",\"url\":\"https:\\\/\\\/fieam.org.br\\\/sesi\\\/acao-comunitaria-tem-ate-oferta-de-emprego-no-sao-jorge\\\/\",\"name\":\"A\u00e7\u00e3o Comunit\u00e1ria tem at\u00e9 oferta de emprego no S\u00e3o Jorge - SESI\",\"isPartOf\":{\"@id\":\"https:\\\/\\\/fieam.org.br\\\/sesi\\\/#website\"},\"datePublished\":\"2014-08-11T21:07:16+00:00\",\"breadcrumb\":{\"@id\":\"https:\\\/\\\/fieam.org.br\\\/sesi\\\/acao-comunitaria-tem-ate-oferta-de-emprego-no-sao-jorge\\\/#breadcrumb\"},\"inLanguage\":\"pt-BR\",\"potentialAction\":[{\"@type\":\"ReadAction\",\"target\":[\"https:\\\/\\\/fieam.org.br\\\/sesi\\\/acao-comunitaria-tem-ate-oferta-de-emprego-no-sao-jorge\\\/\"]}]},{\"@type\":\"BreadcrumbList\",\"@id\":\"https:\\\/\\\/fieam.org.br\\\/sesi\\\/acao-comunitaria-tem-ate-oferta-de-emprego-no-sao-jorge\\\/#breadcrumb\",\"itemListElement\":[{\"@type\":\"ListItem\",\"position\":1,\"name\":\"In\u00edcio\",\"item\":\"https:\\\/\\\/fieam.org.br\\\/sesi\\\/\"},{\"@type\":\"ListItem\",\"position\":2,\"name\":\"A\u00e7\u00e3o Comunit\u00e1ria tem at\u00e9 oferta de emprego no S\u00e3o Jorge\"}]},{\"@type\":\"WebSite\",\"@id\":\"https:\\\/\\\/fieam.org.br\\\/sesi\\\/#website\",\"url\":\"https:\\\/\\\/fieam.org.br\\\/sesi\\\/\",\"name\":\"SESI\",\"description\":\"Site Oficial!\",\"publisher\":{\"@id\":\"https:\\\/\\\/fieam.org.br\\\/sesi\\\/#organization\"},\"potentialAction\":[{\"@type\":\"SearchAction\",\"target\":{\"@type\":\"EntryPoint\",\"urlTemplate\":\"https:\\\/\\\/fieam.org.br\\\/sesi\\\/?s={search_term_string}\"},\"query-input\":{\"@type\":\"PropertyValueSpecification\",\"valueRequired\":true,\"valueName\":\"search_term_string\"}}],\"inLanguage\":\"pt-BR\"},{\"@type\":\"Organization\",\"@id\":\"https:\\\/\\\/fieam.org.br\\\/sesi\\\/#organization\",\"name\":\"SESI\",\"url\":\"https:\\\/\\\/fieam.org.br\\\/sesi\\\/\",\"logo\":{\"@type\":\"ImageObject\",\"inLanguage\":\"pt-BR\",\"@id\":\"https:\\\/\\\/fieam.org.br\\\/sesi\\\/#\\\/schema\\\/logo\\\/image\\\/\",\"url\":\"https:\\\/\\\/fieam.org.br\\\/sesi\\\/wp-content\\\/uploads\\\/sites\\\/14\\\/2024\\\/03\\\/cropped-fav.png\",\"contentUrl\":\"https:\\\/\\\/fieam.org.br\\\/sesi\\\/wp-content\\\/uploads\\\/sites\\\/14\\\/2024\\\/03\\\/cropped-fav.png\",\"width\":610,\"height\":589,\"caption\":\"SESI\"},\"image\":{\"@id\":\"https:\\\/\\\/fieam.org.br\\\/sesi\\\/#\\\/schema\\\/logo\\\/image\\\/\"}},{\"@type\":\"Person\",\"@id\":\"https:\\\/\\\/fieam.org.br\\\/sesi\\\/#\\\/schema\\\/person\\\/f54998dd14d5f0695b41444f2b01c31e\",\"name\":\"Autor\",\"image\":{\"@type\":\"ImageObject\",\"inLanguage\":\"pt-BR\",\"@id\":\"https:\\\/\\\/secure.gravatar.com\\\/avatar\\\/3732c223e0e1fad69062a8f770955c9068d37b055204f310a0be18d4069fe380?s=96&d=mm&r=g\",\"url\":\"https:\\\/\\\/secure.gravatar.com\\\/avatar\\\/3732c223e0e1fad69062a8f770955c9068d37b055204f310a0be18d4069fe380?s=96&d=mm&r=g\",\"contentUrl\":\"https:\\\/\\\/secure.gravatar.com\\\/avatar\\\/3732c223e0e1fad69062a8f770955c9068d37b055204f310a0be18d4069fe380?s=96&d=mm&r=g\",\"caption\":\"Autor\"},\"sameAs\":[\"https:\\\/\\\/marketingmassivo.com.br\"],\"url\":\"https:\\\/\\\/fieam.org.br\\\/sesi\\\/author\\\/admin\\\/\"}]}<\/script>\n<!-- \/ Yoast SEO plugin. -->","yoast_head_json":{"title":"A\u00e7\u00e3o Comunit\u00e1ria tem at\u00e9 oferta de emprego no S\u00e3o Jorge - SESI","robots":{"index":"index","follow":"follow","max-snippet":"max-snippet:-1","max-image-preview":"max-image-preview:large","max-video-preview":"max-video-preview:-1"},"canonical":"https:\/\/fieam.org.br\/sesi\/acao-comunitaria-tem-ate-oferta-de-emprego-no-sao-jorge\/","og_locale":"pt_BR","og_type":"article","og_title":"A\u00e7\u00e3o Comunit\u00e1ria tem at\u00e9 oferta de emprego no S\u00e3o Jorge - SESI","og_description":"Desempregado h\u00e1 mais de seis meses, Maicon Negreiros de Lima, 19, realizou o sonho de voltar ao mercado de trabalho ao participar da A\u00e7\u00e3o Comunit\u00e1ria promovida pelo Servi\u00e7o Social da Ind\u00fastria, no \u00faltimo fim de semana, no Centro de Atividades Diocl\u00e9cio de Miranda Corr\u00eaa, no bairro S\u00e3o Jorge. Maicon conseguiu uma das 100 vagas oferecidas [&hellip;]","og_url":"https:\/\/fieam.org.br\/sesi\/acao-comunitaria-tem-ate-oferta-de-emprego-no-sao-jorge\/","og_site_name":"SESI","article_published_time":"2014-08-11T21:07:16+00:00","author":"Autor","twitter_card":"summary_large_image","twitter_misc":{"Escrito por":"Autor","Est. tempo de leitura":"3 minutos"},"schema":{"@context":"https:\/\/schema.org","@graph":[{"@type":"Article","@id":"https:\/\/fieam.org.br\/sesi\/acao-comunitaria-tem-ate-oferta-de-emprego-no-sao-jorge\/#article","isPartOf":{"@id":"https:\/\/fieam.org.br\/sesi\/acao-comunitaria-tem-ate-oferta-de-emprego-no-sao-jorge\/"},"author":{"name":"Autor","@id":"https:\/\/fieam.org.br\/sesi\/#\/schema\/person\/f54998dd14d5f0695b41444f2b01c31e"},"headline":"A\u00e7\u00e3o Comunit\u00e1ria tem at\u00e9 oferta de emprego no S\u00e3o Jorge","datePublished":"2014-08-11T21:07:16+00:00","mainEntityOfPage":{"@id":"https:\/\/fieam.org.br\/sesi\/acao-comunitaria-tem-ate-oferta-de-emprego-no-sao-jorge\/"},"wordCount":697,"commentCount":0,"publisher":{"@id":"https:\/\/fieam.org.br\/sesi\/#organization"},"articleSection":["News"],"inLanguage":"pt-BR","potentialAction":[{"@type":"CommentAction","name":"Comment","target":["https:\/\/fieam.org.br\/sesi\/acao-comunitaria-tem-ate-oferta-de-emprego-no-sao-jorge\/#respond"]}]},{"@type":"WebPage","@id":"https:\/\/fieam.org.br\/sesi\/acao-comunitaria-tem-ate-oferta-de-emprego-no-sao-jorge\/","url":"https:\/\/fieam.org.br\/sesi\/acao-comunitaria-tem-ate-oferta-de-emprego-no-sao-jorge\/","name":"A\u00e7\u00e3o Comunit\u00e1ria tem at\u00e9 oferta de emprego no S\u00e3o Jorge - SESI","isPartOf":{"@id":"https:\/\/fieam.org.br\/sesi\/#website"},"datePublished":"2014-08-11T21:07:16+00:00","breadcrumb":{"@id":"https:\/\/fieam.org.br\/sesi\/acao-comunitaria-tem-ate-oferta-de-emprego-no-sao-jorge\/#breadcrumb"},"inLanguage":"pt-BR","potentialAction":[{"@type":"ReadAction","target":["https:\/\/fieam.org.br\/sesi\/acao-comunitaria-tem-ate-oferta-de-emprego-no-sao-jorge\/"]}]},{"@type":"BreadcrumbList","@id":"https:\/\/fieam.org.br\/sesi\/acao-comunitaria-tem-ate-oferta-de-emprego-no-sao-jorge\/#breadcrumb","itemListElement":[{"@type":"ListItem","position":1,"name":"In\u00edcio","item":"https:\/\/fieam.org.br\/sesi\/"},{"@type":"ListItem","position":2,"name":"A\u00e7\u00e3o Comunit\u00e1ria tem at\u00e9 oferta de emprego no S\u00e3o Jorge"}]},{"@type":"WebSite","@id":"https:\/\/fieam.org.br\/sesi\/#website","url":"https:\/\/fieam.org.br\/sesi\/","name":"SESI","description":"Site Oficial!","publisher":{"@id":"https:\/\/fieam.org.br\/sesi\/#organization"},"potentialAction":[{"@type":"SearchAction","target":{"@type":"EntryPoint","urlTemplate":"https:\/\/fieam.org.br\/sesi\/?s={search_term_string}"},"query-input":{"@type":"PropertyValueSpecification","valueRequired":true,"valueName":"search_term_string"}}],"inLanguage":"pt-BR"},{"@type":"Organization","@id":"https:\/\/fieam.org.br\/sesi\/#organization","name":"SESI","url":"https:\/\/fieam.org.br\/sesi\/","logo":{"@type":"ImageObject","inLanguage":"pt-BR","@id":"https:\/\/fieam.org.br\/sesi\/#\/schema\/logo\/image\/","url":"https:\/\/fieam.org.br\/sesi\/wp-content\/uploads\/sites\/14\/2024\/03\/cropped-fav.png","contentUrl":"https:\/\/fieam.org.br\/sesi\/wp-content\/uploads\/sites\/14\/2024\/03\/cropped-fav.png","width":610,"height":589,"caption":"SESI"},"image":{"@id":"https:\/\/fieam.org.br\/sesi\/#\/schema\/logo\/image\/"}},{"@type":"Person","@id":"https:\/\/fieam.org.br\/sesi\/#\/schema\/person\/f54998dd14d5f0695b41444f2b01c31e","name":"Autor","image":{"@type":"ImageObject","inLanguage":"pt-BR","@id":"https:\/\/secure.gravatar.com\/avatar\/3732c223e0e1fad69062a8f770955c9068d37b055204f310a0be18d4069fe380?s=96&d=mm&r=g","url":"https:\/\/secure.gravatar.com\/avatar\/3732c223e0e1fad69062a8f770955c9068d37b055204f310a0be18d4069fe380?s=96&d=mm&r=g","contentUrl":"https:\/\/secure.gravatar.com\/avatar\/3732c223e0e1fad69062a8f770955c9068d37b055204f310a0be18d4069fe380?s=96&d=mm&r=g","caption":"Autor"},"sameAs":["https:\/\/marketingmassivo.com.br"],"url":"https:\/\/fieam.org.br\/sesi\/author\/admin\/"}]}},"_links":{"self":[{"href":"https:\/\/fieam.org.br\/sesi\/wp-json\/wp\/v2\/posts\/5847","targetHints":{"allow":["GET"]}}],"collection":[{"href":"https:\/\/fieam.org.br\/sesi\/wp-json\/wp\/v2\/posts"}],"about":[{"href":"https:\/\/fieam.org.br\/sesi\/wp-json\/wp\/v2\/types\/post"}],"author":[{"embeddable":true,"href":"https:\/\/fieam.org.br\/sesi\/wp-json\/wp\/v2\/users\/1"}],"replies":[{"embeddable":true,"href":"https:\/\/fieam.org.br\/sesi\/wp-json\/wp\/v2\/comments?post=5847"}],"version-history":[{"count":0,"href":"https:\/\/fieam.org.br\/sesi\/wp-json\/wp\/v2\/posts\/5847\/revisions"}],"wp:attachment":[{"href":"https:\/\/fieam.org.br\/sesi\/wp-json\/wp\/v2\/media?parent=5847"}],"wp:term":[{"taxonomy":"category","embeddable":true,"href":"https:\/\/fieam.org.br\/sesi\/wp-json\/wp\/v2\/categories?post=5847"},{"taxonomy":"post_tag","embeddable":true,"href":"https:\/\/fieam.org.br\/sesi\/wp-json\/wp\/v2\/tags?post=5847"}],"curies":[{"name":"wp","href":"https:\/\/api.w.org\/{rel}","templated":true}]}}