{"id":5782,"date":"2014-07-28T13:15:13","date_gmt":"2014-07-28T13:15:13","guid":{"rendered":"http:\/\/www.fieam.org.br\/site\/sesi\/?p=5782"},"modified":"2014-07-28T13:15:13","modified_gmt":"2014-07-28T13:15:13","slug":"sesi-promove-oficina-de-danca-do-ventre","status":"publish","type":"post","link":"https:\/\/fieam.org.br\/sesi\/sesi-promove-oficina-de-danca-do-ventre\/","title":{"rendered":"SESI promove oficina de dan\u00e7a do ventre"},"content":{"rendered":"<p><a href=\"http:\/\/www.fieam.org.br\/site\/sesi\/sesi-promove-oficina-de-danca-do-ventre\/materia-sesi\/\" rel=\"attachment wp-att-5815\"><img fetchpriority=\"high\" decoding=\"async\" class=\"alignleft size-medium wp-image-5815\" alt=\"MAT\u00c9RIA SESI\" src=\"http:\/\/www.fieam.org.br\/2015\/sesi\/wp-content\/uploads\/sites\/2\/2014\/07\/MAT\u00c9RIA-SESI-300x200.jpg\" width=\"300\" height=\"200\" \/><\/a>Servi\u00e7o Social da Ind\u00fastria (SESI Amazonas). A novidade na programa\u00e7\u00e3o da institui\u00e7\u00e3o s\u00e3o as oficinas de dan\u00e7a que t\u00eam in\u00edcio no dia 1\u00ba de agosto (sexta-feira), com a dan\u00e7a do ventre, envolvendo esporte e lazer.<\/p>\n<p>De acordo com a professora de dan\u00e7a, Rafaela Nascimento,\u00a0a dan\u00e7a do ventre tem se difundido nos dias atuais por unir todas as caracter\u00edsticas que formam a mulher modelo da atualidade, trabalhando sua independ\u00eancia, feminilidade, sensualidade, for\u00e7a e persist\u00eancia.<\/p>\n<p>\u201c\u00c9 uma dan\u00e7a para a qual n\u00e3o h\u00e1 necessidade de ter um corpo ideal, rompendo velhos preconceitos que ligam esta modalidade \u00e0 vulgaridade e tornando mulheres mais felizes consigo mesmas\u201d, explica a professora.<\/p>\n<p>As adeptas da pr\u00e1tica da dan\u00e7a do ventre acumulam benef\u00edcios, como eleva\u00e7\u00e3o da autoestima, tranquilidade e aumento dos horm\u00f4nios femininos, al\u00e9m de promover massagem nos \u00f3rg\u00e3os internos da mulher, como\u00a0\u00fatero, ov\u00e1rios e intestino.<\/p>\n<p>A programa\u00e7\u00e3o, com dura\u00e7\u00e3o de duas horas, ser\u00e1 realizada pelas professoras de dan\u00e7as do SESI, Rafaela e Sarah Castro, que estar\u00e3o apresentando varia\u00e7\u00f5es desta dan\u00e7a que concentra repeti\u00e7\u00f5es no ventre com movimentos de encaixe, desencaixe e ondula\u00e7\u00f5es p\u00e9lvicas, bem como de todo o corpo.<\/p>\n<p>A oficina da dan\u00e7a do ventre ocorrer\u00e1 no dia 1\u00ba, das 19h \u00e0s 21h, na sala de dan\u00e7a do Clube do Trabalhador, localizado na Alameda Cosme Ferreira, 7399, S\u00e3o Jos\u00e9 1. A inscri\u00e7\u00e3o para participar desta programa\u00e7\u00e3o \u00e9 de R$ 15 e as vagas s\u00e3o limitadas. Mais informa\u00e7\u00f5es pelos telefones 3216-1037 e 3216-1039.<\/p>\n","protected":false},"excerpt":{"rendered":"<p>Servi\u00e7o Social da Ind\u00fastria (SESI Amazonas). A novidade na programa\u00e7\u00e3o da institui\u00e7\u00e3o s\u00e3o as oficinas de dan\u00e7a que t\u00eam in\u00edcio no dia 1\u00ba de agosto (sexta-feira), com a dan\u00e7a do ventre, envolvendo esporte e lazer. De acordo com a professora de dan\u00e7a, Rafaela Nascimento,\u00a0a dan\u00e7a do ventre tem se difundido nos dias atuais por unir [&hellip;]<\/p>\n","protected":false},"author":1,"featured_media":0,"comment_status":"open","ping_status":"open","sticky":false,"template":"","format":"standard","meta":{"footnotes":""},"categories":[25],"tags":[],"class_list":["post-5782","post","type-post","status-publish","format-standard","hentry","category-news"],"yoast_head":"<!-- This site is optimized with the Yoast SEO plugin v28.2 - https:\/\/yoast.com\/product\/yoast-seo-wordpress\/ -->\n<title>SESI promove oficina de dan\u00e7a do ventre - SESI<\/title>\n<meta name=\"robots\" content=\"index, follow, max-snippet:-1, max-image-preview:large, max-video-preview:-1\" \/>\n<link rel=\"canonical\" href=\"https:\/\/fieam.org.br\/sesi\/sesi-promove-oficina-de-danca-do-ventre\/\" \/>\n<meta property=\"og:locale\" content=\"pt_BR\" \/>\n<meta property=\"og:type\" content=\"article\" \/>\n<meta property=\"og:title\" content=\"SESI promove oficina de dan\u00e7a do ventre - SESI\" \/>\n<meta property=\"og:description\" content=\"Servi\u00e7o Social da Ind\u00fastria (SESI Amazonas). A novidade na programa\u00e7\u00e3o da institui\u00e7\u00e3o s\u00e3o as oficinas de dan\u00e7a que t\u00eam in\u00edcio no dia 1\u00ba de agosto (sexta-feira), com a dan\u00e7a do ventre, envolvendo esporte e lazer. De acordo com a professora de dan\u00e7a, Rafaela Nascimento,\u00a0a dan\u00e7a do ventre tem se difundido nos dias atuais por unir [&hellip;]\" \/>\n<meta property=\"og:url\" content=\"https:\/\/fieam.org.br\/sesi\/sesi-promove-oficina-de-danca-do-ventre\/\" \/>\n<meta property=\"og:site_name\" content=\"SESI\" \/>\n<meta property=\"article:published_time\" content=\"2014-07-28T13:15:13+00:00\" \/>\n<meta name=\"author\" content=\"Autor\" \/>\n<meta name=\"twitter:card\" content=\"summary_large_image\" \/>\n<meta name=\"twitter:label1\" content=\"Escrito por\" \/>\n\t<meta name=\"twitter:data1\" content=\"Autor\" \/>\n\t<meta name=\"twitter:label2\" content=\"Est. tempo de leitura\" \/>\n\t<meta name=\"twitter:data2\" content=\"1 minuto\" \/>\n<script type=\"application\/ld+json\" class=\"yoast-schema-graph\">{\"@context\":\"https:\\\/\\\/schema.org\",\"@graph\":[{\"@type\":\"Article\",\"@id\":\"https:\\\/\\\/fieam.org.br\\\/sesi\\\/sesi-promove-oficina-de-danca-do-ventre\\\/#article\",\"isPartOf\":{\"@id\":\"https:\\\/\\\/fieam.org.br\\\/sesi\\\/sesi-promove-oficina-de-danca-do-ventre\\\/\"},\"author\":{\"name\":\"Autor\",\"@id\":\"https:\\\/\\\/fieam.org.br\\\/sesi\\\/#\\\/schema\\\/person\\\/f54998dd14d5f0695b41444f2b01c31e\"},\"headline\":\"SESI promove oficina de dan\u00e7a do ventre\",\"datePublished\":\"2014-07-28T13:15:13+00:00\",\"mainEntityOfPage\":{\"@id\":\"https:\\\/\\\/fieam.org.br\\\/sesi\\\/sesi-promove-oficina-de-danca-do-ventre\\\/\"},\"wordCount\":279,\"commentCount\":0,\"publisher\":{\"@id\":\"https:\\\/\\\/fieam.org.br\\\/sesi\\\/#organization\"},\"articleSection\":[\"News\"],\"inLanguage\":\"pt-BR\",\"potentialAction\":[{\"@type\":\"CommentAction\",\"name\":\"Comment\",\"target\":[\"https:\\\/\\\/fieam.org.br\\\/sesi\\\/sesi-promove-oficina-de-danca-do-ventre\\\/#respond\"]}]},{\"@type\":\"WebPage\",\"@id\":\"https:\\\/\\\/fieam.org.br\\\/sesi\\\/sesi-promove-oficina-de-danca-do-ventre\\\/\",\"url\":\"https:\\\/\\\/fieam.org.br\\\/sesi\\\/sesi-promove-oficina-de-danca-do-ventre\\\/\",\"name\":\"SESI promove oficina de dan\u00e7a do ventre - SESI\",\"isPartOf\":{\"@id\":\"https:\\\/\\\/fieam.org.br\\\/sesi\\\/#website\"},\"datePublished\":\"2014-07-28T13:15:13+00:00\",\"breadcrumb\":{\"@id\":\"https:\\\/\\\/fieam.org.br\\\/sesi\\\/sesi-promove-oficina-de-danca-do-ventre\\\/#breadcrumb\"},\"inLanguage\":\"pt-BR\",\"potentialAction\":[{\"@type\":\"ReadAction\",\"target\":[\"https:\\\/\\\/fieam.org.br\\\/sesi\\\/sesi-promove-oficina-de-danca-do-ventre\\\/\"]}]},{\"@type\":\"BreadcrumbList\",\"@id\":\"https:\\\/\\\/fieam.org.br\\\/sesi\\\/sesi-promove-oficina-de-danca-do-ventre\\\/#breadcrumb\",\"itemListElement\":[{\"@type\":\"ListItem\",\"position\":1,\"name\":\"In\u00edcio\",\"item\":\"https:\\\/\\\/fieam.org.br\\\/sesi\\\/\"},{\"@type\":\"ListItem\",\"position\":2,\"name\":\"SESI promove oficina de dan\u00e7a do ventre\"}]},{\"@type\":\"WebSite\",\"@id\":\"https:\\\/\\\/fieam.org.br\\\/sesi\\\/#website\",\"url\":\"https:\\\/\\\/fieam.org.br\\\/sesi\\\/\",\"name\":\"SESI\",\"description\":\"Site Oficial!\",\"publisher\":{\"@id\":\"https:\\\/\\\/fieam.org.br\\\/sesi\\\/#organization\"},\"potentialAction\":[{\"@type\":\"SearchAction\",\"target\":{\"@type\":\"EntryPoint\",\"urlTemplate\":\"https:\\\/\\\/fieam.org.br\\\/sesi\\\/?s={search_term_string}\"},\"query-input\":{\"@type\":\"PropertyValueSpecification\",\"valueRequired\":true,\"valueName\":\"search_term_string\"}}],\"inLanguage\":\"pt-BR\"},{\"@type\":\"Organization\",\"@id\":\"https:\\\/\\\/fieam.org.br\\\/sesi\\\/#organization\",\"name\":\"SESI\",\"url\":\"https:\\\/\\\/fieam.org.br\\\/sesi\\\/\",\"logo\":{\"@type\":\"ImageObject\",\"inLanguage\":\"pt-BR\",\"@id\":\"https:\\\/\\\/fieam.org.br\\\/sesi\\\/#\\\/schema\\\/logo\\\/image\\\/\",\"url\":\"https:\\\/\\\/fieam.org.br\\\/sesi\\\/wp-content\\\/uploads\\\/sites\\\/14\\\/2024\\\/03\\\/cropped-fav.png\",\"contentUrl\":\"https:\\\/\\\/fieam.org.br\\\/sesi\\\/wp-content\\\/uploads\\\/sites\\\/14\\\/2024\\\/03\\\/cropped-fav.png\",\"width\":610,\"height\":589,\"caption\":\"SESI\"},\"image\":{\"@id\":\"https:\\\/\\\/fieam.org.br\\\/sesi\\\/#\\\/schema\\\/logo\\\/image\\\/\"}},{\"@type\":\"Person\",\"@id\":\"https:\\\/\\\/fieam.org.br\\\/sesi\\\/#\\\/schema\\\/person\\\/f54998dd14d5f0695b41444f2b01c31e\",\"name\":\"Autor\",\"image\":{\"@type\":\"ImageObject\",\"inLanguage\":\"pt-BR\",\"@id\":\"https:\\\/\\\/secure.gravatar.com\\\/avatar\\\/3732c223e0e1fad69062a8f770955c9068d37b055204f310a0be18d4069fe380?s=96&d=mm&r=g\",\"url\":\"https:\\\/\\\/secure.gravatar.com\\\/avatar\\\/3732c223e0e1fad69062a8f770955c9068d37b055204f310a0be18d4069fe380?s=96&d=mm&r=g\",\"contentUrl\":\"https:\\\/\\\/secure.gravatar.com\\\/avatar\\\/3732c223e0e1fad69062a8f770955c9068d37b055204f310a0be18d4069fe380?s=96&d=mm&r=g\",\"caption\":\"Autor\"},\"sameAs\":[\"https:\\\/\\\/marketingmassivo.com.br\"],\"url\":\"https:\\\/\\\/fieam.org.br\\\/sesi\\\/author\\\/admin\\\/\"}]}<\/script>\n<!-- \/ Yoast SEO plugin. -->","yoast_head_json":{"title":"SESI promove oficina de dan\u00e7a do ventre - SESI","robots":{"index":"index","follow":"follow","max-snippet":"max-snippet:-1","max-image-preview":"max-image-preview:large","max-video-preview":"max-video-preview:-1"},"canonical":"https:\/\/fieam.org.br\/sesi\/sesi-promove-oficina-de-danca-do-ventre\/","og_locale":"pt_BR","og_type":"article","og_title":"SESI promove oficina de dan\u00e7a do ventre - SESI","og_description":"Servi\u00e7o Social da Ind\u00fastria (SESI Amazonas). A novidade na programa\u00e7\u00e3o da institui\u00e7\u00e3o s\u00e3o as oficinas de dan\u00e7a que t\u00eam in\u00edcio no dia 1\u00ba de agosto (sexta-feira), com a dan\u00e7a do ventre, envolvendo esporte e lazer. De acordo com a professora de dan\u00e7a, Rafaela Nascimento,\u00a0a dan\u00e7a do ventre tem se difundido nos dias atuais por unir [&hellip;]","og_url":"https:\/\/fieam.org.br\/sesi\/sesi-promove-oficina-de-danca-do-ventre\/","og_site_name":"SESI","article_published_time":"2014-07-28T13:15:13+00:00","author":"Autor","twitter_card":"summary_large_image","twitter_misc":{"Escrito por":"Autor","Est. tempo de leitura":"1 minuto"},"schema":{"@context":"https:\/\/schema.org","@graph":[{"@type":"Article","@id":"https:\/\/fieam.org.br\/sesi\/sesi-promove-oficina-de-danca-do-ventre\/#article","isPartOf":{"@id":"https:\/\/fieam.org.br\/sesi\/sesi-promove-oficina-de-danca-do-ventre\/"},"author":{"name":"Autor","@id":"https:\/\/fieam.org.br\/sesi\/#\/schema\/person\/f54998dd14d5f0695b41444f2b01c31e"},"headline":"SESI promove oficina de dan\u00e7a do ventre","datePublished":"2014-07-28T13:15:13+00:00","mainEntityOfPage":{"@id":"https:\/\/fieam.org.br\/sesi\/sesi-promove-oficina-de-danca-do-ventre\/"},"wordCount":279,"commentCount":0,"publisher":{"@id":"https:\/\/fieam.org.br\/sesi\/#organization"},"articleSection":["News"],"inLanguage":"pt-BR","potentialAction":[{"@type":"CommentAction","name":"Comment","target":["https:\/\/fieam.org.br\/sesi\/sesi-promove-oficina-de-danca-do-ventre\/#respond"]}]},{"@type":"WebPage","@id":"https:\/\/fieam.org.br\/sesi\/sesi-promove-oficina-de-danca-do-ventre\/","url":"https:\/\/fieam.org.br\/sesi\/sesi-promove-oficina-de-danca-do-ventre\/","name":"SESI promove oficina de dan\u00e7a do ventre - SESI","isPartOf":{"@id":"https:\/\/fieam.org.br\/sesi\/#website"},"datePublished":"2014-07-28T13:15:13+00:00","breadcrumb":{"@id":"https:\/\/fieam.org.br\/sesi\/sesi-promove-oficina-de-danca-do-ventre\/#breadcrumb"},"inLanguage":"pt-BR","potentialAction":[{"@type":"ReadAction","target":["https:\/\/fieam.org.br\/sesi\/sesi-promove-oficina-de-danca-do-ventre\/"]}]},{"@type":"BreadcrumbList","@id":"https:\/\/fieam.org.br\/sesi\/sesi-promove-oficina-de-danca-do-ventre\/#breadcrumb","itemListElement":[{"@type":"ListItem","position":1,"name":"In\u00edcio","item":"https:\/\/fieam.org.br\/sesi\/"},{"@type":"ListItem","position":2,"name":"SESI promove oficina de dan\u00e7a do ventre"}]},{"@type":"WebSite","@id":"https:\/\/fieam.org.br\/sesi\/#website","url":"https:\/\/fieam.org.br\/sesi\/","name":"SESI","description":"Site Oficial!","publisher":{"@id":"https:\/\/fieam.org.br\/sesi\/#organization"},"potentialAction":[{"@type":"SearchAction","target":{"@type":"EntryPoint","urlTemplate":"https:\/\/fieam.org.br\/sesi\/?s={search_term_string}"},"query-input":{"@type":"PropertyValueSpecification","valueRequired":true,"valueName":"search_term_string"}}],"inLanguage":"pt-BR"},{"@type":"Organization","@id":"https:\/\/fieam.org.br\/sesi\/#organization","name":"SESI","url":"https:\/\/fieam.org.br\/sesi\/","logo":{"@type":"ImageObject","inLanguage":"pt-BR","@id":"https:\/\/fieam.org.br\/sesi\/#\/schema\/logo\/image\/","url":"https:\/\/fieam.org.br\/sesi\/wp-content\/uploads\/sites\/14\/2024\/03\/cropped-fav.png","contentUrl":"https:\/\/fieam.org.br\/sesi\/wp-content\/uploads\/sites\/14\/2024\/03\/cropped-fav.png","width":610,"height":589,"caption":"SESI"},"image":{"@id":"https:\/\/fieam.org.br\/sesi\/#\/schema\/logo\/image\/"}},{"@type":"Person","@id":"https:\/\/fieam.org.br\/sesi\/#\/schema\/person\/f54998dd14d5f0695b41444f2b01c31e","name":"Autor","image":{"@type":"ImageObject","inLanguage":"pt-BR","@id":"https:\/\/secure.gravatar.com\/avatar\/3732c223e0e1fad69062a8f770955c9068d37b055204f310a0be18d4069fe380?s=96&d=mm&r=g","url":"https:\/\/secure.gravatar.com\/avatar\/3732c223e0e1fad69062a8f770955c9068d37b055204f310a0be18d4069fe380?s=96&d=mm&r=g","contentUrl":"https:\/\/secure.gravatar.com\/avatar\/3732c223e0e1fad69062a8f770955c9068d37b055204f310a0be18d4069fe380?s=96&d=mm&r=g","caption":"Autor"},"sameAs":["https:\/\/marketingmassivo.com.br"],"url":"https:\/\/fieam.org.br\/sesi\/author\/admin\/"}]}},"_links":{"self":[{"href":"https:\/\/fieam.org.br\/sesi\/wp-json\/wp\/v2\/posts\/5782","targetHints":{"allow":["GET"]}}],"collection":[{"href":"https:\/\/fieam.org.br\/sesi\/wp-json\/wp\/v2\/posts"}],"about":[{"href":"https:\/\/fieam.org.br\/sesi\/wp-json\/wp\/v2\/types\/post"}],"author":[{"embeddable":true,"href":"https:\/\/fieam.org.br\/sesi\/wp-json\/wp\/v2\/users\/1"}],"replies":[{"embeddable":true,"href":"https:\/\/fieam.org.br\/sesi\/wp-json\/wp\/v2\/comments?post=5782"}],"version-history":[{"count":0,"href":"https:\/\/fieam.org.br\/sesi\/wp-json\/wp\/v2\/posts\/5782\/revisions"}],"wp:attachment":[{"href":"https:\/\/fieam.org.br\/sesi\/wp-json\/wp\/v2\/media?parent=5782"}],"wp:term":[{"taxonomy":"category","embeddable":true,"href":"https:\/\/fieam.org.br\/sesi\/wp-json\/wp\/v2\/categories?post=5782"},{"taxonomy":"post_tag","embeddable":true,"href":"https:\/\/fieam.org.br\/sesi\/wp-json\/wp\/v2\/tags?post=5782"}],"curies":[{"name":"wp","href":"https:\/\/api.w.org\/{rel}","templated":true}]}}