{"id":5777,"date":"2014-07-22T13:10:29","date_gmt":"2014-07-22T13:10:29","guid":{"rendered":"http:\/\/www.fieam.org.br\/site\/sesi\/?p=5777"},"modified":"2014-07-22T13:10:29","modified_gmt":"2014-07-22T13:10:29","slug":"atletas-do-futuro-tem-aula-de-educacao-alimentar","status":"publish","type":"post","link":"https:\/\/fieam.org.br\/sesi\/atletas-do-futuro-tem-aula-de-educacao-alimentar\/","title":{"rendered":"Atletas do Futuro t\u00eam aula de educa\u00e7\u00e3o alimentar"},"content":{"rendered":"<p>Pelo menos 80 alunos do\u00a0<a href=\"http:\/\/www.fieam.org.br\/site\/sesi\" target=\"_blank\" rel=\"noopener\">SESI<\/a>\u00a0Atletas do Futuro participaram, no s\u00e1bado (19), no Clube do Trabalhador do Amazonas, do curso de Educa\u00e7\u00e3o Alimentar promovido pelo programa SESI Cozinha Brasil, tendo \u00e0 frente as nutricionistas Evely Medeiros e Gilma Bispo. A programa\u00e7\u00e3o contou com palestras, execu\u00e7\u00e3o do famoso \u201csuco da horta\u201d e apresenta\u00e7\u00e3o musical.<\/p>\n<p>Na palestra, a nutricionista Evely Medeiros destacou a import\u00e2ncia de uma alimenta\u00e7\u00e3o saud\u00e1vel, chamando aten\u00e7\u00e3o para a necessidade de se reduzir o uso do sal e do a\u00e7\u00facar, das frituras e ressaltando que se deve sempre lavar as m\u00e3os antes do manuseio dos alimentos e antes das refei\u00e7\u00f5es.<\/p>\n<p>De acordo com a nutricionista, uma alimenta\u00e7\u00e3o saud\u00e1vel pode ajudar a evitar v\u00e1rias doen\u00e7as, como hepatite, alergias e obesidade.\u00a0 Medeiros disse que o objetivo de um curso de educa\u00e7\u00e3o alimentar para crian\u00e7as e adolescentes \u00e9 que eles levam para casa as informa\u00e7\u00f5es\u00a0 e sensibilizam a fam\u00edlia\u00a0 para que fa\u00e7am a op\u00e7\u00e3o por alimentos saud\u00e1veis e tamb\u00e9m participem dos cursos do Cozinha Brasil.<\/p>\n<p>A nutricionista Gilma Bispo disse que \u00e9 importante come\u00e7ar cedo a educa\u00e7\u00e3o alimentar das crian\u00e7as para que possam desenvolver h\u00e1bitos saud\u00e1veis, melhorando a qualidade de vida. A nutricionista destacou a participa\u00e7\u00e3o dos alunos na elabora\u00e7\u00e3o do \u201csuco da horta\u201d \u2013 receita com maracuj\u00e1, lim\u00e3o, a\u00e7\u00facar e couve &#8211;\u00a0 e tamb\u00e9m pela parte musical, onde os estudantes puderam mostrar seu talento.<\/p>\n<p>O coordenador do SESI Atletas do Futuro, Rodrigo Travessa, disse que al\u00e9m das escolas estaduais Mirtes Trigueiro (490 alunos), no bairro Coroado, e General Sampaio (900 alunos), no bairro S\u00e3o Jorge, o programa atende 200 alunos, aos s\u00e1bados, no Clube do Trabalhador, e outros 300 no bairro Jorge Teixeira, em parceria com a empresa Construbase, oferecendo a modalidade esportiva de futsal. Segundo Travessa, um dos objetivos do programa \u00e9 atender tamb\u00e9m o entorno das unidades onde o SAF \u00e9 oferecido. No Clube do Trabalhador, os alunos recebem tr\u00eas horas de aula aos s\u00e1bados nas modalidades handebol, futsal, jiu-j\u00edtsu e bal\u00e9.<\/p>\n<p>O SAF, uma iniciativa do Servi\u00e7o Social da Ind\u00fastria (SESI\/AM), em parceria com a Secretaria do Estado de Educa\u00e7\u00e3o (SEDUC) e as empresas Recofarma, Salcomp e Manaus Ambiental, \u00e9 um programa socioeducativo gratuito e de cunho esportivo voltado para crian\u00e7as e adolescentes de 6 a 17 anos. Tem por objetivo principal trabalhar nas crian\u00e7as valores como esp\u00edrito de equipe, \u00e9tica e compromisso, contribuindo na forma\u00e7\u00e3o de cidad\u00e3os. De acordo com Rodrigo Travessa, os alunos est\u00e3o sendo beneficiados com um total de cinco modalidades esportivas: t\u00eanis de mesa, futsal, handebol, jiu-j\u00edtsu, atletismo, al\u00e9m de dan\u00e7a (bal\u00e9 e jazz), realizadas no Centro de Atividades do SESI, no bairro S\u00e3o Jorge, e no Clube do Trabalhador. Segundo o coordenador do SAF, os cursos do Cozinha Brasil est\u00e3o dentro dos temas transversais que s\u00e3o ministrados para os respons\u00e1veis pelos alunos do programa.<\/p>\n<p>[nggallery id=253]<\/p>\n","protected":false},"excerpt":{"rendered":"<p>Pelo menos 80 alunos do\u00a0SESI\u00a0Atletas do Futuro participaram, no s\u00e1bado (19), no Clube do Trabalhador do Amazonas, do curso de Educa\u00e7\u00e3o Alimentar promovido pelo programa SESI Cozinha Brasil, tendo \u00e0 frente as nutricionistas Evely Medeiros e Gilma Bispo. A programa\u00e7\u00e3o contou com palestras, execu\u00e7\u00e3o do famoso \u201csuco da horta\u201d e apresenta\u00e7\u00e3o musical. Na palestra, a [&hellip;]<\/p>\n","protected":false},"author":1,"featured_media":0,"comment_status":"open","ping_status":"open","sticky":false,"template":"","format":"standard","meta":{"footnotes":""},"categories":[25],"tags":[],"class_list":["post-5777","post","type-post","status-publish","format-standard","hentry","category-news"],"yoast_head":"<!-- This site is optimized with the Yoast SEO plugin v26.8 - https:\/\/yoast.com\/product\/yoast-seo-wordpress\/ -->\n<title>Atletas do Futuro t\u00eam aula de educa\u00e7\u00e3o alimentar - SESI<\/title>\n<meta name=\"robots\" content=\"index, follow, max-snippet:-1, max-image-preview:large, max-video-preview:-1\" \/>\n<link rel=\"canonical\" href=\"https:\/\/fieam.org.br\/sesi\/atletas-do-futuro-tem-aula-de-educacao-alimentar\/\" \/>\n<meta property=\"og:locale\" content=\"pt_BR\" \/>\n<meta property=\"og:type\" content=\"article\" \/>\n<meta property=\"og:title\" content=\"Atletas do Futuro t\u00eam aula de educa\u00e7\u00e3o alimentar - SESI\" \/>\n<meta property=\"og:description\" content=\"Pelo menos 80 alunos do\u00a0SESI\u00a0Atletas do Futuro participaram, no s\u00e1bado (19), no Clube do Trabalhador do Amazonas, do curso de Educa\u00e7\u00e3o Alimentar promovido pelo programa SESI Cozinha Brasil, tendo \u00e0 frente as nutricionistas Evely Medeiros e Gilma Bispo. A programa\u00e7\u00e3o contou com palestras, execu\u00e7\u00e3o do famoso \u201csuco da horta\u201d e apresenta\u00e7\u00e3o musical. Na palestra, a [&hellip;]\" \/>\n<meta property=\"og:url\" content=\"https:\/\/fieam.org.br\/sesi\/atletas-do-futuro-tem-aula-de-educacao-alimentar\/\" \/>\n<meta property=\"og:site_name\" content=\"SESI\" \/>\n<meta property=\"article:published_time\" content=\"2014-07-22T13:10:29+00:00\" \/>\n<meta name=\"author\" content=\"Autor\" \/>\n<meta name=\"twitter:card\" content=\"summary_large_image\" \/>\n<meta name=\"twitter:label1\" content=\"Escrito por\" \/>\n\t<meta name=\"twitter:data1\" content=\"Autor\" \/>\n\t<meta name=\"twitter:label2\" content=\"Est. tempo de leitura\" \/>\n\t<meta name=\"twitter:data2\" content=\"3 minutos\" \/>\n<script type=\"application\/ld+json\" class=\"yoast-schema-graph\">{\"@context\":\"https:\/\/schema.org\",\"@graph\":[{\"@type\":\"Article\",\"@id\":\"https:\/\/fieam.org.br\/sesi\/atletas-do-futuro-tem-aula-de-educacao-alimentar\/#article\",\"isPartOf\":{\"@id\":\"https:\/\/fieam.org.br\/sesi\/atletas-do-futuro-tem-aula-de-educacao-alimentar\/\"},\"author\":{\"name\":\"Autor\",\"@id\":\"https:\/\/fieam.org.br\/sesi\/#\/schema\/person\/c1ceda8321521b291cee22da0a7d34be\"},\"headline\":\"Atletas do Futuro t\u00eam aula de educa\u00e7\u00e3o alimentar\",\"datePublished\":\"2014-07-22T13:10:29+00:00\",\"mainEntityOfPage\":{\"@id\":\"https:\/\/fieam.org.br\/sesi\/atletas-do-futuro-tem-aula-de-educacao-alimentar\/\"},\"wordCount\":518,\"commentCount\":0,\"publisher\":{\"@id\":\"https:\/\/fieam.org.br\/sesi\/#organization\"},\"articleSection\":[\"News\"],\"inLanguage\":\"pt-BR\",\"potentialAction\":[{\"@type\":\"CommentAction\",\"name\":\"Comment\",\"target\":[\"https:\/\/fieam.org.br\/sesi\/atletas-do-futuro-tem-aula-de-educacao-alimentar\/#respond\"]}]},{\"@type\":\"WebPage\",\"@id\":\"https:\/\/fieam.org.br\/sesi\/atletas-do-futuro-tem-aula-de-educacao-alimentar\/\",\"url\":\"https:\/\/fieam.org.br\/sesi\/atletas-do-futuro-tem-aula-de-educacao-alimentar\/\",\"name\":\"Atletas do Futuro t\u00eam aula de educa\u00e7\u00e3o alimentar - SESI\",\"isPartOf\":{\"@id\":\"https:\/\/fieam.org.br\/sesi\/#website\"},\"datePublished\":\"2014-07-22T13:10:29+00:00\",\"breadcrumb\":{\"@id\":\"https:\/\/fieam.org.br\/sesi\/atletas-do-futuro-tem-aula-de-educacao-alimentar\/#breadcrumb\"},\"inLanguage\":\"pt-BR\",\"potentialAction\":[{\"@type\":\"ReadAction\",\"target\":[\"https:\/\/fieam.org.br\/sesi\/atletas-do-futuro-tem-aula-de-educacao-alimentar\/\"]}]},{\"@type\":\"BreadcrumbList\",\"@id\":\"https:\/\/fieam.org.br\/sesi\/atletas-do-futuro-tem-aula-de-educacao-alimentar\/#breadcrumb\",\"itemListElement\":[{\"@type\":\"ListItem\",\"position\":1,\"name\":\"In\u00edcio\",\"item\":\"https:\/\/fieam.org.br\/sesi\/\"},{\"@type\":\"ListItem\",\"position\":2,\"name\":\"Atletas do Futuro t\u00eam aula de educa\u00e7\u00e3o alimentar\"}]},{\"@type\":\"WebSite\",\"@id\":\"https:\/\/fieam.org.br\/sesi\/#website\",\"url\":\"https:\/\/fieam.org.br\/sesi\/\",\"name\":\"SESI\",\"description\":\"Site Oficial!\",\"publisher\":{\"@id\":\"https:\/\/fieam.org.br\/sesi\/#organization\"},\"potentialAction\":[{\"@type\":\"SearchAction\",\"target\":{\"@type\":\"EntryPoint\",\"urlTemplate\":\"https:\/\/fieam.org.br\/sesi\/?s={search_term_string}\"},\"query-input\":{\"@type\":\"PropertyValueSpecification\",\"valueRequired\":true,\"valueName\":\"search_term_string\"}}],\"inLanguage\":\"pt-BR\"},{\"@type\":\"Organization\",\"@id\":\"https:\/\/fieam.org.br\/sesi\/#organization\",\"name\":\"SESI\",\"url\":\"https:\/\/fieam.org.br\/sesi\/\",\"logo\":{\"@type\":\"ImageObject\",\"inLanguage\":\"pt-BR\",\"@id\":\"https:\/\/fieam.org.br\/sesi\/#\/schema\/logo\/image\/\",\"url\":\"https:\/\/fieam.org.br\/sesi\/wp-content\/uploads\/sites\/14\/2024\/03\/cropped-fav.png\",\"contentUrl\":\"https:\/\/fieam.org.br\/sesi\/wp-content\/uploads\/sites\/14\/2024\/03\/cropped-fav.png\",\"width\":610,\"height\":589,\"caption\":\"SESI\"},\"image\":{\"@id\":\"https:\/\/fieam.org.br\/sesi\/#\/schema\/logo\/image\/\"}},{\"@type\":\"Person\",\"@id\":\"https:\/\/fieam.org.br\/sesi\/#\/schema\/person\/c1ceda8321521b291cee22da0a7d34be\",\"name\":\"Autor\",\"image\":{\"@type\":\"ImageObject\",\"inLanguage\":\"pt-BR\",\"@id\":\"https:\/\/fieam.org.br\/sesi\/#\/schema\/person\/image\/\",\"url\":\"https:\/\/secure.gravatar.com\/avatar\/3732c223e0e1fad69062a8f770955c9068d37b055204f310a0be18d4069fe380?s=96&d=mm&r=g\",\"contentUrl\":\"https:\/\/secure.gravatar.com\/avatar\/3732c223e0e1fad69062a8f770955c9068d37b055204f310a0be18d4069fe380?s=96&d=mm&r=g\",\"caption\":\"Autor\"},\"sameAs\":[\"https:\/\/marketingmassivo.com.br\"],\"url\":\"https:\/\/fieam.org.br\/sesi\/author\/admin\/\"}]}<\/script>\n<!-- \/ Yoast SEO plugin. -->","yoast_head_json":{"title":"Atletas do Futuro t\u00eam aula de educa\u00e7\u00e3o alimentar - SESI","robots":{"index":"index","follow":"follow","max-snippet":"max-snippet:-1","max-image-preview":"max-image-preview:large","max-video-preview":"max-video-preview:-1"},"canonical":"https:\/\/fieam.org.br\/sesi\/atletas-do-futuro-tem-aula-de-educacao-alimentar\/","og_locale":"pt_BR","og_type":"article","og_title":"Atletas do Futuro t\u00eam aula de educa\u00e7\u00e3o alimentar - SESI","og_description":"Pelo menos 80 alunos do\u00a0SESI\u00a0Atletas do Futuro participaram, no s\u00e1bado (19), no Clube do Trabalhador do Amazonas, do curso de Educa\u00e7\u00e3o Alimentar promovido pelo programa SESI Cozinha Brasil, tendo \u00e0 frente as nutricionistas Evely Medeiros e Gilma Bispo. A programa\u00e7\u00e3o contou com palestras, execu\u00e7\u00e3o do famoso \u201csuco da horta\u201d e apresenta\u00e7\u00e3o musical. Na palestra, a [&hellip;]","og_url":"https:\/\/fieam.org.br\/sesi\/atletas-do-futuro-tem-aula-de-educacao-alimentar\/","og_site_name":"SESI","article_published_time":"2014-07-22T13:10:29+00:00","author":"Autor","twitter_card":"summary_large_image","twitter_misc":{"Escrito por":"Autor","Est. tempo de leitura":"3 minutos"},"schema":{"@context":"https:\/\/schema.org","@graph":[{"@type":"Article","@id":"https:\/\/fieam.org.br\/sesi\/atletas-do-futuro-tem-aula-de-educacao-alimentar\/#article","isPartOf":{"@id":"https:\/\/fieam.org.br\/sesi\/atletas-do-futuro-tem-aula-de-educacao-alimentar\/"},"author":{"name":"Autor","@id":"https:\/\/fieam.org.br\/sesi\/#\/schema\/person\/c1ceda8321521b291cee22da0a7d34be"},"headline":"Atletas do Futuro t\u00eam aula de educa\u00e7\u00e3o alimentar","datePublished":"2014-07-22T13:10:29+00:00","mainEntityOfPage":{"@id":"https:\/\/fieam.org.br\/sesi\/atletas-do-futuro-tem-aula-de-educacao-alimentar\/"},"wordCount":518,"commentCount":0,"publisher":{"@id":"https:\/\/fieam.org.br\/sesi\/#organization"},"articleSection":["News"],"inLanguage":"pt-BR","potentialAction":[{"@type":"CommentAction","name":"Comment","target":["https:\/\/fieam.org.br\/sesi\/atletas-do-futuro-tem-aula-de-educacao-alimentar\/#respond"]}]},{"@type":"WebPage","@id":"https:\/\/fieam.org.br\/sesi\/atletas-do-futuro-tem-aula-de-educacao-alimentar\/","url":"https:\/\/fieam.org.br\/sesi\/atletas-do-futuro-tem-aula-de-educacao-alimentar\/","name":"Atletas do Futuro t\u00eam aula de educa\u00e7\u00e3o alimentar - SESI","isPartOf":{"@id":"https:\/\/fieam.org.br\/sesi\/#website"},"datePublished":"2014-07-22T13:10:29+00:00","breadcrumb":{"@id":"https:\/\/fieam.org.br\/sesi\/atletas-do-futuro-tem-aula-de-educacao-alimentar\/#breadcrumb"},"inLanguage":"pt-BR","potentialAction":[{"@type":"ReadAction","target":["https:\/\/fieam.org.br\/sesi\/atletas-do-futuro-tem-aula-de-educacao-alimentar\/"]}]},{"@type":"BreadcrumbList","@id":"https:\/\/fieam.org.br\/sesi\/atletas-do-futuro-tem-aula-de-educacao-alimentar\/#breadcrumb","itemListElement":[{"@type":"ListItem","position":1,"name":"In\u00edcio","item":"https:\/\/fieam.org.br\/sesi\/"},{"@type":"ListItem","position":2,"name":"Atletas do Futuro t\u00eam aula de educa\u00e7\u00e3o alimentar"}]},{"@type":"WebSite","@id":"https:\/\/fieam.org.br\/sesi\/#website","url":"https:\/\/fieam.org.br\/sesi\/","name":"SESI","description":"Site Oficial!","publisher":{"@id":"https:\/\/fieam.org.br\/sesi\/#organization"},"potentialAction":[{"@type":"SearchAction","target":{"@type":"EntryPoint","urlTemplate":"https:\/\/fieam.org.br\/sesi\/?s={search_term_string}"},"query-input":{"@type":"PropertyValueSpecification","valueRequired":true,"valueName":"search_term_string"}}],"inLanguage":"pt-BR"},{"@type":"Organization","@id":"https:\/\/fieam.org.br\/sesi\/#organization","name":"SESI","url":"https:\/\/fieam.org.br\/sesi\/","logo":{"@type":"ImageObject","inLanguage":"pt-BR","@id":"https:\/\/fieam.org.br\/sesi\/#\/schema\/logo\/image\/","url":"https:\/\/fieam.org.br\/sesi\/wp-content\/uploads\/sites\/14\/2024\/03\/cropped-fav.png","contentUrl":"https:\/\/fieam.org.br\/sesi\/wp-content\/uploads\/sites\/14\/2024\/03\/cropped-fav.png","width":610,"height":589,"caption":"SESI"},"image":{"@id":"https:\/\/fieam.org.br\/sesi\/#\/schema\/logo\/image\/"}},{"@type":"Person","@id":"https:\/\/fieam.org.br\/sesi\/#\/schema\/person\/c1ceda8321521b291cee22da0a7d34be","name":"Autor","image":{"@type":"ImageObject","inLanguage":"pt-BR","@id":"https:\/\/fieam.org.br\/sesi\/#\/schema\/person\/image\/","url":"https:\/\/secure.gravatar.com\/avatar\/3732c223e0e1fad69062a8f770955c9068d37b055204f310a0be18d4069fe380?s=96&d=mm&r=g","contentUrl":"https:\/\/secure.gravatar.com\/avatar\/3732c223e0e1fad69062a8f770955c9068d37b055204f310a0be18d4069fe380?s=96&d=mm&r=g","caption":"Autor"},"sameAs":["https:\/\/marketingmassivo.com.br"],"url":"https:\/\/fieam.org.br\/sesi\/author\/admin\/"}]}},"_links":{"self":[{"href":"https:\/\/fieam.org.br\/sesi\/wp-json\/wp\/v2\/posts\/5777","targetHints":{"allow":["GET"]}}],"collection":[{"href":"https:\/\/fieam.org.br\/sesi\/wp-json\/wp\/v2\/posts"}],"about":[{"href":"https:\/\/fieam.org.br\/sesi\/wp-json\/wp\/v2\/types\/post"}],"author":[{"embeddable":true,"href":"https:\/\/fieam.org.br\/sesi\/wp-json\/wp\/v2\/users\/1"}],"replies":[{"embeddable":true,"href":"https:\/\/fieam.org.br\/sesi\/wp-json\/wp\/v2\/comments?post=5777"}],"version-history":[{"count":0,"href":"https:\/\/fieam.org.br\/sesi\/wp-json\/wp\/v2\/posts\/5777\/revisions"}],"wp:attachment":[{"href":"https:\/\/fieam.org.br\/sesi\/wp-json\/wp\/v2\/media?parent=5777"}],"wp:term":[{"taxonomy":"category","embeddable":true,"href":"https:\/\/fieam.org.br\/sesi\/wp-json\/wp\/v2\/categories?post=5777"},{"taxonomy":"post_tag","embeddable":true,"href":"https:\/\/fieam.org.br\/sesi\/wp-json\/wp\/v2\/tags?post=5777"}],"curies":[{"name":"wp","href":"https:\/\/api.w.org\/{rel}","templated":true}]}}