{"id":5697,"date":"2014-07-09T19:46:46","date_gmt":"2014-07-09T19:46:46","guid":{"rendered":"http:\/\/www.fieam.org.br\/site\/sesi\/?p=5697"},"modified":"2014-07-09T19:46:46","modified_gmt":"2014-07-09T19:46:46","slug":"sesi-cria-rede-para-identificar-fatores-psicossociais-na-industria","status":"publish","type":"post","link":"https:\/\/fieam.org.br\/sesi\/sesi-cria-rede-para-identificar-fatores-psicossociais-na-industria\/","title":{"rendered":"SESI cria rede para identificar fatores psicossociais na ind\u00fastria"},"content":{"rendered":"<figure id=\"attachment_5698\" aria-describedby=\"caption-attachment-5698\" style=\"width: 300px\" class=\"wp-caption alignleft\"><a href=\"http:\/\/www.fieam.org.br\/site\/sesi\/sesi-cria-rede-para-identificar-fatores-psicossociais-na-industria\/15-representantes-de-empresas-participaram-do-painel\/\" rel=\"attachment wp-att-5698\"><img fetchpriority=\"high\" decoding=\"async\" class=\"size-medium wp-image-5698\" alt=\"15 representantes de empresas participaram do painel\" src=\"http:\/\/www.fieam.org.br\/2015\/sesi\/wp-content\/uploads\/sites\/2\/2014\/07\/15-representantes-de-empresas-participaram-do-painel-300x200.jpg\" width=\"300\" height=\"200\" srcset=\"https:\/\/fieam.org.br\/sesi\/wp-content\/uploads\/sites\/14\/2014\/07\/15-representantes-de-empresas-participaram-do-painel-300x200.jpg 300w, https:\/\/fieam.org.br\/sesi\/wp-content\/uploads\/sites\/14\/2014\/07\/15-representantes-de-empresas-participaram-do-painel-768x512.jpg 768w, https:\/\/fieam.org.br\/sesi\/wp-content\/uploads\/sites\/14\/2014\/07\/15-representantes-de-empresas-participaram-do-painel.jpg 1024w\" sizes=\"(max-width: 300px) 100vw, 300px\" \/><\/a><figcaption id=\"caption-attachment-5698\" class=\"wp-caption-text\">15 representantes de empresas participaram do painel<\/figcaption><\/figure>\n<p>Cerca de 700 mil trabalhadores sofreram algum tipo de acidente no trabalho em 2012. Desse total, mais de mil acabaram afastados por transtornos psicossociais. A informa\u00e7\u00e3o foi passada pelo psic\u00f3logo do\u00a0<a href=\"http:\/\/www.fieam.org.br\/site\/sesi\" target=\"_blank\" rel=\"noopener\">SESI<\/a>, Adonias Sampaio, apoiado em dados do Minist\u00e9rio da Previd\u00eancia Social, aos participantes do Painel de Especialistas da Rede SESI de Fatores Psicossociais, nesta quarta-feira (9), na sede da<a href=\"http:\/\/www.fieam.org.br\/site\/fieam\" target=\"_blank\" rel=\"noopener\">Federa\u00e7\u00e3o das Ind\u00fastrias do Estado do Amazonas (FIEAM)<\/a>. Representantes de pelo menos 15 empresas do Polo Industrial de Manaus (PIM) participaram do debate.<\/p>\n<p>De acordo com o psic\u00f3logo, em 2012, o custo m\u00e9dio do afastamento do trabalhador por transtornos psicossociais foi de R$ 11,2 milh\u00f5es. As doen\u00e7as mais frequentes, segundo Adonias Sampaio, s\u00e3o depress\u00e3o, fobia social e o uso de drogas e \u00e1lcool, al\u00e9m do estresse, que provoca desordens musculares, hipertens\u00e3o,\u00a0 enfermidades cardiovasculares e altera\u00e7\u00e3o das fun\u00e7\u00f5es imunol\u00f3gicas.<\/p>\n<p>Com o Painel de Especialistas da Rede SESI de Fatores Psicossociais, a institui\u00e7\u00e3o prop\u00f5e uma discuss\u00e3o sobre quest\u00f5es, como presente\u00edsmo, absente\u00edsmo, custos com afastamentos, detec\u00e7\u00e3o de transtornos mentais, comportamento seguro, dentre outros. O painel \u00e9 formado por psic\u00f3logo, assistente social, m\u00e9dico do trabalho e enfermeiro do trabalho, que atuam em a\u00e7\u00f5es direcionadas aos trabalhadores da ind\u00fastria e tem por objetivo identificar as reais necessidades das empresas relacionadas aos aspectos psicossociais.<\/p>\n<p>De acordo com Adonias Sampaio, existe uma tend\u00eancia mundial de aumento dos casos decorrentes de problemas psicossociais, e que esse crescimento implica no investimento em a\u00e7\u00f5es que possam reduzir o impacto nesse segmento. Adonias disse que as causas para o adoecimento mental s\u00e3o multifatoriais, podendo estar relacionadas a fatores estressantes no ambiente de trabalho, quest\u00f5es financeiras, viol\u00eancia, insatisfa\u00e7\u00e3o pessoal, al\u00e9m do uso de drogas, dentre outros. \u201cAs a\u00e7\u00f5es devem ser preventivas para evitar o alto custo que a ind\u00fastria tem com as doen\u00e7as no ambiente de trabalho\u2019, disse.<\/p>\n<p>A gerente de Qualidade de Vida do SESI, Nelsi Luni\u00e9re, disse que a Institui\u00e7\u00e3o est\u00e1 reconfigurando os seus processos e produtos e que a melhor maneira para atingir esse objetivo \u00e9 por meio da aproxima\u00e7\u00e3o com a ind\u00fastria. Segundo Luni\u00e9re, a proposta do Painel \u00e9 muito eficaz, porque trabalha dentro da miss\u00e3o da institui\u00e7\u00e3o, que \u00e9 de promover a qualidade de vida do trabalhador, estimulando a gest\u00e3o socialmente respons\u00e1vel, al\u00e9m de contribuir para a redu\u00e7\u00e3o do \u00edndice de afastamento do trabalho. De acordo com a gerente, \u00e9 preciso congregar os interesses do SESI e da Ind\u00fastria, aliando as respectivas demandas.<\/p>\n<p>[nggallery id=251]<\/p>\n","protected":false},"excerpt":{"rendered":"<p>Cerca de 700 mil trabalhadores sofreram algum tipo de acidente no trabalho em 2012. Desse total, mais de mil acabaram afastados por transtornos psicossociais. A informa\u00e7\u00e3o foi passada pelo psic\u00f3logo do\u00a0SESI, Adonias Sampaio, apoiado em dados do Minist\u00e9rio da Previd\u00eancia Social, aos participantes do Painel de Especialistas da Rede SESI de Fatores Psicossociais, nesta quarta-feira [&hellip;]<\/p>\n","protected":false},"author":1,"featured_media":0,"comment_status":"open","ping_status":"open","sticky":false,"template":"","format":"standard","meta":{"footnotes":""},"categories":[25],"tags":[],"class_list":["post-5697","post","type-post","status-publish","format-standard","hentry","category-news"],"yoast_head":"<!-- This site is optimized with the Yoast SEO plugin v28.2 - https:\/\/yoast.com\/product\/yoast-seo-wordpress\/ -->\n<title>SESI cria rede para identificar fatores psicossociais na ind\u00fastria - SESI<\/title>\n<meta name=\"robots\" content=\"index, follow, max-snippet:-1, max-image-preview:large, max-video-preview:-1\" \/>\n<link rel=\"canonical\" href=\"https:\/\/fieam.org.br\/sesi\/sesi-cria-rede-para-identificar-fatores-psicossociais-na-industria\/\" \/>\n<meta property=\"og:locale\" content=\"pt_BR\" \/>\n<meta property=\"og:type\" content=\"article\" \/>\n<meta property=\"og:title\" content=\"SESI cria rede para identificar fatores psicossociais na ind\u00fastria - SESI\" \/>\n<meta property=\"og:description\" content=\"Cerca de 700 mil trabalhadores sofreram algum tipo de acidente no trabalho em 2012. Desse total, mais de mil acabaram afastados por transtornos psicossociais. A informa\u00e7\u00e3o foi passada pelo psic\u00f3logo do\u00a0SESI, Adonias Sampaio, apoiado em dados do Minist\u00e9rio da Previd\u00eancia Social, aos participantes do Painel de Especialistas da Rede SESI de Fatores Psicossociais, nesta quarta-feira [&hellip;]\" \/>\n<meta property=\"og:url\" content=\"https:\/\/fieam.org.br\/sesi\/sesi-cria-rede-para-identificar-fatores-psicossociais-na-industria\/\" \/>\n<meta property=\"og:site_name\" content=\"SESI\" \/>\n<meta property=\"article:published_time\" content=\"2014-07-09T19:46:46+00:00\" \/>\n<meta property=\"og:image\" content=\"https:\/\/fieam.org.br\/sesi\/wp-content\/uploads\/sites\/14\/2014\/07\/15-representantes-de-empresas-participaram-do-painel.jpg\" \/>\n\t<meta property=\"og:image:width\" content=\"1024\" \/>\n\t<meta property=\"og:image:height\" content=\"683\" \/>\n\t<meta property=\"og:image:type\" content=\"image\/jpeg\" \/>\n<meta name=\"author\" content=\"Autor\" \/>\n<meta name=\"twitter:card\" content=\"summary_large_image\" \/>\n<meta name=\"twitter:label1\" content=\"Escrito por\" \/>\n\t<meta name=\"twitter:data1\" content=\"Autor\" \/>\n\t<meta name=\"twitter:label2\" content=\"Est. tempo de leitura\" \/>\n\t<meta name=\"twitter:data2\" content=\"2 minutos\" \/>\n<script type=\"application\/ld+json\" class=\"yoast-schema-graph\">{\"@context\":\"https:\\\/\\\/schema.org\",\"@graph\":[{\"@type\":\"Article\",\"@id\":\"https:\\\/\\\/fieam.org.br\\\/sesi\\\/sesi-cria-rede-para-identificar-fatores-psicossociais-na-industria\\\/#article\",\"isPartOf\":{\"@id\":\"https:\\\/\\\/fieam.org.br\\\/sesi\\\/sesi-cria-rede-para-identificar-fatores-psicossociais-na-industria\\\/\"},\"author\":{\"name\":\"Autor\",\"@id\":\"https:\\\/\\\/fieam.org.br\\\/sesi\\\/#\\\/schema\\\/person\\\/f54998dd14d5f0695b41444f2b01c31e\"},\"headline\":\"SESI cria rede para identificar fatores psicossociais na ind\u00fastria\",\"datePublished\":\"2014-07-09T19:46:46+00:00\",\"mainEntityOfPage\":{\"@id\":\"https:\\\/\\\/fieam.org.br\\\/sesi\\\/sesi-cria-rede-para-identificar-fatores-psicossociais-na-industria\\\/\"},\"wordCount\":459,\"commentCount\":0,\"publisher\":{\"@id\":\"https:\\\/\\\/fieam.org.br\\\/sesi\\\/#organization\"},\"image\":{\"@id\":\"https:\\\/\\\/fieam.org.br\\\/sesi\\\/sesi-cria-rede-para-identificar-fatores-psicossociais-na-industria\\\/#primaryimage\"},\"thumbnailUrl\":\"http:\\\/\\\/www.fieam.org.br\\\/2015\\\/sesi\\\/wp-content\\\/uploads\\\/sites\\\/2\\\/2014\\\/07\\\/15-representantes-de-empresas-participaram-do-painel-300x200.jpg\",\"articleSection\":[\"News\"],\"inLanguage\":\"pt-BR\",\"potentialAction\":[{\"@type\":\"CommentAction\",\"name\":\"Comment\",\"target\":[\"https:\\\/\\\/fieam.org.br\\\/sesi\\\/sesi-cria-rede-para-identificar-fatores-psicossociais-na-industria\\\/#respond\"]}]},{\"@type\":\"WebPage\",\"@id\":\"https:\\\/\\\/fieam.org.br\\\/sesi\\\/sesi-cria-rede-para-identificar-fatores-psicossociais-na-industria\\\/\",\"url\":\"https:\\\/\\\/fieam.org.br\\\/sesi\\\/sesi-cria-rede-para-identificar-fatores-psicossociais-na-industria\\\/\",\"name\":\"SESI cria rede para identificar fatores psicossociais na ind\u00fastria - SESI\",\"isPartOf\":{\"@id\":\"https:\\\/\\\/fieam.org.br\\\/sesi\\\/#website\"},\"primaryImageOfPage\":{\"@id\":\"https:\\\/\\\/fieam.org.br\\\/sesi\\\/sesi-cria-rede-para-identificar-fatores-psicossociais-na-industria\\\/#primaryimage\"},\"image\":{\"@id\":\"https:\\\/\\\/fieam.org.br\\\/sesi\\\/sesi-cria-rede-para-identificar-fatores-psicossociais-na-industria\\\/#primaryimage\"},\"thumbnailUrl\":\"http:\\\/\\\/www.fieam.org.br\\\/2015\\\/sesi\\\/wp-content\\\/uploads\\\/sites\\\/2\\\/2014\\\/07\\\/15-representantes-de-empresas-participaram-do-painel-300x200.jpg\",\"datePublished\":\"2014-07-09T19:46:46+00:00\",\"breadcrumb\":{\"@id\":\"https:\\\/\\\/fieam.org.br\\\/sesi\\\/sesi-cria-rede-para-identificar-fatores-psicossociais-na-industria\\\/#breadcrumb\"},\"inLanguage\":\"pt-BR\",\"potentialAction\":[{\"@type\":\"ReadAction\",\"target\":[\"https:\\\/\\\/fieam.org.br\\\/sesi\\\/sesi-cria-rede-para-identificar-fatores-psicossociais-na-industria\\\/\"]}]},{\"@type\":\"ImageObject\",\"inLanguage\":\"pt-BR\",\"@id\":\"https:\\\/\\\/fieam.org.br\\\/sesi\\\/sesi-cria-rede-para-identificar-fatores-psicossociais-na-industria\\\/#primaryimage\",\"url\":\"http:\\\/\\\/www.fieam.org.br\\\/2015\\\/sesi\\\/wp-content\\\/uploads\\\/sites\\\/2\\\/2014\\\/07\\\/15-representantes-de-empresas-participaram-do-painel-300x200.jpg\",\"contentUrl\":\"http:\\\/\\\/www.fieam.org.br\\\/2015\\\/sesi\\\/wp-content\\\/uploads\\\/sites\\\/2\\\/2014\\\/07\\\/15-representantes-de-empresas-participaram-do-painel-300x200.jpg\"},{\"@type\":\"BreadcrumbList\",\"@id\":\"https:\\\/\\\/fieam.org.br\\\/sesi\\\/sesi-cria-rede-para-identificar-fatores-psicossociais-na-industria\\\/#breadcrumb\",\"itemListElement\":[{\"@type\":\"ListItem\",\"position\":1,\"name\":\"In\u00edcio\",\"item\":\"https:\\\/\\\/fieam.org.br\\\/sesi\\\/\"},{\"@type\":\"ListItem\",\"position\":2,\"name\":\"SESI cria rede para identificar fatores psicossociais na ind\u00fastria\"}]},{\"@type\":\"WebSite\",\"@id\":\"https:\\\/\\\/fieam.org.br\\\/sesi\\\/#website\",\"url\":\"https:\\\/\\\/fieam.org.br\\\/sesi\\\/\",\"name\":\"SESI\",\"description\":\"Site Oficial!\",\"publisher\":{\"@id\":\"https:\\\/\\\/fieam.org.br\\\/sesi\\\/#organization\"},\"potentialAction\":[{\"@type\":\"SearchAction\",\"target\":{\"@type\":\"EntryPoint\",\"urlTemplate\":\"https:\\\/\\\/fieam.org.br\\\/sesi\\\/?s={search_term_string}\"},\"query-input\":{\"@type\":\"PropertyValueSpecification\",\"valueRequired\":true,\"valueName\":\"search_term_string\"}}],\"inLanguage\":\"pt-BR\"},{\"@type\":\"Organization\",\"@id\":\"https:\\\/\\\/fieam.org.br\\\/sesi\\\/#organization\",\"name\":\"SESI\",\"url\":\"https:\\\/\\\/fieam.org.br\\\/sesi\\\/\",\"logo\":{\"@type\":\"ImageObject\",\"inLanguage\":\"pt-BR\",\"@id\":\"https:\\\/\\\/fieam.org.br\\\/sesi\\\/#\\\/schema\\\/logo\\\/image\\\/\",\"url\":\"https:\\\/\\\/fieam.org.br\\\/sesi\\\/wp-content\\\/uploads\\\/sites\\\/14\\\/2024\\\/03\\\/cropped-fav.png\",\"contentUrl\":\"https:\\\/\\\/fieam.org.br\\\/sesi\\\/wp-content\\\/uploads\\\/sites\\\/14\\\/2024\\\/03\\\/cropped-fav.png\",\"width\":610,\"height\":589,\"caption\":\"SESI\"},\"image\":{\"@id\":\"https:\\\/\\\/fieam.org.br\\\/sesi\\\/#\\\/schema\\\/logo\\\/image\\\/\"}},{\"@type\":\"Person\",\"@id\":\"https:\\\/\\\/fieam.org.br\\\/sesi\\\/#\\\/schema\\\/person\\\/f54998dd14d5f0695b41444f2b01c31e\",\"name\":\"Autor\",\"image\":{\"@type\":\"ImageObject\",\"inLanguage\":\"pt-BR\",\"@id\":\"https:\\\/\\\/secure.gravatar.com\\\/avatar\\\/3732c223e0e1fad69062a8f770955c9068d37b055204f310a0be18d4069fe380?s=96&d=mm&r=g\",\"url\":\"https:\\\/\\\/secure.gravatar.com\\\/avatar\\\/3732c223e0e1fad69062a8f770955c9068d37b055204f310a0be18d4069fe380?s=96&d=mm&r=g\",\"contentUrl\":\"https:\\\/\\\/secure.gravatar.com\\\/avatar\\\/3732c223e0e1fad69062a8f770955c9068d37b055204f310a0be18d4069fe380?s=96&d=mm&r=g\",\"caption\":\"Autor\"},\"sameAs\":[\"https:\\\/\\\/marketingmassivo.com.br\"],\"url\":\"https:\\\/\\\/fieam.org.br\\\/sesi\\\/author\\\/admin\\\/\"}]}<\/script>\n<!-- \/ Yoast SEO plugin. -->","yoast_head_json":{"title":"SESI cria rede para identificar fatores psicossociais na ind\u00fastria - SESI","robots":{"index":"index","follow":"follow","max-snippet":"max-snippet:-1","max-image-preview":"max-image-preview:large","max-video-preview":"max-video-preview:-1"},"canonical":"https:\/\/fieam.org.br\/sesi\/sesi-cria-rede-para-identificar-fatores-psicossociais-na-industria\/","og_locale":"pt_BR","og_type":"article","og_title":"SESI cria rede para identificar fatores psicossociais na ind\u00fastria - SESI","og_description":"Cerca de 700 mil trabalhadores sofreram algum tipo de acidente no trabalho em 2012. Desse total, mais de mil acabaram afastados por transtornos psicossociais. A informa\u00e7\u00e3o foi passada pelo psic\u00f3logo do\u00a0SESI, Adonias Sampaio, apoiado em dados do Minist\u00e9rio da Previd\u00eancia Social, aos participantes do Painel de Especialistas da Rede SESI de Fatores Psicossociais, nesta quarta-feira [&hellip;]","og_url":"https:\/\/fieam.org.br\/sesi\/sesi-cria-rede-para-identificar-fatores-psicossociais-na-industria\/","og_site_name":"SESI","article_published_time":"2014-07-09T19:46:46+00:00","og_image":[{"width":1024,"height":683,"url":"https:\/\/fieam.org.br\/sesi\/wp-content\/uploads\/sites\/14\/2014\/07\/15-representantes-de-empresas-participaram-do-painel.jpg","type":"image\/jpeg"}],"author":"Autor","twitter_card":"summary_large_image","twitter_misc":{"Escrito por":"Autor","Est. tempo de leitura":"2 minutos"},"schema":{"@context":"https:\/\/schema.org","@graph":[{"@type":"Article","@id":"https:\/\/fieam.org.br\/sesi\/sesi-cria-rede-para-identificar-fatores-psicossociais-na-industria\/#article","isPartOf":{"@id":"https:\/\/fieam.org.br\/sesi\/sesi-cria-rede-para-identificar-fatores-psicossociais-na-industria\/"},"author":{"name":"Autor","@id":"https:\/\/fieam.org.br\/sesi\/#\/schema\/person\/f54998dd14d5f0695b41444f2b01c31e"},"headline":"SESI cria rede para identificar fatores psicossociais na ind\u00fastria","datePublished":"2014-07-09T19:46:46+00:00","mainEntityOfPage":{"@id":"https:\/\/fieam.org.br\/sesi\/sesi-cria-rede-para-identificar-fatores-psicossociais-na-industria\/"},"wordCount":459,"commentCount":0,"publisher":{"@id":"https:\/\/fieam.org.br\/sesi\/#organization"},"image":{"@id":"https:\/\/fieam.org.br\/sesi\/sesi-cria-rede-para-identificar-fatores-psicossociais-na-industria\/#primaryimage"},"thumbnailUrl":"http:\/\/www.fieam.org.br\/2015\/sesi\/wp-content\/uploads\/sites\/2\/2014\/07\/15-representantes-de-empresas-participaram-do-painel-300x200.jpg","articleSection":["News"],"inLanguage":"pt-BR","potentialAction":[{"@type":"CommentAction","name":"Comment","target":["https:\/\/fieam.org.br\/sesi\/sesi-cria-rede-para-identificar-fatores-psicossociais-na-industria\/#respond"]}]},{"@type":"WebPage","@id":"https:\/\/fieam.org.br\/sesi\/sesi-cria-rede-para-identificar-fatores-psicossociais-na-industria\/","url":"https:\/\/fieam.org.br\/sesi\/sesi-cria-rede-para-identificar-fatores-psicossociais-na-industria\/","name":"SESI cria rede para identificar fatores psicossociais na ind\u00fastria - SESI","isPartOf":{"@id":"https:\/\/fieam.org.br\/sesi\/#website"},"primaryImageOfPage":{"@id":"https:\/\/fieam.org.br\/sesi\/sesi-cria-rede-para-identificar-fatores-psicossociais-na-industria\/#primaryimage"},"image":{"@id":"https:\/\/fieam.org.br\/sesi\/sesi-cria-rede-para-identificar-fatores-psicossociais-na-industria\/#primaryimage"},"thumbnailUrl":"http:\/\/www.fieam.org.br\/2015\/sesi\/wp-content\/uploads\/sites\/2\/2014\/07\/15-representantes-de-empresas-participaram-do-painel-300x200.jpg","datePublished":"2014-07-09T19:46:46+00:00","breadcrumb":{"@id":"https:\/\/fieam.org.br\/sesi\/sesi-cria-rede-para-identificar-fatores-psicossociais-na-industria\/#breadcrumb"},"inLanguage":"pt-BR","potentialAction":[{"@type":"ReadAction","target":["https:\/\/fieam.org.br\/sesi\/sesi-cria-rede-para-identificar-fatores-psicossociais-na-industria\/"]}]},{"@type":"ImageObject","inLanguage":"pt-BR","@id":"https:\/\/fieam.org.br\/sesi\/sesi-cria-rede-para-identificar-fatores-psicossociais-na-industria\/#primaryimage","url":"http:\/\/www.fieam.org.br\/2015\/sesi\/wp-content\/uploads\/sites\/2\/2014\/07\/15-representantes-de-empresas-participaram-do-painel-300x200.jpg","contentUrl":"http:\/\/www.fieam.org.br\/2015\/sesi\/wp-content\/uploads\/sites\/2\/2014\/07\/15-representantes-de-empresas-participaram-do-painel-300x200.jpg"},{"@type":"BreadcrumbList","@id":"https:\/\/fieam.org.br\/sesi\/sesi-cria-rede-para-identificar-fatores-psicossociais-na-industria\/#breadcrumb","itemListElement":[{"@type":"ListItem","position":1,"name":"In\u00edcio","item":"https:\/\/fieam.org.br\/sesi\/"},{"@type":"ListItem","position":2,"name":"SESI cria rede para identificar fatores psicossociais na ind\u00fastria"}]},{"@type":"WebSite","@id":"https:\/\/fieam.org.br\/sesi\/#website","url":"https:\/\/fieam.org.br\/sesi\/","name":"SESI","description":"Site Oficial!","publisher":{"@id":"https:\/\/fieam.org.br\/sesi\/#organization"},"potentialAction":[{"@type":"SearchAction","target":{"@type":"EntryPoint","urlTemplate":"https:\/\/fieam.org.br\/sesi\/?s={search_term_string}"},"query-input":{"@type":"PropertyValueSpecification","valueRequired":true,"valueName":"search_term_string"}}],"inLanguage":"pt-BR"},{"@type":"Organization","@id":"https:\/\/fieam.org.br\/sesi\/#organization","name":"SESI","url":"https:\/\/fieam.org.br\/sesi\/","logo":{"@type":"ImageObject","inLanguage":"pt-BR","@id":"https:\/\/fieam.org.br\/sesi\/#\/schema\/logo\/image\/","url":"https:\/\/fieam.org.br\/sesi\/wp-content\/uploads\/sites\/14\/2024\/03\/cropped-fav.png","contentUrl":"https:\/\/fieam.org.br\/sesi\/wp-content\/uploads\/sites\/14\/2024\/03\/cropped-fav.png","width":610,"height":589,"caption":"SESI"},"image":{"@id":"https:\/\/fieam.org.br\/sesi\/#\/schema\/logo\/image\/"}},{"@type":"Person","@id":"https:\/\/fieam.org.br\/sesi\/#\/schema\/person\/f54998dd14d5f0695b41444f2b01c31e","name":"Autor","image":{"@type":"ImageObject","inLanguage":"pt-BR","@id":"https:\/\/secure.gravatar.com\/avatar\/3732c223e0e1fad69062a8f770955c9068d37b055204f310a0be18d4069fe380?s=96&d=mm&r=g","url":"https:\/\/secure.gravatar.com\/avatar\/3732c223e0e1fad69062a8f770955c9068d37b055204f310a0be18d4069fe380?s=96&d=mm&r=g","contentUrl":"https:\/\/secure.gravatar.com\/avatar\/3732c223e0e1fad69062a8f770955c9068d37b055204f310a0be18d4069fe380?s=96&d=mm&r=g","caption":"Autor"},"sameAs":["https:\/\/marketingmassivo.com.br"],"url":"https:\/\/fieam.org.br\/sesi\/author\/admin\/"}]}},"_links":{"self":[{"href":"https:\/\/fieam.org.br\/sesi\/wp-json\/wp\/v2\/posts\/5697","targetHints":{"allow":["GET"]}}],"collection":[{"href":"https:\/\/fieam.org.br\/sesi\/wp-json\/wp\/v2\/posts"}],"about":[{"href":"https:\/\/fieam.org.br\/sesi\/wp-json\/wp\/v2\/types\/post"}],"author":[{"embeddable":true,"href":"https:\/\/fieam.org.br\/sesi\/wp-json\/wp\/v2\/users\/1"}],"replies":[{"embeddable":true,"href":"https:\/\/fieam.org.br\/sesi\/wp-json\/wp\/v2\/comments?post=5697"}],"version-history":[{"count":0,"href":"https:\/\/fieam.org.br\/sesi\/wp-json\/wp\/v2\/posts\/5697\/revisions"}],"wp:attachment":[{"href":"https:\/\/fieam.org.br\/sesi\/wp-json\/wp\/v2\/media?parent=5697"}],"wp:term":[{"taxonomy":"category","embeddable":true,"href":"https:\/\/fieam.org.br\/sesi\/wp-json\/wp\/v2\/categories?post=5697"},{"taxonomy":"post_tag","embeddable":true,"href":"https:\/\/fieam.org.br\/sesi\/wp-json\/wp\/v2\/tags?post=5697"}],"curies":[{"name":"wp","href":"https:\/\/api.w.org\/{rel}","templated":true}]}}