{"id":5682,"date":"2014-07-07T19:47:34","date_gmt":"2014-07-07T19:47:34","guid":{"rendered":"http:\/\/www.fieam.org.br\/site\/sesi\/?p=5682"},"modified":"2014-07-07T19:47:34","modified_gmt":"2014-07-07T19:47:34","slug":"sesi-discute-saude-mental-no-ambiente-de-trabalho","status":"publish","type":"post","link":"https:\/\/fieam.org.br\/sesi\/sesi-discute-saude-mental-no-ambiente-de-trabalho\/","title":{"rendered":"SESI discute sa\u00fade mental no ambiente de trabalho"},"content":{"rendered":"<figure id=\"attachment_5683\" aria-describedby=\"caption-attachment-5683\" style=\"width: 300px\" class=\"wp-caption alignleft\"><a href=\"http:\/\/www.fieam.org.br\/site\/sesi\/sesi-discute-saude-mental-no-ambiente-de-trabalho\/psicologo-do-sesi-amazonas-adonias-sampaio-junior\/\" rel=\"attachment wp-att-5683\"><img fetchpriority=\"high\" decoding=\"async\" class=\"size-medium wp-image-5683\" title=\"Psic\u00f3logo do SESI Amazonas, Adonias Sampaio J\u00fanior\" alt=\"Psic\u00f3logo do SESI Amazonas, Adonias Sampaio J\u00fanior\" src=\"http:\/\/www.fieam.org.br\/2015\/sesi\/wp-content\/uploads\/sites\/2\/2014\/07\/Psic\u00f3logo-do-SESI-Amazonas-Adonias-Sampaio-J\u00fanior-300x200.jpg\" width=\"300\" height=\"200\" \/><\/a><figcaption id=\"caption-attachment-5683\" class=\"wp-caption-text\">Psic\u00f3logo do SESI Amazonas, Adonias Sampaio J\u00fanior<\/figcaption><\/figure>\n<p>Os transtornos mentais s\u00e3o a terceira maior causa de afastamento por mais de 15 dias do ambiente de trabalho, perdendo apenas para les\u00f5es, traumatismo e doen\u00e7as osteomusculares. Com base em estat\u00edsticas como essa do INSS, o<a href=\"http:\/\/www.fieam.org.br\/site\/sesi\" target=\"_blank\" rel=\"noopener\">Servi\u00e7o Social da Ind\u00fastria (SESI)<\/a>\u00a0re\u00fane nesta quarta-feira (9), no sal\u00e3o de eventos do Edif\u00edcio Raimar Aguiar, na Avenida Joaquim Nabuco, 1919 (<a href=\"http:\/\/www.fieam.org.br\/site\/fieam\" target=\"_blank\" rel=\"noopener\">FIEAM<\/a>),especialistas para discuss\u00e3o das demandas relacionadas \u00e0 gest\u00e3o dos fatores psicossociais no ambiente de trabalho.<\/p>\n<p>Com o Painel de Especialistas da Rede SESI de Fatores Psicossociais, a institui\u00e7\u00e3o prop\u00f5e uma discuss\u00e3o sobre quest\u00f5es, como presente\u00edsmo, absente\u00edsmo, custos com afastamentos, detec\u00e7\u00e3o de transtornos mentais, comportamento seguro, dentre outros. O painel \u00e9 formado por psic\u00f3logo, assistente social, m\u00e9dico do trabalho, enfermeiro do trabalho, dentre outros, que atuam em a\u00e7\u00f5es direcionadas aos trabalhadores na ind\u00fastria e tem por objetivo identificar as reais necessidades das empresas relacionadas aos aspectos psicossociais.<\/p>\n<p>De acordo com o psic\u00f3logo do SESI Amazonas, Adonias Sampaio J\u00fanior, existe uma tend\u00eancia mundial de aumento dos casos decorrentes de problemas psicossociais, e que o crescimento, implica no investimento em a\u00e7\u00f5es que possam reduzir o impacto nesse segmento. Adonias disse que as causas para o adoecimento mental s\u00e3o multifatoriais, podendo estar relacionadas a fatores estressantes no ambiente de trabalho, quest\u00f5es financeiras, viol\u00eancia, insatisfa\u00e7\u00e3o pessoal, al\u00e9m do uso de drogas, dentre outros.<\/p>\n<p>Segundo o psic\u00f3logo, a atua\u00e7\u00e3o da Rede compreende a\u00e7\u00f5es de promo\u00e7\u00e3o de sa\u00fade, preven\u00e7\u00e3o das doen\u00e7as e interven\u00e7\u00e3o em gest\u00e3o de riscos psicossociais no ambiente de trabalho. Adonias disse tamb\u00e9m que faz parte do novo posicionamento do Departamento Nacional do SESI, uma aproxima\u00e7\u00e3o com as pol\u00edticas p\u00fablicas nas \u00e1reas de compet\u00eancia da Institui\u00e7\u00e3o. \u201c\u00c9 a articula\u00e7\u00e3o em rede com as institui\u00e7\u00f5es p\u00fablicas de sa\u00fade como grandes aliadas do SESI no atendimento e suporte aos trabalhadores\u201d, disse.<\/p>\n","protected":false},"excerpt":{"rendered":"<p>Os transtornos mentais s\u00e3o a terceira maior causa de afastamento por mais de 15 dias do ambiente de trabalho, perdendo apenas para les\u00f5es, traumatismo e doen\u00e7as osteomusculares. Com base em estat\u00edsticas como essa do INSS, oServi\u00e7o Social da Ind\u00fastria (SESI)\u00a0re\u00fane nesta quarta-feira (9), no sal\u00e3o de eventos do Edif\u00edcio Raimar Aguiar, na Avenida Joaquim Nabuco, [&hellip;]<\/p>\n","protected":false},"author":1,"featured_media":0,"comment_status":"open","ping_status":"open","sticky":false,"template":"","format":"standard","meta":{"footnotes":""},"categories":[25],"tags":[],"class_list":["post-5682","post","type-post","status-publish","format-standard","hentry","category-news"],"yoast_head":"<!-- This site is optimized with the Yoast SEO plugin v28.2 - https:\/\/yoast.com\/product\/yoast-seo-wordpress\/ -->\n<title>SESI discute sa\u00fade mental no ambiente de trabalho - SESI<\/title>\n<meta name=\"robots\" content=\"index, follow, max-snippet:-1, max-image-preview:large, max-video-preview:-1\" \/>\n<link rel=\"canonical\" href=\"https:\/\/fieam.org.br\/sesi\/sesi-discute-saude-mental-no-ambiente-de-trabalho\/\" \/>\n<meta property=\"og:locale\" content=\"pt_BR\" \/>\n<meta property=\"og:type\" content=\"article\" \/>\n<meta property=\"og:title\" content=\"SESI discute sa\u00fade mental no ambiente de trabalho - SESI\" \/>\n<meta property=\"og:description\" content=\"Os transtornos mentais s\u00e3o a terceira maior causa de afastamento por mais de 15 dias do ambiente de trabalho, perdendo apenas para les\u00f5es, traumatismo e doen\u00e7as osteomusculares. Com base em estat\u00edsticas como essa do INSS, oServi\u00e7o Social da Ind\u00fastria (SESI)\u00a0re\u00fane nesta quarta-feira (9), no sal\u00e3o de eventos do Edif\u00edcio Raimar Aguiar, na Avenida Joaquim Nabuco, [&hellip;]\" \/>\n<meta property=\"og:url\" content=\"https:\/\/fieam.org.br\/sesi\/sesi-discute-saude-mental-no-ambiente-de-trabalho\/\" \/>\n<meta property=\"og:site_name\" content=\"SESI\" \/>\n<meta property=\"article:published_time\" content=\"2014-07-07T19:47:34+00:00\" \/>\n<meta name=\"author\" content=\"Autor\" \/>\n<meta name=\"twitter:card\" content=\"summary_large_image\" \/>\n<meta name=\"twitter:label1\" content=\"Escrito por\" \/>\n\t<meta name=\"twitter:data1\" content=\"Autor\" \/>\n\t<meta name=\"twitter:label2\" content=\"Est. tempo de leitura\" \/>\n\t<meta name=\"twitter:data2\" content=\"2 minutos\" \/>\n<script type=\"application\/ld+json\" class=\"yoast-schema-graph\">{\"@context\":\"https:\\\/\\\/schema.org\",\"@graph\":[{\"@type\":\"Article\",\"@id\":\"https:\\\/\\\/fieam.org.br\\\/sesi\\\/sesi-discute-saude-mental-no-ambiente-de-trabalho\\\/#article\",\"isPartOf\":{\"@id\":\"https:\\\/\\\/fieam.org.br\\\/sesi\\\/sesi-discute-saude-mental-no-ambiente-de-trabalho\\\/\"},\"author\":{\"name\":\"Autor\",\"@id\":\"https:\\\/\\\/fieam.org.br\\\/sesi\\\/#\\\/schema\\\/person\\\/f54998dd14d5f0695b41444f2b01c31e\"},\"headline\":\"SESI discute sa\u00fade mental no ambiente de trabalho\",\"datePublished\":\"2014-07-07T19:47:34+00:00\",\"mainEntityOfPage\":{\"@id\":\"https:\\\/\\\/fieam.org.br\\\/sesi\\\/sesi-discute-saude-mental-no-ambiente-de-trabalho\\\/\"},\"wordCount\":361,\"commentCount\":0,\"publisher\":{\"@id\":\"https:\\\/\\\/fieam.org.br\\\/sesi\\\/#organization\"},\"articleSection\":[\"News\"],\"inLanguage\":\"pt-BR\",\"potentialAction\":[{\"@type\":\"CommentAction\",\"name\":\"Comment\",\"target\":[\"https:\\\/\\\/fieam.org.br\\\/sesi\\\/sesi-discute-saude-mental-no-ambiente-de-trabalho\\\/#respond\"]}]},{\"@type\":\"WebPage\",\"@id\":\"https:\\\/\\\/fieam.org.br\\\/sesi\\\/sesi-discute-saude-mental-no-ambiente-de-trabalho\\\/\",\"url\":\"https:\\\/\\\/fieam.org.br\\\/sesi\\\/sesi-discute-saude-mental-no-ambiente-de-trabalho\\\/\",\"name\":\"SESI discute sa\u00fade mental no ambiente de trabalho - SESI\",\"isPartOf\":{\"@id\":\"https:\\\/\\\/fieam.org.br\\\/sesi\\\/#website\"},\"datePublished\":\"2014-07-07T19:47:34+00:00\",\"breadcrumb\":{\"@id\":\"https:\\\/\\\/fieam.org.br\\\/sesi\\\/sesi-discute-saude-mental-no-ambiente-de-trabalho\\\/#breadcrumb\"},\"inLanguage\":\"pt-BR\",\"potentialAction\":[{\"@type\":\"ReadAction\",\"target\":[\"https:\\\/\\\/fieam.org.br\\\/sesi\\\/sesi-discute-saude-mental-no-ambiente-de-trabalho\\\/\"]}]},{\"@type\":\"BreadcrumbList\",\"@id\":\"https:\\\/\\\/fieam.org.br\\\/sesi\\\/sesi-discute-saude-mental-no-ambiente-de-trabalho\\\/#breadcrumb\",\"itemListElement\":[{\"@type\":\"ListItem\",\"position\":1,\"name\":\"In\u00edcio\",\"item\":\"https:\\\/\\\/fieam.org.br\\\/sesi\\\/\"},{\"@type\":\"ListItem\",\"position\":2,\"name\":\"SESI discute sa\u00fade mental no ambiente de trabalho\"}]},{\"@type\":\"WebSite\",\"@id\":\"https:\\\/\\\/fieam.org.br\\\/sesi\\\/#website\",\"url\":\"https:\\\/\\\/fieam.org.br\\\/sesi\\\/\",\"name\":\"SESI\",\"description\":\"Site Oficial!\",\"publisher\":{\"@id\":\"https:\\\/\\\/fieam.org.br\\\/sesi\\\/#organization\"},\"potentialAction\":[{\"@type\":\"SearchAction\",\"target\":{\"@type\":\"EntryPoint\",\"urlTemplate\":\"https:\\\/\\\/fieam.org.br\\\/sesi\\\/?s={search_term_string}\"},\"query-input\":{\"@type\":\"PropertyValueSpecification\",\"valueRequired\":true,\"valueName\":\"search_term_string\"}}],\"inLanguage\":\"pt-BR\"},{\"@type\":\"Organization\",\"@id\":\"https:\\\/\\\/fieam.org.br\\\/sesi\\\/#organization\",\"name\":\"SESI\",\"url\":\"https:\\\/\\\/fieam.org.br\\\/sesi\\\/\",\"logo\":{\"@type\":\"ImageObject\",\"inLanguage\":\"pt-BR\",\"@id\":\"https:\\\/\\\/fieam.org.br\\\/sesi\\\/#\\\/schema\\\/logo\\\/image\\\/\",\"url\":\"https:\\\/\\\/fieam.org.br\\\/sesi\\\/wp-content\\\/uploads\\\/sites\\\/14\\\/2024\\\/03\\\/cropped-fav.png\",\"contentUrl\":\"https:\\\/\\\/fieam.org.br\\\/sesi\\\/wp-content\\\/uploads\\\/sites\\\/14\\\/2024\\\/03\\\/cropped-fav.png\",\"width\":610,\"height\":589,\"caption\":\"SESI\"},\"image\":{\"@id\":\"https:\\\/\\\/fieam.org.br\\\/sesi\\\/#\\\/schema\\\/logo\\\/image\\\/\"}},{\"@type\":\"Person\",\"@id\":\"https:\\\/\\\/fieam.org.br\\\/sesi\\\/#\\\/schema\\\/person\\\/f54998dd14d5f0695b41444f2b01c31e\",\"name\":\"Autor\",\"image\":{\"@type\":\"ImageObject\",\"inLanguage\":\"pt-BR\",\"@id\":\"https:\\\/\\\/secure.gravatar.com\\\/avatar\\\/3732c223e0e1fad69062a8f770955c9068d37b055204f310a0be18d4069fe380?s=96&d=mm&r=g\",\"url\":\"https:\\\/\\\/secure.gravatar.com\\\/avatar\\\/3732c223e0e1fad69062a8f770955c9068d37b055204f310a0be18d4069fe380?s=96&d=mm&r=g\",\"contentUrl\":\"https:\\\/\\\/secure.gravatar.com\\\/avatar\\\/3732c223e0e1fad69062a8f770955c9068d37b055204f310a0be18d4069fe380?s=96&d=mm&r=g\",\"caption\":\"Autor\"},\"sameAs\":[\"https:\\\/\\\/marketingmassivo.com.br\"],\"url\":\"https:\\\/\\\/fieam.org.br\\\/sesi\\\/author\\\/admin\\\/\"}]}<\/script>\n<!-- \/ Yoast SEO plugin. -->","yoast_head_json":{"title":"SESI discute sa\u00fade mental no ambiente de trabalho - SESI","robots":{"index":"index","follow":"follow","max-snippet":"max-snippet:-1","max-image-preview":"max-image-preview:large","max-video-preview":"max-video-preview:-1"},"canonical":"https:\/\/fieam.org.br\/sesi\/sesi-discute-saude-mental-no-ambiente-de-trabalho\/","og_locale":"pt_BR","og_type":"article","og_title":"SESI discute sa\u00fade mental no ambiente de trabalho - SESI","og_description":"Os transtornos mentais s\u00e3o a terceira maior causa de afastamento por mais de 15 dias do ambiente de trabalho, perdendo apenas para les\u00f5es, traumatismo e doen\u00e7as osteomusculares. Com base em estat\u00edsticas como essa do INSS, oServi\u00e7o Social da Ind\u00fastria (SESI)\u00a0re\u00fane nesta quarta-feira (9), no sal\u00e3o de eventos do Edif\u00edcio Raimar Aguiar, na Avenida Joaquim Nabuco, [&hellip;]","og_url":"https:\/\/fieam.org.br\/sesi\/sesi-discute-saude-mental-no-ambiente-de-trabalho\/","og_site_name":"SESI","article_published_time":"2014-07-07T19:47:34+00:00","author":"Autor","twitter_card":"summary_large_image","twitter_misc":{"Escrito por":"Autor","Est. tempo de leitura":"2 minutos"},"schema":{"@context":"https:\/\/schema.org","@graph":[{"@type":"Article","@id":"https:\/\/fieam.org.br\/sesi\/sesi-discute-saude-mental-no-ambiente-de-trabalho\/#article","isPartOf":{"@id":"https:\/\/fieam.org.br\/sesi\/sesi-discute-saude-mental-no-ambiente-de-trabalho\/"},"author":{"name":"Autor","@id":"https:\/\/fieam.org.br\/sesi\/#\/schema\/person\/f54998dd14d5f0695b41444f2b01c31e"},"headline":"SESI discute sa\u00fade mental no ambiente de trabalho","datePublished":"2014-07-07T19:47:34+00:00","mainEntityOfPage":{"@id":"https:\/\/fieam.org.br\/sesi\/sesi-discute-saude-mental-no-ambiente-de-trabalho\/"},"wordCount":361,"commentCount":0,"publisher":{"@id":"https:\/\/fieam.org.br\/sesi\/#organization"},"articleSection":["News"],"inLanguage":"pt-BR","potentialAction":[{"@type":"CommentAction","name":"Comment","target":["https:\/\/fieam.org.br\/sesi\/sesi-discute-saude-mental-no-ambiente-de-trabalho\/#respond"]}]},{"@type":"WebPage","@id":"https:\/\/fieam.org.br\/sesi\/sesi-discute-saude-mental-no-ambiente-de-trabalho\/","url":"https:\/\/fieam.org.br\/sesi\/sesi-discute-saude-mental-no-ambiente-de-trabalho\/","name":"SESI discute sa\u00fade mental no ambiente de trabalho - SESI","isPartOf":{"@id":"https:\/\/fieam.org.br\/sesi\/#website"},"datePublished":"2014-07-07T19:47:34+00:00","breadcrumb":{"@id":"https:\/\/fieam.org.br\/sesi\/sesi-discute-saude-mental-no-ambiente-de-trabalho\/#breadcrumb"},"inLanguage":"pt-BR","potentialAction":[{"@type":"ReadAction","target":["https:\/\/fieam.org.br\/sesi\/sesi-discute-saude-mental-no-ambiente-de-trabalho\/"]}]},{"@type":"BreadcrumbList","@id":"https:\/\/fieam.org.br\/sesi\/sesi-discute-saude-mental-no-ambiente-de-trabalho\/#breadcrumb","itemListElement":[{"@type":"ListItem","position":1,"name":"In\u00edcio","item":"https:\/\/fieam.org.br\/sesi\/"},{"@type":"ListItem","position":2,"name":"SESI discute sa\u00fade mental no ambiente de trabalho"}]},{"@type":"WebSite","@id":"https:\/\/fieam.org.br\/sesi\/#website","url":"https:\/\/fieam.org.br\/sesi\/","name":"SESI","description":"Site Oficial!","publisher":{"@id":"https:\/\/fieam.org.br\/sesi\/#organization"},"potentialAction":[{"@type":"SearchAction","target":{"@type":"EntryPoint","urlTemplate":"https:\/\/fieam.org.br\/sesi\/?s={search_term_string}"},"query-input":{"@type":"PropertyValueSpecification","valueRequired":true,"valueName":"search_term_string"}}],"inLanguage":"pt-BR"},{"@type":"Organization","@id":"https:\/\/fieam.org.br\/sesi\/#organization","name":"SESI","url":"https:\/\/fieam.org.br\/sesi\/","logo":{"@type":"ImageObject","inLanguage":"pt-BR","@id":"https:\/\/fieam.org.br\/sesi\/#\/schema\/logo\/image\/","url":"https:\/\/fieam.org.br\/sesi\/wp-content\/uploads\/sites\/14\/2024\/03\/cropped-fav.png","contentUrl":"https:\/\/fieam.org.br\/sesi\/wp-content\/uploads\/sites\/14\/2024\/03\/cropped-fav.png","width":610,"height":589,"caption":"SESI"},"image":{"@id":"https:\/\/fieam.org.br\/sesi\/#\/schema\/logo\/image\/"}},{"@type":"Person","@id":"https:\/\/fieam.org.br\/sesi\/#\/schema\/person\/f54998dd14d5f0695b41444f2b01c31e","name":"Autor","image":{"@type":"ImageObject","inLanguage":"pt-BR","@id":"https:\/\/secure.gravatar.com\/avatar\/3732c223e0e1fad69062a8f770955c9068d37b055204f310a0be18d4069fe380?s=96&d=mm&r=g","url":"https:\/\/secure.gravatar.com\/avatar\/3732c223e0e1fad69062a8f770955c9068d37b055204f310a0be18d4069fe380?s=96&d=mm&r=g","contentUrl":"https:\/\/secure.gravatar.com\/avatar\/3732c223e0e1fad69062a8f770955c9068d37b055204f310a0be18d4069fe380?s=96&d=mm&r=g","caption":"Autor"},"sameAs":["https:\/\/marketingmassivo.com.br"],"url":"https:\/\/fieam.org.br\/sesi\/author\/admin\/"}]}},"_links":{"self":[{"href":"https:\/\/fieam.org.br\/sesi\/wp-json\/wp\/v2\/posts\/5682","targetHints":{"allow":["GET"]}}],"collection":[{"href":"https:\/\/fieam.org.br\/sesi\/wp-json\/wp\/v2\/posts"}],"about":[{"href":"https:\/\/fieam.org.br\/sesi\/wp-json\/wp\/v2\/types\/post"}],"author":[{"embeddable":true,"href":"https:\/\/fieam.org.br\/sesi\/wp-json\/wp\/v2\/users\/1"}],"replies":[{"embeddable":true,"href":"https:\/\/fieam.org.br\/sesi\/wp-json\/wp\/v2\/comments?post=5682"}],"version-history":[{"count":0,"href":"https:\/\/fieam.org.br\/sesi\/wp-json\/wp\/v2\/posts\/5682\/revisions"}],"wp:attachment":[{"href":"https:\/\/fieam.org.br\/sesi\/wp-json\/wp\/v2\/media?parent=5682"}],"wp:term":[{"taxonomy":"category","embeddable":true,"href":"https:\/\/fieam.org.br\/sesi\/wp-json\/wp\/v2\/categories?post=5682"},{"taxonomy":"post_tag","embeddable":true,"href":"https:\/\/fieam.org.br\/sesi\/wp-json\/wp\/v2\/tags?post=5682"}],"curies":[{"name":"wp","href":"https:\/\/api.w.org\/{rel}","templated":true}]}}