{"id":5675,"date":"2014-07-07T12:50:39","date_gmt":"2014-07-07T12:50:39","guid":{"rendered":"http:\/\/www.fieam.org.br\/site\/sesi\/?p=5675"},"modified":"2014-07-07T12:50:39","modified_gmt":"2014-07-07T12:50:39","slug":"sesi-forma-1a-turma-do-programa-vira-vida","status":"publish","type":"post","link":"https:\/\/fieam.org.br\/sesi\/sesi-forma-1a-turma-do-programa-vira-vida\/","title":{"rendered":"SESI forma 1\u00aa turma do Programa Vira Vida"},"content":{"rendered":"<figure id=\"attachment_5676\" aria-describedby=\"caption-attachment-5676\" style=\"width: 300px\" class=\"wp-caption alignleft\"><a href=\"http:\/\/www.fieam.org.br\/site\/sesi\/sesi-forma-1a-turma-do-programa-vira-vida\/o-presidente-da-fieam-e-diretor-regional-do-sesi-antonio-silva\/\" rel=\"attachment wp-att-5676\"><img fetchpriority=\"high\" decoding=\"async\" class=\"size-medium wp-image-5676\" alt=\"O presidente da FIEAM e diretor regional do SESI, Antonio Silva\" src=\"http:\/\/www.fieam.org.br\/2015\/sesi\/wp-content\/uploads\/sites\/2\/2014\/07\/O-presidente-da-FIEAM-e-diretor-regional-do-SESI-Antonio-Silva-300x255.jpg\" width=\"300\" height=\"255\" srcset=\"https:\/\/fieam.org.br\/sesi\/wp-content\/uploads\/sites\/14\/2014\/07\/O-presidente-da-FIEAM-e-diretor-regional-do-SESI-Antonio-Silva-300x255.jpg 300w, https:\/\/fieam.org.br\/sesi\/wp-content\/uploads\/sites\/14\/2014\/07\/O-presidente-da-FIEAM-e-diretor-regional-do-SESI-Antonio-Silva-768x653.jpg 768w, https:\/\/fieam.org.br\/sesi\/wp-content\/uploads\/sites\/14\/2014\/07\/O-presidente-da-FIEAM-e-diretor-regional-do-SESI-Antonio-Silva.jpg 803w\" sizes=\"(max-width: 300px) 100vw, 300px\" \/><\/a><figcaption id=\"caption-attachment-5676\" class=\"wp-caption-text\">O presidente da FIEAM e diretor regional do SESI, Antonio Silva<\/figcaption><\/figure>\n<p>\u201cTudo o que eu quero hoje \u00e9 ser uma grande empreendedora, uma cabeleireira profissional e ter o meu pr\u00f3prio sal\u00e3o. E n\u00e3o apenas isso, quero ser reconhecida pelo meu trabalho. Obrigada, Jair. Se n\u00e3o fosse por voc\u00ea, n\u00e3o saberia o que ia querer para o meu futuro, e principalmente, n\u00e3o saberia a import\u00e2ncia da minha fam\u00edlia em minha vida\u201d. Com esse depoimento emocionado, a formanda Cl\u00e1udia Alencar*, 18, recebeu seu diploma na formatura da primeira turma do Programa Vira Vida no Amazonas, nesta quinta-feira (3), no Clube do Trabalhador do Amazonas.<\/p>\n<p>O Jair do agradecimento \u00e9 o Jair Meneguelli, presidente do Conselho Nacional do SESI e idealizador do \u201cVira Vida\u201d, programa que nos \u00faltimos quatro anos vem mudando a vida de milhares de jovens v\u00edtimas de explora\u00e7\u00e3o sexual em todo o pa\u00eds. Cl\u00e1udia est\u00e1 entre os 43 jovens formados na primeira turma, dentre os 113 atendidos pelo programa em seu primeiro ano no Amazonas.<\/p>\n<p>De acordo com Cl\u00e1udia, sua vida antes do \u201cVira Vida\u201d era de festas, lux\u00faria e tudo que a fazia \u201cfeliz\u201d, at\u00e9 sua casa ser invadida por policiais e sua fam\u00edlia ser amea\u00e7ada de ser presa por suspeita de tr\u00e1fico de drogas e prostitui\u00e7\u00e3o. Foi quando o Conselho Tutelar entrou em sua vida, levando Cl\u00e1udia a conhecer o Programa Vira Vida, com cursos profissionalizantes, com dura\u00e7\u00e3o de 1 ano e 3 meses.<\/p>\n<p>Depois do depoimento emocionado, Cl\u00e1udia Alencar foi surpreendida por Jair Meneguelli, que anunciou uma parceria com o presidente da\u00a0<a href=\"http:\/\/www.fieam.org.br\/site\/fieam\" target=\"_blank\" rel=\"noopener\">Federa\u00e7\u00e3o das Ind\u00fastrias do Estado do Amazonas (FIEAM)<\/a>, Antonio Silva, para ofertar um sal\u00e3o de beleza completo para a aluna e mais alguns companheiros de curso darem andamento ao que aprenderam com o Programa Vira Vida.<\/p>\n<p>\u201cQuero fazer de p\u00fablico, com grau de comprometimento elevado, propor que eu e voc\u00ea (Antonio Silva), ajudemos para que Cl\u00e1udia monte o seu sal\u00e3o de beleza e leve consigo mais alunos do Programa Vira Vida para tocar esse empreendimento com ela\u201d, disse Jair ao finalizar o discurso de parabeniza\u00e7\u00e3o aos formandos. A primeira turma do Programa concluiu os cursos de Imagem Pessoal e Gest\u00e3o de Log\u00edstica, pelo SENAC, e de Auxiliar Administrativo, pelo\u00a0<a href=\"http:\/\/www.fieam.org.br\/site\/senai\" target=\"_blank\" rel=\"noopener\">SENAI<\/a>.<\/p>\n<p>Antonio Silva, que tamb\u00e9m \u00e9 diretor regional do\u00a0<a href=\"http:\/\/www.fieam.org.br\/site\/sesi\" target=\"_blank\" rel=\"noopener\">SESI<\/a>, parabenizou a atitude dos formandos de n\u00e3o desistir de seus sonhos, e permanecer na luta contra seus pr\u00f3prios impulsos.<\/p>\n<p>\u201cAos formandos desejamos que esta seja a primeira de grandes vit\u00f3rias. Desejamos que, com a b\u00ean\u00e7\u00e3o de Deus e a for\u00e7a da juventude de voc\u00eas creiam que estudo e trabalho s\u00e3o capazes de virar a vida, resgatar valores e contribuir para fazer deste mundo o lugar que todos n\u00f3s merecemos\u201d, disse Silva.<\/p>\n<p>Na ocasi\u00e3o, foram entregues placas de homenagem aos parceiros que contribuem para o andamento do Programa Vira Vida no Amazonas, a secret\u00e1ria de Direitos Humanos e de Assist\u00eancia Social e Direitos Humanos (Semasdh) e primeira-dama, Goreth Garcia, representando o prefeito de Manaus, Arthur Virg\u00edlio Neto, diretor regional do Servi\u00e7o Nacional de Aprendizagem Industrial (SENAI Amazonas), Aldemurpe Barros, gerente-executiva do Junior Achievement, Naiara Cruz, gerente de departamento regional do SENAC, Marcilene Carvalho, Servi\u00e7o de Aprendizagem do Cooperativismo do Amazonas (Sescoop), Petrucio Magalh\u00e3es Jr, coordenadora de educa\u00e7\u00e3o do\u00a0<a href=\"http:\/\/www.fieam.org.br\/site\/iel\" target=\"_blank\" rel=\"noopener\">Instituto Euvaldo Lodi (IEL Amazonas)<\/a>, Joelma Muniz, representante do Abrigo Casa Mam\u00e3e Margarida, Irm\u00e3 Maria do Socorro Lopes, e representante da Associa\u00e7\u00e3o de Moradores da Vila da Felicidade, J\u00falio C\u00e9sar dos Santos.<\/p>\n<p>O evento foi encerrado com entrega de diplomas aos 43 formandos e coquetel.<\/p>\n<p>&nbsp;<\/p>\n<p>* Nome fict\u00edcio para preservar a identidade da aluna.<\/p>\n<p>&nbsp;<\/p>\n<p>[nggallery id=249]<\/p>\n","protected":false},"excerpt":{"rendered":"<p>\u201cTudo o que eu quero hoje \u00e9 ser uma grande empreendedora, uma cabeleireira profissional e ter o meu pr\u00f3prio sal\u00e3o. E n\u00e3o apenas isso, quero ser reconhecida pelo meu trabalho. Obrigada, Jair. Se n\u00e3o fosse por voc\u00ea, n\u00e3o saberia o que ia querer para o meu futuro, e principalmente, n\u00e3o saberia a import\u00e2ncia da minha [&hellip;]<\/p>\n","protected":false},"author":1,"featured_media":0,"comment_status":"open","ping_status":"open","sticky":false,"template":"","format":"standard","meta":{"footnotes":""},"categories":[25],"tags":[],"class_list":["post-5675","post","type-post","status-publish","format-standard","hentry","category-news"],"yoast_head":"<!-- This site is optimized with the Yoast SEO plugin v28.2 - https:\/\/yoast.com\/product\/yoast-seo-wordpress\/ -->\n<title>SESI forma 1\u00aa turma do Programa Vira Vida - SESI<\/title>\n<meta name=\"robots\" content=\"index, follow, max-snippet:-1, max-image-preview:large, max-video-preview:-1\" \/>\n<link rel=\"canonical\" href=\"https:\/\/fieam.org.br\/sesi\/sesi-forma-1a-turma-do-programa-vira-vida\/\" \/>\n<meta property=\"og:locale\" content=\"pt_BR\" \/>\n<meta property=\"og:type\" content=\"article\" \/>\n<meta property=\"og:title\" content=\"SESI forma 1\u00aa turma do Programa Vira Vida - SESI\" \/>\n<meta property=\"og:description\" content=\"\u201cTudo o que eu quero hoje \u00e9 ser uma grande empreendedora, uma cabeleireira profissional e ter o meu pr\u00f3prio sal\u00e3o. E n\u00e3o apenas isso, quero ser reconhecida pelo meu trabalho. Obrigada, Jair. Se n\u00e3o fosse por voc\u00ea, n\u00e3o saberia o que ia querer para o meu futuro, e principalmente, n\u00e3o saberia a import\u00e2ncia da minha [&hellip;]\" \/>\n<meta property=\"og:url\" content=\"https:\/\/fieam.org.br\/sesi\/sesi-forma-1a-turma-do-programa-vira-vida\/\" \/>\n<meta property=\"og:site_name\" content=\"SESI\" \/>\n<meta property=\"article:published_time\" content=\"2014-07-07T12:50:39+00:00\" \/>\n<meta property=\"og:image\" content=\"https:\/\/fieam.org.br\/sesi\/wp-content\/uploads\/sites\/14\/2014\/07\/O-presidente-da-FIEAM-e-diretor-regional-do-SESI-Antonio-Silva.jpg\" \/>\n\t<meta property=\"og:image:width\" content=\"803\" \/>\n\t<meta property=\"og:image:height\" content=\"683\" \/>\n\t<meta property=\"og:image:type\" content=\"image\/jpeg\" \/>\n<meta name=\"author\" content=\"Autor\" \/>\n<meta name=\"twitter:card\" content=\"summary_large_image\" \/>\n<meta name=\"twitter:label1\" content=\"Escrito por\" \/>\n\t<meta name=\"twitter:data1\" content=\"Autor\" \/>\n\t<meta name=\"twitter:label2\" content=\"Est. tempo de leitura\" \/>\n\t<meta name=\"twitter:data2\" content=\"3 minutos\" \/>\n<script type=\"application\/ld+json\" class=\"yoast-schema-graph\">{\"@context\":\"https:\\\/\\\/schema.org\",\"@graph\":[{\"@type\":\"Article\",\"@id\":\"https:\\\/\\\/fieam.org.br\\\/sesi\\\/sesi-forma-1a-turma-do-programa-vira-vida\\\/#article\",\"isPartOf\":{\"@id\":\"https:\\\/\\\/fieam.org.br\\\/sesi\\\/sesi-forma-1a-turma-do-programa-vira-vida\\\/\"},\"author\":{\"name\":\"Autor\",\"@id\":\"https:\\\/\\\/fieam.org.br\\\/sesi\\\/#\\\/schema\\\/person\\\/f54998dd14d5f0695b41444f2b01c31e\"},\"headline\":\"SESI forma 1\u00aa turma do Programa Vira Vida\",\"datePublished\":\"2014-07-07T12:50:39+00:00\",\"mainEntityOfPage\":{\"@id\":\"https:\\\/\\\/fieam.org.br\\\/sesi\\\/sesi-forma-1a-turma-do-programa-vira-vida\\\/\"},\"wordCount\":646,\"commentCount\":0,\"publisher\":{\"@id\":\"https:\\\/\\\/fieam.org.br\\\/sesi\\\/#organization\"},\"image\":{\"@id\":\"https:\\\/\\\/fieam.org.br\\\/sesi\\\/sesi-forma-1a-turma-do-programa-vira-vida\\\/#primaryimage\"},\"thumbnailUrl\":\"http:\\\/\\\/www.fieam.org.br\\\/2015\\\/sesi\\\/wp-content\\\/uploads\\\/sites\\\/2\\\/2014\\\/07\\\/O-presidente-da-FIEAM-e-diretor-regional-do-SESI-Antonio-Silva-300x255.jpg\",\"articleSection\":[\"News\"],\"inLanguage\":\"pt-BR\",\"potentialAction\":[{\"@type\":\"CommentAction\",\"name\":\"Comment\",\"target\":[\"https:\\\/\\\/fieam.org.br\\\/sesi\\\/sesi-forma-1a-turma-do-programa-vira-vida\\\/#respond\"]}]},{\"@type\":\"WebPage\",\"@id\":\"https:\\\/\\\/fieam.org.br\\\/sesi\\\/sesi-forma-1a-turma-do-programa-vira-vida\\\/\",\"url\":\"https:\\\/\\\/fieam.org.br\\\/sesi\\\/sesi-forma-1a-turma-do-programa-vira-vida\\\/\",\"name\":\"SESI forma 1\u00aa turma do Programa Vira Vida - SESI\",\"isPartOf\":{\"@id\":\"https:\\\/\\\/fieam.org.br\\\/sesi\\\/#website\"},\"primaryImageOfPage\":{\"@id\":\"https:\\\/\\\/fieam.org.br\\\/sesi\\\/sesi-forma-1a-turma-do-programa-vira-vida\\\/#primaryimage\"},\"image\":{\"@id\":\"https:\\\/\\\/fieam.org.br\\\/sesi\\\/sesi-forma-1a-turma-do-programa-vira-vida\\\/#primaryimage\"},\"thumbnailUrl\":\"http:\\\/\\\/www.fieam.org.br\\\/2015\\\/sesi\\\/wp-content\\\/uploads\\\/sites\\\/2\\\/2014\\\/07\\\/O-presidente-da-FIEAM-e-diretor-regional-do-SESI-Antonio-Silva-300x255.jpg\",\"datePublished\":\"2014-07-07T12:50:39+00:00\",\"breadcrumb\":{\"@id\":\"https:\\\/\\\/fieam.org.br\\\/sesi\\\/sesi-forma-1a-turma-do-programa-vira-vida\\\/#breadcrumb\"},\"inLanguage\":\"pt-BR\",\"potentialAction\":[{\"@type\":\"ReadAction\",\"target\":[\"https:\\\/\\\/fieam.org.br\\\/sesi\\\/sesi-forma-1a-turma-do-programa-vira-vida\\\/\"]}]},{\"@type\":\"ImageObject\",\"inLanguage\":\"pt-BR\",\"@id\":\"https:\\\/\\\/fieam.org.br\\\/sesi\\\/sesi-forma-1a-turma-do-programa-vira-vida\\\/#primaryimage\",\"url\":\"http:\\\/\\\/www.fieam.org.br\\\/2015\\\/sesi\\\/wp-content\\\/uploads\\\/sites\\\/2\\\/2014\\\/07\\\/O-presidente-da-FIEAM-e-diretor-regional-do-SESI-Antonio-Silva-300x255.jpg\",\"contentUrl\":\"http:\\\/\\\/www.fieam.org.br\\\/2015\\\/sesi\\\/wp-content\\\/uploads\\\/sites\\\/2\\\/2014\\\/07\\\/O-presidente-da-FIEAM-e-diretor-regional-do-SESI-Antonio-Silva-300x255.jpg\"},{\"@type\":\"BreadcrumbList\",\"@id\":\"https:\\\/\\\/fieam.org.br\\\/sesi\\\/sesi-forma-1a-turma-do-programa-vira-vida\\\/#breadcrumb\",\"itemListElement\":[{\"@type\":\"ListItem\",\"position\":1,\"name\":\"In\u00edcio\",\"item\":\"https:\\\/\\\/fieam.org.br\\\/sesi\\\/\"},{\"@type\":\"ListItem\",\"position\":2,\"name\":\"SESI forma 1\u00aa turma do Programa Vira Vida\"}]},{\"@type\":\"WebSite\",\"@id\":\"https:\\\/\\\/fieam.org.br\\\/sesi\\\/#website\",\"url\":\"https:\\\/\\\/fieam.org.br\\\/sesi\\\/\",\"name\":\"SESI\",\"description\":\"Site Oficial!\",\"publisher\":{\"@id\":\"https:\\\/\\\/fieam.org.br\\\/sesi\\\/#organization\"},\"potentialAction\":[{\"@type\":\"SearchAction\",\"target\":{\"@type\":\"EntryPoint\",\"urlTemplate\":\"https:\\\/\\\/fieam.org.br\\\/sesi\\\/?s={search_term_string}\"},\"query-input\":{\"@type\":\"PropertyValueSpecification\",\"valueRequired\":true,\"valueName\":\"search_term_string\"}}],\"inLanguage\":\"pt-BR\"},{\"@type\":\"Organization\",\"@id\":\"https:\\\/\\\/fieam.org.br\\\/sesi\\\/#organization\",\"name\":\"SESI\",\"url\":\"https:\\\/\\\/fieam.org.br\\\/sesi\\\/\",\"logo\":{\"@type\":\"ImageObject\",\"inLanguage\":\"pt-BR\",\"@id\":\"https:\\\/\\\/fieam.org.br\\\/sesi\\\/#\\\/schema\\\/logo\\\/image\\\/\",\"url\":\"https:\\\/\\\/fieam.org.br\\\/sesi\\\/wp-content\\\/uploads\\\/sites\\\/14\\\/2024\\\/03\\\/cropped-fav.png\",\"contentUrl\":\"https:\\\/\\\/fieam.org.br\\\/sesi\\\/wp-content\\\/uploads\\\/sites\\\/14\\\/2024\\\/03\\\/cropped-fav.png\",\"width\":610,\"height\":589,\"caption\":\"SESI\"},\"image\":{\"@id\":\"https:\\\/\\\/fieam.org.br\\\/sesi\\\/#\\\/schema\\\/logo\\\/image\\\/\"}},{\"@type\":\"Person\",\"@id\":\"https:\\\/\\\/fieam.org.br\\\/sesi\\\/#\\\/schema\\\/person\\\/f54998dd14d5f0695b41444f2b01c31e\",\"name\":\"Autor\",\"image\":{\"@type\":\"ImageObject\",\"inLanguage\":\"pt-BR\",\"@id\":\"https:\\\/\\\/secure.gravatar.com\\\/avatar\\\/3732c223e0e1fad69062a8f770955c9068d37b055204f310a0be18d4069fe380?s=96&d=mm&r=g\",\"url\":\"https:\\\/\\\/secure.gravatar.com\\\/avatar\\\/3732c223e0e1fad69062a8f770955c9068d37b055204f310a0be18d4069fe380?s=96&d=mm&r=g\",\"contentUrl\":\"https:\\\/\\\/secure.gravatar.com\\\/avatar\\\/3732c223e0e1fad69062a8f770955c9068d37b055204f310a0be18d4069fe380?s=96&d=mm&r=g\",\"caption\":\"Autor\"},\"sameAs\":[\"https:\\\/\\\/marketingmassivo.com.br\"],\"url\":\"https:\\\/\\\/fieam.org.br\\\/sesi\\\/author\\\/admin\\\/\"}]}<\/script>\n<!-- \/ Yoast SEO plugin. -->","yoast_head_json":{"title":"SESI forma 1\u00aa turma do Programa Vira Vida - SESI","robots":{"index":"index","follow":"follow","max-snippet":"max-snippet:-1","max-image-preview":"max-image-preview:large","max-video-preview":"max-video-preview:-1"},"canonical":"https:\/\/fieam.org.br\/sesi\/sesi-forma-1a-turma-do-programa-vira-vida\/","og_locale":"pt_BR","og_type":"article","og_title":"SESI forma 1\u00aa turma do Programa Vira Vida - SESI","og_description":"\u201cTudo o que eu quero hoje \u00e9 ser uma grande empreendedora, uma cabeleireira profissional e ter o meu pr\u00f3prio sal\u00e3o. E n\u00e3o apenas isso, quero ser reconhecida pelo meu trabalho. Obrigada, Jair. Se n\u00e3o fosse por voc\u00ea, n\u00e3o saberia o que ia querer para o meu futuro, e principalmente, n\u00e3o saberia a import\u00e2ncia da minha [&hellip;]","og_url":"https:\/\/fieam.org.br\/sesi\/sesi-forma-1a-turma-do-programa-vira-vida\/","og_site_name":"SESI","article_published_time":"2014-07-07T12:50:39+00:00","og_image":[{"width":803,"height":683,"url":"https:\/\/fieam.org.br\/sesi\/wp-content\/uploads\/sites\/14\/2014\/07\/O-presidente-da-FIEAM-e-diretor-regional-do-SESI-Antonio-Silva.jpg","type":"image\/jpeg"}],"author":"Autor","twitter_card":"summary_large_image","twitter_misc":{"Escrito por":"Autor","Est. tempo de leitura":"3 minutos"},"schema":{"@context":"https:\/\/schema.org","@graph":[{"@type":"Article","@id":"https:\/\/fieam.org.br\/sesi\/sesi-forma-1a-turma-do-programa-vira-vida\/#article","isPartOf":{"@id":"https:\/\/fieam.org.br\/sesi\/sesi-forma-1a-turma-do-programa-vira-vida\/"},"author":{"name":"Autor","@id":"https:\/\/fieam.org.br\/sesi\/#\/schema\/person\/f54998dd14d5f0695b41444f2b01c31e"},"headline":"SESI forma 1\u00aa turma do Programa Vira Vida","datePublished":"2014-07-07T12:50:39+00:00","mainEntityOfPage":{"@id":"https:\/\/fieam.org.br\/sesi\/sesi-forma-1a-turma-do-programa-vira-vida\/"},"wordCount":646,"commentCount":0,"publisher":{"@id":"https:\/\/fieam.org.br\/sesi\/#organization"},"image":{"@id":"https:\/\/fieam.org.br\/sesi\/sesi-forma-1a-turma-do-programa-vira-vida\/#primaryimage"},"thumbnailUrl":"http:\/\/www.fieam.org.br\/2015\/sesi\/wp-content\/uploads\/sites\/2\/2014\/07\/O-presidente-da-FIEAM-e-diretor-regional-do-SESI-Antonio-Silva-300x255.jpg","articleSection":["News"],"inLanguage":"pt-BR","potentialAction":[{"@type":"CommentAction","name":"Comment","target":["https:\/\/fieam.org.br\/sesi\/sesi-forma-1a-turma-do-programa-vira-vida\/#respond"]}]},{"@type":"WebPage","@id":"https:\/\/fieam.org.br\/sesi\/sesi-forma-1a-turma-do-programa-vira-vida\/","url":"https:\/\/fieam.org.br\/sesi\/sesi-forma-1a-turma-do-programa-vira-vida\/","name":"SESI forma 1\u00aa turma do Programa Vira Vida - SESI","isPartOf":{"@id":"https:\/\/fieam.org.br\/sesi\/#website"},"primaryImageOfPage":{"@id":"https:\/\/fieam.org.br\/sesi\/sesi-forma-1a-turma-do-programa-vira-vida\/#primaryimage"},"image":{"@id":"https:\/\/fieam.org.br\/sesi\/sesi-forma-1a-turma-do-programa-vira-vida\/#primaryimage"},"thumbnailUrl":"http:\/\/www.fieam.org.br\/2015\/sesi\/wp-content\/uploads\/sites\/2\/2014\/07\/O-presidente-da-FIEAM-e-diretor-regional-do-SESI-Antonio-Silva-300x255.jpg","datePublished":"2014-07-07T12:50:39+00:00","breadcrumb":{"@id":"https:\/\/fieam.org.br\/sesi\/sesi-forma-1a-turma-do-programa-vira-vida\/#breadcrumb"},"inLanguage":"pt-BR","potentialAction":[{"@type":"ReadAction","target":["https:\/\/fieam.org.br\/sesi\/sesi-forma-1a-turma-do-programa-vira-vida\/"]}]},{"@type":"ImageObject","inLanguage":"pt-BR","@id":"https:\/\/fieam.org.br\/sesi\/sesi-forma-1a-turma-do-programa-vira-vida\/#primaryimage","url":"http:\/\/www.fieam.org.br\/2015\/sesi\/wp-content\/uploads\/sites\/2\/2014\/07\/O-presidente-da-FIEAM-e-diretor-regional-do-SESI-Antonio-Silva-300x255.jpg","contentUrl":"http:\/\/www.fieam.org.br\/2015\/sesi\/wp-content\/uploads\/sites\/2\/2014\/07\/O-presidente-da-FIEAM-e-diretor-regional-do-SESI-Antonio-Silva-300x255.jpg"},{"@type":"BreadcrumbList","@id":"https:\/\/fieam.org.br\/sesi\/sesi-forma-1a-turma-do-programa-vira-vida\/#breadcrumb","itemListElement":[{"@type":"ListItem","position":1,"name":"In\u00edcio","item":"https:\/\/fieam.org.br\/sesi\/"},{"@type":"ListItem","position":2,"name":"SESI forma 1\u00aa turma do Programa Vira Vida"}]},{"@type":"WebSite","@id":"https:\/\/fieam.org.br\/sesi\/#website","url":"https:\/\/fieam.org.br\/sesi\/","name":"SESI","description":"Site Oficial!","publisher":{"@id":"https:\/\/fieam.org.br\/sesi\/#organization"},"potentialAction":[{"@type":"SearchAction","target":{"@type":"EntryPoint","urlTemplate":"https:\/\/fieam.org.br\/sesi\/?s={search_term_string}"},"query-input":{"@type":"PropertyValueSpecification","valueRequired":true,"valueName":"search_term_string"}}],"inLanguage":"pt-BR"},{"@type":"Organization","@id":"https:\/\/fieam.org.br\/sesi\/#organization","name":"SESI","url":"https:\/\/fieam.org.br\/sesi\/","logo":{"@type":"ImageObject","inLanguage":"pt-BR","@id":"https:\/\/fieam.org.br\/sesi\/#\/schema\/logo\/image\/","url":"https:\/\/fieam.org.br\/sesi\/wp-content\/uploads\/sites\/14\/2024\/03\/cropped-fav.png","contentUrl":"https:\/\/fieam.org.br\/sesi\/wp-content\/uploads\/sites\/14\/2024\/03\/cropped-fav.png","width":610,"height":589,"caption":"SESI"},"image":{"@id":"https:\/\/fieam.org.br\/sesi\/#\/schema\/logo\/image\/"}},{"@type":"Person","@id":"https:\/\/fieam.org.br\/sesi\/#\/schema\/person\/f54998dd14d5f0695b41444f2b01c31e","name":"Autor","image":{"@type":"ImageObject","inLanguage":"pt-BR","@id":"https:\/\/secure.gravatar.com\/avatar\/3732c223e0e1fad69062a8f770955c9068d37b055204f310a0be18d4069fe380?s=96&d=mm&r=g","url":"https:\/\/secure.gravatar.com\/avatar\/3732c223e0e1fad69062a8f770955c9068d37b055204f310a0be18d4069fe380?s=96&d=mm&r=g","contentUrl":"https:\/\/secure.gravatar.com\/avatar\/3732c223e0e1fad69062a8f770955c9068d37b055204f310a0be18d4069fe380?s=96&d=mm&r=g","caption":"Autor"},"sameAs":["https:\/\/marketingmassivo.com.br"],"url":"https:\/\/fieam.org.br\/sesi\/author\/admin\/"}]}},"_links":{"self":[{"href":"https:\/\/fieam.org.br\/sesi\/wp-json\/wp\/v2\/posts\/5675","targetHints":{"allow":["GET"]}}],"collection":[{"href":"https:\/\/fieam.org.br\/sesi\/wp-json\/wp\/v2\/posts"}],"about":[{"href":"https:\/\/fieam.org.br\/sesi\/wp-json\/wp\/v2\/types\/post"}],"author":[{"embeddable":true,"href":"https:\/\/fieam.org.br\/sesi\/wp-json\/wp\/v2\/users\/1"}],"replies":[{"embeddable":true,"href":"https:\/\/fieam.org.br\/sesi\/wp-json\/wp\/v2\/comments?post=5675"}],"version-history":[{"count":0,"href":"https:\/\/fieam.org.br\/sesi\/wp-json\/wp\/v2\/posts\/5675\/revisions"}],"wp:attachment":[{"href":"https:\/\/fieam.org.br\/sesi\/wp-json\/wp\/v2\/media?parent=5675"}],"wp:term":[{"taxonomy":"category","embeddable":true,"href":"https:\/\/fieam.org.br\/sesi\/wp-json\/wp\/v2\/categories?post=5675"},{"taxonomy":"post_tag","embeddable":true,"href":"https:\/\/fieam.org.br\/sesi\/wp-json\/wp\/v2\/tags?post=5675"}],"curies":[{"name":"wp","href":"https:\/\/api.w.org\/{rel}","templated":true}]}}