{"id":5654,"date":"2014-07-03T13:28:32","date_gmt":"2014-07-03T13:28:32","guid":{"rendered":"http:\/\/www.fieam.org.br\/site\/sesi\/?p=5654"},"modified":"2014-07-03T13:28:32","modified_gmt":"2014-07-03T13:28:32","slug":"vira-vida-forma-sua-primeira-turma-no-amazonas","status":"publish","type":"post","link":"https:\/\/fieam.org.br\/sesi\/vira-vida-forma-sua-primeira-turma-no-amazonas\/","title":{"rendered":"Vira Vida forma sua primeira turma no Amazonas"},"content":{"rendered":"<figure id=\"attachment_5655\" aria-describedby=\"caption-attachment-5655\" style=\"width: 300px\" class=\"wp-caption alignleft\"><a href=\"http:\/\/www.fieam.org.br\/site\/sesi\/vira-vida-forma-sua-primeira-turma-no-amazonas\/presidente-do-conselho-nacional-do-sesi-jair-meneguelli-2\/\" rel=\"attachment wp-att-5655\"><img fetchpriority=\"high\" decoding=\"async\" class=\"size-medium wp-image-5655\" alt=\"Presidente do Conselho Nacional do SESI, Jair Meneguelli\" src=\"http:\/\/www.fieam.org.br\/2015\/sesi\/wp-content\/uploads\/sites\/2\/2014\/07\/Presidente-do-Conselho-Nacional-do-SESI-Jair-Meneguelli-300x200.jpg\" width=\"300\" height=\"200\" srcset=\"https:\/\/fieam.org.br\/sesi\/wp-content\/uploads\/sites\/14\/2014\/07\/Presidente-do-Conselho-Nacional-do-SESI-Jair-Meneguelli-300x200.jpg 300w, https:\/\/fieam.org.br\/sesi\/wp-content\/uploads\/sites\/14\/2014\/07\/Presidente-do-Conselho-Nacional-do-SESI-Jair-Meneguelli-768x512.jpg 768w, https:\/\/fieam.org.br\/sesi\/wp-content\/uploads\/sites\/14\/2014\/07\/Presidente-do-Conselho-Nacional-do-SESI-Jair-Meneguelli.jpg 1024w\" sizes=\"(max-width: 300px) 100vw, 300px\" \/><\/a><figcaption id=\"caption-attachment-5655\" class=\"wp-caption-text\">Presidente do Conselho Nacional do SESI, Jair Meneguelli<\/figcaption><\/figure>\n<p>Depois de pouco mais de um ano de atividade, no Amazonas, o Programa Vira Vida come\u00e7a a colher resultados com a formatura da primeira turma, de 43 alunos, nesta quinta-feira (3), \u00e0s 19h, no Clube do Trabalhador do Amazonas, na Alameda Cosme Ferreira, 7.399, S\u00e3o Jos\u00e9. A entrega dos certificados ser\u00e1 acompanhada pelo presidente do Conselho Nacional do SESI, Jair Meneguelli, idealizador do projeto, e pelo presidente da\u00a0<a href=\"http:\/\/www.fieam.org.br\/site\/fieam\" target=\"_blank\" rel=\"noopener\">FIEAM<\/a>\u00a0e diretor regional do\u00a0<a href=\"http:\/\/www.fieam.org.br\/site\/sesi\" target=\"_blank\" rel=\"noopener\">SESI<\/a>, Antonio Silva, seu maior incentivador no Estado.<\/p>\n<p>Com hist\u00f3rias de vida marcadas por situa\u00e7\u00f5es de risco social e explora\u00e7\u00e3o sexual, 113 jovens de Manaus foram acolhidos, em abril do ano passado, pelo Vira Vida, desenvolvido pelo SESI Amazonas desde 2012. O desafio do programa \u00e9 promover o enfrentamento dos problemas que afetam jovens em todo o pa\u00eds, oferecendo capacita\u00e7\u00e3o profissional, acompanhamento psicossocial e fortalecimento dos v\u00ednculos familiares.<\/p>\n<p>Os 43 formandos da primeira turma do Vira Vida conclu\u00edram os cursos de imagem pessoal e gest\u00e3o de log\u00edstica, oferecidos pelo Servi\u00e7o Nacional de Aprendizagem Comercial (SENAC Amazonas), e de auxiliar administrativo, pelo Servi\u00e7o Nacional de Aprendizagem Industrial (SENAI Amazonas).<\/p>\n<p>At\u00e9 o final de setembro, o programa deve formar mais 46 jovens pelo Programa Nacional de Acesso ao Ensino T\u00e9cnico e Emprego (Pronatec), oferecido pelo SENAI, nos cursos de confeitaria e operador de micro, e pelo SENAC, com gest\u00e3o e log\u00edstica. Os cursos s\u00e3o alinhados \u00e0s demandas do mercado de trabalho e \u00e0s expectativas dos jovens participantes.<\/p>\n<p>Al\u00e9m de presidir a solenidade de formatura, o presidente do Conselho Nacional do SESI, Jair Meneguelli, cumprir\u00e1 agenda, ao longo do dia, nesta quinta-feira em Manaus: \u00e0s 9h30, visita a f\u00e1brica da Yamaha Motor da Amaz\u00f4nia, no Distrito Industrial; \u00e0s 11h, vai ao Clube do Trabalhador do Amazonas, no S\u00e3o Jos\u00e9, e, \u00e0s 14h30, visita o Centro Integrado do Trabalhador Dolores Garcia, no bairro Alvorada.<\/p>\n<p>&nbsp;<\/p>\n<p><b>Parcerias estrat\u00e9gicas<\/b><\/p>\n<p>&nbsp;<\/p>\n<p>Lan\u00e7ado em 2008, pelo Conselho Nacional do SESI, o Vira Vida j\u00e1 acolheu mais de 4 mil jovens em 26 cidades de 20 Estados. De acordo com o CNS, desse total, 2,2 mil j\u00e1 conclu\u00edram os cursos, sendo que a maioria foi encaminhada ao mercado de trabalho, enquanto outros 1,1 mil continuam vinculados ao programa em todo o pa\u00eds.<\/p>\n<p>Al\u00e9m do SENAI e SENAC, o SESI Amazonas conta com a parceria do Sebrae, Instituto Euvaldo Lodi, ONGs e empresas p\u00fablicas e privadas, como o\u00a0<a href=\"http:\/\/www.google.com.br\/url?q=http:\/\/www.ciee.org.br\/&amp;sa=U&amp;ei=eqqxU8iIIJWtsASq3oCIBw&amp;ved=0CBgQFjAA&amp;usg=AFQjCNFql3xpxMxpHm-guRuuExJ7FpiGgA\" target=\"_blank\" rel=\"noopener\">Centro de Integra\u00e7\u00e3o Empresa-Escola (CIEE<\/a>), Lanchonete Bob\u2019s e Repl\u00e1sticos Ind\u00fastria e Com\u00e9rcio Ltda, para inser\u00e7\u00e3o \u00a0dessa m\u00e3o de obra no mercado.<\/p>\n<p>Por meio da parceria com a Prefeitura Municipal de Manaus, alunos do Vira Vida receberam, durante esse ano, atendimento m\u00e9dico nas especialidades de dermatologia, ginecologia e infectologia, al\u00e9m de acompanhamento sistem\u00e1tico em sa\u00fade mental. Da parceria com o Governo do Estado, foram intermediados servi\u00e7os sociais, atendimento psicol\u00f3gico e visitas domiciliares.<\/p>\n<p>A diretora t\u00e9cnica do SESI Amazonas, Rosana Vasconcelos, lembra que, em novembro do ano passado, os jovens atendidos pelo Programa Vira Vida tiveram oportunidade de organizar um grande f\u00f3rum, em Manaus, para debater temas importantes para eles, como direitos humanos e sexualidade, desigualdade de g\u00eanero e diversidade sexual. Outro grande momento, nessa primeira fase do programa, segundo a diretora, foi a participa\u00e7\u00e3o de 19 desses jovens no 4\u00ba Semin\u00e1rio Nacional Vira Vida, realizado em Bras\u00edlia, em novembro. \u201cEssas experi\u00eancias ajudam o jovem a resgatar sua autoestima e dignidade, e o preparam para uma vida nova\u201d, diz Rosana.<\/p>\n<p>&nbsp;<\/p>\n<p><b>Baile de M\u00e1scaras<\/b><\/p>\n<p>&nbsp;<\/p>\n<p>A cerim\u00f4nia de formatura do Vira Vida, nesta quinta-feira, ser\u00e1 encerrada com coquetel, seguido de um Baile de M\u00e1scaras que ter\u00e1 lugar no sal\u00e3o de festas do Clube do Trabalhador, iniciativa que busca preservar a identidade dos participantes do programa, um direito respeitado pelo SESI Amazonas.<\/p>\n<p>&nbsp;<\/p>\n<p>&nbsp;<\/p>\n<p><b>N\u00fameros do Vira Vida no Amazonas<\/b><\/p>\n<p><b>\u00a0<\/b><\/p>\n<p><b>In\u00edcio do programa no Estado:\u00a0<\/b>abril de 2013<\/p>\n<p><b>N\u00famero de alunos acolhidos:\u00a0<\/b>113<\/p>\n<p><b>N\u00famero de alunos na 1\u00aa turma de formandos:\u00a0<\/b>43<\/p>\n<p><b>Cursos oferecidos aos alunos da 1\u00aa turma:<\/b>\u00a0Imagem pessoal, gest\u00e3o e log\u00edstica, e auxiliar administrativo\u00a0<b>\u00a0<\/b><\/p>\n<p><b>N\u00famero de alunos na 2\u00aa turma:\u00a0<\/b>46<b><\/b><\/p>\n<p><b>Cursos oferecidos aos alunos da 2\u00aa turma:\u00a0<\/b>confeitaria, operador de micro, gest\u00e3o e log\u00edstica<\/p>\n<p><b>\u00a0<\/b><\/p>\n<p><b>SOLENIDADE\/VIRA VIDA<\/b><\/p>\n<p><b>\u00a0<\/b><\/p>\n<p><b>Evento:\u00a0<\/b>1\u00aa Formatura do Programa Vira Vida<\/p>\n<p><b>Quando:\u00a0<\/b>3 de julho (quinta-feira), \u00e0s 19h<\/p>\n<p><b>Local:\u00a0<\/b>Clube do Trabalhador do Amazonas, na Alameda Cosme Ferreira, 7.399, S\u00e3o Jos\u00e9<\/p>\n<p>Link para downl &#8211;\u00a0<a title=\"http:\/\/goo.gl\/jcV51I\" href=\"http:\/\/goo.gl\/jcV51I\">http:\/\/goo.gl\/jcV51I<\/a><\/p>\n<p>&nbsp;<\/p>\n","protected":false},"excerpt":{"rendered":"<p>Depois de pouco mais de um ano de atividade, no Amazonas, o Programa Vira Vida come\u00e7a a colher resultados com a formatura da primeira turma, de 43 alunos, nesta quinta-feira (3), \u00e0s 19h, no Clube do Trabalhador do Amazonas, na Alameda Cosme Ferreira, 7.399, S\u00e3o Jos\u00e9. A entrega dos certificados ser\u00e1 acompanhada pelo presidente do [&hellip;]<\/p>\n","protected":false},"author":1,"featured_media":0,"comment_status":"open","ping_status":"open","sticky":false,"template":"","format":"standard","meta":{"footnotes":""},"categories":[25],"tags":[],"class_list":["post-5654","post","type-post","status-publish","format-standard","hentry","category-news"],"yoast_head":"<!-- This site is optimized with the Yoast SEO plugin v28.2 - https:\/\/yoast.com\/product\/yoast-seo-wordpress\/ -->\n<title>Vira Vida forma sua primeira turma no Amazonas - SESI<\/title>\n<meta name=\"robots\" content=\"index, follow, max-snippet:-1, max-image-preview:large, max-video-preview:-1\" \/>\n<link rel=\"canonical\" href=\"https:\/\/fieam.org.br\/sesi\/vira-vida-forma-sua-primeira-turma-no-amazonas\/\" \/>\n<meta property=\"og:locale\" content=\"pt_BR\" \/>\n<meta property=\"og:type\" content=\"article\" \/>\n<meta property=\"og:title\" content=\"Vira Vida forma sua primeira turma no Amazonas - SESI\" \/>\n<meta property=\"og:description\" content=\"Depois de pouco mais de um ano de atividade, no Amazonas, o Programa Vira Vida come\u00e7a a colher resultados com a formatura da primeira turma, de 43 alunos, nesta quinta-feira (3), \u00e0s 19h, no Clube do Trabalhador do Amazonas, na Alameda Cosme Ferreira, 7.399, S\u00e3o Jos\u00e9. A entrega dos certificados ser\u00e1 acompanhada pelo presidente do [&hellip;]\" \/>\n<meta property=\"og:url\" content=\"https:\/\/fieam.org.br\/sesi\/vira-vida-forma-sua-primeira-turma-no-amazonas\/\" \/>\n<meta property=\"og:site_name\" content=\"SESI\" \/>\n<meta property=\"article:published_time\" content=\"2014-07-03T13:28:32+00:00\" \/>\n<meta property=\"og:image\" content=\"https:\/\/fieam.org.br\/sesi\/wp-content\/uploads\/sites\/14\/2014\/07\/Presidente-do-Conselho-Nacional-do-SESI-Jair-Meneguelli.jpg\" \/>\n\t<meta property=\"og:image:width\" content=\"1024\" \/>\n\t<meta property=\"og:image:height\" content=\"683\" \/>\n\t<meta property=\"og:image:type\" content=\"image\/jpeg\" \/>\n<meta name=\"author\" content=\"Autor\" \/>\n<meta name=\"twitter:card\" content=\"summary_large_image\" \/>\n<meta name=\"twitter:label1\" content=\"Escrito por\" \/>\n\t<meta name=\"twitter:data1\" content=\"Autor\" \/>\n\t<meta name=\"twitter:label2\" content=\"Est. tempo de leitura\" \/>\n\t<meta name=\"twitter:data2\" content=\"4 minutos\" \/>\n<script type=\"application\/ld+json\" class=\"yoast-schema-graph\">{\"@context\":\"https:\\\/\\\/schema.org\",\"@graph\":[{\"@type\":\"Article\",\"@id\":\"https:\\\/\\\/fieam.org.br\\\/sesi\\\/vira-vida-forma-sua-primeira-turma-no-amazonas\\\/#article\",\"isPartOf\":{\"@id\":\"https:\\\/\\\/fieam.org.br\\\/sesi\\\/vira-vida-forma-sua-primeira-turma-no-amazonas\\\/\"},\"author\":{\"name\":\"Autor\",\"@id\":\"https:\\\/\\\/fieam.org.br\\\/sesi\\\/#\\\/schema\\\/person\\\/f54998dd14d5f0695b41444f2b01c31e\"},\"headline\":\"Vira Vida forma sua primeira turma no Amazonas\",\"datePublished\":\"2014-07-03T13:28:32+00:00\",\"mainEntityOfPage\":{\"@id\":\"https:\\\/\\\/fieam.org.br\\\/sesi\\\/vira-vida-forma-sua-primeira-turma-no-amazonas\\\/\"},\"wordCount\":773,\"commentCount\":0,\"publisher\":{\"@id\":\"https:\\\/\\\/fieam.org.br\\\/sesi\\\/#organization\"},\"image\":{\"@id\":\"https:\\\/\\\/fieam.org.br\\\/sesi\\\/vira-vida-forma-sua-primeira-turma-no-amazonas\\\/#primaryimage\"},\"thumbnailUrl\":\"http:\\\/\\\/www.fieam.org.br\\\/2015\\\/sesi\\\/wp-content\\\/uploads\\\/sites\\\/2\\\/2014\\\/07\\\/Presidente-do-Conselho-Nacional-do-SESI-Jair-Meneguelli-300x200.jpg\",\"articleSection\":[\"News\"],\"inLanguage\":\"pt-BR\",\"potentialAction\":[{\"@type\":\"CommentAction\",\"name\":\"Comment\",\"target\":[\"https:\\\/\\\/fieam.org.br\\\/sesi\\\/vira-vida-forma-sua-primeira-turma-no-amazonas\\\/#respond\"]}]},{\"@type\":\"WebPage\",\"@id\":\"https:\\\/\\\/fieam.org.br\\\/sesi\\\/vira-vida-forma-sua-primeira-turma-no-amazonas\\\/\",\"url\":\"https:\\\/\\\/fieam.org.br\\\/sesi\\\/vira-vida-forma-sua-primeira-turma-no-amazonas\\\/\",\"name\":\"Vira Vida forma sua primeira turma no Amazonas - SESI\",\"isPartOf\":{\"@id\":\"https:\\\/\\\/fieam.org.br\\\/sesi\\\/#website\"},\"primaryImageOfPage\":{\"@id\":\"https:\\\/\\\/fieam.org.br\\\/sesi\\\/vira-vida-forma-sua-primeira-turma-no-amazonas\\\/#primaryimage\"},\"image\":{\"@id\":\"https:\\\/\\\/fieam.org.br\\\/sesi\\\/vira-vida-forma-sua-primeira-turma-no-amazonas\\\/#primaryimage\"},\"thumbnailUrl\":\"http:\\\/\\\/www.fieam.org.br\\\/2015\\\/sesi\\\/wp-content\\\/uploads\\\/sites\\\/2\\\/2014\\\/07\\\/Presidente-do-Conselho-Nacional-do-SESI-Jair-Meneguelli-300x200.jpg\",\"datePublished\":\"2014-07-03T13:28:32+00:00\",\"breadcrumb\":{\"@id\":\"https:\\\/\\\/fieam.org.br\\\/sesi\\\/vira-vida-forma-sua-primeira-turma-no-amazonas\\\/#breadcrumb\"},\"inLanguage\":\"pt-BR\",\"potentialAction\":[{\"@type\":\"ReadAction\",\"target\":[\"https:\\\/\\\/fieam.org.br\\\/sesi\\\/vira-vida-forma-sua-primeira-turma-no-amazonas\\\/\"]}]},{\"@type\":\"ImageObject\",\"inLanguage\":\"pt-BR\",\"@id\":\"https:\\\/\\\/fieam.org.br\\\/sesi\\\/vira-vida-forma-sua-primeira-turma-no-amazonas\\\/#primaryimage\",\"url\":\"http:\\\/\\\/www.fieam.org.br\\\/2015\\\/sesi\\\/wp-content\\\/uploads\\\/sites\\\/2\\\/2014\\\/07\\\/Presidente-do-Conselho-Nacional-do-SESI-Jair-Meneguelli-300x200.jpg\",\"contentUrl\":\"http:\\\/\\\/www.fieam.org.br\\\/2015\\\/sesi\\\/wp-content\\\/uploads\\\/sites\\\/2\\\/2014\\\/07\\\/Presidente-do-Conselho-Nacional-do-SESI-Jair-Meneguelli-300x200.jpg\"},{\"@type\":\"BreadcrumbList\",\"@id\":\"https:\\\/\\\/fieam.org.br\\\/sesi\\\/vira-vida-forma-sua-primeira-turma-no-amazonas\\\/#breadcrumb\",\"itemListElement\":[{\"@type\":\"ListItem\",\"position\":1,\"name\":\"In\u00edcio\",\"item\":\"https:\\\/\\\/fieam.org.br\\\/sesi\\\/\"},{\"@type\":\"ListItem\",\"position\":2,\"name\":\"Vira Vida forma sua primeira turma no Amazonas\"}]},{\"@type\":\"WebSite\",\"@id\":\"https:\\\/\\\/fieam.org.br\\\/sesi\\\/#website\",\"url\":\"https:\\\/\\\/fieam.org.br\\\/sesi\\\/\",\"name\":\"SESI\",\"description\":\"Site Oficial!\",\"publisher\":{\"@id\":\"https:\\\/\\\/fieam.org.br\\\/sesi\\\/#organization\"},\"potentialAction\":[{\"@type\":\"SearchAction\",\"target\":{\"@type\":\"EntryPoint\",\"urlTemplate\":\"https:\\\/\\\/fieam.org.br\\\/sesi\\\/?s={search_term_string}\"},\"query-input\":{\"@type\":\"PropertyValueSpecification\",\"valueRequired\":true,\"valueName\":\"search_term_string\"}}],\"inLanguage\":\"pt-BR\"},{\"@type\":\"Organization\",\"@id\":\"https:\\\/\\\/fieam.org.br\\\/sesi\\\/#organization\",\"name\":\"SESI\",\"url\":\"https:\\\/\\\/fieam.org.br\\\/sesi\\\/\",\"logo\":{\"@type\":\"ImageObject\",\"inLanguage\":\"pt-BR\",\"@id\":\"https:\\\/\\\/fieam.org.br\\\/sesi\\\/#\\\/schema\\\/logo\\\/image\\\/\",\"url\":\"https:\\\/\\\/fieam.org.br\\\/sesi\\\/wp-content\\\/uploads\\\/sites\\\/14\\\/2024\\\/03\\\/cropped-fav.png\",\"contentUrl\":\"https:\\\/\\\/fieam.org.br\\\/sesi\\\/wp-content\\\/uploads\\\/sites\\\/14\\\/2024\\\/03\\\/cropped-fav.png\",\"width\":610,\"height\":589,\"caption\":\"SESI\"},\"image\":{\"@id\":\"https:\\\/\\\/fieam.org.br\\\/sesi\\\/#\\\/schema\\\/logo\\\/image\\\/\"}},{\"@type\":\"Person\",\"@id\":\"https:\\\/\\\/fieam.org.br\\\/sesi\\\/#\\\/schema\\\/person\\\/f54998dd14d5f0695b41444f2b01c31e\",\"name\":\"Autor\",\"image\":{\"@type\":\"ImageObject\",\"inLanguage\":\"pt-BR\",\"@id\":\"https:\\\/\\\/secure.gravatar.com\\\/avatar\\\/3732c223e0e1fad69062a8f770955c9068d37b055204f310a0be18d4069fe380?s=96&d=mm&r=g\",\"url\":\"https:\\\/\\\/secure.gravatar.com\\\/avatar\\\/3732c223e0e1fad69062a8f770955c9068d37b055204f310a0be18d4069fe380?s=96&d=mm&r=g\",\"contentUrl\":\"https:\\\/\\\/secure.gravatar.com\\\/avatar\\\/3732c223e0e1fad69062a8f770955c9068d37b055204f310a0be18d4069fe380?s=96&d=mm&r=g\",\"caption\":\"Autor\"},\"sameAs\":[\"https:\\\/\\\/marketingmassivo.com.br\"],\"url\":\"https:\\\/\\\/fieam.org.br\\\/sesi\\\/author\\\/admin\\\/\"}]}<\/script>\n<!-- \/ Yoast SEO plugin. -->","yoast_head_json":{"title":"Vira Vida forma sua primeira turma no Amazonas - SESI","robots":{"index":"index","follow":"follow","max-snippet":"max-snippet:-1","max-image-preview":"max-image-preview:large","max-video-preview":"max-video-preview:-1"},"canonical":"https:\/\/fieam.org.br\/sesi\/vira-vida-forma-sua-primeira-turma-no-amazonas\/","og_locale":"pt_BR","og_type":"article","og_title":"Vira Vida forma sua primeira turma no Amazonas - SESI","og_description":"Depois de pouco mais de um ano de atividade, no Amazonas, o Programa Vira Vida come\u00e7a a colher resultados com a formatura da primeira turma, de 43 alunos, nesta quinta-feira (3), \u00e0s 19h, no Clube do Trabalhador do Amazonas, na Alameda Cosme Ferreira, 7.399, S\u00e3o Jos\u00e9. A entrega dos certificados ser\u00e1 acompanhada pelo presidente do [&hellip;]","og_url":"https:\/\/fieam.org.br\/sesi\/vira-vida-forma-sua-primeira-turma-no-amazonas\/","og_site_name":"SESI","article_published_time":"2014-07-03T13:28:32+00:00","og_image":[{"width":1024,"height":683,"url":"https:\/\/fieam.org.br\/sesi\/wp-content\/uploads\/sites\/14\/2014\/07\/Presidente-do-Conselho-Nacional-do-SESI-Jair-Meneguelli.jpg","type":"image\/jpeg"}],"author":"Autor","twitter_card":"summary_large_image","twitter_misc":{"Escrito por":"Autor","Est. tempo de leitura":"4 minutos"},"schema":{"@context":"https:\/\/schema.org","@graph":[{"@type":"Article","@id":"https:\/\/fieam.org.br\/sesi\/vira-vida-forma-sua-primeira-turma-no-amazonas\/#article","isPartOf":{"@id":"https:\/\/fieam.org.br\/sesi\/vira-vida-forma-sua-primeira-turma-no-amazonas\/"},"author":{"name":"Autor","@id":"https:\/\/fieam.org.br\/sesi\/#\/schema\/person\/f54998dd14d5f0695b41444f2b01c31e"},"headline":"Vira Vida forma sua primeira turma no Amazonas","datePublished":"2014-07-03T13:28:32+00:00","mainEntityOfPage":{"@id":"https:\/\/fieam.org.br\/sesi\/vira-vida-forma-sua-primeira-turma-no-amazonas\/"},"wordCount":773,"commentCount":0,"publisher":{"@id":"https:\/\/fieam.org.br\/sesi\/#organization"},"image":{"@id":"https:\/\/fieam.org.br\/sesi\/vira-vida-forma-sua-primeira-turma-no-amazonas\/#primaryimage"},"thumbnailUrl":"http:\/\/www.fieam.org.br\/2015\/sesi\/wp-content\/uploads\/sites\/2\/2014\/07\/Presidente-do-Conselho-Nacional-do-SESI-Jair-Meneguelli-300x200.jpg","articleSection":["News"],"inLanguage":"pt-BR","potentialAction":[{"@type":"CommentAction","name":"Comment","target":["https:\/\/fieam.org.br\/sesi\/vira-vida-forma-sua-primeira-turma-no-amazonas\/#respond"]}]},{"@type":"WebPage","@id":"https:\/\/fieam.org.br\/sesi\/vira-vida-forma-sua-primeira-turma-no-amazonas\/","url":"https:\/\/fieam.org.br\/sesi\/vira-vida-forma-sua-primeira-turma-no-amazonas\/","name":"Vira Vida forma sua primeira turma no Amazonas - SESI","isPartOf":{"@id":"https:\/\/fieam.org.br\/sesi\/#website"},"primaryImageOfPage":{"@id":"https:\/\/fieam.org.br\/sesi\/vira-vida-forma-sua-primeira-turma-no-amazonas\/#primaryimage"},"image":{"@id":"https:\/\/fieam.org.br\/sesi\/vira-vida-forma-sua-primeira-turma-no-amazonas\/#primaryimage"},"thumbnailUrl":"http:\/\/www.fieam.org.br\/2015\/sesi\/wp-content\/uploads\/sites\/2\/2014\/07\/Presidente-do-Conselho-Nacional-do-SESI-Jair-Meneguelli-300x200.jpg","datePublished":"2014-07-03T13:28:32+00:00","breadcrumb":{"@id":"https:\/\/fieam.org.br\/sesi\/vira-vida-forma-sua-primeira-turma-no-amazonas\/#breadcrumb"},"inLanguage":"pt-BR","potentialAction":[{"@type":"ReadAction","target":["https:\/\/fieam.org.br\/sesi\/vira-vida-forma-sua-primeira-turma-no-amazonas\/"]}]},{"@type":"ImageObject","inLanguage":"pt-BR","@id":"https:\/\/fieam.org.br\/sesi\/vira-vida-forma-sua-primeira-turma-no-amazonas\/#primaryimage","url":"http:\/\/www.fieam.org.br\/2015\/sesi\/wp-content\/uploads\/sites\/2\/2014\/07\/Presidente-do-Conselho-Nacional-do-SESI-Jair-Meneguelli-300x200.jpg","contentUrl":"http:\/\/www.fieam.org.br\/2015\/sesi\/wp-content\/uploads\/sites\/2\/2014\/07\/Presidente-do-Conselho-Nacional-do-SESI-Jair-Meneguelli-300x200.jpg"},{"@type":"BreadcrumbList","@id":"https:\/\/fieam.org.br\/sesi\/vira-vida-forma-sua-primeira-turma-no-amazonas\/#breadcrumb","itemListElement":[{"@type":"ListItem","position":1,"name":"In\u00edcio","item":"https:\/\/fieam.org.br\/sesi\/"},{"@type":"ListItem","position":2,"name":"Vira Vida forma sua primeira turma no Amazonas"}]},{"@type":"WebSite","@id":"https:\/\/fieam.org.br\/sesi\/#website","url":"https:\/\/fieam.org.br\/sesi\/","name":"SESI","description":"Site Oficial!","publisher":{"@id":"https:\/\/fieam.org.br\/sesi\/#organization"},"potentialAction":[{"@type":"SearchAction","target":{"@type":"EntryPoint","urlTemplate":"https:\/\/fieam.org.br\/sesi\/?s={search_term_string}"},"query-input":{"@type":"PropertyValueSpecification","valueRequired":true,"valueName":"search_term_string"}}],"inLanguage":"pt-BR"},{"@type":"Organization","@id":"https:\/\/fieam.org.br\/sesi\/#organization","name":"SESI","url":"https:\/\/fieam.org.br\/sesi\/","logo":{"@type":"ImageObject","inLanguage":"pt-BR","@id":"https:\/\/fieam.org.br\/sesi\/#\/schema\/logo\/image\/","url":"https:\/\/fieam.org.br\/sesi\/wp-content\/uploads\/sites\/14\/2024\/03\/cropped-fav.png","contentUrl":"https:\/\/fieam.org.br\/sesi\/wp-content\/uploads\/sites\/14\/2024\/03\/cropped-fav.png","width":610,"height":589,"caption":"SESI"},"image":{"@id":"https:\/\/fieam.org.br\/sesi\/#\/schema\/logo\/image\/"}},{"@type":"Person","@id":"https:\/\/fieam.org.br\/sesi\/#\/schema\/person\/f54998dd14d5f0695b41444f2b01c31e","name":"Autor","image":{"@type":"ImageObject","inLanguage":"pt-BR","@id":"https:\/\/secure.gravatar.com\/avatar\/3732c223e0e1fad69062a8f770955c9068d37b055204f310a0be18d4069fe380?s=96&d=mm&r=g","url":"https:\/\/secure.gravatar.com\/avatar\/3732c223e0e1fad69062a8f770955c9068d37b055204f310a0be18d4069fe380?s=96&d=mm&r=g","contentUrl":"https:\/\/secure.gravatar.com\/avatar\/3732c223e0e1fad69062a8f770955c9068d37b055204f310a0be18d4069fe380?s=96&d=mm&r=g","caption":"Autor"},"sameAs":["https:\/\/marketingmassivo.com.br"],"url":"https:\/\/fieam.org.br\/sesi\/author\/admin\/"}]}},"_links":{"self":[{"href":"https:\/\/fieam.org.br\/sesi\/wp-json\/wp\/v2\/posts\/5654","targetHints":{"allow":["GET"]}}],"collection":[{"href":"https:\/\/fieam.org.br\/sesi\/wp-json\/wp\/v2\/posts"}],"about":[{"href":"https:\/\/fieam.org.br\/sesi\/wp-json\/wp\/v2\/types\/post"}],"author":[{"embeddable":true,"href":"https:\/\/fieam.org.br\/sesi\/wp-json\/wp\/v2\/users\/1"}],"replies":[{"embeddable":true,"href":"https:\/\/fieam.org.br\/sesi\/wp-json\/wp\/v2\/comments?post=5654"}],"version-history":[{"count":0,"href":"https:\/\/fieam.org.br\/sesi\/wp-json\/wp\/v2\/posts\/5654\/revisions"}],"wp:attachment":[{"href":"https:\/\/fieam.org.br\/sesi\/wp-json\/wp\/v2\/media?parent=5654"}],"wp:term":[{"taxonomy":"category","embeddable":true,"href":"https:\/\/fieam.org.br\/sesi\/wp-json\/wp\/v2\/categories?post=5654"},{"taxonomy":"post_tag","embeddable":true,"href":"https:\/\/fieam.org.br\/sesi\/wp-json\/wp\/v2\/tags?post=5654"}],"curies":[{"name":"wp","href":"https:\/\/api.w.org\/{rel}","templated":true}]}}