{"id":5645,"date":"2014-07-01T20:24:26","date_gmt":"2014-07-01T20:24:26","guid":{"rendered":"http:\/\/www.fieam.org.br\/site\/sesi\/?p=5645"},"modified":"2014-07-01T20:24:26","modified_gmt":"2014-07-01T20:24:26","slug":"sesi-oferece-oficina-de-sst-para-alunos-de-eja","status":"publish","type":"post","link":"https:\/\/fieam.org.br\/sesi\/sesi-oferece-oficina-de-sst-para-alunos-de-eja\/","title":{"rendered":"SESI oferece oficina de SST para alunos de EJA"},"content":{"rendered":"<figure id=\"attachment_5646\" aria-describedby=\"caption-attachment-5646\" style=\"width: 300px\" class=\"wp-caption alignleft\"><a href=\"http:\/\/www.fieam.org.br\/site\/sesi\/sesi-oferece-oficina-de-sst-para-alunos-de-eja\/comerciante-e-estudante-da-eja-antonio-silva-fala-da-importancia-de-estar-atento-aos-usos-dos-equipamentos-para-diminuir-os-riscos-de-acidente-no-ambiente-de-trabalho\/\" rel=\"attachment wp-att-5646\"><img fetchpriority=\"high\" decoding=\"async\" class=\" wp-image-5646\" title=\"Comerciante e estudante da EJA, Ant\u00f4nio Silva, fala da import\u00e2ncia de estar atento aos usos dos equipamentos para diminuir os riscos de acidente no ambiente de trabalho\" alt=\"Comerciante e estudante da EJA, Ant\u00f4nio Silva, fala da import\u00e2ncia de estar atento aos usos dos equipamentos para diminuir os riscos de acidente no ambiente de trabalho\" src=\"http:\/\/www.fieam.org.br\/2015\/sesi\/wp-content\/uploads\/sites\/2\/2014\/07\/Comerciante-e-estudante-da-EJA-Ant\u00f4nio-Silva-fala-da-import\u00e2ncia-de-estar-atento-aos-usos-dos-equipamentos-para-diminuir-os-riscos-de-acidente-no-ambiente-de-trabalho.jpg\" width=\"300\" height=\"200\" \/><\/a><figcaption id=\"caption-attachment-5646\" class=\"wp-caption-text\">Comerciante e estudante da EJA, Ant\u00f4nio Silva, fala da import\u00e2ncia de estar atento aos usos dos equipamentos para diminuir os riscos de acidente no ambiente de trabalho<\/figcaption><\/figure>\n<p>O uso correto dos equipamentos de prote\u00e7\u00e3o individual (EPI) e outras boas pr\u00e1ticas de seguran\u00e7a na constru\u00e7\u00e3o civil foram assuntos da oficina de Seguran\u00e7a e Sa\u00fade no Trabalho (SST), promovida pela Rede SESI Amazonas de Educa\u00e7\u00e3o para 383 alunos da Educa\u00e7\u00e3o de Jovens e Adultos (EJA). Desenvolvidas em tr\u00eas dias, as oficinas foram conclu\u00eddas nesta segunda-feira (30), na Unidade de Educa\u00e7\u00e3o Dra. Emina Barbosa Mustafa, no S\u00e3o Jos\u00e9 I, zona Leste.<\/p>\n<p>A iniciativa do SESI Amazonas serve de prepara\u00e7\u00e3o para os alunos que v\u00e3o participar do Concurso Nacional sobre Seguran\u00e7a e Sa\u00fade no Trabalho, exclusivo para as escolas do SESI e SENAI. Por meio do concurso, as duas institui\u00e7\u00f5es buscam despertar nos alunos o interesse pelo tema. \u00c9 tamb\u00e9m uma iniciativa de mudan\u00e7a de comportamento para promover a consci\u00eancia e a cultura de preven\u00e7\u00e3o no ambiente de trabalho nos profissionais da ind\u00fastria.<\/p>\n<p>O concurso sobre SST, que ainda n\u00e3o tem data definida para in\u00edcio das inscri\u00e7\u00f5es, premiou, no ano passado, nove trabalhos dos Departamentos Regionais do SESI e SENAI do Mato Grosso, Rio Grande do Sul, Bahia e Minas Gerais, destacando alunos, professores ou orientadores e tamb\u00e9m\u00a0 escolas. O tema de 2013 foi \u201cComo a seguran\u00e7a e a sa\u00fade no trabalho contribuem na promo\u00e7\u00e3o da qualidade de vida do trabalhador da Ind\u00fastria\u201d.<br \/>\n<b>Riscos e preven\u00e7\u00f5es<\/b><\/p>\n<p>&nbsp;<\/p>\n<p>Para o comerciante Antonio Carlos da Silva, 65, aluno do 1\u00ba segmento da EJA, a presen\u00e7a da equipe do SESI esclarecendo os riscos e preven\u00e7\u00f5es de acidentes e cuidados com a sa\u00fade, \u00e9 essencial para despertar o interesse de todos para o tema.<\/p>\n<p>\u201cAs dicas de preven\u00e7\u00e3o s\u00e3o sempre bem-vindas, principalmente para quem \u00e9 da \u00e1rea da ind\u00fastria de soldagem como \u00e9 o meu caso. Hoje tenho meu pr\u00f3prio neg\u00f3cio, mas sempre que preciso encaro atividades de forma\u00e7\u00e3o por gostar do que fa\u00e7o\u201d, disse o comerciante. Ant\u00f4nio \u00e9 formado pelo SENAI e diz estar empolgado com o retorno \u00e0 escola.<\/p>\n<p>A oficina de SST foi realizada por quatro profissionais do SESI Amazonas que abordaram, entre outros temas, como se prevenir de acidentes ocasionados por falta de aten\u00e7\u00e3o, mal uso de equipamentos e at\u00e9 mesmo a n\u00e3o utiliza\u00e7\u00e3o dos mesmos.<\/p>\n<p>\u201cQueremos mostrar aqui que o uso de EPI\u2019s n\u00e3o garante 100% de seguran\u00e7a, mas diminui os riscos de acontecerem acidentes\u201d, disse a t\u00e9cnica de seguran\u00e7a no trabalho do SESI Amazonas, Milene Oliveira.<\/p>\n<p>[nggallery id=247]<\/p>\n","protected":false},"excerpt":{"rendered":"<p>O uso correto dos equipamentos de prote\u00e7\u00e3o individual (EPI) e outras boas pr\u00e1ticas de seguran\u00e7a na constru\u00e7\u00e3o civil foram assuntos da oficina de Seguran\u00e7a e Sa\u00fade no Trabalho (SST), promovida pela Rede SESI Amazonas de Educa\u00e7\u00e3o para 383 alunos da Educa\u00e7\u00e3o de Jovens e Adultos (EJA). Desenvolvidas em tr\u00eas dias, as oficinas foram conclu\u00eddas nesta [&hellip;]<\/p>\n","protected":false},"author":1,"featured_media":0,"comment_status":"open","ping_status":"open","sticky":false,"template":"","format":"standard","meta":{"footnotes":""},"categories":[25],"tags":[],"class_list":["post-5645","post","type-post","status-publish","format-standard","hentry","category-news"],"yoast_head":"<!-- This site is optimized with the Yoast SEO plugin v28.2 - https:\/\/yoast.com\/product\/yoast-seo-wordpress\/ -->\n<title>SESI oferece oficina de SST para alunos de EJA - SESI<\/title>\n<meta name=\"robots\" content=\"index, follow, max-snippet:-1, max-image-preview:large, max-video-preview:-1\" \/>\n<link rel=\"canonical\" href=\"https:\/\/fieam.org.br\/sesi\/sesi-oferece-oficina-de-sst-para-alunos-de-eja\/\" \/>\n<meta property=\"og:locale\" content=\"pt_BR\" \/>\n<meta property=\"og:type\" content=\"article\" \/>\n<meta property=\"og:title\" content=\"SESI oferece oficina de SST para alunos de EJA - SESI\" \/>\n<meta property=\"og:description\" content=\"O uso correto dos equipamentos de prote\u00e7\u00e3o individual (EPI) e outras boas pr\u00e1ticas de seguran\u00e7a na constru\u00e7\u00e3o civil foram assuntos da oficina de Seguran\u00e7a e Sa\u00fade no Trabalho (SST), promovida pela Rede SESI Amazonas de Educa\u00e7\u00e3o para 383 alunos da Educa\u00e7\u00e3o de Jovens e Adultos (EJA). Desenvolvidas em tr\u00eas dias, as oficinas foram conclu\u00eddas nesta [&hellip;]\" \/>\n<meta property=\"og:url\" content=\"https:\/\/fieam.org.br\/sesi\/sesi-oferece-oficina-de-sst-para-alunos-de-eja\/\" \/>\n<meta property=\"og:site_name\" content=\"SESI\" \/>\n<meta property=\"article:published_time\" content=\"2014-07-01T20:24:26+00:00\" \/>\n<meta name=\"author\" content=\"Autor\" \/>\n<meta name=\"twitter:card\" content=\"summary_large_image\" \/>\n<meta name=\"twitter:label1\" content=\"Escrito por\" \/>\n\t<meta name=\"twitter:data1\" content=\"Autor\" \/>\n\t<meta name=\"twitter:label2\" content=\"Est. tempo de leitura\" \/>\n\t<meta name=\"twitter:data2\" content=\"2 minutos\" \/>\n<script type=\"application\/ld+json\" class=\"yoast-schema-graph\">{\"@context\":\"https:\\\/\\\/schema.org\",\"@graph\":[{\"@type\":\"Article\",\"@id\":\"https:\\\/\\\/fieam.org.br\\\/sesi\\\/sesi-oferece-oficina-de-sst-para-alunos-de-eja\\\/#article\",\"isPartOf\":{\"@id\":\"https:\\\/\\\/fieam.org.br\\\/sesi\\\/sesi-oferece-oficina-de-sst-para-alunos-de-eja\\\/\"},\"author\":{\"name\":\"Autor\",\"@id\":\"https:\\\/\\\/fieam.org.br\\\/sesi\\\/#\\\/schema\\\/person\\\/f54998dd14d5f0695b41444f2b01c31e\"},\"headline\":\"SESI oferece oficina de SST para alunos de EJA\",\"datePublished\":\"2014-07-01T20:24:26+00:00\",\"mainEntityOfPage\":{\"@id\":\"https:\\\/\\\/fieam.org.br\\\/sesi\\\/sesi-oferece-oficina-de-sst-para-alunos-de-eja\\\/\"},\"wordCount\":472,\"commentCount\":0,\"publisher\":{\"@id\":\"https:\\\/\\\/fieam.org.br\\\/sesi\\\/#organization\"},\"articleSection\":[\"News\"],\"inLanguage\":\"pt-BR\",\"potentialAction\":[{\"@type\":\"CommentAction\",\"name\":\"Comment\",\"target\":[\"https:\\\/\\\/fieam.org.br\\\/sesi\\\/sesi-oferece-oficina-de-sst-para-alunos-de-eja\\\/#respond\"]}]},{\"@type\":\"WebPage\",\"@id\":\"https:\\\/\\\/fieam.org.br\\\/sesi\\\/sesi-oferece-oficina-de-sst-para-alunos-de-eja\\\/\",\"url\":\"https:\\\/\\\/fieam.org.br\\\/sesi\\\/sesi-oferece-oficina-de-sst-para-alunos-de-eja\\\/\",\"name\":\"SESI oferece oficina de SST para alunos de EJA - SESI\",\"isPartOf\":{\"@id\":\"https:\\\/\\\/fieam.org.br\\\/sesi\\\/#website\"},\"datePublished\":\"2014-07-01T20:24:26+00:00\",\"breadcrumb\":{\"@id\":\"https:\\\/\\\/fieam.org.br\\\/sesi\\\/sesi-oferece-oficina-de-sst-para-alunos-de-eja\\\/#breadcrumb\"},\"inLanguage\":\"pt-BR\",\"potentialAction\":[{\"@type\":\"ReadAction\",\"target\":[\"https:\\\/\\\/fieam.org.br\\\/sesi\\\/sesi-oferece-oficina-de-sst-para-alunos-de-eja\\\/\"]}]},{\"@type\":\"BreadcrumbList\",\"@id\":\"https:\\\/\\\/fieam.org.br\\\/sesi\\\/sesi-oferece-oficina-de-sst-para-alunos-de-eja\\\/#breadcrumb\",\"itemListElement\":[{\"@type\":\"ListItem\",\"position\":1,\"name\":\"In\u00edcio\",\"item\":\"https:\\\/\\\/fieam.org.br\\\/sesi\\\/\"},{\"@type\":\"ListItem\",\"position\":2,\"name\":\"SESI oferece oficina de SST para alunos de EJA\"}]},{\"@type\":\"WebSite\",\"@id\":\"https:\\\/\\\/fieam.org.br\\\/sesi\\\/#website\",\"url\":\"https:\\\/\\\/fieam.org.br\\\/sesi\\\/\",\"name\":\"SESI\",\"description\":\"Site Oficial!\",\"publisher\":{\"@id\":\"https:\\\/\\\/fieam.org.br\\\/sesi\\\/#organization\"},\"potentialAction\":[{\"@type\":\"SearchAction\",\"target\":{\"@type\":\"EntryPoint\",\"urlTemplate\":\"https:\\\/\\\/fieam.org.br\\\/sesi\\\/?s={search_term_string}\"},\"query-input\":{\"@type\":\"PropertyValueSpecification\",\"valueRequired\":true,\"valueName\":\"search_term_string\"}}],\"inLanguage\":\"pt-BR\"},{\"@type\":\"Organization\",\"@id\":\"https:\\\/\\\/fieam.org.br\\\/sesi\\\/#organization\",\"name\":\"SESI\",\"url\":\"https:\\\/\\\/fieam.org.br\\\/sesi\\\/\",\"logo\":{\"@type\":\"ImageObject\",\"inLanguage\":\"pt-BR\",\"@id\":\"https:\\\/\\\/fieam.org.br\\\/sesi\\\/#\\\/schema\\\/logo\\\/image\\\/\",\"url\":\"https:\\\/\\\/fieam.org.br\\\/sesi\\\/wp-content\\\/uploads\\\/sites\\\/14\\\/2024\\\/03\\\/cropped-fav.png\",\"contentUrl\":\"https:\\\/\\\/fieam.org.br\\\/sesi\\\/wp-content\\\/uploads\\\/sites\\\/14\\\/2024\\\/03\\\/cropped-fav.png\",\"width\":610,\"height\":589,\"caption\":\"SESI\"},\"image\":{\"@id\":\"https:\\\/\\\/fieam.org.br\\\/sesi\\\/#\\\/schema\\\/logo\\\/image\\\/\"}},{\"@type\":\"Person\",\"@id\":\"https:\\\/\\\/fieam.org.br\\\/sesi\\\/#\\\/schema\\\/person\\\/f54998dd14d5f0695b41444f2b01c31e\",\"name\":\"Autor\",\"image\":{\"@type\":\"ImageObject\",\"inLanguage\":\"pt-BR\",\"@id\":\"https:\\\/\\\/secure.gravatar.com\\\/avatar\\\/3732c223e0e1fad69062a8f770955c9068d37b055204f310a0be18d4069fe380?s=96&d=mm&r=g\",\"url\":\"https:\\\/\\\/secure.gravatar.com\\\/avatar\\\/3732c223e0e1fad69062a8f770955c9068d37b055204f310a0be18d4069fe380?s=96&d=mm&r=g\",\"contentUrl\":\"https:\\\/\\\/secure.gravatar.com\\\/avatar\\\/3732c223e0e1fad69062a8f770955c9068d37b055204f310a0be18d4069fe380?s=96&d=mm&r=g\",\"caption\":\"Autor\"},\"sameAs\":[\"https:\\\/\\\/marketingmassivo.com.br\"],\"url\":\"https:\\\/\\\/fieam.org.br\\\/sesi\\\/author\\\/admin\\\/\"}]}<\/script>\n<!-- \/ Yoast SEO plugin. -->","yoast_head_json":{"title":"SESI oferece oficina de SST para alunos de EJA - SESI","robots":{"index":"index","follow":"follow","max-snippet":"max-snippet:-1","max-image-preview":"max-image-preview:large","max-video-preview":"max-video-preview:-1"},"canonical":"https:\/\/fieam.org.br\/sesi\/sesi-oferece-oficina-de-sst-para-alunos-de-eja\/","og_locale":"pt_BR","og_type":"article","og_title":"SESI oferece oficina de SST para alunos de EJA - SESI","og_description":"O uso correto dos equipamentos de prote\u00e7\u00e3o individual (EPI) e outras boas pr\u00e1ticas de seguran\u00e7a na constru\u00e7\u00e3o civil foram assuntos da oficina de Seguran\u00e7a e Sa\u00fade no Trabalho (SST), promovida pela Rede SESI Amazonas de Educa\u00e7\u00e3o para 383 alunos da Educa\u00e7\u00e3o de Jovens e Adultos (EJA). Desenvolvidas em tr\u00eas dias, as oficinas foram conclu\u00eddas nesta [&hellip;]","og_url":"https:\/\/fieam.org.br\/sesi\/sesi-oferece-oficina-de-sst-para-alunos-de-eja\/","og_site_name":"SESI","article_published_time":"2014-07-01T20:24:26+00:00","author":"Autor","twitter_card":"summary_large_image","twitter_misc":{"Escrito por":"Autor","Est. tempo de leitura":"2 minutos"},"schema":{"@context":"https:\/\/schema.org","@graph":[{"@type":"Article","@id":"https:\/\/fieam.org.br\/sesi\/sesi-oferece-oficina-de-sst-para-alunos-de-eja\/#article","isPartOf":{"@id":"https:\/\/fieam.org.br\/sesi\/sesi-oferece-oficina-de-sst-para-alunos-de-eja\/"},"author":{"name":"Autor","@id":"https:\/\/fieam.org.br\/sesi\/#\/schema\/person\/f54998dd14d5f0695b41444f2b01c31e"},"headline":"SESI oferece oficina de SST para alunos de EJA","datePublished":"2014-07-01T20:24:26+00:00","mainEntityOfPage":{"@id":"https:\/\/fieam.org.br\/sesi\/sesi-oferece-oficina-de-sst-para-alunos-de-eja\/"},"wordCount":472,"commentCount":0,"publisher":{"@id":"https:\/\/fieam.org.br\/sesi\/#organization"},"articleSection":["News"],"inLanguage":"pt-BR","potentialAction":[{"@type":"CommentAction","name":"Comment","target":["https:\/\/fieam.org.br\/sesi\/sesi-oferece-oficina-de-sst-para-alunos-de-eja\/#respond"]}]},{"@type":"WebPage","@id":"https:\/\/fieam.org.br\/sesi\/sesi-oferece-oficina-de-sst-para-alunos-de-eja\/","url":"https:\/\/fieam.org.br\/sesi\/sesi-oferece-oficina-de-sst-para-alunos-de-eja\/","name":"SESI oferece oficina de SST para alunos de EJA - SESI","isPartOf":{"@id":"https:\/\/fieam.org.br\/sesi\/#website"},"datePublished":"2014-07-01T20:24:26+00:00","breadcrumb":{"@id":"https:\/\/fieam.org.br\/sesi\/sesi-oferece-oficina-de-sst-para-alunos-de-eja\/#breadcrumb"},"inLanguage":"pt-BR","potentialAction":[{"@type":"ReadAction","target":["https:\/\/fieam.org.br\/sesi\/sesi-oferece-oficina-de-sst-para-alunos-de-eja\/"]}]},{"@type":"BreadcrumbList","@id":"https:\/\/fieam.org.br\/sesi\/sesi-oferece-oficina-de-sst-para-alunos-de-eja\/#breadcrumb","itemListElement":[{"@type":"ListItem","position":1,"name":"In\u00edcio","item":"https:\/\/fieam.org.br\/sesi\/"},{"@type":"ListItem","position":2,"name":"SESI oferece oficina de SST para alunos de EJA"}]},{"@type":"WebSite","@id":"https:\/\/fieam.org.br\/sesi\/#website","url":"https:\/\/fieam.org.br\/sesi\/","name":"SESI","description":"Site Oficial!","publisher":{"@id":"https:\/\/fieam.org.br\/sesi\/#organization"},"potentialAction":[{"@type":"SearchAction","target":{"@type":"EntryPoint","urlTemplate":"https:\/\/fieam.org.br\/sesi\/?s={search_term_string}"},"query-input":{"@type":"PropertyValueSpecification","valueRequired":true,"valueName":"search_term_string"}}],"inLanguage":"pt-BR"},{"@type":"Organization","@id":"https:\/\/fieam.org.br\/sesi\/#organization","name":"SESI","url":"https:\/\/fieam.org.br\/sesi\/","logo":{"@type":"ImageObject","inLanguage":"pt-BR","@id":"https:\/\/fieam.org.br\/sesi\/#\/schema\/logo\/image\/","url":"https:\/\/fieam.org.br\/sesi\/wp-content\/uploads\/sites\/14\/2024\/03\/cropped-fav.png","contentUrl":"https:\/\/fieam.org.br\/sesi\/wp-content\/uploads\/sites\/14\/2024\/03\/cropped-fav.png","width":610,"height":589,"caption":"SESI"},"image":{"@id":"https:\/\/fieam.org.br\/sesi\/#\/schema\/logo\/image\/"}},{"@type":"Person","@id":"https:\/\/fieam.org.br\/sesi\/#\/schema\/person\/f54998dd14d5f0695b41444f2b01c31e","name":"Autor","image":{"@type":"ImageObject","inLanguage":"pt-BR","@id":"https:\/\/secure.gravatar.com\/avatar\/3732c223e0e1fad69062a8f770955c9068d37b055204f310a0be18d4069fe380?s=96&d=mm&r=g","url":"https:\/\/secure.gravatar.com\/avatar\/3732c223e0e1fad69062a8f770955c9068d37b055204f310a0be18d4069fe380?s=96&d=mm&r=g","contentUrl":"https:\/\/secure.gravatar.com\/avatar\/3732c223e0e1fad69062a8f770955c9068d37b055204f310a0be18d4069fe380?s=96&d=mm&r=g","caption":"Autor"},"sameAs":["https:\/\/marketingmassivo.com.br"],"url":"https:\/\/fieam.org.br\/sesi\/author\/admin\/"}]}},"_links":{"self":[{"href":"https:\/\/fieam.org.br\/sesi\/wp-json\/wp\/v2\/posts\/5645","targetHints":{"allow":["GET"]}}],"collection":[{"href":"https:\/\/fieam.org.br\/sesi\/wp-json\/wp\/v2\/posts"}],"about":[{"href":"https:\/\/fieam.org.br\/sesi\/wp-json\/wp\/v2\/types\/post"}],"author":[{"embeddable":true,"href":"https:\/\/fieam.org.br\/sesi\/wp-json\/wp\/v2\/users\/1"}],"replies":[{"embeddable":true,"href":"https:\/\/fieam.org.br\/sesi\/wp-json\/wp\/v2\/comments?post=5645"}],"version-history":[{"count":0,"href":"https:\/\/fieam.org.br\/sesi\/wp-json\/wp\/v2\/posts\/5645\/revisions"}],"wp:attachment":[{"href":"https:\/\/fieam.org.br\/sesi\/wp-json\/wp\/v2\/media?parent=5645"}],"wp:term":[{"taxonomy":"category","embeddable":true,"href":"https:\/\/fieam.org.br\/sesi\/wp-json\/wp\/v2\/categories?post=5645"},{"taxonomy":"post_tag","embeddable":true,"href":"https:\/\/fieam.org.br\/sesi\/wp-json\/wp\/v2\/tags?post=5645"}],"curies":[{"name":"wp","href":"https:\/\/api.w.org\/{rel}","templated":true}]}}