{"id":5643,"date":"2014-07-01T20:20:24","date_gmt":"2014-07-01T20:20:24","guid":{"rendered":"http:\/\/www.fieam.org.br\/site\/sesi\/?p=5643"},"modified":"2014-07-01T20:20:24","modified_gmt":"2014-07-01T20:20:24","slug":"formatura-1a-turma-do-vira-vida","status":"publish","type":"post","link":"https:\/\/fieam.org.br\/sesi\/formatura-1a-turma-do-vira-vida\/","title":{"rendered":"Formatura 1\u00aa Turma do Vira Vida"},"content":{"rendered":"<p>Com a presen\u00e7a do presidente do Conselho Nacional do SESI, Jair Meneguelli, e do presidente do\u00a0<a href=\"http:\/\/www.fieam.org.br\/site\/fieam\" target=\"_blank\" rel=\"noopener\">Sistema FIEAM<\/a>, Antonio Silva, o\u00a0<a href=\"http:\/\/www.fieam.org.br\/site\/sesi\" target=\"_blank\" rel=\"noopener\">Servi\u00e7o Social da Ind\u00fastria (SESI Amazonas)<\/a>\u00a0promove, na pr\u00f3xima quinta-feira (3), \u00e0s 19 horas, formatura da primeira turma do Programa Vira Vida, no Sal\u00e3o de Festas do Clube do Trabalhador SESI, 7399, localizado na Avenida Alameda Cosme e Ferreira, S\u00e3o Jos\u00e9 1.<\/p>\n<p>Na ocasi\u00e3o, Jair Meneguelli entregar\u00e1 os certificados aos 43 formandos dos cursos de imagem pessoal e gest\u00e3o de log\u00edstica atrav\u00e9s do Servi\u00e7o Nacional de Aprendizagem Comercial (SENAC Amazonas) e auxiliar administrativo pelo Servi\u00e7o Nacional de Aprendizagem Industrial (SENAI Amazonas).<\/p>\n<p>At\u00e9 o final de setembro, o Programa Vira Vida pretende formar mais 46 jovens pelo Programa Nacional de Acesso ao Ensino T\u00e9cnico e Emprego (Pronatec), com os cursos de confeitaria e operador de micro, e pelo SENAC, com gest\u00e3o e log\u00edstica.<\/p>\n<p>O programa \u00e9 uma iniciativa do Conselho Nacional do SESI com o objetivo de promover a transforma\u00e7\u00e3o social e desenvolvimento humano para adolescentes e jovens em situa\u00e7\u00e3o de explora\u00e7\u00e3o sexual. No Amazonas o programa foi lan\u00e7ado em 2013, com 113 jovens.<\/p>\n<p>O SESI Amazonas conta com a parceria de empresas p\u00fablicas e privadas na inclus\u00e3o no trabalho como o SEBRAE Amazonas, Instituto Euvaldo Lodi (IEL Amazonas),\u00a0<a href=\"http:\/\/www.google.com.br\/url?q=http:\/\/www.ciee.org.br\/&amp;sa=U&amp;ei=eqqxU8iIIJWtsASq3oCIBw&amp;ved=0CBgQFjAA&amp;usg=AFQjCNFql3xpxMxpHm-guRuuExJ7FpiGgA\" target=\"_blank\" rel=\"noopener\">Centro de Integra\u00e7\u00e3o Empresa-Escola (CIEE<\/a>), Lanchonete Bob\u2019s e Repl\u00e1sticos Ind\u00fastria e Com\u00e9rcio Ltda.<\/p>\n<p>No encerramento da formatura, o SESI realizar\u00e1 um baile de m\u00e1scara com a participa\u00e7\u00e3o dos formandos do Programa Vira Vida, e coquetel.<\/p>\n","protected":false},"excerpt":{"rendered":"<p>Com a presen\u00e7a do presidente do Conselho Nacional do SESI, Jair Meneguelli, e do presidente do\u00a0Sistema FIEAM, Antonio Silva, o\u00a0Servi\u00e7o Social da Ind\u00fastria (SESI Amazonas)\u00a0promove, na pr\u00f3xima quinta-feira (3), \u00e0s 19 horas, formatura da primeira turma do Programa Vira Vida, no Sal\u00e3o de Festas do Clube do Trabalhador SESI, 7399, localizado na Avenida Alameda Cosme [&hellip;]<\/p>\n","protected":false},"author":1,"featured_media":0,"comment_status":"open","ping_status":"open","sticky":false,"template":"","format":"standard","meta":{"footnotes":""},"categories":[25],"tags":[],"class_list":["post-5643","post","type-post","status-publish","format-standard","hentry","category-news"],"yoast_head":"<!-- This site is optimized with the Yoast SEO plugin v28.2 - https:\/\/yoast.com\/product\/yoast-seo-wordpress\/ -->\n<title>Formatura 1\u00aa Turma do Vira Vida - SESI<\/title>\n<meta name=\"robots\" content=\"index, follow, max-snippet:-1, max-image-preview:large, max-video-preview:-1\" \/>\n<link rel=\"canonical\" href=\"https:\/\/fieam.org.br\/sesi\/formatura-1a-turma-do-vira-vida\/\" \/>\n<meta property=\"og:locale\" content=\"pt_BR\" \/>\n<meta property=\"og:type\" content=\"article\" \/>\n<meta property=\"og:title\" content=\"Formatura 1\u00aa Turma do Vira Vida - SESI\" \/>\n<meta property=\"og:description\" content=\"Com a presen\u00e7a do presidente do Conselho Nacional do SESI, Jair Meneguelli, e do presidente do\u00a0Sistema FIEAM, Antonio Silva, o\u00a0Servi\u00e7o Social da Ind\u00fastria (SESI Amazonas)\u00a0promove, na pr\u00f3xima quinta-feira (3), \u00e0s 19 horas, formatura da primeira turma do Programa Vira Vida, no Sal\u00e3o de Festas do Clube do Trabalhador SESI, 7399, localizado na Avenida Alameda Cosme [&hellip;]\" \/>\n<meta property=\"og:url\" content=\"https:\/\/fieam.org.br\/sesi\/formatura-1a-turma-do-vira-vida\/\" \/>\n<meta property=\"og:site_name\" content=\"SESI\" \/>\n<meta property=\"article:published_time\" content=\"2014-07-01T20:20:24+00:00\" \/>\n<meta name=\"author\" content=\"Autor\" \/>\n<meta name=\"twitter:card\" content=\"summary_large_image\" \/>\n<meta name=\"twitter:label1\" content=\"Escrito por\" \/>\n\t<meta name=\"twitter:data1\" content=\"Autor\" \/>\n\t<meta name=\"twitter:label2\" content=\"Est. tempo de leitura\" \/>\n\t<meta name=\"twitter:data2\" content=\"1 minuto\" \/>\n<script type=\"application\/ld+json\" class=\"yoast-schema-graph\">{\"@context\":\"https:\\\/\\\/schema.org\",\"@graph\":[{\"@type\":\"Article\",\"@id\":\"https:\\\/\\\/fieam.org.br\\\/sesi\\\/formatura-1a-turma-do-vira-vida\\\/#article\",\"isPartOf\":{\"@id\":\"https:\\\/\\\/fieam.org.br\\\/sesi\\\/formatura-1a-turma-do-vira-vida\\\/\"},\"author\":{\"name\":\"Autor\",\"@id\":\"https:\\\/\\\/fieam.org.br\\\/sesi\\\/#\\\/schema\\\/person\\\/f54998dd14d5f0695b41444f2b01c31e\"},\"headline\":\"Formatura 1\u00aa Turma do Vira Vida\",\"datePublished\":\"2014-07-01T20:20:24+00:00\",\"mainEntityOfPage\":{\"@id\":\"https:\\\/\\\/fieam.org.br\\\/sesi\\\/formatura-1a-turma-do-vira-vida\\\/\"},\"wordCount\":268,\"commentCount\":0,\"publisher\":{\"@id\":\"https:\\\/\\\/fieam.org.br\\\/sesi\\\/#organization\"},\"articleSection\":[\"News\"],\"inLanguage\":\"pt-BR\",\"potentialAction\":[{\"@type\":\"CommentAction\",\"name\":\"Comment\",\"target\":[\"https:\\\/\\\/fieam.org.br\\\/sesi\\\/formatura-1a-turma-do-vira-vida\\\/#respond\"]}]},{\"@type\":\"WebPage\",\"@id\":\"https:\\\/\\\/fieam.org.br\\\/sesi\\\/formatura-1a-turma-do-vira-vida\\\/\",\"url\":\"https:\\\/\\\/fieam.org.br\\\/sesi\\\/formatura-1a-turma-do-vira-vida\\\/\",\"name\":\"Formatura 1\u00aa Turma do Vira Vida - SESI\",\"isPartOf\":{\"@id\":\"https:\\\/\\\/fieam.org.br\\\/sesi\\\/#website\"},\"datePublished\":\"2014-07-01T20:20:24+00:00\",\"breadcrumb\":{\"@id\":\"https:\\\/\\\/fieam.org.br\\\/sesi\\\/formatura-1a-turma-do-vira-vida\\\/#breadcrumb\"},\"inLanguage\":\"pt-BR\",\"potentialAction\":[{\"@type\":\"ReadAction\",\"target\":[\"https:\\\/\\\/fieam.org.br\\\/sesi\\\/formatura-1a-turma-do-vira-vida\\\/\"]}]},{\"@type\":\"BreadcrumbList\",\"@id\":\"https:\\\/\\\/fieam.org.br\\\/sesi\\\/formatura-1a-turma-do-vira-vida\\\/#breadcrumb\",\"itemListElement\":[{\"@type\":\"ListItem\",\"position\":1,\"name\":\"In\u00edcio\",\"item\":\"https:\\\/\\\/fieam.org.br\\\/sesi\\\/\"},{\"@type\":\"ListItem\",\"position\":2,\"name\":\"Formatura 1\u00aa Turma do Vira Vida\"}]},{\"@type\":\"WebSite\",\"@id\":\"https:\\\/\\\/fieam.org.br\\\/sesi\\\/#website\",\"url\":\"https:\\\/\\\/fieam.org.br\\\/sesi\\\/\",\"name\":\"SESI\",\"description\":\"Site Oficial!\",\"publisher\":{\"@id\":\"https:\\\/\\\/fieam.org.br\\\/sesi\\\/#organization\"},\"potentialAction\":[{\"@type\":\"SearchAction\",\"target\":{\"@type\":\"EntryPoint\",\"urlTemplate\":\"https:\\\/\\\/fieam.org.br\\\/sesi\\\/?s={search_term_string}\"},\"query-input\":{\"@type\":\"PropertyValueSpecification\",\"valueRequired\":true,\"valueName\":\"search_term_string\"}}],\"inLanguage\":\"pt-BR\"},{\"@type\":\"Organization\",\"@id\":\"https:\\\/\\\/fieam.org.br\\\/sesi\\\/#organization\",\"name\":\"SESI\",\"url\":\"https:\\\/\\\/fieam.org.br\\\/sesi\\\/\",\"logo\":{\"@type\":\"ImageObject\",\"inLanguage\":\"pt-BR\",\"@id\":\"https:\\\/\\\/fieam.org.br\\\/sesi\\\/#\\\/schema\\\/logo\\\/image\\\/\",\"url\":\"https:\\\/\\\/fieam.org.br\\\/sesi\\\/wp-content\\\/uploads\\\/sites\\\/14\\\/2024\\\/03\\\/cropped-fav.png\",\"contentUrl\":\"https:\\\/\\\/fieam.org.br\\\/sesi\\\/wp-content\\\/uploads\\\/sites\\\/14\\\/2024\\\/03\\\/cropped-fav.png\",\"width\":610,\"height\":589,\"caption\":\"SESI\"},\"image\":{\"@id\":\"https:\\\/\\\/fieam.org.br\\\/sesi\\\/#\\\/schema\\\/logo\\\/image\\\/\"}},{\"@type\":\"Person\",\"@id\":\"https:\\\/\\\/fieam.org.br\\\/sesi\\\/#\\\/schema\\\/person\\\/f54998dd14d5f0695b41444f2b01c31e\",\"name\":\"Autor\",\"image\":{\"@type\":\"ImageObject\",\"inLanguage\":\"pt-BR\",\"@id\":\"https:\\\/\\\/secure.gravatar.com\\\/avatar\\\/3732c223e0e1fad69062a8f770955c9068d37b055204f310a0be18d4069fe380?s=96&d=mm&r=g\",\"url\":\"https:\\\/\\\/secure.gravatar.com\\\/avatar\\\/3732c223e0e1fad69062a8f770955c9068d37b055204f310a0be18d4069fe380?s=96&d=mm&r=g\",\"contentUrl\":\"https:\\\/\\\/secure.gravatar.com\\\/avatar\\\/3732c223e0e1fad69062a8f770955c9068d37b055204f310a0be18d4069fe380?s=96&d=mm&r=g\",\"caption\":\"Autor\"},\"sameAs\":[\"https:\\\/\\\/marketingmassivo.com.br\"],\"url\":\"https:\\\/\\\/fieam.org.br\\\/sesi\\\/author\\\/admin\\\/\"}]}<\/script>\n<!-- \/ Yoast SEO plugin. -->","yoast_head_json":{"title":"Formatura 1\u00aa Turma do Vira Vida - SESI","robots":{"index":"index","follow":"follow","max-snippet":"max-snippet:-1","max-image-preview":"max-image-preview:large","max-video-preview":"max-video-preview:-1"},"canonical":"https:\/\/fieam.org.br\/sesi\/formatura-1a-turma-do-vira-vida\/","og_locale":"pt_BR","og_type":"article","og_title":"Formatura 1\u00aa Turma do Vira Vida - SESI","og_description":"Com a presen\u00e7a do presidente do Conselho Nacional do SESI, Jair Meneguelli, e do presidente do\u00a0Sistema FIEAM, Antonio Silva, o\u00a0Servi\u00e7o Social da Ind\u00fastria (SESI Amazonas)\u00a0promove, na pr\u00f3xima quinta-feira (3), \u00e0s 19 horas, formatura da primeira turma do Programa Vira Vida, no Sal\u00e3o de Festas do Clube do Trabalhador SESI, 7399, localizado na Avenida Alameda Cosme [&hellip;]","og_url":"https:\/\/fieam.org.br\/sesi\/formatura-1a-turma-do-vira-vida\/","og_site_name":"SESI","article_published_time":"2014-07-01T20:20:24+00:00","author":"Autor","twitter_card":"summary_large_image","twitter_misc":{"Escrito por":"Autor","Est. tempo de leitura":"1 minuto"},"schema":{"@context":"https:\/\/schema.org","@graph":[{"@type":"Article","@id":"https:\/\/fieam.org.br\/sesi\/formatura-1a-turma-do-vira-vida\/#article","isPartOf":{"@id":"https:\/\/fieam.org.br\/sesi\/formatura-1a-turma-do-vira-vida\/"},"author":{"name":"Autor","@id":"https:\/\/fieam.org.br\/sesi\/#\/schema\/person\/f54998dd14d5f0695b41444f2b01c31e"},"headline":"Formatura 1\u00aa Turma do Vira Vida","datePublished":"2014-07-01T20:20:24+00:00","mainEntityOfPage":{"@id":"https:\/\/fieam.org.br\/sesi\/formatura-1a-turma-do-vira-vida\/"},"wordCount":268,"commentCount":0,"publisher":{"@id":"https:\/\/fieam.org.br\/sesi\/#organization"},"articleSection":["News"],"inLanguage":"pt-BR","potentialAction":[{"@type":"CommentAction","name":"Comment","target":["https:\/\/fieam.org.br\/sesi\/formatura-1a-turma-do-vira-vida\/#respond"]}]},{"@type":"WebPage","@id":"https:\/\/fieam.org.br\/sesi\/formatura-1a-turma-do-vira-vida\/","url":"https:\/\/fieam.org.br\/sesi\/formatura-1a-turma-do-vira-vida\/","name":"Formatura 1\u00aa Turma do Vira Vida - SESI","isPartOf":{"@id":"https:\/\/fieam.org.br\/sesi\/#website"},"datePublished":"2014-07-01T20:20:24+00:00","breadcrumb":{"@id":"https:\/\/fieam.org.br\/sesi\/formatura-1a-turma-do-vira-vida\/#breadcrumb"},"inLanguage":"pt-BR","potentialAction":[{"@type":"ReadAction","target":["https:\/\/fieam.org.br\/sesi\/formatura-1a-turma-do-vira-vida\/"]}]},{"@type":"BreadcrumbList","@id":"https:\/\/fieam.org.br\/sesi\/formatura-1a-turma-do-vira-vida\/#breadcrumb","itemListElement":[{"@type":"ListItem","position":1,"name":"In\u00edcio","item":"https:\/\/fieam.org.br\/sesi\/"},{"@type":"ListItem","position":2,"name":"Formatura 1\u00aa Turma do Vira Vida"}]},{"@type":"WebSite","@id":"https:\/\/fieam.org.br\/sesi\/#website","url":"https:\/\/fieam.org.br\/sesi\/","name":"SESI","description":"Site Oficial!","publisher":{"@id":"https:\/\/fieam.org.br\/sesi\/#organization"},"potentialAction":[{"@type":"SearchAction","target":{"@type":"EntryPoint","urlTemplate":"https:\/\/fieam.org.br\/sesi\/?s={search_term_string}"},"query-input":{"@type":"PropertyValueSpecification","valueRequired":true,"valueName":"search_term_string"}}],"inLanguage":"pt-BR"},{"@type":"Organization","@id":"https:\/\/fieam.org.br\/sesi\/#organization","name":"SESI","url":"https:\/\/fieam.org.br\/sesi\/","logo":{"@type":"ImageObject","inLanguage":"pt-BR","@id":"https:\/\/fieam.org.br\/sesi\/#\/schema\/logo\/image\/","url":"https:\/\/fieam.org.br\/sesi\/wp-content\/uploads\/sites\/14\/2024\/03\/cropped-fav.png","contentUrl":"https:\/\/fieam.org.br\/sesi\/wp-content\/uploads\/sites\/14\/2024\/03\/cropped-fav.png","width":610,"height":589,"caption":"SESI"},"image":{"@id":"https:\/\/fieam.org.br\/sesi\/#\/schema\/logo\/image\/"}},{"@type":"Person","@id":"https:\/\/fieam.org.br\/sesi\/#\/schema\/person\/f54998dd14d5f0695b41444f2b01c31e","name":"Autor","image":{"@type":"ImageObject","inLanguage":"pt-BR","@id":"https:\/\/secure.gravatar.com\/avatar\/3732c223e0e1fad69062a8f770955c9068d37b055204f310a0be18d4069fe380?s=96&d=mm&r=g","url":"https:\/\/secure.gravatar.com\/avatar\/3732c223e0e1fad69062a8f770955c9068d37b055204f310a0be18d4069fe380?s=96&d=mm&r=g","contentUrl":"https:\/\/secure.gravatar.com\/avatar\/3732c223e0e1fad69062a8f770955c9068d37b055204f310a0be18d4069fe380?s=96&d=mm&r=g","caption":"Autor"},"sameAs":["https:\/\/marketingmassivo.com.br"],"url":"https:\/\/fieam.org.br\/sesi\/author\/admin\/"}]}},"_links":{"self":[{"href":"https:\/\/fieam.org.br\/sesi\/wp-json\/wp\/v2\/posts\/5643","targetHints":{"allow":["GET"]}}],"collection":[{"href":"https:\/\/fieam.org.br\/sesi\/wp-json\/wp\/v2\/posts"}],"about":[{"href":"https:\/\/fieam.org.br\/sesi\/wp-json\/wp\/v2\/types\/post"}],"author":[{"embeddable":true,"href":"https:\/\/fieam.org.br\/sesi\/wp-json\/wp\/v2\/users\/1"}],"replies":[{"embeddable":true,"href":"https:\/\/fieam.org.br\/sesi\/wp-json\/wp\/v2\/comments?post=5643"}],"version-history":[{"count":0,"href":"https:\/\/fieam.org.br\/sesi\/wp-json\/wp\/v2\/posts\/5643\/revisions"}],"wp:attachment":[{"href":"https:\/\/fieam.org.br\/sesi\/wp-json\/wp\/v2\/media?parent=5643"}],"wp:term":[{"taxonomy":"category","embeddable":true,"href":"https:\/\/fieam.org.br\/sesi\/wp-json\/wp\/v2\/categories?post=5643"},{"taxonomy":"post_tag","embeddable":true,"href":"https:\/\/fieam.org.br\/sesi\/wp-json\/wp\/v2\/tags?post=5643"}],"curies":[{"name":"wp","href":"https:\/\/api.w.org\/{rel}","templated":true}]}}