{"id":5618,"date":"2014-06-16T14:32:49","date_gmt":"2014-06-16T14:32:49","guid":{"rendered":"http:\/\/www.fieam.org.br\/site\/sesi\/?p=5618"},"modified":"2014-06-16T14:32:49","modified_gmt":"2014-06-16T14:32:49","slug":"sesi-e-vice-na-copa-de-karate","status":"publish","type":"post","link":"https:\/\/fieam.org.br\/sesi\/sesi-e-vice-na-copa-de-karate\/","title":{"rendered":"SESI \u00e9 vice na Copa de Karat\u00ea"},"content":{"rendered":"<p><a href=\"https:\/\/marketingmassivo.com.br\/sesi\/wp-content\/uploads\/sites\/12\/2014\/06\/sesi_copadekarate.jpg\"><img fetchpriority=\"high\" decoding=\"async\" class=\" wp-image-5619 alignleft\" alt=\"sesi_copadekarate\" src=\"https:\/\/marketingmassivo.com.br\/sesi\/wp-content\/uploads\/sites\/12\/2014\/06\/sesi_copadekarate.jpg\" width=\"300\" height=\"200\" srcset=\"https:\/\/fieam.org.br\/sesi\/wp-content\/uploads\/sites\/14\/2014\/06\/sesi_copadekarate.jpg 500w, https:\/\/fieam.org.br\/sesi\/wp-content\/uploads\/sites\/14\/2014\/06\/sesi_copadekarate-300x200.jpg 300w\" sizes=\"(max-width: 300px) 100vw, 300px\" \/><\/a>O SESI Amazonas conquistou 27 medalhas na 13\u00aa edi\u00e7\u00e3o da Copa de<b> Karat\u00ea<\/b> <b>Interestilos<\/b>, realizada no m\u00eas de abril, na cidade de Santar\u00e9m (PA), que reuniu cerca de 200 atletas dos Estados do Amazonas, Par\u00e1 e Roraima, nas categorias, mirim, infantil, juvenil, adulto e s\u00eanior.<\/p>\n<p>Do total de medalhas conquistadas, 12 foram de ouro, sete de prata e oito de bronze. O SESI foi representado na competi\u00e7\u00e3o por 26 atletas da sua Escolinha de Karat\u00ea. De acordo com o coordenador da Escolinha do SESI, Afonso Almeida, com o resultado, o SESI conquistou o 2\u00ba lugar na pontua\u00e7\u00e3o geral da competi\u00e7\u00e3o e se prepara para participar do 21\u00ba Campeonato Brasileiro de Karat\u00ea Interestilo que ser\u00e1 disputado em Bras\u00edlia (DF), no per\u00edodo de 14 a 17 de agosto, com uma delega\u00e7\u00e3o composta por 20 atletas da Escolinha de Karat\u00ea.<\/p>\n<p>Os atletas Gustavo Cunha (infantil), Vitor Patr\u00edck (juvenil) e Jos\u00e9 Vitor (mirim) foram destaques em suas categorias, conquistando o 1\u00ba lugar, tanto no kumit\u00ea quanto no kat\u00e1. A equipe feminina teve tamb\u00e9m uma boa participa\u00e7\u00e3o e conquistou a terceira posi\u00e7\u00e3o na classifica\u00e7\u00e3o geral (kat\u00e1).<\/p>\n","protected":false},"excerpt":{"rendered":"<p>O SESI Amazonas conquistou 27 medalhas na 13\u00aa edi\u00e7\u00e3o da Copa de Karat\u00ea Interestilos, realizada no m\u00eas de abril, na cidade de Santar\u00e9m (PA), que reuniu cerca de 200 atletas dos Estados do Amazonas, Par\u00e1 e Roraima, nas categorias, mirim, infantil, juvenil, adulto e s\u00eanior. Do total de medalhas conquistadas, 12 foram de ouro, sete [&hellip;]<\/p>\n","protected":false},"author":1,"featured_media":0,"comment_status":"open","ping_status":"open","sticky":false,"template":"","format":"standard","meta":{"footnotes":""},"categories":[25],"tags":[],"class_list":["post-5618","post","type-post","status-publish","format-standard","hentry","category-news"],"yoast_head":"<!-- This site is optimized with the Yoast SEO plugin v28.2 - https:\/\/yoast.com\/product\/yoast-seo-wordpress\/ -->\n<title>SESI \u00e9 vice na Copa de Karat\u00ea - SESI<\/title>\n<meta name=\"robots\" content=\"index, follow, max-snippet:-1, max-image-preview:large, max-video-preview:-1\" \/>\n<link rel=\"canonical\" href=\"https:\/\/fieam.org.br\/sesi\/sesi-e-vice-na-copa-de-karate\/\" \/>\n<meta property=\"og:locale\" content=\"pt_BR\" \/>\n<meta property=\"og:type\" content=\"article\" \/>\n<meta property=\"og:title\" content=\"SESI \u00e9 vice na Copa de Karat\u00ea - SESI\" \/>\n<meta property=\"og:description\" content=\"O SESI Amazonas conquistou 27 medalhas na 13\u00aa edi\u00e7\u00e3o da Copa de Karat\u00ea Interestilos, realizada no m\u00eas de abril, na cidade de Santar\u00e9m (PA), que reuniu cerca de 200 atletas dos Estados do Amazonas, Par\u00e1 e Roraima, nas categorias, mirim, infantil, juvenil, adulto e s\u00eanior. Do total de medalhas conquistadas, 12 foram de ouro, sete [&hellip;]\" \/>\n<meta property=\"og:url\" content=\"https:\/\/fieam.org.br\/sesi\/sesi-e-vice-na-copa-de-karate\/\" \/>\n<meta property=\"og:site_name\" content=\"SESI\" \/>\n<meta property=\"article:published_time\" content=\"2014-06-16T14:32:49+00:00\" \/>\n<meta property=\"og:image\" content=\"https:\/\/fieam.org.br\/sesi\/wp-content\/uploads\/sites\/14\/2014\/06\/sesi_copadekarate.jpg\" \/>\n\t<meta property=\"og:image:width\" content=\"500\" \/>\n\t<meta property=\"og:image:height\" content=\"334\" \/>\n\t<meta property=\"og:image:type\" content=\"image\/jpeg\" \/>\n<meta name=\"author\" content=\"Autor\" \/>\n<meta name=\"twitter:card\" content=\"summary_large_image\" \/>\n<meta name=\"twitter:label1\" content=\"Escrito por\" \/>\n\t<meta name=\"twitter:data1\" content=\"Autor\" \/>\n\t<meta name=\"twitter:label2\" content=\"Est. tempo de leitura\" \/>\n\t<meta name=\"twitter:data2\" content=\"1 minuto\" \/>\n<script type=\"application\/ld+json\" class=\"yoast-schema-graph\">{\"@context\":\"https:\\\/\\\/schema.org\",\"@graph\":[{\"@type\":\"Article\",\"@id\":\"https:\\\/\\\/fieam.org.br\\\/sesi\\\/sesi-e-vice-na-copa-de-karate\\\/#article\",\"isPartOf\":{\"@id\":\"https:\\\/\\\/fieam.org.br\\\/sesi\\\/sesi-e-vice-na-copa-de-karate\\\/\"},\"author\":{\"name\":\"Autor\",\"@id\":\"https:\\\/\\\/fieam.org.br\\\/sesi\\\/#\\\/schema\\\/person\\\/f54998dd14d5f0695b41444f2b01c31e\"},\"headline\":\"SESI \u00e9 vice na Copa de Karat\u00ea\",\"datePublished\":\"2014-06-16T14:32:49+00:00\",\"mainEntityOfPage\":{\"@id\":\"https:\\\/\\\/fieam.org.br\\\/sesi\\\/sesi-e-vice-na-copa-de-karate\\\/\"},\"wordCount\":191,\"commentCount\":0,\"publisher\":{\"@id\":\"https:\\\/\\\/fieam.org.br\\\/sesi\\\/#organization\"},\"image\":{\"@id\":\"https:\\\/\\\/fieam.org.br\\\/sesi\\\/sesi-e-vice-na-copa-de-karate\\\/#primaryimage\"},\"thumbnailUrl\":\"https:\\\/\\\/marketingmassivo.com.br\\\/sesi\\\/wp-content\\\/uploads\\\/sites\\\/12\\\/2014\\\/06\\\/sesi_copadekarate.jpg\",\"articleSection\":[\"News\"],\"inLanguage\":\"pt-BR\",\"potentialAction\":[{\"@type\":\"CommentAction\",\"name\":\"Comment\",\"target\":[\"https:\\\/\\\/fieam.org.br\\\/sesi\\\/sesi-e-vice-na-copa-de-karate\\\/#respond\"]}]},{\"@type\":\"WebPage\",\"@id\":\"https:\\\/\\\/fieam.org.br\\\/sesi\\\/sesi-e-vice-na-copa-de-karate\\\/\",\"url\":\"https:\\\/\\\/fieam.org.br\\\/sesi\\\/sesi-e-vice-na-copa-de-karate\\\/\",\"name\":\"SESI \u00e9 vice na Copa de Karat\u00ea - SESI\",\"isPartOf\":{\"@id\":\"https:\\\/\\\/fieam.org.br\\\/sesi\\\/#website\"},\"primaryImageOfPage\":{\"@id\":\"https:\\\/\\\/fieam.org.br\\\/sesi\\\/sesi-e-vice-na-copa-de-karate\\\/#primaryimage\"},\"image\":{\"@id\":\"https:\\\/\\\/fieam.org.br\\\/sesi\\\/sesi-e-vice-na-copa-de-karate\\\/#primaryimage\"},\"thumbnailUrl\":\"https:\\\/\\\/marketingmassivo.com.br\\\/sesi\\\/wp-content\\\/uploads\\\/sites\\\/12\\\/2014\\\/06\\\/sesi_copadekarate.jpg\",\"datePublished\":\"2014-06-16T14:32:49+00:00\",\"breadcrumb\":{\"@id\":\"https:\\\/\\\/fieam.org.br\\\/sesi\\\/sesi-e-vice-na-copa-de-karate\\\/#breadcrumb\"},\"inLanguage\":\"pt-BR\",\"potentialAction\":[{\"@type\":\"ReadAction\",\"target\":[\"https:\\\/\\\/fieam.org.br\\\/sesi\\\/sesi-e-vice-na-copa-de-karate\\\/\"]}]},{\"@type\":\"ImageObject\",\"inLanguage\":\"pt-BR\",\"@id\":\"https:\\\/\\\/fieam.org.br\\\/sesi\\\/sesi-e-vice-na-copa-de-karate\\\/#primaryimage\",\"url\":\"https:\\\/\\\/marketingmassivo.com.br\\\/sesi\\\/wp-content\\\/uploads\\\/sites\\\/12\\\/2014\\\/06\\\/sesi_copadekarate.jpg\",\"contentUrl\":\"https:\\\/\\\/marketingmassivo.com.br\\\/sesi\\\/wp-content\\\/uploads\\\/sites\\\/12\\\/2014\\\/06\\\/sesi_copadekarate.jpg\"},{\"@type\":\"BreadcrumbList\",\"@id\":\"https:\\\/\\\/fieam.org.br\\\/sesi\\\/sesi-e-vice-na-copa-de-karate\\\/#breadcrumb\",\"itemListElement\":[{\"@type\":\"ListItem\",\"position\":1,\"name\":\"In\u00edcio\",\"item\":\"https:\\\/\\\/fieam.org.br\\\/sesi\\\/\"},{\"@type\":\"ListItem\",\"position\":2,\"name\":\"SESI \u00e9 vice na Copa de Karat\u00ea\"}]},{\"@type\":\"WebSite\",\"@id\":\"https:\\\/\\\/fieam.org.br\\\/sesi\\\/#website\",\"url\":\"https:\\\/\\\/fieam.org.br\\\/sesi\\\/\",\"name\":\"SESI\",\"description\":\"Site Oficial!\",\"publisher\":{\"@id\":\"https:\\\/\\\/fieam.org.br\\\/sesi\\\/#organization\"},\"potentialAction\":[{\"@type\":\"SearchAction\",\"target\":{\"@type\":\"EntryPoint\",\"urlTemplate\":\"https:\\\/\\\/fieam.org.br\\\/sesi\\\/?s={search_term_string}\"},\"query-input\":{\"@type\":\"PropertyValueSpecification\",\"valueRequired\":true,\"valueName\":\"search_term_string\"}}],\"inLanguage\":\"pt-BR\"},{\"@type\":\"Organization\",\"@id\":\"https:\\\/\\\/fieam.org.br\\\/sesi\\\/#organization\",\"name\":\"SESI\",\"url\":\"https:\\\/\\\/fieam.org.br\\\/sesi\\\/\",\"logo\":{\"@type\":\"ImageObject\",\"inLanguage\":\"pt-BR\",\"@id\":\"https:\\\/\\\/fieam.org.br\\\/sesi\\\/#\\\/schema\\\/logo\\\/image\\\/\",\"url\":\"https:\\\/\\\/fieam.org.br\\\/sesi\\\/wp-content\\\/uploads\\\/sites\\\/14\\\/2024\\\/03\\\/cropped-fav.png\",\"contentUrl\":\"https:\\\/\\\/fieam.org.br\\\/sesi\\\/wp-content\\\/uploads\\\/sites\\\/14\\\/2024\\\/03\\\/cropped-fav.png\",\"width\":610,\"height\":589,\"caption\":\"SESI\"},\"image\":{\"@id\":\"https:\\\/\\\/fieam.org.br\\\/sesi\\\/#\\\/schema\\\/logo\\\/image\\\/\"}},{\"@type\":\"Person\",\"@id\":\"https:\\\/\\\/fieam.org.br\\\/sesi\\\/#\\\/schema\\\/person\\\/f54998dd14d5f0695b41444f2b01c31e\",\"name\":\"Autor\",\"image\":{\"@type\":\"ImageObject\",\"inLanguage\":\"pt-BR\",\"@id\":\"https:\\\/\\\/secure.gravatar.com\\\/avatar\\\/3732c223e0e1fad69062a8f770955c9068d37b055204f310a0be18d4069fe380?s=96&d=mm&r=g\",\"url\":\"https:\\\/\\\/secure.gravatar.com\\\/avatar\\\/3732c223e0e1fad69062a8f770955c9068d37b055204f310a0be18d4069fe380?s=96&d=mm&r=g\",\"contentUrl\":\"https:\\\/\\\/secure.gravatar.com\\\/avatar\\\/3732c223e0e1fad69062a8f770955c9068d37b055204f310a0be18d4069fe380?s=96&d=mm&r=g\",\"caption\":\"Autor\"},\"sameAs\":[\"https:\\\/\\\/marketingmassivo.com.br\"],\"url\":\"https:\\\/\\\/fieam.org.br\\\/sesi\\\/author\\\/admin\\\/\"}]}<\/script>\n<!-- \/ Yoast SEO plugin. -->","yoast_head_json":{"title":"SESI \u00e9 vice na Copa de Karat\u00ea - SESI","robots":{"index":"index","follow":"follow","max-snippet":"max-snippet:-1","max-image-preview":"max-image-preview:large","max-video-preview":"max-video-preview:-1"},"canonical":"https:\/\/fieam.org.br\/sesi\/sesi-e-vice-na-copa-de-karate\/","og_locale":"pt_BR","og_type":"article","og_title":"SESI \u00e9 vice na Copa de Karat\u00ea - SESI","og_description":"O SESI Amazonas conquistou 27 medalhas na 13\u00aa edi\u00e7\u00e3o da Copa de Karat\u00ea Interestilos, realizada no m\u00eas de abril, na cidade de Santar\u00e9m (PA), que reuniu cerca de 200 atletas dos Estados do Amazonas, Par\u00e1 e Roraima, nas categorias, mirim, infantil, juvenil, adulto e s\u00eanior. Do total de medalhas conquistadas, 12 foram de ouro, sete [&hellip;]","og_url":"https:\/\/fieam.org.br\/sesi\/sesi-e-vice-na-copa-de-karate\/","og_site_name":"SESI","article_published_time":"2014-06-16T14:32:49+00:00","og_image":[{"width":500,"height":334,"url":"https:\/\/fieam.org.br\/sesi\/wp-content\/uploads\/sites\/14\/2014\/06\/sesi_copadekarate.jpg","type":"image\/jpeg"}],"author":"Autor","twitter_card":"summary_large_image","twitter_misc":{"Escrito por":"Autor","Est. tempo de leitura":"1 minuto"},"schema":{"@context":"https:\/\/schema.org","@graph":[{"@type":"Article","@id":"https:\/\/fieam.org.br\/sesi\/sesi-e-vice-na-copa-de-karate\/#article","isPartOf":{"@id":"https:\/\/fieam.org.br\/sesi\/sesi-e-vice-na-copa-de-karate\/"},"author":{"name":"Autor","@id":"https:\/\/fieam.org.br\/sesi\/#\/schema\/person\/f54998dd14d5f0695b41444f2b01c31e"},"headline":"SESI \u00e9 vice na Copa de Karat\u00ea","datePublished":"2014-06-16T14:32:49+00:00","mainEntityOfPage":{"@id":"https:\/\/fieam.org.br\/sesi\/sesi-e-vice-na-copa-de-karate\/"},"wordCount":191,"commentCount":0,"publisher":{"@id":"https:\/\/fieam.org.br\/sesi\/#organization"},"image":{"@id":"https:\/\/fieam.org.br\/sesi\/sesi-e-vice-na-copa-de-karate\/#primaryimage"},"thumbnailUrl":"https:\/\/marketingmassivo.com.br\/sesi\/wp-content\/uploads\/sites\/12\/2014\/06\/sesi_copadekarate.jpg","articleSection":["News"],"inLanguage":"pt-BR","potentialAction":[{"@type":"CommentAction","name":"Comment","target":["https:\/\/fieam.org.br\/sesi\/sesi-e-vice-na-copa-de-karate\/#respond"]}]},{"@type":"WebPage","@id":"https:\/\/fieam.org.br\/sesi\/sesi-e-vice-na-copa-de-karate\/","url":"https:\/\/fieam.org.br\/sesi\/sesi-e-vice-na-copa-de-karate\/","name":"SESI \u00e9 vice na Copa de Karat\u00ea - SESI","isPartOf":{"@id":"https:\/\/fieam.org.br\/sesi\/#website"},"primaryImageOfPage":{"@id":"https:\/\/fieam.org.br\/sesi\/sesi-e-vice-na-copa-de-karate\/#primaryimage"},"image":{"@id":"https:\/\/fieam.org.br\/sesi\/sesi-e-vice-na-copa-de-karate\/#primaryimage"},"thumbnailUrl":"https:\/\/marketingmassivo.com.br\/sesi\/wp-content\/uploads\/sites\/12\/2014\/06\/sesi_copadekarate.jpg","datePublished":"2014-06-16T14:32:49+00:00","breadcrumb":{"@id":"https:\/\/fieam.org.br\/sesi\/sesi-e-vice-na-copa-de-karate\/#breadcrumb"},"inLanguage":"pt-BR","potentialAction":[{"@type":"ReadAction","target":["https:\/\/fieam.org.br\/sesi\/sesi-e-vice-na-copa-de-karate\/"]}]},{"@type":"ImageObject","inLanguage":"pt-BR","@id":"https:\/\/fieam.org.br\/sesi\/sesi-e-vice-na-copa-de-karate\/#primaryimage","url":"https:\/\/marketingmassivo.com.br\/sesi\/wp-content\/uploads\/sites\/12\/2014\/06\/sesi_copadekarate.jpg","contentUrl":"https:\/\/marketingmassivo.com.br\/sesi\/wp-content\/uploads\/sites\/12\/2014\/06\/sesi_copadekarate.jpg"},{"@type":"BreadcrumbList","@id":"https:\/\/fieam.org.br\/sesi\/sesi-e-vice-na-copa-de-karate\/#breadcrumb","itemListElement":[{"@type":"ListItem","position":1,"name":"In\u00edcio","item":"https:\/\/fieam.org.br\/sesi\/"},{"@type":"ListItem","position":2,"name":"SESI \u00e9 vice na Copa de Karat\u00ea"}]},{"@type":"WebSite","@id":"https:\/\/fieam.org.br\/sesi\/#website","url":"https:\/\/fieam.org.br\/sesi\/","name":"SESI","description":"Site Oficial!","publisher":{"@id":"https:\/\/fieam.org.br\/sesi\/#organization"},"potentialAction":[{"@type":"SearchAction","target":{"@type":"EntryPoint","urlTemplate":"https:\/\/fieam.org.br\/sesi\/?s={search_term_string}"},"query-input":{"@type":"PropertyValueSpecification","valueRequired":true,"valueName":"search_term_string"}}],"inLanguage":"pt-BR"},{"@type":"Organization","@id":"https:\/\/fieam.org.br\/sesi\/#organization","name":"SESI","url":"https:\/\/fieam.org.br\/sesi\/","logo":{"@type":"ImageObject","inLanguage":"pt-BR","@id":"https:\/\/fieam.org.br\/sesi\/#\/schema\/logo\/image\/","url":"https:\/\/fieam.org.br\/sesi\/wp-content\/uploads\/sites\/14\/2024\/03\/cropped-fav.png","contentUrl":"https:\/\/fieam.org.br\/sesi\/wp-content\/uploads\/sites\/14\/2024\/03\/cropped-fav.png","width":610,"height":589,"caption":"SESI"},"image":{"@id":"https:\/\/fieam.org.br\/sesi\/#\/schema\/logo\/image\/"}},{"@type":"Person","@id":"https:\/\/fieam.org.br\/sesi\/#\/schema\/person\/f54998dd14d5f0695b41444f2b01c31e","name":"Autor","image":{"@type":"ImageObject","inLanguage":"pt-BR","@id":"https:\/\/secure.gravatar.com\/avatar\/3732c223e0e1fad69062a8f770955c9068d37b055204f310a0be18d4069fe380?s=96&d=mm&r=g","url":"https:\/\/secure.gravatar.com\/avatar\/3732c223e0e1fad69062a8f770955c9068d37b055204f310a0be18d4069fe380?s=96&d=mm&r=g","contentUrl":"https:\/\/secure.gravatar.com\/avatar\/3732c223e0e1fad69062a8f770955c9068d37b055204f310a0be18d4069fe380?s=96&d=mm&r=g","caption":"Autor"},"sameAs":["https:\/\/marketingmassivo.com.br"],"url":"https:\/\/fieam.org.br\/sesi\/author\/admin\/"}]}},"_links":{"self":[{"href":"https:\/\/fieam.org.br\/sesi\/wp-json\/wp\/v2\/posts\/5618","targetHints":{"allow":["GET"]}}],"collection":[{"href":"https:\/\/fieam.org.br\/sesi\/wp-json\/wp\/v2\/posts"}],"about":[{"href":"https:\/\/fieam.org.br\/sesi\/wp-json\/wp\/v2\/types\/post"}],"author":[{"embeddable":true,"href":"https:\/\/fieam.org.br\/sesi\/wp-json\/wp\/v2\/users\/1"}],"replies":[{"embeddable":true,"href":"https:\/\/fieam.org.br\/sesi\/wp-json\/wp\/v2\/comments?post=5618"}],"version-history":[{"count":0,"href":"https:\/\/fieam.org.br\/sesi\/wp-json\/wp\/v2\/posts\/5618\/revisions"}],"wp:attachment":[{"href":"https:\/\/fieam.org.br\/sesi\/wp-json\/wp\/v2\/media?parent=5618"}],"wp:term":[{"taxonomy":"category","embeddable":true,"href":"https:\/\/fieam.org.br\/sesi\/wp-json\/wp\/v2\/categories?post=5618"},{"taxonomy":"post_tag","embeddable":true,"href":"https:\/\/fieam.org.br\/sesi\/wp-json\/wp\/v2\/tags?post=5618"}],"curies":[{"name":"wp","href":"https:\/\/api.w.org\/{rel}","templated":true}]}}