{"id":5597,"date":"2014-06-12T13:08:44","date_gmt":"2014-06-12T13:08:44","guid":{"rendered":"http:\/\/www.fieam.org.br\/site\/sesi\/?p=5597"},"modified":"2014-06-12T13:08:44","modified_gmt":"2014-06-12T13:08:44","slug":"campanha-nao-desvie-o-olhar-em-acao-na-copa-do-mundo","status":"publish","type":"post","link":"https:\/\/fieam.org.br\/sesi\/campanha-nao-desvie-o-olhar-em-acao-na-copa-do-mundo\/","title":{"rendered":"Campanha \u201cN\u00e3o desvie o olhar\u201d em a\u00e7\u00e3o na Copa do Mundo"},"content":{"rendered":"<figure id=\"attachment_5598\" aria-describedby=\"caption-attachment-5598\" style=\"width: 200px\" class=\"wp-caption alignleft\"><a href=\"http:\/\/www.fieam.org.br\/site\/sesi\/campanha-nao-desvie-o-olhar-em-acao-na-copa-do-mundo\/coordenadora-de-projetos-sociais-do-sesi-silvane-almeida-fala-sobre-os-procedimentos-da-campanha-em-manaus\/\" rel=\"attachment wp-att-5598\"><img fetchpriority=\"high\" decoding=\"async\" class=\"size-medium wp-image-5598\" alt=\"Coordenadora de projetos sociais do SESI, Silvane Almeida, fala sobre os procedimentos da campanha em Manaus\" src=\"http:\/\/www.fieam.org.br\/2015\/sesi\/wp-content\/uploads\/sites\/2\/2014\/06\/Coordenadora-de-projetos-sociais-do-SESI-Silvane-Almeida-fala-sobre-os-procedimentos-da-campanha-em-Manaus-200x300.jpg\" width=\"200\" height=\"300\" srcset=\"https:\/\/fieam.org.br\/sesi\/wp-content\/uploads\/sites\/14\/2014\/06\/Coordenadora-de-projetos-sociais-do-SESI-Silvane-Almeida-fala-sobre-os-procedimentos-da-campanha-em-Manaus-200x300.jpg 200w, https:\/\/fieam.org.br\/sesi\/wp-content\/uploads\/sites\/14\/2014\/06\/Coordenadora-de-projetos-sociais-do-SESI-Silvane-Almeida-fala-sobre-os-procedimentos-da-campanha-em-Manaus.jpg 683w\" sizes=\"(max-width: 200px) 100vw, 200px\" \/><\/a><figcaption id=\"caption-attachment-5598\" class=\"wp-caption-text\">Coordenadora de projetos sociais do SESI, Silvane Almeida, fala sobre os procedimentos da campanha em Manaus<\/figcaption><\/figure>\n<p><a href=\"http:\/\/www.fieam.org.br\/site\/sesi\" target=\"_blank\" rel=\"noopener\">O Servi\u00e7o Social da Ind\u00fastria (SESI Amazonas)<\/a>, em parceria com a\u00a0<a title=\"Permanent Link to Bem vindo \u00e0 Secretaria Municipal de Assist\u00eancia Social e Direitos Humanos\" href=\"http:\/\/semasdh.manaus.am.gov.br\/ola-mundo\/\" target=\"_blank\" rel=\"noopener\">Secretaria Municipal de Assist\u00eancia Social e Direitos Humanos<\/a>\u00a0(Semasdh) e Secretaria de Estado de Assist\u00eancia Social (Seas) deu in\u00edcio, nesta ter\u00e7a-feira (10), em Manaus, \u00e0 campanha de sensibiliza\u00e7\u00e3o \u201cN\u00e3o Desvie o Olhar\u201d, de combate \u00e0 explora\u00e7\u00e3o sexual de crian\u00e7as e jovens durante a Copa do Mundo. A iniciativa, do Conselho Nacional do SESI e da Frente Nacional de Prefeitos (FNP), aconteceu simultaneamente nos aeroportos das 12 cidades-sede da Copa, com entrega de panfletos e orienta\u00e7\u00f5es aos turistas.<\/p>\n<p>Pelo menos 200 turistas foram abordados, durante a a\u00e7\u00e3o no desembarque do Aeroporto Internacional Eduardo Gomes, na tarde de ter\u00e7a-feira, por cerca de 60 volunt\u00e1rios recrutados pelo SESI, Seas e Semasdh. A orienta\u00e7\u00e3o dada \u00e9 que o crime deve ser denunciado ou ao Conselho Tutelar ou ao Disque 100.<\/p>\n<p>De acordo com a coordenadora de projetos sociais do SESI, Silvane Almeida, a campanha percorrer\u00e1 os portos de Manaus e pontos de taxis, com orienta\u00e7\u00f5es sobre como realizar as den\u00fancias por a\u00e7\u00f5es suspeitas de explora\u00e7\u00e3o sexual, contando com as parcerias para que juntas consigam alcan\u00e7ar um n\u00famero muito maior de pessoas que apoiem essa causa.<\/p>\n<p>\u201cA sociedade deve se mobilizar para combater a explora\u00e7\u00e3o sexual de crian\u00e7a e adolescentes. N\u00e3o podemos aceitar que nossas crian\u00e7as sejam violentadas dessa maneira\u201d, disse Silvane.<\/p>\n<p>A diretora do Departamento de Prote\u00e7\u00e3o Social e Especial da Semasdh, Gecilda Albano, disse que as a\u00e7\u00f5es de combate \u00e0 explora\u00e7\u00e3o sexual de crian\u00e7as, como essa, mostram aos turistas que Manaus est\u00e1 preparada para receb\u00ea-los, mas disposta a barrar toda e qualquer a\u00e7\u00e3o criminosa contra esse p\u00fablico alvo.<\/p>\n<p>\u201cTemos muitos problemas com trotes, o que dificulta o trabalho da secretaria, mas nada que nos impe\u00e7a de realizar o nosso trabalho contra essa agress\u00e3o. Pedimos que denuncie, disque 100, a liga\u00e7\u00e3o \u00e9 gratuita, e a participa\u00e7\u00e3o de todos \u00e9 necess\u00e1ria\u201d, disse Gecilda.<\/p>\n<p>Al\u00e9m da explora\u00e7\u00e3o sexual de crian\u00e7as e adolescentes, a campanha tamb\u00e9m denunciou o tr\u00e1fico de pessoas, que movimenta, de acordo com\u00a0 dados da Organiza\u00e7\u00e3o das Na\u00e7\u00f5es Unidas (ONU), movimenta mais de 32 bilh\u00f5es de d\u00f3lares por ano, o que torna essa atividade uma das mais lucrativas do mundo do crime.<\/p>\n<p>Globalmente, 4,5 milh\u00f5es s\u00e3o v\u00edtimas de tr\u00e1fico para explora\u00e7\u00e3o sexual de acordo com pesquisa realizada pela Organiza\u00e7\u00e3o Internacional do Trabalho (OIT\/2002). Desse total, 76% das v\u00edtimas s\u00e3o do sexo feminino e 26% s\u00e3o crian\u00e7as e adolescentes.<\/p>\n<p>&nbsp;<\/p>\n<p><b>Mobiliza\u00e7\u00e3o permanente<\/b><\/p>\n<p>&nbsp;<\/p>\n<p>Ao serem abordados, os turistas mostraram interesse em saber mais sobre a campanha, mas tamb\u00e9m criticaram as mobiliza\u00e7\u00f5es feitas apenas em megaeventos. O militar H\u00e9lio de Souza, que veio de Tef\u00e9, a 516 quil\u00f4metros de Manaus, disse que a a\u00e7\u00e3o \u00e9 de extrema import\u00e2ncia, mas que deve acontecer permanentemente, principalmente em locais onde o \u00edndice de explora\u00e7\u00e3o sexual de crian\u00e7as e adolescentes \u00e9 alto como em Manaus.<\/p>\n<p>[nggallery id=246]<\/p>\n","protected":false},"excerpt":{"rendered":"<p>O Servi\u00e7o Social da Ind\u00fastria (SESI Amazonas), em parceria com a\u00a0Secretaria Municipal de Assist\u00eancia Social e Direitos Humanos\u00a0(Semasdh) e Secretaria de Estado de Assist\u00eancia Social (Seas) deu in\u00edcio, nesta ter\u00e7a-feira (10), em Manaus, \u00e0 campanha de sensibiliza\u00e7\u00e3o \u201cN\u00e3o Desvie o Olhar\u201d, de combate \u00e0 explora\u00e7\u00e3o sexual de crian\u00e7as e jovens durante a Copa do Mundo. [&hellip;]<\/p>\n","protected":false},"author":1,"featured_media":0,"comment_status":"open","ping_status":"open","sticky":false,"template":"","format":"standard","meta":{"footnotes":""},"categories":[25],"tags":[],"class_list":["post-5597","post","type-post","status-publish","format-standard","hentry","category-news"],"yoast_head":"<!-- This site is optimized with the Yoast SEO plugin v28.2 - https:\/\/yoast.com\/product\/yoast-seo-wordpress\/ -->\n<title>Campanha \u201cN\u00e3o desvie o olhar\u201d em a\u00e7\u00e3o na Copa do Mundo - SESI<\/title>\n<meta name=\"robots\" content=\"index, follow, max-snippet:-1, max-image-preview:large, max-video-preview:-1\" \/>\n<link rel=\"canonical\" href=\"https:\/\/fieam.org.br\/sesi\/campanha-nao-desvie-o-olhar-em-acao-na-copa-do-mundo\/\" \/>\n<meta property=\"og:locale\" content=\"pt_BR\" \/>\n<meta property=\"og:type\" content=\"article\" \/>\n<meta property=\"og:title\" content=\"Campanha \u201cN\u00e3o desvie o olhar\u201d em a\u00e7\u00e3o na Copa do Mundo - SESI\" \/>\n<meta property=\"og:description\" content=\"O Servi\u00e7o Social da Ind\u00fastria (SESI Amazonas), em parceria com a\u00a0Secretaria Municipal de Assist\u00eancia Social e Direitos Humanos\u00a0(Semasdh) e Secretaria de Estado de Assist\u00eancia Social (Seas) deu in\u00edcio, nesta ter\u00e7a-feira (10), em Manaus, \u00e0 campanha de sensibiliza\u00e7\u00e3o \u201cN\u00e3o Desvie o Olhar\u201d, de combate \u00e0 explora\u00e7\u00e3o sexual de crian\u00e7as e jovens durante a Copa do Mundo. [&hellip;]\" \/>\n<meta property=\"og:url\" content=\"https:\/\/fieam.org.br\/sesi\/campanha-nao-desvie-o-olhar-em-acao-na-copa-do-mundo\/\" \/>\n<meta property=\"og:site_name\" content=\"SESI\" \/>\n<meta property=\"article:published_time\" content=\"2014-06-12T13:08:44+00:00\" \/>\n<meta property=\"og:image\" content=\"https:\/\/fieam.org.br\/sesi\/wp-content\/uploads\/sites\/14\/2014\/06\/Coordenadora-de-projetos-sociais-do-SESI-Silvane-Almeida-fala-sobre-os-procedimentos-da-campanha-em-Manaus.jpg\" \/>\n\t<meta property=\"og:image:width\" content=\"683\" \/>\n\t<meta property=\"og:image:height\" content=\"1024\" \/>\n\t<meta property=\"og:image:type\" content=\"image\/jpeg\" \/>\n<meta name=\"author\" content=\"Autor\" \/>\n<meta name=\"twitter:card\" content=\"summary_large_image\" \/>\n<meta name=\"twitter:label1\" content=\"Escrito por\" \/>\n\t<meta name=\"twitter:data1\" content=\"Autor\" \/>\n\t<meta name=\"twitter:label2\" content=\"Est. tempo de leitura\" \/>\n\t<meta name=\"twitter:data2\" content=\"3 minutos\" \/>\n<script type=\"application\/ld+json\" class=\"yoast-schema-graph\">{\"@context\":\"https:\\\/\\\/schema.org\",\"@graph\":[{\"@type\":\"Article\",\"@id\":\"https:\\\/\\\/fieam.org.br\\\/sesi\\\/campanha-nao-desvie-o-olhar-em-acao-na-copa-do-mundo\\\/#article\",\"isPartOf\":{\"@id\":\"https:\\\/\\\/fieam.org.br\\\/sesi\\\/campanha-nao-desvie-o-olhar-em-acao-na-copa-do-mundo\\\/\"},\"author\":{\"name\":\"Autor\",\"@id\":\"https:\\\/\\\/fieam.org.br\\\/sesi\\\/#\\\/schema\\\/person\\\/f54998dd14d5f0695b41444f2b01c31e\"},\"headline\":\"Campanha \u201cN\u00e3o desvie o olhar\u201d em a\u00e7\u00e3o na Copa do Mundo\",\"datePublished\":\"2014-06-12T13:08:44+00:00\",\"mainEntityOfPage\":{\"@id\":\"https:\\\/\\\/fieam.org.br\\\/sesi\\\/campanha-nao-desvie-o-olhar-em-acao-na-copa-do-mundo\\\/\"},\"wordCount\":550,\"commentCount\":0,\"publisher\":{\"@id\":\"https:\\\/\\\/fieam.org.br\\\/sesi\\\/#organization\"},\"image\":{\"@id\":\"https:\\\/\\\/fieam.org.br\\\/sesi\\\/campanha-nao-desvie-o-olhar-em-acao-na-copa-do-mundo\\\/#primaryimage\"},\"thumbnailUrl\":\"http:\\\/\\\/www.fieam.org.br\\\/2015\\\/sesi\\\/wp-content\\\/uploads\\\/sites\\\/2\\\/2014\\\/06\\\/Coordenadora-de-projetos-sociais-do-SESI-Silvane-Almeida-fala-sobre-os-procedimentos-da-campanha-em-Manaus-200x300.jpg\",\"articleSection\":[\"News\"],\"inLanguage\":\"pt-BR\",\"potentialAction\":[{\"@type\":\"CommentAction\",\"name\":\"Comment\",\"target\":[\"https:\\\/\\\/fieam.org.br\\\/sesi\\\/campanha-nao-desvie-o-olhar-em-acao-na-copa-do-mundo\\\/#respond\"]}]},{\"@type\":\"WebPage\",\"@id\":\"https:\\\/\\\/fieam.org.br\\\/sesi\\\/campanha-nao-desvie-o-olhar-em-acao-na-copa-do-mundo\\\/\",\"url\":\"https:\\\/\\\/fieam.org.br\\\/sesi\\\/campanha-nao-desvie-o-olhar-em-acao-na-copa-do-mundo\\\/\",\"name\":\"Campanha \u201cN\u00e3o desvie o olhar\u201d em a\u00e7\u00e3o na Copa do Mundo - SESI\",\"isPartOf\":{\"@id\":\"https:\\\/\\\/fieam.org.br\\\/sesi\\\/#website\"},\"primaryImageOfPage\":{\"@id\":\"https:\\\/\\\/fieam.org.br\\\/sesi\\\/campanha-nao-desvie-o-olhar-em-acao-na-copa-do-mundo\\\/#primaryimage\"},\"image\":{\"@id\":\"https:\\\/\\\/fieam.org.br\\\/sesi\\\/campanha-nao-desvie-o-olhar-em-acao-na-copa-do-mundo\\\/#primaryimage\"},\"thumbnailUrl\":\"http:\\\/\\\/www.fieam.org.br\\\/2015\\\/sesi\\\/wp-content\\\/uploads\\\/sites\\\/2\\\/2014\\\/06\\\/Coordenadora-de-projetos-sociais-do-SESI-Silvane-Almeida-fala-sobre-os-procedimentos-da-campanha-em-Manaus-200x300.jpg\",\"datePublished\":\"2014-06-12T13:08:44+00:00\",\"breadcrumb\":{\"@id\":\"https:\\\/\\\/fieam.org.br\\\/sesi\\\/campanha-nao-desvie-o-olhar-em-acao-na-copa-do-mundo\\\/#breadcrumb\"},\"inLanguage\":\"pt-BR\",\"potentialAction\":[{\"@type\":\"ReadAction\",\"target\":[\"https:\\\/\\\/fieam.org.br\\\/sesi\\\/campanha-nao-desvie-o-olhar-em-acao-na-copa-do-mundo\\\/\"]}]},{\"@type\":\"ImageObject\",\"inLanguage\":\"pt-BR\",\"@id\":\"https:\\\/\\\/fieam.org.br\\\/sesi\\\/campanha-nao-desvie-o-olhar-em-acao-na-copa-do-mundo\\\/#primaryimage\",\"url\":\"http:\\\/\\\/www.fieam.org.br\\\/2015\\\/sesi\\\/wp-content\\\/uploads\\\/sites\\\/2\\\/2014\\\/06\\\/Coordenadora-de-projetos-sociais-do-SESI-Silvane-Almeida-fala-sobre-os-procedimentos-da-campanha-em-Manaus-200x300.jpg\",\"contentUrl\":\"http:\\\/\\\/www.fieam.org.br\\\/2015\\\/sesi\\\/wp-content\\\/uploads\\\/sites\\\/2\\\/2014\\\/06\\\/Coordenadora-de-projetos-sociais-do-SESI-Silvane-Almeida-fala-sobre-os-procedimentos-da-campanha-em-Manaus-200x300.jpg\"},{\"@type\":\"BreadcrumbList\",\"@id\":\"https:\\\/\\\/fieam.org.br\\\/sesi\\\/campanha-nao-desvie-o-olhar-em-acao-na-copa-do-mundo\\\/#breadcrumb\",\"itemListElement\":[{\"@type\":\"ListItem\",\"position\":1,\"name\":\"In\u00edcio\",\"item\":\"https:\\\/\\\/fieam.org.br\\\/sesi\\\/\"},{\"@type\":\"ListItem\",\"position\":2,\"name\":\"Campanha \u201cN\u00e3o desvie o olhar\u201d em a\u00e7\u00e3o na Copa do Mundo\"}]},{\"@type\":\"WebSite\",\"@id\":\"https:\\\/\\\/fieam.org.br\\\/sesi\\\/#website\",\"url\":\"https:\\\/\\\/fieam.org.br\\\/sesi\\\/\",\"name\":\"SESI\",\"description\":\"Site Oficial!\",\"publisher\":{\"@id\":\"https:\\\/\\\/fieam.org.br\\\/sesi\\\/#organization\"},\"potentialAction\":[{\"@type\":\"SearchAction\",\"target\":{\"@type\":\"EntryPoint\",\"urlTemplate\":\"https:\\\/\\\/fieam.org.br\\\/sesi\\\/?s={search_term_string}\"},\"query-input\":{\"@type\":\"PropertyValueSpecification\",\"valueRequired\":true,\"valueName\":\"search_term_string\"}}],\"inLanguage\":\"pt-BR\"},{\"@type\":\"Organization\",\"@id\":\"https:\\\/\\\/fieam.org.br\\\/sesi\\\/#organization\",\"name\":\"SESI\",\"url\":\"https:\\\/\\\/fieam.org.br\\\/sesi\\\/\",\"logo\":{\"@type\":\"ImageObject\",\"inLanguage\":\"pt-BR\",\"@id\":\"https:\\\/\\\/fieam.org.br\\\/sesi\\\/#\\\/schema\\\/logo\\\/image\\\/\",\"url\":\"https:\\\/\\\/fieam.org.br\\\/sesi\\\/wp-content\\\/uploads\\\/sites\\\/14\\\/2024\\\/03\\\/cropped-fav.png\",\"contentUrl\":\"https:\\\/\\\/fieam.org.br\\\/sesi\\\/wp-content\\\/uploads\\\/sites\\\/14\\\/2024\\\/03\\\/cropped-fav.png\",\"width\":610,\"height\":589,\"caption\":\"SESI\"},\"image\":{\"@id\":\"https:\\\/\\\/fieam.org.br\\\/sesi\\\/#\\\/schema\\\/logo\\\/image\\\/\"}},{\"@type\":\"Person\",\"@id\":\"https:\\\/\\\/fieam.org.br\\\/sesi\\\/#\\\/schema\\\/person\\\/f54998dd14d5f0695b41444f2b01c31e\",\"name\":\"Autor\",\"image\":{\"@type\":\"ImageObject\",\"inLanguage\":\"pt-BR\",\"@id\":\"https:\\\/\\\/secure.gravatar.com\\\/avatar\\\/3732c223e0e1fad69062a8f770955c9068d37b055204f310a0be18d4069fe380?s=96&d=mm&r=g\",\"url\":\"https:\\\/\\\/secure.gravatar.com\\\/avatar\\\/3732c223e0e1fad69062a8f770955c9068d37b055204f310a0be18d4069fe380?s=96&d=mm&r=g\",\"contentUrl\":\"https:\\\/\\\/secure.gravatar.com\\\/avatar\\\/3732c223e0e1fad69062a8f770955c9068d37b055204f310a0be18d4069fe380?s=96&d=mm&r=g\",\"caption\":\"Autor\"},\"sameAs\":[\"https:\\\/\\\/marketingmassivo.com.br\"],\"url\":\"https:\\\/\\\/fieam.org.br\\\/sesi\\\/author\\\/admin\\\/\"}]}<\/script>\n<!-- \/ Yoast SEO plugin. -->","yoast_head_json":{"title":"Campanha \u201cN\u00e3o desvie o olhar\u201d em a\u00e7\u00e3o na Copa do Mundo - SESI","robots":{"index":"index","follow":"follow","max-snippet":"max-snippet:-1","max-image-preview":"max-image-preview:large","max-video-preview":"max-video-preview:-1"},"canonical":"https:\/\/fieam.org.br\/sesi\/campanha-nao-desvie-o-olhar-em-acao-na-copa-do-mundo\/","og_locale":"pt_BR","og_type":"article","og_title":"Campanha \u201cN\u00e3o desvie o olhar\u201d em a\u00e7\u00e3o na Copa do Mundo - SESI","og_description":"O Servi\u00e7o Social da Ind\u00fastria (SESI Amazonas), em parceria com a\u00a0Secretaria Municipal de Assist\u00eancia Social e Direitos Humanos\u00a0(Semasdh) e Secretaria de Estado de Assist\u00eancia Social (Seas) deu in\u00edcio, nesta ter\u00e7a-feira (10), em Manaus, \u00e0 campanha de sensibiliza\u00e7\u00e3o \u201cN\u00e3o Desvie o Olhar\u201d, de combate \u00e0 explora\u00e7\u00e3o sexual de crian\u00e7as e jovens durante a Copa do Mundo. [&hellip;]","og_url":"https:\/\/fieam.org.br\/sesi\/campanha-nao-desvie-o-olhar-em-acao-na-copa-do-mundo\/","og_site_name":"SESI","article_published_time":"2014-06-12T13:08:44+00:00","og_image":[{"width":683,"height":1024,"url":"https:\/\/fieam.org.br\/sesi\/wp-content\/uploads\/sites\/14\/2014\/06\/Coordenadora-de-projetos-sociais-do-SESI-Silvane-Almeida-fala-sobre-os-procedimentos-da-campanha-em-Manaus.jpg","type":"image\/jpeg"}],"author":"Autor","twitter_card":"summary_large_image","twitter_misc":{"Escrito por":"Autor","Est. tempo de leitura":"3 minutos"},"schema":{"@context":"https:\/\/schema.org","@graph":[{"@type":"Article","@id":"https:\/\/fieam.org.br\/sesi\/campanha-nao-desvie-o-olhar-em-acao-na-copa-do-mundo\/#article","isPartOf":{"@id":"https:\/\/fieam.org.br\/sesi\/campanha-nao-desvie-o-olhar-em-acao-na-copa-do-mundo\/"},"author":{"name":"Autor","@id":"https:\/\/fieam.org.br\/sesi\/#\/schema\/person\/f54998dd14d5f0695b41444f2b01c31e"},"headline":"Campanha \u201cN\u00e3o desvie o olhar\u201d em a\u00e7\u00e3o na Copa do Mundo","datePublished":"2014-06-12T13:08:44+00:00","mainEntityOfPage":{"@id":"https:\/\/fieam.org.br\/sesi\/campanha-nao-desvie-o-olhar-em-acao-na-copa-do-mundo\/"},"wordCount":550,"commentCount":0,"publisher":{"@id":"https:\/\/fieam.org.br\/sesi\/#organization"},"image":{"@id":"https:\/\/fieam.org.br\/sesi\/campanha-nao-desvie-o-olhar-em-acao-na-copa-do-mundo\/#primaryimage"},"thumbnailUrl":"http:\/\/www.fieam.org.br\/2015\/sesi\/wp-content\/uploads\/sites\/2\/2014\/06\/Coordenadora-de-projetos-sociais-do-SESI-Silvane-Almeida-fala-sobre-os-procedimentos-da-campanha-em-Manaus-200x300.jpg","articleSection":["News"],"inLanguage":"pt-BR","potentialAction":[{"@type":"CommentAction","name":"Comment","target":["https:\/\/fieam.org.br\/sesi\/campanha-nao-desvie-o-olhar-em-acao-na-copa-do-mundo\/#respond"]}]},{"@type":"WebPage","@id":"https:\/\/fieam.org.br\/sesi\/campanha-nao-desvie-o-olhar-em-acao-na-copa-do-mundo\/","url":"https:\/\/fieam.org.br\/sesi\/campanha-nao-desvie-o-olhar-em-acao-na-copa-do-mundo\/","name":"Campanha \u201cN\u00e3o desvie o olhar\u201d em a\u00e7\u00e3o na Copa do Mundo - SESI","isPartOf":{"@id":"https:\/\/fieam.org.br\/sesi\/#website"},"primaryImageOfPage":{"@id":"https:\/\/fieam.org.br\/sesi\/campanha-nao-desvie-o-olhar-em-acao-na-copa-do-mundo\/#primaryimage"},"image":{"@id":"https:\/\/fieam.org.br\/sesi\/campanha-nao-desvie-o-olhar-em-acao-na-copa-do-mundo\/#primaryimage"},"thumbnailUrl":"http:\/\/www.fieam.org.br\/2015\/sesi\/wp-content\/uploads\/sites\/2\/2014\/06\/Coordenadora-de-projetos-sociais-do-SESI-Silvane-Almeida-fala-sobre-os-procedimentos-da-campanha-em-Manaus-200x300.jpg","datePublished":"2014-06-12T13:08:44+00:00","breadcrumb":{"@id":"https:\/\/fieam.org.br\/sesi\/campanha-nao-desvie-o-olhar-em-acao-na-copa-do-mundo\/#breadcrumb"},"inLanguage":"pt-BR","potentialAction":[{"@type":"ReadAction","target":["https:\/\/fieam.org.br\/sesi\/campanha-nao-desvie-o-olhar-em-acao-na-copa-do-mundo\/"]}]},{"@type":"ImageObject","inLanguage":"pt-BR","@id":"https:\/\/fieam.org.br\/sesi\/campanha-nao-desvie-o-olhar-em-acao-na-copa-do-mundo\/#primaryimage","url":"http:\/\/www.fieam.org.br\/2015\/sesi\/wp-content\/uploads\/sites\/2\/2014\/06\/Coordenadora-de-projetos-sociais-do-SESI-Silvane-Almeida-fala-sobre-os-procedimentos-da-campanha-em-Manaus-200x300.jpg","contentUrl":"http:\/\/www.fieam.org.br\/2015\/sesi\/wp-content\/uploads\/sites\/2\/2014\/06\/Coordenadora-de-projetos-sociais-do-SESI-Silvane-Almeida-fala-sobre-os-procedimentos-da-campanha-em-Manaus-200x300.jpg"},{"@type":"BreadcrumbList","@id":"https:\/\/fieam.org.br\/sesi\/campanha-nao-desvie-o-olhar-em-acao-na-copa-do-mundo\/#breadcrumb","itemListElement":[{"@type":"ListItem","position":1,"name":"In\u00edcio","item":"https:\/\/fieam.org.br\/sesi\/"},{"@type":"ListItem","position":2,"name":"Campanha \u201cN\u00e3o desvie o olhar\u201d em a\u00e7\u00e3o na Copa do Mundo"}]},{"@type":"WebSite","@id":"https:\/\/fieam.org.br\/sesi\/#website","url":"https:\/\/fieam.org.br\/sesi\/","name":"SESI","description":"Site Oficial!","publisher":{"@id":"https:\/\/fieam.org.br\/sesi\/#organization"},"potentialAction":[{"@type":"SearchAction","target":{"@type":"EntryPoint","urlTemplate":"https:\/\/fieam.org.br\/sesi\/?s={search_term_string}"},"query-input":{"@type":"PropertyValueSpecification","valueRequired":true,"valueName":"search_term_string"}}],"inLanguage":"pt-BR"},{"@type":"Organization","@id":"https:\/\/fieam.org.br\/sesi\/#organization","name":"SESI","url":"https:\/\/fieam.org.br\/sesi\/","logo":{"@type":"ImageObject","inLanguage":"pt-BR","@id":"https:\/\/fieam.org.br\/sesi\/#\/schema\/logo\/image\/","url":"https:\/\/fieam.org.br\/sesi\/wp-content\/uploads\/sites\/14\/2024\/03\/cropped-fav.png","contentUrl":"https:\/\/fieam.org.br\/sesi\/wp-content\/uploads\/sites\/14\/2024\/03\/cropped-fav.png","width":610,"height":589,"caption":"SESI"},"image":{"@id":"https:\/\/fieam.org.br\/sesi\/#\/schema\/logo\/image\/"}},{"@type":"Person","@id":"https:\/\/fieam.org.br\/sesi\/#\/schema\/person\/f54998dd14d5f0695b41444f2b01c31e","name":"Autor","image":{"@type":"ImageObject","inLanguage":"pt-BR","@id":"https:\/\/secure.gravatar.com\/avatar\/3732c223e0e1fad69062a8f770955c9068d37b055204f310a0be18d4069fe380?s=96&d=mm&r=g","url":"https:\/\/secure.gravatar.com\/avatar\/3732c223e0e1fad69062a8f770955c9068d37b055204f310a0be18d4069fe380?s=96&d=mm&r=g","contentUrl":"https:\/\/secure.gravatar.com\/avatar\/3732c223e0e1fad69062a8f770955c9068d37b055204f310a0be18d4069fe380?s=96&d=mm&r=g","caption":"Autor"},"sameAs":["https:\/\/marketingmassivo.com.br"],"url":"https:\/\/fieam.org.br\/sesi\/author\/admin\/"}]}},"_links":{"self":[{"href":"https:\/\/fieam.org.br\/sesi\/wp-json\/wp\/v2\/posts\/5597","targetHints":{"allow":["GET"]}}],"collection":[{"href":"https:\/\/fieam.org.br\/sesi\/wp-json\/wp\/v2\/posts"}],"about":[{"href":"https:\/\/fieam.org.br\/sesi\/wp-json\/wp\/v2\/types\/post"}],"author":[{"embeddable":true,"href":"https:\/\/fieam.org.br\/sesi\/wp-json\/wp\/v2\/users\/1"}],"replies":[{"embeddable":true,"href":"https:\/\/fieam.org.br\/sesi\/wp-json\/wp\/v2\/comments?post=5597"}],"version-history":[{"count":0,"href":"https:\/\/fieam.org.br\/sesi\/wp-json\/wp\/v2\/posts\/5597\/revisions"}],"wp:attachment":[{"href":"https:\/\/fieam.org.br\/sesi\/wp-json\/wp\/v2\/media?parent=5597"}],"wp:term":[{"taxonomy":"category","embeddable":true,"href":"https:\/\/fieam.org.br\/sesi\/wp-json\/wp\/v2\/categories?post=5597"},{"taxonomy":"post_tag","embeddable":true,"href":"https:\/\/fieam.org.br\/sesi\/wp-json\/wp\/v2\/tags?post=5597"}],"curies":[{"name":"wp","href":"https:\/\/api.w.org\/{rel}","templated":true}]}}