{"id":5589,"date":"2014-06-10T17:56:05","date_gmt":"2014-06-10T17:56:05","guid":{"rendered":"http:\/\/www.fieam.org.br\/site\/sesi\/?p=5589"},"modified":"2014-06-10T17:56:05","modified_gmt":"2014-06-10T17:56:05","slug":"sesi-faz-sensibilizacao-contra-exploracao-sexual-infantil-2","status":"publish","type":"post","link":"https:\/\/fieam.org.br\/sesi\/sesi-faz-sensibilizacao-contra-exploracao-sexual-infantil-2\/","title":{"rendered":"SESI faz sensibiliza\u00e7\u00e3o contra explora\u00e7\u00e3o sexual infantil"},"content":{"rendered":"<p><a href=\"http:\/\/www.fieam.org.br\/site\/sesi\" target=\"_blank\" rel=\"noopener\">O Servi\u00e7o Social da Ind\u00fastria (SESI Amazonas)<\/a>\u00a0promove nesta ter\u00e7a-feira, 10, das 14h \u00e0s 16h, no Aeroporto Internacional Eduardo Gomes, sensibiliza\u00e7\u00e3o de turistas que chegam a Manaus a respeito da explora\u00e7\u00e3o sexual de crian\u00e7as e adolescentes.<\/p>\n<p>Este trabalho, coordenado em todo o pa\u00eds pelo Conselho Nacional do SESI \u00e9 uma a\u00e7\u00e3o preventiva contra a explora\u00e7\u00e3o sexual infantil realizada simultaneamente nas 12 cidades-sede da Copa do Mundo. Al\u00e9m da abordagem de turistas durante embarques e desembarques no aeroporto de Manaus, a equipe do SESI far\u00e1 panfletagem com o material da campanha \u201cN\u00e3o Desvie o Olhar\u201d.<\/p>\n<p>Mais informa\u00e7\u00f5es com a coordenadora da campanha do SESI\/AM, Silvane Almeida, pelo telefone 3675-3797.<\/p>\n<p>&nbsp;<\/p>\n<p>MATERIAL DO CONSELHO NACIONAL DO SESI:<\/p>\n<p>&nbsp;<\/p>\n<p><b>Campanha\u00a0promove a\u00e7\u00e3o nos aeroportos para sensibilizar turistas contra explora\u00e7\u00e3o sexual<\/b><\/p>\n<p><i>A a\u00e7\u00e3o acontecer\u00e1 nesta ter\u00e7a-feira nas cidades-sede da Copa.<\/i><\/p>\n<p>\u00c0s v\u00e9speras da Copa do Mundo, a campanha internacional\u00a0<i>N\u00e3o Desvie o Olhar<\/i>\u00a0promover\u00e1 uma a\u00e7\u00e3o nacional nos aeroportos para sensibilizar turistas brasileiros e estrangeiros contra a explora\u00e7\u00e3o sexual de crian\u00e7as e adolescentes. A mobiliza\u00e7\u00e3o acontecer\u00e1 nesta ter\u00e7a-feira (10), nas cidades-sede da Copa do Mundo, e em outras cidades brasileiras, em hor\u00e1rios variados. A iniciativa \u00e9 do Conselho Nacional do SESI e da Frente Nacional de Prefeitos\u00a0(FNP).<\/p>\n<p>Tendo em vista que o fen\u00f4meno da explora\u00e7\u00e3o sexual infantojuvenil se intensifica durante grandes eventos esportivos, a proposta da campanha internacional \u2013coordenada pela rede ECPAT (<i>End Child Prostitution And Trafficking<\/i>) em 16 pa\u00edses \u2013 \u00e9 que todos estejam bem atentos e n\u00e3o fechem os olhos para o problema.<\/p>\n<p>As mobiliza\u00e7\u00f5es ocorrer\u00e3o no sagu\u00e3o\u00a0dos aeroportos, onde ser\u00e3o distribu\u00eddos\u00a0<i>panfletos e<\/i>\u00a0tabelas da copa com o slogan da campanha e\u00a0a mensagem de que a explora\u00e7\u00e3o sexual deve ser denunciada pelo Disque 100. \u201cQueremos aumentar a intoler\u00e2ncia por esse crime e refor\u00e7ar a import\u00e2ncia da den\u00fancia\u201d, completa o presidente do Conselho Nacional do SESI, Jair Meneguelli.<\/p>\n<p><b>Sobre a campanha:<\/b><\/p>\n<p>No Brasil, a campanha N\u00e3o Desvie o Olhar \u00e9 realizada nas 12 cidades-sede da Copa, e conta com a parceria do governo federal, de governos estaduais, prefeituras, iniciativa privada, ve\u00edculos de comunica\u00e7\u00e3o, artistas, atores p\u00fablicos e sociedade civil. A a\u00e7\u00e3o sensibilizar\u00e1 a sociedade para prote\u00e7\u00e3o dos direitos das crian\u00e7as e adolescentes e alertar\u00e1 os turistas nacionais e estrangeiros sobre o crime e as consequ\u00eancias judiciais que sofrer\u00e3o no Brasil, e em seus pa\u00edses de origem, caso se envolvam com a explora\u00e7\u00e3o sexual de jovens.<\/p>\n<p>Desde seu lan\u00e7amento, a campanha conta com um grande time de apoiadores: os jogadores Kak\u00e1, Juninho Pernambucano, a atriz Ta\u00eds Ara\u00fajo e o comentarista Arnaldo C\u00e9zar Coelho. Nos \u00faltimos dias, a iniciativa vem ganhando mais for\u00e7a, com o apoio de nomes do meio art\u00edstico que est\u00e3o se manifestando nas redes sociais, entre eles, Sandra de S\u00e1, Carlinhos de Jesus, Beth Goulart e Eri Johnson.<\/p>\n<p>Nos pr\u00f3ximos dias, as a\u00e7\u00f5es ser\u00e3o intensificadas em aeronaves, aeroportos e hot\u00e9is, passando por t\u00e1xis, bares e restaurantes, os percursos mais percorridos pelos turistas, nacionais e internacionais. Para isso, conta com parceiros de peso do trade tur\u00edstico como a rede de hot\u00e9is Accor, a Associa\u00e7\u00e3o Brasileira de Bares e Restaurantes (Abrasel), as empresas administradoras de aeroportos, Infraero e Infram\u00e9rica, a empresa CVC, sindicatos, institui\u00e7\u00f5es do Sistema S, entre outros.<\/p>\n<p>\u201cEsta n\u00e3o \u00e9 uma campanha de uma ou mais institui\u00e7\u00f5es. \u00c9 uma iniciativa que pretende envolver todas as camadas e setores da sociedade. Por isso, n\u00e3o ser\u00e1 uma a\u00e7\u00e3o exclusiva da Copa. Mas, sim, uma a\u00e7\u00e3o permanente de prote\u00e7\u00e3o e valoriza\u00e7\u00e3o da juventude brasileira\u201d, aposta Meneguelli.<\/p>\n<p>Al\u00e9m do Brasil, a campanha tamb\u00e9m ser\u00e1 veiculada em 16 pa\u00edses da Europa, com aporte de recursos da Uni\u00e3o Europeia (UE): Fran\u00e7a, Holanda, Alemanha, Pol\u00f4nia, Luxemburgo, Su\u00ed\u00e7a, Bulg\u00e1ria, B\u00e9lgica, Ucr\u00e2nia, Espanha, Rom\u00eania, Rep\u00fablica Tcheca, Reino Unido, Est\u00f4nia, It\u00e1lia e \u00c1ustria.<\/p>\n","protected":false},"excerpt":{"rendered":"<p>O Servi\u00e7o Social da Ind\u00fastria (SESI Amazonas)\u00a0promove nesta ter\u00e7a-feira, 10, das 14h \u00e0s 16h, no Aeroporto Internacional Eduardo Gomes, sensibiliza\u00e7\u00e3o de turistas que chegam a Manaus a respeito da explora\u00e7\u00e3o sexual de crian\u00e7as e adolescentes. Este trabalho, coordenado em todo o pa\u00eds pelo Conselho Nacional do SESI \u00e9 uma a\u00e7\u00e3o preventiva contra a explora\u00e7\u00e3o sexual [&hellip;]<\/p>\n","protected":false},"author":1,"featured_media":0,"comment_status":"open","ping_status":"open","sticky":false,"template":"","format":"standard","meta":{"footnotes":""},"categories":[25],"tags":[],"class_list":["post-5589","post","type-post","status-publish","format-standard","hentry","category-news"],"yoast_head":"<!-- This site is optimized with the Yoast SEO plugin v28.2 - https:\/\/yoast.com\/product\/yoast-seo-wordpress\/ -->\n<title>SESI faz sensibiliza\u00e7\u00e3o contra explora\u00e7\u00e3o sexual infantil - SESI<\/title>\n<meta name=\"robots\" content=\"index, follow, max-snippet:-1, max-image-preview:large, max-video-preview:-1\" \/>\n<link rel=\"canonical\" href=\"https:\/\/fieam.org.br\/sesi\/sesi-faz-sensibilizacao-contra-exploracao-sexual-infantil-2\/\" \/>\n<meta property=\"og:locale\" content=\"pt_BR\" \/>\n<meta property=\"og:type\" content=\"article\" \/>\n<meta property=\"og:title\" content=\"SESI faz sensibiliza\u00e7\u00e3o contra explora\u00e7\u00e3o sexual infantil - SESI\" \/>\n<meta property=\"og:description\" content=\"O Servi\u00e7o Social da Ind\u00fastria (SESI Amazonas)\u00a0promove nesta ter\u00e7a-feira, 10, das 14h \u00e0s 16h, no Aeroporto Internacional Eduardo Gomes, sensibiliza\u00e7\u00e3o de turistas que chegam a Manaus a respeito da explora\u00e7\u00e3o sexual de crian\u00e7as e adolescentes. Este trabalho, coordenado em todo o pa\u00eds pelo Conselho Nacional do SESI \u00e9 uma a\u00e7\u00e3o preventiva contra a explora\u00e7\u00e3o sexual [&hellip;]\" \/>\n<meta property=\"og:url\" content=\"https:\/\/fieam.org.br\/sesi\/sesi-faz-sensibilizacao-contra-exploracao-sexual-infantil-2\/\" \/>\n<meta property=\"og:site_name\" content=\"SESI\" \/>\n<meta property=\"article:published_time\" content=\"2014-06-10T17:56:05+00:00\" \/>\n<meta name=\"author\" content=\"Autor\" \/>\n<meta name=\"twitter:card\" content=\"summary_large_image\" \/>\n<meta name=\"twitter:label1\" content=\"Escrito por\" \/>\n\t<meta name=\"twitter:data1\" content=\"Autor\" \/>\n\t<meta name=\"twitter:label2\" content=\"Est. tempo de leitura\" \/>\n\t<meta name=\"twitter:data2\" content=\"3 minutos\" \/>\n<script type=\"application\/ld+json\" class=\"yoast-schema-graph\">{\"@context\":\"https:\\\/\\\/schema.org\",\"@graph\":[{\"@type\":\"Article\",\"@id\":\"https:\\\/\\\/fieam.org.br\\\/sesi\\\/sesi-faz-sensibilizacao-contra-exploracao-sexual-infantil-2\\\/#article\",\"isPartOf\":{\"@id\":\"https:\\\/\\\/fieam.org.br\\\/sesi\\\/sesi-faz-sensibilizacao-contra-exploracao-sexual-infantil-2\\\/\"},\"author\":{\"name\":\"Autor\",\"@id\":\"https:\\\/\\\/fieam.org.br\\\/sesi\\\/#\\\/schema\\\/person\\\/f54998dd14d5f0695b41444f2b01c31e\"},\"headline\":\"SESI faz sensibiliza\u00e7\u00e3o contra explora\u00e7\u00e3o sexual infantil\",\"datePublished\":\"2014-06-10T17:56:05+00:00\",\"mainEntityOfPage\":{\"@id\":\"https:\\\/\\\/fieam.org.br\\\/sesi\\\/sesi-faz-sensibilizacao-contra-exploracao-sexual-infantil-2\\\/\"},\"wordCount\":698,\"commentCount\":0,\"publisher\":{\"@id\":\"https:\\\/\\\/fieam.org.br\\\/sesi\\\/#organization\"},\"articleSection\":[\"News\"],\"inLanguage\":\"pt-BR\",\"potentialAction\":[{\"@type\":\"CommentAction\",\"name\":\"Comment\",\"target\":[\"https:\\\/\\\/fieam.org.br\\\/sesi\\\/sesi-faz-sensibilizacao-contra-exploracao-sexual-infantil-2\\\/#respond\"]}]},{\"@type\":\"WebPage\",\"@id\":\"https:\\\/\\\/fieam.org.br\\\/sesi\\\/sesi-faz-sensibilizacao-contra-exploracao-sexual-infantil-2\\\/\",\"url\":\"https:\\\/\\\/fieam.org.br\\\/sesi\\\/sesi-faz-sensibilizacao-contra-exploracao-sexual-infantil-2\\\/\",\"name\":\"SESI faz sensibiliza\u00e7\u00e3o contra explora\u00e7\u00e3o sexual infantil - SESI\",\"isPartOf\":{\"@id\":\"https:\\\/\\\/fieam.org.br\\\/sesi\\\/#website\"},\"datePublished\":\"2014-06-10T17:56:05+00:00\",\"breadcrumb\":{\"@id\":\"https:\\\/\\\/fieam.org.br\\\/sesi\\\/sesi-faz-sensibilizacao-contra-exploracao-sexual-infantil-2\\\/#breadcrumb\"},\"inLanguage\":\"pt-BR\",\"potentialAction\":[{\"@type\":\"ReadAction\",\"target\":[\"https:\\\/\\\/fieam.org.br\\\/sesi\\\/sesi-faz-sensibilizacao-contra-exploracao-sexual-infantil-2\\\/\"]}]},{\"@type\":\"BreadcrumbList\",\"@id\":\"https:\\\/\\\/fieam.org.br\\\/sesi\\\/sesi-faz-sensibilizacao-contra-exploracao-sexual-infantil-2\\\/#breadcrumb\",\"itemListElement\":[{\"@type\":\"ListItem\",\"position\":1,\"name\":\"In\u00edcio\",\"item\":\"https:\\\/\\\/fieam.org.br\\\/sesi\\\/\"},{\"@type\":\"ListItem\",\"position\":2,\"name\":\"SESI faz sensibiliza\u00e7\u00e3o contra explora\u00e7\u00e3o sexual infantil\"}]},{\"@type\":\"WebSite\",\"@id\":\"https:\\\/\\\/fieam.org.br\\\/sesi\\\/#website\",\"url\":\"https:\\\/\\\/fieam.org.br\\\/sesi\\\/\",\"name\":\"SESI\",\"description\":\"Site Oficial!\",\"publisher\":{\"@id\":\"https:\\\/\\\/fieam.org.br\\\/sesi\\\/#organization\"},\"potentialAction\":[{\"@type\":\"SearchAction\",\"target\":{\"@type\":\"EntryPoint\",\"urlTemplate\":\"https:\\\/\\\/fieam.org.br\\\/sesi\\\/?s={search_term_string}\"},\"query-input\":{\"@type\":\"PropertyValueSpecification\",\"valueRequired\":true,\"valueName\":\"search_term_string\"}}],\"inLanguage\":\"pt-BR\"},{\"@type\":\"Organization\",\"@id\":\"https:\\\/\\\/fieam.org.br\\\/sesi\\\/#organization\",\"name\":\"SESI\",\"url\":\"https:\\\/\\\/fieam.org.br\\\/sesi\\\/\",\"logo\":{\"@type\":\"ImageObject\",\"inLanguage\":\"pt-BR\",\"@id\":\"https:\\\/\\\/fieam.org.br\\\/sesi\\\/#\\\/schema\\\/logo\\\/image\\\/\",\"url\":\"https:\\\/\\\/fieam.org.br\\\/sesi\\\/wp-content\\\/uploads\\\/sites\\\/14\\\/2024\\\/03\\\/cropped-fav.png\",\"contentUrl\":\"https:\\\/\\\/fieam.org.br\\\/sesi\\\/wp-content\\\/uploads\\\/sites\\\/14\\\/2024\\\/03\\\/cropped-fav.png\",\"width\":610,\"height\":589,\"caption\":\"SESI\"},\"image\":{\"@id\":\"https:\\\/\\\/fieam.org.br\\\/sesi\\\/#\\\/schema\\\/logo\\\/image\\\/\"}},{\"@type\":\"Person\",\"@id\":\"https:\\\/\\\/fieam.org.br\\\/sesi\\\/#\\\/schema\\\/person\\\/f54998dd14d5f0695b41444f2b01c31e\",\"name\":\"Autor\",\"image\":{\"@type\":\"ImageObject\",\"inLanguage\":\"pt-BR\",\"@id\":\"https:\\\/\\\/secure.gravatar.com\\\/avatar\\\/3732c223e0e1fad69062a8f770955c9068d37b055204f310a0be18d4069fe380?s=96&d=mm&r=g\",\"url\":\"https:\\\/\\\/secure.gravatar.com\\\/avatar\\\/3732c223e0e1fad69062a8f770955c9068d37b055204f310a0be18d4069fe380?s=96&d=mm&r=g\",\"contentUrl\":\"https:\\\/\\\/secure.gravatar.com\\\/avatar\\\/3732c223e0e1fad69062a8f770955c9068d37b055204f310a0be18d4069fe380?s=96&d=mm&r=g\",\"caption\":\"Autor\"},\"sameAs\":[\"https:\\\/\\\/marketingmassivo.com.br\"],\"url\":\"https:\\\/\\\/fieam.org.br\\\/sesi\\\/author\\\/admin\\\/\"}]}<\/script>\n<!-- \/ Yoast SEO plugin. -->","yoast_head_json":{"title":"SESI faz sensibiliza\u00e7\u00e3o contra explora\u00e7\u00e3o sexual infantil - SESI","robots":{"index":"index","follow":"follow","max-snippet":"max-snippet:-1","max-image-preview":"max-image-preview:large","max-video-preview":"max-video-preview:-1"},"canonical":"https:\/\/fieam.org.br\/sesi\/sesi-faz-sensibilizacao-contra-exploracao-sexual-infantil-2\/","og_locale":"pt_BR","og_type":"article","og_title":"SESI faz sensibiliza\u00e7\u00e3o contra explora\u00e7\u00e3o sexual infantil - SESI","og_description":"O Servi\u00e7o Social da Ind\u00fastria (SESI Amazonas)\u00a0promove nesta ter\u00e7a-feira, 10, das 14h \u00e0s 16h, no Aeroporto Internacional Eduardo Gomes, sensibiliza\u00e7\u00e3o de turistas que chegam a Manaus a respeito da explora\u00e7\u00e3o sexual de crian\u00e7as e adolescentes. Este trabalho, coordenado em todo o pa\u00eds pelo Conselho Nacional do SESI \u00e9 uma a\u00e7\u00e3o preventiva contra a explora\u00e7\u00e3o sexual [&hellip;]","og_url":"https:\/\/fieam.org.br\/sesi\/sesi-faz-sensibilizacao-contra-exploracao-sexual-infantil-2\/","og_site_name":"SESI","article_published_time":"2014-06-10T17:56:05+00:00","author":"Autor","twitter_card":"summary_large_image","twitter_misc":{"Escrito por":"Autor","Est. tempo de leitura":"3 minutos"},"schema":{"@context":"https:\/\/schema.org","@graph":[{"@type":"Article","@id":"https:\/\/fieam.org.br\/sesi\/sesi-faz-sensibilizacao-contra-exploracao-sexual-infantil-2\/#article","isPartOf":{"@id":"https:\/\/fieam.org.br\/sesi\/sesi-faz-sensibilizacao-contra-exploracao-sexual-infantil-2\/"},"author":{"name":"Autor","@id":"https:\/\/fieam.org.br\/sesi\/#\/schema\/person\/f54998dd14d5f0695b41444f2b01c31e"},"headline":"SESI faz sensibiliza\u00e7\u00e3o contra explora\u00e7\u00e3o sexual infantil","datePublished":"2014-06-10T17:56:05+00:00","mainEntityOfPage":{"@id":"https:\/\/fieam.org.br\/sesi\/sesi-faz-sensibilizacao-contra-exploracao-sexual-infantil-2\/"},"wordCount":698,"commentCount":0,"publisher":{"@id":"https:\/\/fieam.org.br\/sesi\/#organization"},"articleSection":["News"],"inLanguage":"pt-BR","potentialAction":[{"@type":"CommentAction","name":"Comment","target":["https:\/\/fieam.org.br\/sesi\/sesi-faz-sensibilizacao-contra-exploracao-sexual-infantil-2\/#respond"]}]},{"@type":"WebPage","@id":"https:\/\/fieam.org.br\/sesi\/sesi-faz-sensibilizacao-contra-exploracao-sexual-infantil-2\/","url":"https:\/\/fieam.org.br\/sesi\/sesi-faz-sensibilizacao-contra-exploracao-sexual-infantil-2\/","name":"SESI faz sensibiliza\u00e7\u00e3o contra explora\u00e7\u00e3o sexual infantil - SESI","isPartOf":{"@id":"https:\/\/fieam.org.br\/sesi\/#website"},"datePublished":"2014-06-10T17:56:05+00:00","breadcrumb":{"@id":"https:\/\/fieam.org.br\/sesi\/sesi-faz-sensibilizacao-contra-exploracao-sexual-infantil-2\/#breadcrumb"},"inLanguage":"pt-BR","potentialAction":[{"@type":"ReadAction","target":["https:\/\/fieam.org.br\/sesi\/sesi-faz-sensibilizacao-contra-exploracao-sexual-infantil-2\/"]}]},{"@type":"BreadcrumbList","@id":"https:\/\/fieam.org.br\/sesi\/sesi-faz-sensibilizacao-contra-exploracao-sexual-infantil-2\/#breadcrumb","itemListElement":[{"@type":"ListItem","position":1,"name":"In\u00edcio","item":"https:\/\/fieam.org.br\/sesi\/"},{"@type":"ListItem","position":2,"name":"SESI faz sensibiliza\u00e7\u00e3o contra explora\u00e7\u00e3o sexual infantil"}]},{"@type":"WebSite","@id":"https:\/\/fieam.org.br\/sesi\/#website","url":"https:\/\/fieam.org.br\/sesi\/","name":"SESI","description":"Site Oficial!","publisher":{"@id":"https:\/\/fieam.org.br\/sesi\/#organization"},"potentialAction":[{"@type":"SearchAction","target":{"@type":"EntryPoint","urlTemplate":"https:\/\/fieam.org.br\/sesi\/?s={search_term_string}"},"query-input":{"@type":"PropertyValueSpecification","valueRequired":true,"valueName":"search_term_string"}}],"inLanguage":"pt-BR"},{"@type":"Organization","@id":"https:\/\/fieam.org.br\/sesi\/#organization","name":"SESI","url":"https:\/\/fieam.org.br\/sesi\/","logo":{"@type":"ImageObject","inLanguage":"pt-BR","@id":"https:\/\/fieam.org.br\/sesi\/#\/schema\/logo\/image\/","url":"https:\/\/fieam.org.br\/sesi\/wp-content\/uploads\/sites\/14\/2024\/03\/cropped-fav.png","contentUrl":"https:\/\/fieam.org.br\/sesi\/wp-content\/uploads\/sites\/14\/2024\/03\/cropped-fav.png","width":610,"height":589,"caption":"SESI"},"image":{"@id":"https:\/\/fieam.org.br\/sesi\/#\/schema\/logo\/image\/"}},{"@type":"Person","@id":"https:\/\/fieam.org.br\/sesi\/#\/schema\/person\/f54998dd14d5f0695b41444f2b01c31e","name":"Autor","image":{"@type":"ImageObject","inLanguage":"pt-BR","@id":"https:\/\/secure.gravatar.com\/avatar\/3732c223e0e1fad69062a8f770955c9068d37b055204f310a0be18d4069fe380?s=96&d=mm&r=g","url":"https:\/\/secure.gravatar.com\/avatar\/3732c223e0e1fad69062a8f770955c9068d37b055204f310a0be18d4069fe380?s=96&d=mm&r=g","contentUrl":"https:\/\/secure.gravatar.com\/avatar\/3732c223e0e1fad69062a8f770955c9068d37b055204f310a0be18d4069fe380?s=96&d=mm&r=g","caption":"Autor"},"sameAs":["https:\/\/marketingmassivo.com.br"],"url":"https:\/\/fieam.org.br\/sesi\/author\/admin\/"}]}},"_links":{"self":[{"href":"https:\/\/fieam.org.br\/sesi\/wp-json\/wp\/v2\/posts\/5589","targetHints":{"allow":["GET"]}}],"collection":[{"href":"https:\/\/fieam.org.br\/sesi\/wp-json\/wp\/v2\/posts"}],"about":[{"href":"https:\/\/fieam.org.br\/sesi\/wp-json\/wp\/v2\/types\/post"}],"author":[{"embeddable":true,"href":"https:\/\/fieam.org.br\/sesi\/wp-json\/wp\/v2\/users\/1"}],"replies":[{"embeddable":true,"href":"https:\/\/fieam.org.br\/sesi\/wp-json\/wp\/v2\/comments?post=5589"}],"version-history":[{"count":0,"href":"https:\/\/fieam.org.br\/sesi\/wp-json\/wp\/v2\/posts\/5589\/revisions"}],"wp:attachment":[{"href":"https:\/\/fieam.org.br\/sesi\/wp-json\/wp\/v2\/media?parent=5589"}],"wp:term":[{"taxonomy":"category","embeddable":true,"href":"https:\/\/fieam.org.br\/sesi\/wp-json\/wp\/v2\/categories?post=5589"},{"taxonomy":"post_tag","embeddable":true,"href":"https:\/\/fieam.org.br\/sesi\/wp-json\/wp\/v2\/tags?post=5589"}],"curies":[{"name":"wp","href":"https:\/\/api.w.org\/{rel}","templated":true}]}}