{"id":5572,"date":"2014-06-06T14:12:54","date_gmt":"2014-06-06T14:12:54","guid":{"rendered":"http:\/\/www.fieam.org.br\/site\/sesi\/?p=5572"},"modified":"2014-06-06T14:12:54","modified_gmt":"2014-06-06T14:12:54","slug":"lei-da-aprendizagem-e-discutida-em-seminario","status":"publish","type":"post","link":"https:\/\/fieam.org.br\/sesi\/lei-da-aprendizagem-e-discutida-em-seminario\/","title":{"rendered":"Lei da Aprendizagem \u00e9 discutida em Semin\u00e1rio"},"content":{"rendered":"<p>Nos \u00faltimos cinco anos, o\u00a0<a href=\"http:\/\/www.fieam.org.br\/site\/senai\" target=\"_blank\" rel=\"noopener\">SENAI Amazonas<\/a>\u00a0matriculou mais de 8 mil menores aprendizes e, desses, pelo menos 60% foram inseridos no mercado de trabalho. A informa\u00e7\u00e3o constou na apresenta\u00e7\u00e3o sobre a aprendizagem profissional no Estado, feita pelo gerente da Escola SENAI Ant\u00f4nio Sim\u00f5es, Jos\u00e9 Nabir, no I Semin\u00e1rio sobre a Lei de Aprendizagem: Uma Quest\u00e3o Social, nesta quinta-feira (5), no audit\u00f3rio da Assembleia Legislativa Belarmino Lins.<\/p>\n<p>De acordo com o diretor do Departamento de Pol\u00edticas do Trabalho e Emprego para a Juventude, do Minist\u00e9rio do Trabalho e Emprego, Alan Pombo, uma das prioridades do governo federal \u00e9 oferecer oportunidades no mercado de trabalho para a juventude brasileira, que \u00e9 o principal alvo da Lei de Aprendizagem. Para isso, o Minist\u00e9rio do Trabalho vai atuar com a fiscaliza\u00e7\u00e3o para que as m\u00e9dias e grandes empresas abram espa\u00e7o para esses aprendizes. Toda empresa com faturamento anual acima de R$ 3,6 milh\u00f5es \u00e9 obrigada a ter pelo menos 5% de aprendizes no quadro de funcion\u00e1rios. Como contrapartida, a empresa vai pagar apenas 2% do valor do FGTS (Fundo de Garantia por Tempo de Servi\u00e7o) desse aprendiz.<\/p>\n<p>\u201cA empresa que n\u00e3o cumprir a lei da cota m\u00ednima para contrata\u00e7\u00e3o de jovens aprendizes estar\u00e1 impossibilitada de participar de licita\u00e7\u00f5es p\u00fablicas\u201d, disse Pombo.<\/p>\n<p>Menores aprendizes das institui\u00e7\u00f5es SENAI\/AM e SENAC\/AM participaram da primeira hora do semin\u00e1rio, quando tiveram oportunidade de conhecer um pouco mais sobre a Lei 10.097\/2000, os processos das institui\u00e7\u00f5es e empresas para inserir esses aprendizes no mercado de trabalho, utilizando principalmente os alunos participantes de cursos de aprendizagem profissional industrial, como \u00e9 o caso da aprendiz na \u00e1rea administrativa da empresa Nassau, Dayse Santos Rocha, 14, aluna do SENAI\/AM.<\/p>\n<p>\u201cFoi bom aprender como funciona a Lei de Aprendizagem e sobre os rumos que ela ir\u00e1 tomar juntamente com as institui\u00e7\u00f5es de ensino para que no futuro sejamos capacitados para entrar no mercado de trabalho e ter um bom emprego\u201d, disse Dayse.<\/p>\n<p>Participaram do semin\u00e1rio representantes da Superintend\u00eancia Regional do Trabalho e Emprego do Amazonas (SRTE\/AM), Servi\u00e7o Nacional de Aprendizagem Industrial (SENAI\/AM) e Servi\u00e7o Nacional de Aprendizagem Comercial (SENAC\/AM). Al\u00e9m das apresenta\u00e7\u00f5es de cases de sucesso com as empresas Masa da Amaz\u00f4nia, Bemol e Junior Achievement Amazonas. O diretor da Coordenadoria de Rela\u00e7\u00f5es do Trabalho e Emprego, da Federa\u00e7\u00e3o das Ind\u00fastrias do Estado do Amazonas, Ocimar Meloni, representou o presidente da\u00a0<a href=\"http:\/\/www.fieam.org.br\/site\/fieam\" target=\"_blank\" rel=\"noopener\">FIEAM<\/a>, Antonio Silva, no evento.<\/p>\n<p>De acordo com o superintendente da SRTE no Amazonas, Francisco Edson Rebou\u00e7as, cabe ao \u00f3rg\u00e3o, por meio do seu setor de Fiscaliza\u00e7\u00e3o do Trabalho, acompanhar o cumprimento das cotas de aprendizes \u00e0s quais cada empresa est\u00e1 submetida.<\/p>\n<p>No encerramento do Semin\u00e1rio, os participantes assinaram o termo de ades\u00e3o ao F\u00f3rum Amazonense de Aprendizagem Profissional.<\/p>\n<p>[nggallery id=243]<\/p>\n","protected":false},"excerpt":{"rendered":"<p>Nos \u00faltimos cinco anos, o\u00a0SENAI Amazonas\u00a0matriculou mais de 8 mil menores aprendizes e, desses, pelo menos 60% foram inseridos no mercado de trabalho. A informa\u00e7\u00e3o constou na apresenta\u00e7\u00e3o sobre a aprendizagem profissional no Estado, feita pelo gerente da Escola SENAI Ant\u00f4nio Sim\u00f5es, Jos\u00e9 Nabir, no I Semin\u00e1rio sobre a Lei de Aprendizagem: Uma Quest\u00e3o Social, [&hellip;]<\/p>\n","protected":false},"author":1,"featured_media":0,"comment_status":"open","ping_status":"open","sticky":false,"template":"","format":"standard","meta":{"footnotes":""},"categories":[25],"tags":[],"class_list":["post-5572","post","type-post","status-publish","format-standard","hentry","category-news"],"yoast_head":"<!-- This site is optimized with the Yoast SEO plugin v28.2 - https:\/\/yoast.com\/product\/yoast-seo-wordpress\/ -->\n<title>Lei da Aprendizagem \u00e9 discutida em Semin\u00e1rio - SESI<\/title>\n<meta name=\"robots\" content=\"index, follow, max-snippet:-1, max-image-preview:large, max-video-preview:-1\" \/>\n<link rel=\"canonical\" href=\"https:\/\/fieam.org.br\/sesi\/lei-da-aprendizagem-e-discutida-em-seminario\/\" \/>\n<meta property=\"og:locale\" content=\"pt_BR\" \/>\n<meta property=\"og:type\" content=\"article\" \/>\n<meta property=\"og:title\" content=\"Lei da Aprendizagem \u00e9 discutida em Semin\u00e1rio - SESI\" \/>\n<meta property=\"og:description\" content=\"Nos \u00faltimos cinco anos, o\u00a0SENAI Amazonas\u00a0matriculou mais de 8 mil menores aprendizes e, desses, pelo menos 60% foram inseridos no mercado de trabalho. A informa\u00e7\u00e3o constou na apresenta\u00e7\u00e3o sobre a aprendizagem profissional no Estado, feita pelo gerente da Escola SENAI Ant\u00f4nio Sim\u00f5es, Jos\u00e9 Nabir, no I Semin\u00e1rio sobre a Lei de Aprendizagem: Uma Quest\u00e3o Social, [&hellip;]\" \/>\n<meta property=\"og:url\" content=\"https:\/\/fieam.org.br\/sesi\/lei-da-aprendizagem-e-discutida-em-seminario\/\" \/>\n<meta property=\"og:site_name\" content=\"SESI\" \/>\n<meta property=\"article:published_time\" content=\"2014-06-06T14:12:54+00:00\" \/>\n<meta name=\"author\" content=\"Autor\" \/>\n<meta name=\"twitter:card\" content=\"summary_large_image\" \/>\n<meta name=\"twitter:label1\" content=\"Escrito por\" \/>\n\t<meta name=\"twitter:data1\" content=\"Autor\" \/>\n\t<meta name=\"twitter:label2\" content=\"Est. tempo de leitura\" \/>\n\t<meta name=\"twitter:data2\" content=\"2 minutos\" \/>\n<script type=\"application\/ld+json\" class=\"yoast-schema-graph\">{\"@context\":\"https:\\\/\\\/schema.org\",\"@graph\":[{\"@type\":\"Article\",\"@id\":\"https:\\\/\\\/fieam.org.br\\\/sesi\\\/lei-da-aprendizagem-e-discutida-em-seminario\\\/#article\",\"isPartOf\":{\"@id\":\"https:\\\/\\\/fieam.org.br\\\/sesi\\\/lei-da-aprendizagem-e-discutida-em-seminario\\\/\"},\"author\":{\"name\":\"Autor\",\"@id\":\"https:\\\/\\\/fieam.org.br\\\/sesi\\\/#\\\/schema\\\/person\\\/f54998dd14d5f0695b41444f2b01c31e\"},\"headline\":\"Lei da Aprendizagem \u00e9 discutida em Semin\u00e1rio\",\"datePublished\":\"2014-06-06T14:12:54+00:00\",\"mainEntityOfPage\":{\"@id\":\"https:\\\/\\\/fieam.org.br\\\/sesi\\\/lei-da-aprendizagem-e-discutida-em-seminario\\\/\"},\"wordCount\":491,\"commentCount\":0,\"publisher\":{\"@id\":\"https:\\\/\\\/fieam.org.br\\\/sesi\\\/#organization\"},\"articleSection\":[\"News\"],\"inLanguage\":\"pt-BR\",\"potentialAction\":[{\"@type\":\"CommentAction\",\"name\":\"Comment\",\"target\":[\"https:\\\/\\\/fieam.org.br\\\/sesi\\\/lei-da-aprendizagem-e-discutida-em-seminario\\\/#respond\"]}]},{\"@type\":\"WebPage\",\"@id\":\"https:\\\/\\\/fieam.org.br\\\/sesi\\\/lei-da-aprendizagem-e-discutida-em-seminario\\\/\",\"url\":\"https:\\\/\\\/fieam.org.br\\\/sesi\\\/lei-da-aprendizagem-e-discutida-em-seminario\\\/\",\"name\":\"Lei da Aprendizagem \u00e9 discutida em Semin\u00e1rio - SESI\",\"isPartOf\":{\"@id\":\"https:\\\/\\\/fieam.org.br\\\/sesi\\\/#website\"},\"datePublished\":\"2014-06-06T14:12:54+00:00\",\"breadcrumb\":{\"@id\":\"https:\\\/\\\/fieam.org.br\\\/sesi\\\/lei-da-aprendizagem-e-discutida-em-seminario\\\/#breadcrumb\"},\"inLanguage\":\"pt-BR\",\"potentialAction\":[{\"@type\":\"ReadAction\",\"target\":[\"https:\\\/\\\/fieam.org.br\\\/sesi\\\/lei-da-aprendizagem-e-discutida-em-seminario\\\/\"]}]},{\"@type\":\"BreadcrumbList\",\"@id\":\"https:\\\/\\\/fieam.org.br\\\/sesi\\\/lei-da-aprendizagem-e-discutida-em-seminario\\\/#breadcrumb\",\"itemListElement\":[{\"@type\":\"ListItem\",\"position\":1,\"name\":\"In\u00edcio\",\"item\":\"https:\\\/\\\/fieam.org.br\\\/sesi\\\/\"},{\"@type\":\"ListItem\",\"position\":2,\"name\":\"Lei da Aprendizagem \u00e9 discutida em Semin\u00e1rio\"}]},{\"@type\":\"WebSite\",\"@id\":\"https:\\\/\\\/fieam.org.br\\\/sesi\\\/#website\",\"url\":\"https:\\\/\\\/fieam.org.br\\\/sesi\\\/\",\"name\":\"SESI\",\"description\":\"Site Oficial!\",\"publisher\":{\"@id\":\"https:\\\/\\\/fieam.org.br\\\/sesi\\\/#organization\"},\"potentialAction\":[{\"@type\":\"SearchAction\",\"target\":{\"@type\":\"EntryPoint\",\"urlTemplate\":\"https:\\\/\\\/fieam.org.br\\\/sesi\\\/?s={search_term_string}\"},\"query-input\":{\"@type\":\"PropertyValueSpecification\",\"valueRequired\":true,\"valueName\":\"search_term_string\"}}],\"inLanguage\":\"pt-BR\"},{\"@type\":\"Organization\",\"@id\":\"https:\\\/\\\/fieam.org.br\\\/sesi\\\/#organization\",\"name\":\"SESI\",\"url\":\"https:\\\/\\\/fieam.org.br\\\/sesi\\\/\",\"logo\":{\"@type\":\"ImageObject\",\"inLanguage\":\"pt-BR\",\"@id\":\"https:\\\/\\\/fieam.org.br\\\/sesi\\\/#\\\/schema\\\/logo\\\/image\\\/\",\"url\":\"https:\\\/\\\/fieam.org.br\\\/sesi\\\/wp-content\\\/uploads\\\/sites\\\/14\\\/2024\\\/03\\\/cropped-fav.png\",\"contentUrl\":\"https:\\\/\\\/fieam.org.br\\\/sesi\\\/wp-content\\\/uploads\\\/sites\\\/14\\\/2024\\\/03\\\/cropped-fav.png\",\"width\":610,\"height\":589,\"caption\":\"SESI\"},\"image\":{\"@id\":\"https:\\\/\\\/fieam.org.br\\\/sesi\\\/#\\\/schema\\\/logo\\\/image\\\/\"}},{\"@type\":\"Person\",\"@id\":\"https:\\\/\\\/fieam.org.br\\\/sesi\\\/#\\\/schema\\\/person\\\/f54998dd14d5f0695b41444f2b01c31e\",\"name\":\"Autor\",\"image\":{\"@type\":\"ImageObject\",\"inLanguage\":\"pt-BR\",\"@id\":\"https:\\\/\\\/secure.gravatar.com\\\/avatar\\\/3732c223e0e1fad69062a8f770955c9068d37b055204f310a0be18d4069fe380?s=96&d=mm&r=g\",\"url\":\"https:\\\/\\\/secure.gravatar.com\\\/avatar\\\/3732c223e0e1fad69062a8f770955c9068d37b055204f310a0be18d4069fe380?s=96&d=mm&r=g\",\"contentUrl\":\"https:\\\/\\\/secure.gravatar.com\\\/avatar\\\/3732c223e0e1fad69062a8f770955c9068d37b055204f310a0be18d4069fe380?s=96&d=mm&r=g\",\"caption\":\"Autor\"},\"sameAs\":[\"https:\\\/\\\/marketingmassivo.com.br\"],\"url\":\"https:\\\/\\\/fieam.org.br\\\/sesi\\\/author\\\/admin\\\/\"}]}<\/script>\n<!-- \/ Yoast SEO plugin. -->","yoast_head_json":{"title":"Lei da Aprendizagem \u00e9 discutida em Semin\u00e1rio - SESI","robots":{"index":"index","follow":"follow","max-snippet":"max-snippet:-1","max-image-preview":"max-image-preview:large","max-video-preview":"max-video-preview:-1"},"canonical":"https:\/\/fieam.org.br\/sesi\/lei-da-aprendizagem-e-discutida-em-seminario\/","og_locale":"pt_BR","og_type":"article","og_title":"Lei da Aprendizagem \u00e9 discutida em Semin\u00e1rio - SESI","og_description":"Nos \u00faltimos cinco anos, o\u00a0SENAI Amazonas\u00a0matriculou mais de 8 mil menores aprendizes e, desses, pelo menos 60% foram inseridos no mercado de trabalho. A informa\u00e7\u00e3o constou na apresenta\u00e7\u00e3o sobre a aprendizagem profissional no Estado, feita pelo gerente da Escola SENAI Ant\u00f4nio Sim\u00f5es, Jos\u00e9 Nabir, no I Semin\u00e1rio sobre a Lei de Aprendizagem: Uma Quest\u00e3o Social, [&hellip;]","og_url":"https:\/\/fieam.org.br\/sesi\/lei-da-aprendizagem-e-discutida-em-seminario\/","og_site_name":"SESI","article_published_time":"2014-06-06T14:12:54+00:00","author":"Autor","twitter_card":"summary_large_image","twitter_misc":{"Escrito por":"Autor","Est. tempo de leitura":"2 minutos"},"schema":{"@context":"https:\/\/schema.org","@graph":[{"@type":"Article","@id":"https:\/\/fieam.org.br\/sesi\/lei-da-aprendizagem-e-discutida-em-seminario\/#article","isPartOf":{"@id":"https:\/\/fieam.org.br\/sesi\/lei-da-aprendizagem-e-discutida-em-seminario\/"},"author":{"name":"Autor","@id":"https:\/\/fieam.org.br\/sesi\/#\/schema\/person\/f54998dd14d5f0695b41444f2b01c31e"},"headline":"Lei da Aprendizagem \u00e9 discutida em Semin\u00e1rio","datePublished":"2014-06-06T14:12:54+00:00","mainEntityOfPage":{"@id":"https:\/\/fieam.org.br\/sesi\/lei-da-aprendizagem-e-discutida-em-seminario\/"},"wordCount":491,"commentCount":0,"publisher":{"@id":"https:\/\/fieam.org.br\/sesi\/#organization"},"articleSection":["News"],"inLanguage":"pt-BR","potentialAction":[{"@type":"CommentAction","name":"Comment","target":["https:\/\/fieam.org.br\/sesi\/lei-da-aprendizagem-e-discutida-em-seminario\/#respond"]}]},{"@type":"WebPage","@id":"https:\/\/fieam.org.br\/sesi\/lei-da-aprendizagem-e-discutida-em-seminario\/","url":"https:\/\/fieam.org.br\/sesi\/lei-da-aprendizagem-e-discutida-em-seminario\/","name":"Lei da Aprendizagem \u00e9 discutida em Semin\u00e1rio - SESI","isPartOf":{"@id":"https:\/\/fieam.org.br\/sesi\/#website"},"datePublished":"2014-06-06T14:12:54+00:00","breadcrumb":{"@id":"https:\/\/fieam.org.br\/sesi\/lei-da-aprendizagem-e-discutida-em-seminario\/#breadcrumb"},"inLanguage":"pt-BR","potentialAction":[{"@type":"ReadAction","target":["https:\/\/fieam.org.br\/sesi\/lei-da-aprendizagem-e-discutida-em-seminario\/"]}]},{"@type":"BreadcrumbList","@id":"https:\/\/fieam.org.br\/sesi\/lei-da-aprendizagem-e-discutida-em-seminario\/#breadcrumb","itemListElement":[{"@type":"ListItem","position":1,"name":"In\u00edcio","item":"https:\/\/fieam.org.br\/sesi\/"},{"@type":"ListItem","position":2,"name":"Lei da Aprendizagem \u00e9 discutida em Semin\u00e1rio"}]},{"@type":"WebSite","@id":"https:\/\/fieam.org.br\/sesi\/#website","url":"https:\/\/fieam.org.br\/sesi\/","name":"SESI","description":"Site Oficial!","publisher":{"@id":"https:\/\/fieam.org.br\/sesi\/#organization"},"potentialAction":[{"@type":"SearchAction","target":{"@type":"EntryPoint","urlTemplate":"https:\/\/fieam.org.br\/sesi\/?s={search_term_string}"},"query-input":{"@type":"PropertyValueSpecification","valueRequired":true,"valueName":"search_term_string"}}],"inLanguage":"pt-BR"},{"@type":"Organization","@id":"https:\/\/fieam.org.br\/sesi\/#organization","name":"SESI","url":"https:\/\/fieam.org.br\/sesi\/","logo":{"@type":"ImageObject","inLanguage":"pt-BR","@id":"https:\/\/fieam.org.br\/sesi\/#\/schema\/logo\/image\/","url":"https:\/\/fieam.org.br\/sesi\/wp-content\/uploads\/sites\/14\/2024\/03\/cropped-fav.png","contentUrl":"https:\/\/fieam.org.br\/sesi\/wp-content\/uploads\/sites\/14\/2024\/03\/cropped-fav.png","width":610,"height":589,"caption":"SESI"},"image":{"@id":"https:\/\/fieam.org.br\/sesi\/#\/schema\/logo\/image\/"}},{"@type":"Person","@id":"https:\/\/fieam.org.br\/sesi\/#\/schema\/person\/f54998dd14d5f0695b41444f2b01c31e","name":"Autor","image":{"@type":"ImageObject","inLanguage":"pt-BR","@id":"https:\/\/secure.gravatar.com\/avatar\/3732c223e0e1fad69062a8f770955c9068d37b055204f310a0be18d4069fe380?s=96&d=mm&r=g","url":"https:\/\/secure.gravatar.com\/avatar\/3732c223e0e1fad69062a8f770955c9068d37b055204f310a0be18d4069fe380?s=96&d=mm&r=g","contentUrl":"https:\/\/secure.gravatar.com\/avatar\/3732c223e0e1fad69062a8f770955c9068d37b055204f310a0be18d4069fe380?s=96&d=mm&r=g","caption":"Autor"},"sameAs":["https:\/\/marketingmassivo.com.br"],"url":"https:\/\/fieam.org.br\/sesi\/author\/admin\/"}]}},"_links":{"self":[{"href":"https:\/\/fieam.org.br\/sesi\/wp-json\/wp\/v2\/posts\/5572","targetHints":{"allow":["GET"]}}],"collection":[{"href":"https:\/\/fieam.org.br\/sesi\/wp-json\/wp\/v2\/posts"}],"about":[{"href":"https:\/\/fieam.org.br\/sesi\/wp-json\/wp\/v2\/types\/post"}],"author":[{"embeddable":true,"href":"https:\/\/fieam.org.br\/sesi\/wp-json\/wp\/v2\/users\/1"}],"replies":[{"embeddable":true,"href":"https:\/\/fieam.org.br\/sesi\/wp-json\/wp\/v2\/comments?post=5572"}],"version-history":[{"count":0,"href":"https:\/\/fieam.org.br\/sesi\/wp-json\/wp\/v2\/posts\/5572\/revisions"}],"wp:attachment":[{"href":"https:\/\/fieam.org.br\/sesi\/wp-json\/wp\/v2\/media?parent=5572"}],"wp:term":[{"taxonomy":"category","embeddable":true,"href":"https:\/\/fieam.org.br\/sesi\/wp-json\/wp\/v2\/categories?post=5572"},{"taxonomy":"post_tag","embeddable":true,"href":"https:\/\/fieam.org.br\/sesi\/wp-json\/wp\/v2\/tags?post=5572"}],"curies":[{"name":"wp","href":"https:\/\/api.w.org\/{rel}","templated":true}]}}