{"id":5463,"date":"2014-05-08T14:33:21","date_gmt":"2014-05-08T14:33:21","guid":{"rendered":"http:\/\/www.fieam.org.br\/site\/sesi\/?p=5463"},"modified":"2014-05-08T14:33:21","modified_gmt":"2014-05-08T14:33:21","slug":"vencedores-do-premio-nacional-de-inovacao-serao-conhecidos-em-13-de-maio","status":"publish","type":"post","link":"https:\/\/fieam.org.br\/sesi\/vencedores-do-premio-nacional-de-inovacao-serao-conhecidos-em-13-de-maio\/","title":{"rendered":"Vencedores do Pr\u00eamio Nacional de Inova\u00e7\u00e3o ser\u00e3o conhecidos em 13 de maio"},"content":{"rendered":"<div>\n<p align=\"center\"><i>Os projetos ganhadores, que ser\u00e3o escolhidos entre 32 finalistas, concorrem a R$ 900 mil do edital SENAI-SESI de Inova\u00e7\u00e3o,\u00a0<\/i><\/p>\n<\/div>\n<div>\n<p align=\"center\"><i>a \u00a0participa\u00e7\u00e3o em \u00a0miss\u00e3o internacional e cursos de educa\u00e7\u00e3o executiva<\/i><\/p>\n<p align=\"center\">\n<p>Os vencedores do Pr\u00eamio Nacional de Inova\u00e7\u00e3o ser\u00e3o anunciados em cerim\u00f4nia marcada \u00a0para \u00a013 de maio, a partir das 19h, na sede do Servi\u00e7o Brasileiro de Apoio \u00e0s Micro e Pequenas Empresas (Sebrae), em Bras\u00edlia. \u00a0Nessa edi\u00e7\u00e3o, o Pr\u00eamio recebeu o recorde de 2.022 inscri\u00e7\u00f5es de todo o pa\u00eds. O processo de sele\u00e7\u00e3o que durou quatro meses indicou como finalistas 32 projetos de 29 empresas de pequeno, m\u00e9dio e grande portes. Cada empresa pode concorrer com mais de um projeto. A cerim\u00f4nia ser\u00e1 transmitida ao vivo pelo link:\u00a0<a href=\"http:\/\/www.aovivosebrae.com.br\/premiodeinovacao\" target=\"_blank\" rel=\"noopener\">http:\/\/www.aovivosebrae.com.br\/premiodeinovacao<\/a>.<\/p>\n<p>Onze dos 32 projetos finalistas s\u00e3o do Rio Grande do Sul, outros oito s\u00e3o de S\u00e3o Paulo, dois de Minas Gerais e dois do Paran\u00e1. \u00a0Os outros nove finalistas representam Bahia, Cear\u00e1, Distrito Federal, Maranh\u00e3o, Mato Grosso do Sul, Pernambuco, Rio de Janeiro, Rio Grande do Norte e Santa Catarina, estados que tiveram um finalista cada. As empresas concorrem a R$ 900 mil pr\u00e9-aprovados no Edital SENAI SESI de Inova\u00e7\u00e3o. Tamb\u00e9m poder\u00e3o participar de miss\u00e3o t\u00e9cnica internacional e de cursos de educa\u00e7\u00e3o executiva.<\/p>\n<p>Para o presidente da Confedera\u00e7\u00e3o Nacional da Ind\u00fastria, Robson Braga de Andrade, \u00a0o Pr\u00eamio Nacional, al\u00e9m de valorizar os exemplos de investimento em inova\u00e7\u00e3o, estimula a competitividade das empresas. \u00a0\u201cEsperamos que os vencedores inspirem mais investimentos desse tipo pa\u00eds afora. Investir em inova\u00e7\u00e3o, pesquisa e tecnologia sempre trar\u00e1 produtos e processos mais eficientes\u201d, afirma Andrade.<\/p>\n<\/div>\n<div>\n<p>O uso da inova\u00e7\u00e3o como ferramenta para conquistar \u00a0clientes e aumentar a qualidade dos produtos e servi\u00e7os j\u00e1 \u00e9 uma realidade para 75% dos pequenos neg\u00f3cios no Brasil. De acordo com pesquisa feita pelo Sebrae, nos \u00faltimos tr\u00eas anos, a maioria dos donos de micros e pequenas empresas promoveram algum tipo de inova\u00e7\u00e3o e, para mais de 80% deles, \u00a0essa moderniza\u00e7\u00e3o resultou em um incremento nas suas receitas. \u201cDe 2014 a 2017, o Sebrae vai investir R$ 1 bilh\u00e3o em solu\u00e7\u00f5es de inova\u00e7\u00e3o para os pequenos neg\u00f3cios\u201d, informa o presidente da institui\u00e7\u00e3o, Luiz Barretto.<\/p>\n<p><b>CATEGORIAS DO PR\u00caMIO\u00a0<\/b>&#8211; Empresas de micro, pequeno, m\u00e9dio e grande portes concorrem em quatro categorias:<\/p>\n<p><b>Agente Local de Inova\u00e7\u00e3o<\/b>\u00a0\u2013 Direcionada a micros e pequenas empresas atendidas pelo Programa Agentes Locais de Inova\u00e7\u00e3o (ALI) do Sebrae nos setores de ind\u00fastria, com\u00e9rcio e servi\u00e7os.<\/p>\n<p><b>Inova\u00e7\u00e3o Tecnol\u00f3gica<\/b>\u00a0\u2013 Valoriza projetos de produtos ou processos que contribuem para o aumento da competitividade da empresa.<\/p>\n<p><b>Inova\u00e7\u00e3o em Modelo de Neg\u00f3cio<\/b>\u00a0\u2013 Premia a forma como projetos s\u00e3o levados ao mercado a fim de aprimoramento de modelos de neg\u00f3cio capazes de gerar impactos na empresa.<\/p>\n<p><b>Gest\u00e3o da Inova\u00e7\u00e3o\u00a0<\/b>\u2013 Reconhece m\u00e9todos, t\u00e9cnicas e ferramentas de gest\u00e3o da inova\u00e7\u00e3o que estabele\u00e7am ambiente prop\u00edcio ao desenvolvimento de projetos inovadores. Apenas os vencedores nesta categoria concorrem aos R$ 900 mil pr\u00e9-aprovados no Edital SENAI SESI.<\/p>\n<p>O Pr\u00eamio Nacional de Inova\u00e7\u00e3o \u00e9 uma iniciativa da \u00a0Mobiliza\u00e7\u00e3o Empresarial pela Inova\u00e7\u00e3o (MEI), realizado pela CNI e o Sebrae, com apoio do Instituto Euvaldo Lodi (IEL), Servi\u00e7o Nacional de Aprendizagem Industrial (SENAI), Movimento Brasil Competitivo (MBC), Financiadora de Estudos e Projetos (FINEP) e Minist\u00e9rio de Ci\u00eancia, Tecnologia e Inova\u00e7\u00e3o (MCTI).<\/p>\n<p>Conhe\u00e7a \u00a0as \u00a0empresas finalistas do Pr\u00eamio Nacional de Inova\u00e7\u00e3o:<\/p>\n<table border=\"0\" cellspacing=\"0\" cellpadding=\"0\">\n<tbody>\n<tr>\n<td valign=\"top\" width=\"220\">\n<p align=\"center\">Empresa<\/p>\n<\/td>\n<td valign=\"top\" width=\"61\">\n<p align=\"center\">Estado<\/p>\n<\/td>\n<td valign=\"top\" width=\"284\">\n<p align=\"center\">Categoria<\/p>\n<\/td>\n<\/tr>\n<tr>\n<td valign=\"top\" width=\"220\">\n<p align=\"center\">3M do Brasil<\/p>\n<\/td>\n<td valign=\"top\" width=\"61\">\n<p align=\"center\">SP<\/p>\n<\/td>\n<td valign=\"top\" width=\"284\">\n<p align=\"center\">Modelo de Neg\u00f3cio<\/p>\n<\/td>\n<\/tr>\n<tr>\n<td valign=\"top\" width=\"220\">\n<p align=\"center\">Agroindustrial Extrema<\/p>\n<\/td>\n<td valign=\"top\" width=\"61\">\n<p align=\"center\">RN<\/p>\n<\/td>\n<td valign=\"top\" width=\"284\">\n<p align=\"center\">ALI<\/p>\n<\/td>\n<\/tr>\n<tr>\n<td valign=\"top\" width=\"220\">\n<p align=\"center\">Artecola Qu\u00edmica<\/p>\n<\/td>\n<td valign=\"top\" width=\"61\">\n<p align=\"center\">RS<\/p>\n<\/td>\n<td valign=\"top\" width=\"284\">\n<p align=\"center\">Gest\u00e3o da Inova\u00e7\u00e3o \/ Inova\u00e7\u00e3o Tecnol\u00f3gica<\/p>\n<\/td>\n<\/tr>\n<tr>\n<td valign=\"top\" width=\"220\">\n<p align=\"center\">Bondmann Qu\u00edmica<\/p>\n<\/td>\n<td valign=\"top\" width=\"61\">\n<p align=\"center\">RS<\/p>\n<\/td>\n<td valign=\"top\" width=\"284\">\n<p align=\"center\">Inova\u00e7\u00e3o Tecnol\u00f3gica<\/p>\n<\/td>\n<\/tr>\n<tr>\n<td valign=\"top\" width=\"220\">\n<p align=\"center\">CBPAK<\/p>\n<\/td>\n<td valign=\"top\" width=\"61\">\n<p align=\"center\">RJ<\/p>\n<\/td>\n<td valign=\"top\" width=\"284\">\n<p align=\"center\">Modelo de Neg\u00f3cio<\/p>\n<\/td>\n<\/tr>\n<tr>\n<td valign=\"top\" width=\"220\">\n<p align=\"center\">CPFL Energia<\/p>\n<\/td>\n<td valign=\"top\" width=\"61\">\n<p align=\"center\">SP<\/p>\n<\/td>\n<td valign=\"top\" width=\"284\">\n<p align=\"center\">Modelo de Neg\u00f3cio<\/p>\n<\/td>\n<\/tr>\n<tr>\n<td valign=\"top\" width=\"220\">\n<p align=\"center\">Duto Importa\u00e7\u00e3o, Exporta\u00e7\u00e3o e Com\u00e9rcio<\/p>\n<\/td>\n<td valign=\"top\" width=\"61\">\n<p align=\"center\">\n<p align=\"center\">RS<\/p>\n<\/td>\n<td valign=\"top\" width=\"284\">\n<p align=\"center\">\n<p align=\"center\">ALI<\/p>\n<\/td>\n<\/tr>\n<tr>\n<td valign=\"top\" width=\"220\">\n<p align=\"center\">Engpiso<\/p>\n<\/td>\n<td valign=\"top\" width=\"61\">\n<p align=\"center\">BA<\/p>\n<\/td>\n<td valign=\"top\" width=\"284\">\n<p align=\"center\">ALI<\/p>\n<\/td>\n<\/tr>\n<tr>\n<td valign=\"top\" width=\"220\">\n<p align=\"center\">G\u00e1utica Tecnologia e Inova\u00e7\u00e3o<\/p>\n<\/td>\n<td valign=\"top\" width=\"61\">\n<p align=\"center\">RS<\/p>\n<\/td>\n<td valign=\"top\" width=\"284\">\n<p align=\"center\">ALI<\/p>\n<\/td>\n<\/tr>\n<tr>\n<td valign=\"top\" width=\"220\">\n<p align=\"center\">HTP Solution<\/p>\n<\/td>\n<td valign=\"top\" width=\"61\">\n<p align=\"center\">MG<\/p>\n<\/td>\n<td valign=\"top\" width=\"284\">\n<p align=\"center\">Modelo de Neg\u00f3cio<\/p>\n<\/td>\n<\/tr>\n<tr>\n<td valign=\"top\" width=\"220\">\n<p align=\"center\">Indusbello<\/p>\n<\/td>\n<td valign=\"top\" width=\"61\">\n<p align=\"center\">PR<\/p>\n<\/td>\n<td valign=\"top\" width=\"284\">\n<p align=\"center\">Inova\u00e7\u00e3o Tecnol\u00f3gica \/ Gest\u00e3o da Inova\u00e7\u00e3o<\/p>\n<\/td>\n<\/tr>\n<tr>\n<td valign=\"top\" width=\"220\">\n<p align=\"center\">Lics Super \u00c1gua Eirelli<\/p>\n<\/td>\n<td valign=\"top\" width=\"61\">\n<p align=\"center\">RS<\/p>\n<\/td>\n<td valign=\"top\" width=\"284\">\n<p align=\"center\">Inova\u00e7\u00e3o Tecnol\u00f3gica<\/p>\n<\/td>\n<\/tr>\n<tr>\n<td valign=\"top\" width=\"220\">\n<p align=\"center\">Lifetec do Brasil<\/p>\n<\/td>\n<td valign=\"top\" width=\"61\">\n<p align=\"center\">MG<\/p>\n<\/td>\n<td valign=\"top\" width=\"284\">\n<p align=\"center\">Gest\u00e3o da Inova\u00e7\u00e3o<\/p>\n<\/td>\n<\/tr>\n<tr>\n<td valign=\"top\" width=\"220\">\n<p align=\"center\">Medabil Sistemas Construtivos Met\u00e1licos<\/p>\n<\/td>\n<td valign=\"top\" width=\"61\">\n<p align=\"center\">\n<p align=\"center\">RS<\/p>\n<\/td>\n<td valign=\"top\" width=\"284\">\n<p align=\"center\">\n<p align=\"center\">Inova\u00e7\u00e3o Tecnol\u00f3gica<\/p>\n<\/td>\n<\/tr>\n<tr>\n<td valign=\"top\" width=\"220\">\n<p align=\"center\">Moacyr Rocha Distribuidora de Produtos Manufaturados<\/p>\n<\/td>\n<td valign=\"top\" width=\"61\">\n<p align=\"center\">\n<p align=\"center\">RS<\/p>\n<\/td>\n<td valign=\"top\" width=\"284\">\n<p align=\"center\">\n<p align=\"center\">ALI<\/p>\n<\/td>\n<\/tr>\n<tr>\n<td valign=\"top\" width=\"220\">\n<p align=\"center\">Natura<\/p>\n<\/td>\n<td valign=\"top\" width=\"61\">\n<p align=\"center\">SP<\/p>\n<\/td>\n<td valign=\"top\" width=\"284\">\n<p align=\"center\">Gest\u00e3o da Inova\u00e7\u00e3o \/ Inova\u00e7\u00e3o Tecnol\u00f3gica<\/p>\n<\/td>\n<\/tr>\n<tr>\n<td valign=\"top\" width=\"220\">\n<p align=\"center\">Origem do Brasil<\/p>\n<\/td>\n<td valign=\"top\" width=\"61\">\n<p align=\"center\">SP<\/p>\n<\/td>\n<td valign=\"top\" width=\"284\">\n<p align=\"center\">Inova\u00e7\u00e3o Tecnol\u00f3gica<\/p>\n<\/td>\n<\/tr>\n<tr>\n<td valign=\"top\" width=\"220\">\n<p align=\"center\">Protect Confec\u00e7\u00f5es<\/p>\n<\/td>\n<td valign=\"top\" width=\"61\">\n<p align=\"center\">SP<\/p>\n<\/td>\n<td valign=\"top\" width=\"284\">\n<p align=\"center\">ALI<\/p>\n<\/td>\n<\/tr>\n<tr>\n<td valign=\"top\" width=\"220\">\n<p align=\"center\">SM Sandu\u00edches<\/p>\n<\/td>\n<td valign=\"top\" width=\"61\">\n<p align=\"center\">MA<\/p>\n<\/td>\n<td valign=\"top\" width=\"284\">\n<p align=\"center\">ALI<\/p>\n<\/td>\n<\/tr>\n<tr>\n<td valign=\"top\" width=\"220\">\n<p align=\"center\">Take a Nap<\/p>\n<\/td>\n<td valign=\"top\" width=\"61\">\n<p align=\"center\">CE<\/p>\n<\/td>\n<td valign=\"top\" width=\"284\">\n<p align=\"center\">Gesta da Inova\u00e7\u00e3o<\/p>\n<\/td>\n<\/tr>\n<tr>\n<td valign=\"top\" width=\"220\">\n<p align=\"center\">Telein<\/p>\n<\/td>\n<td valign=\"top\" width=\"61\">\n<p align=\"center\">PE<\/p>\n<\/td>\n<td valign=\"top\" width=\"284\">\n<p align=\"center\">ALI<\/p>\n<\/td>\n<\/tr>\n<tr>\n<td valign=\"top\" width=\"220\">\n<p align=\"center\">Territ\u00f3rio do Vinho<\/p>\n<\/td>\n<td valign=\"top\" width=\"61\">\n<p align=\"center\">MS<\/p>\n<\/td>\n<td valign=\"top\" width=\"284\">\n<p align=\"center\">ALI<\/p>\n<\/td>\n<\/tr>\n<tr>\n<td valign=\"top\" width=\"220\">\n<p align=\"center\">Toth Tecnologia<\/p>\n<\/td>\n<td valign=\"top\" width=\"61\">\n<p align=\"center\">RS<\/p>\n<\/td>\n<td valign=\"top\" width=\"284\">\n<p align=\"center\">Gest\u00e3o da Inova\u00e7\u00e3o<\/p>\n<\/td>\n<\/tr>\n<tr>\n<td valign=\"top\" width=\"220\">\n<p align=\"center\">Unicontrol<\/p>\n<\/td>\n<td valign=\"top\" width=\"61\">\n<p align=\"center\">RS<\/p>\n<\/td>\n<td valign=\"top\" width=\"284\">\n<p align=\"center\">ALI<\/p>\n<\/td>\n<\/tr>\n<tr>\n<td valign=\"top\" width=\"220\">\n<p align=\"center\">Victum Projeto de Produto<\/p>\n<\/td>\n<td valign=\"top\" width=\"61\">\n<p align=\"center\">RS<\/p>\n<\/td>\n<td valign=\"top\" width=\"284\">\n<p align=\"center\">Inova\u00e7\u00e3o Tecnol\u00f3gica<\/p>\n<\/td>\n<\/tr>\n<tr>\n<td valign=\"top\" width=\"220\">\n<p align=\"center\">Votorantim Metais<\/p>\n<\/td>\n<td valign=\"top\" width=\"61\">\n<p align=\"center\">SP<\/p>\n<\/td>\n<td valign=\"top\" width=\"284\">\n<p align=\"center\">Gest\u00e3o da Inova\u00e7\u00e3o<\/p>\n<\/td>\n<\/tr>\n<tr>\n<td valign=\"top\" width=\"220\">\n<p align=\"center\">WEG<\/p>\n<\/td>\n<td valign=\"top\" width=\"61\">\n<p align=\"center\">SC<\/p>\n<\/td>\n<td valign=\"top\" width=\"284\">\n<p align=\"center\">Gest\u00e3o da Inova\u00e7\u00e3o<\/p>\n<\/td>\n<\/tr>\n<tr>\n<td valign=\"top\" width=\"220\">\n<p align=\"center\">Whirpool S.A.<\/p>\n<\/td>\n<td valign=\"top\" width=\"61\">\n<p align=\"center\">SP<\/p>\n<\/td>\n<td valign=\"top\" width=\"284\">\n<p align=\"center\">Modelo de Neg\u00f3cio<\/p>\n<\/td>\n<\/tr>\n<tr>\n<td valign=\"top\" width=\"220\">\n<p align=\"center\">Wise<\/p>\n<\/td>\n<td valign=\"top\" width=\"61\">\n<p align=\"center\">DF<\/p>\n<\/td>\n<td valign=\"top\" width=\"284\">\n<p align=\"center\">Gest\u00e3o da Inova\u00e7\u00e3o<\/p>\n<\/td>\n<\/tr>\n<\/tbody>\n<\/table>\n<p align=\"center\">\n<p><b>SERVI\u00c7O<\/b><\/p>\n<p><b>Evento:\u00a0<\/b>Cerim\u00f4nia de entrega do Pr\u00eamio Nacional de Inova\u00e7\u00e3o.<br \/>\n<b>Data e hor\u00e1rio:<\/b>\u00a013 de maio, \u00e0s 19h<br \/>\n<b>Local:<\/b>\u00a0Sede do Sebrae Nacional, Conjunto A &#8211; SGAS 605 &#8211; Asa Sul, Bras\u00edlia &#8211; DF<\/p>\n<p><b>ATENDIMENTO \u00c0 IMPRENSA<br \/>\nGer\u00eancia de Jornalismo da CNI<\/p>\n<p><a href=\"tel:%2861%29%203317-9578\" target=\"_blank\" rel=\"noopener\">(61) 3317-9578<\/a>\u00a0\/ 8917 \/ 9825<\/b><br \/>\n<a href=\"mailto:imprensa@cni.org.br\" target=\"_blank\" rel=\"noopener\">imprensa@cni.org.br<\/a><br \/>\n<a href=\"http:\/\/www.portaldaindustria.com.br\/\" target=\"_blank\" rel=\"noopener\">http:\/\/www.portaldaindustria.com.br\/<\/a><br \/>\n<a href=\"http:\/\/www.bancodemidia.cni.org.br\/\" target=\"_blank\" rel=\"noopener\">http:\/\/www.bancodemidia.cni.org.br<\/a><br \/>\n<a href=\"https:\/\/twitter.com\/CNI_br\" target=\"_blank\" rel=\"noopener\">https:\/\/twitter.com\/CNI_br<\/a><br \/>\n<a href=\"https:\/\/www.facebook.com\/cnibrasil\" target=\"_blank\" rel=\"noopener\">https:\/\/www.facebook.com\/cnibrasil<\/a><br \/>\n<a href=\"http:\/\/www.youtube.com\/user\/cniweb\" target=\"_blank\" rel=\"noopener\">http:\/\/www.youtube.com\/user\/cniweb<\/a><\/p>\n<p><b>Assessoria de Imprensa Sebrae<\/b><br \/>\n(61) 2107-9300<br \/>\n(61) 2104-2770\/2769\/2766<br \/>\n<a href=\"tel:%2861%29%203243-7851\" target=\"_blank\" rel=\"noopener\">(61) 3243-7851<\/a><\/p>\n<p>&nbsp;<\/p>\n<\/div>\n","protected":false},"excerpt":{"rendered":"<p>Os projetos ganhadores, que ser\u00e3o escolhidos entre 32 finalistas, concorrem a R$ 900 mil do edital SENAI-SESI de Inova\u00e7\u00e3o,\u00a0 a \u00a0participa\u00e7\u00e3o em \u00a0miss\u00e3o internacional e cursos de educa\u00e7\u00e3o executiva Os vencedores do Pr\u00eamio Nacional de Inova\u00e7\u00e3o ser\u00e3o anunciados em cerim\u00f4nia marcada \u00a0para \u00a013 de maio, a partir das 19h, na sede do Servi\u00e7o Brasileiro de [&hellip;]<\/p>\n","protected":false},"author":1,"featured_media":0,"comment_status":"open","ping_status":"open","sticky":false,"template":"","format":"standard","meta":{"footnotes":""},"categories":[25],"tags":[],"class_list":["post-5463","post","type-post","status-publish","format-standard","hentry","category-news"],"yoast_head":"<!-- This site is optimized with the Yoast SEO plugin v28.2 - https:\/\/yoast.com\/product\/yoast-seo-wordpress\/ -->\n<title>Vencedores do Pr\u00eamio Nacional de Inova\u00e7\u00e3o ser\u00e3o conhecidos em 13 de maio - SESI<\/title>\n<meta name=\"robots\" content=\"index, follow, max-snippet:-1, max-image-preview:large, max-video-preview:-1\" \/>\n<link rel=\"canonical\" href=\"https:\/\/fieam.org.br\/sesi\/vencedores-do-premio-nacional-de-inovacao-serao-conhecidos-em-13-de-maio\/\" \/>\n<meta property=\"og:locale\" content=\"pt_BR\" \/>\n<meta property=\"og:type\" content=\"article\" \/>\n<meta property=\"og:title\" content=\"Vencedores do Pr\u00eamio Nacional de Inova\u00e7\u00e3o ser\u00e3o conhecidos em 13 de maio - SESI\" \/>\n<meta property=\"og:description\" content=\"Os projetos ganhadores, que ser\u00e3o escolhidos entre 32 finalistas, concorrem a R$ 900 mil do edital SENAI-SESI de Inova\u00e7\u00e3o,\u00a0 a \u00a0participa\u00e7\u00e3o em \u00a0miss\u00e3o internacional e cursos de educa\u00e7\u00e3o executiva Os vencedores do Pr\u00eamio Nacional de Inova\u00e7\u00e3o ser\u00e3o anunciados em cerim\u00f4nia marcada \u00a0para \u00a013 de maio, a partir das 19h, na sede do Servi\u00e7o Brasileiro de [&hellip;]\" \/>\n<meta property=\"og:url\" content=\"https:\/\/fieam.org.br\/sesi\/vencedores-do-premio-nacional-de-inovacao-serao-conhecidos-em-13-de-maio\/\" \/>\n<meta property=\"og:site_name\" content=\"SESI\" \/>\n<meta property=\"article:published_time\" content=\"2014-05-08T14:33:21+00:00\" \/>\n<meta name=\"author\" content=\"Autor\" \/>\n<meta name=\"twitter:card\" content=\"summary_large_image\" \/>\n<meta name=\"twitter:label1\" content=\"Escrito por\" \/>\n\t<meta name=\"twitter:data1\" content=\"Autor\" \/>\n\t<meta name=\"twitter:label2\" content=\"Est. tempo de leitura\" \/>\n\t<meta name=\"twitter:data2\" content=\"5 minutos\" \/>\n<script type=\"application\/ld+json\" class=\"yoast-schema-graph\">{\"@context\":\"https:\\\/\\\/schema.org\",\"@graph\":[{\"@type\":\"Article\",\"@id\":\"https:\\\/\\\/fieam.org.br\\\/sesi\\\/vencedores-do-premio-nacional-de-inovacao-serao-conhecidos-em-13-de-maio\\\/#article\",\"isPartOf\":{\"@id\":\"https:\\\/\\\/fieam.org.br\\\/sesi\\\/vencedores-do-premio-nacional-de-inovacao-serao-conhecidos-em-13-de-maio\\\/\"},\"author\":{\"name\":\"Autor\",\"@id\":\"https:\\\/\\\/fieam.org.br\\\/sesi\\\/#\\\/schema\\\/person\\\/f54998dd14d5f0695b41444f2b01c31e\"},\"headline\":\"Vencedores do Pr\u00eamio Nacional de Inova\u00e7\u00e3o ser\u00e3o conhecidos em 13 de maio\",\"datePublished\":\"2014-05-08T14:33:21+00:00\",\"mainEntityOfPage\":{\"@id\":\"https:\\\/\\\/fieam.org.br\\\/sesi\\\/vencedores-do-premio-nacional-de-inovacao-serao-conhecidos-em-13-de-maio\\\/\"},\"wordCount\":923,\"commentCount\":0,\"publisher\":{\"@id\":\"https:\\\/\\\/fieam.org.br\\\/sesi\\\/#organization\"},\"articleSection\":[\"News\"],\"inLanguage\":\"pt-BR\",\"potentialAction\":[{\"@type\":\"CommentAction\",\"name\":\"Comment\",\"target\":[\"https:\\\/\\\/fieam.org.br\\\/sesi\\\/vencedores-do-premio-nacional-de-inovacao-serao-conhecidos-em-13-de-maio\\\/#respond\"]}]},{\"@type\":\"WebPage\",\"@id\":\"https:\\\/\\\/fieam.org.br\\\/sesi\\\/vencedores-do-premio-nacional-de-inovacao-serao-conhecidos-em-13-de-maio\\\/\",\"url\":\"https:\\\/\\\/fieam.org.br\\\/sesi\\\/vencedores-do-premio-nacional-de-inovacao-serao-conhecidos-em-13-de-maio\\\/\",\"name\":\"Vencedores do Pr\u00eamio Nacional de Inova\u00e7\u00e3o ser\u00e3o conhecidos em 13 de maio - SESI\",\"isPartOf\":{\"@id\":\"https:\\\/\\\/fieam.org.br\\\/sesi\\\/#website\"},\"datePublished\":\"2014-05-08T14:33:21+00:00\",\"breadcrumb\":{\"@id\":\"https:\\\/\\\/fieam.org.br\\\/sesi\\\/vencedores-do-premio-nacional-de-inovacao-serao-conhecidos-em-13-de-maio\\\/#breadcrumb\"},\"inLanguage\":\"pt-BR\",\"potentialAction\":[{\"@type\":\"ReadAction\",\"target\":[\"https:\\\/\\\/fieam.org.br\\\/sesi\\\/vencedores-do-premio-nacional-de-inovacao-serao-conhecidos-em-13-de-maio\\\/\"]}]},{\"@type\":\"BreadcrumbList\",\"@id\":\"https:\\\/\\\/fieam.org.br\\\/sesi\\\/vencedores-do-premio-nacional-de-inovacao-serao-conhecidos-em-13-de-maio\\\/#breadcrumb\",\"itemListElement\":[{\"@type\":\"ListItem\",\"position\":1,\"name\":\"In\u00edcio\",\"item\":\"https:\\\/\\\/fieam.org.br\\\/sesi\\\/\"},{\"@type\":\"ListItem\",\"position\":2,\"name\":\"Vencedores do Pr\u00eamio Nacional de Inova\u00e7\u00e3o ser\u00e3o conhecidos em 13 de maio\"}]},{\"@type\":\"WebSite\",\"@id\":\"https:\\\/\\\/fieam.org.br\\\/sesi\\\/#website\",\"url\":\"https:\\\/\\\/fieam.org.br\\\/sesi\\\/\",\"name\":\"SESI\",\"description\":\"Site Oficial!\",\"publisher\":{\"@id\":\"https:\\\/\\\/fieam.org.br\\\/sesi\\\/#organization\"},\"potentialAction\":[{\"@type\":\"SearchAction\",\"target\":{\"@type\":\"EntryPoint\",\"urlTemplate\":\"https:\\\/\\\/fieam.org.br\\\/sesi\\\/?s={search_term_string}\"},\"query-input\":{\"@type\":\"PropertyValueSpecification\",\"valueRequired\":true,\"valueName\":\"search_term_string\"}}],\"inLanguage\":\"pt-BR\"},{\"@type\":\"Organization\",\"@id\":\"https:\\\/\\\/fieam.org.br\\\/sesi\\\/#organization\",\"name\":\"SESI\",\"url\":\"https:\\\/\\\/fieam.org.br\\\/sesi\\\/\",\"logo\":{\"@type\":\"ImageObject\",\"inLanguage\":\"pt-BR\",\"@id\":\"https:\\\/\\\/fieam.org.br\\\/sesi\\\/#\\\/schema\\\/logo\\\/image\\\/\",\"url\":\"https:\\\/\\\/fieam.org.br\\\/sesi\\\/wp-content\\\/uploads\\\/sites\\\/14\\\/2024\\\/03\\\/cropped-fav.png\",\"contentUrl\":\"https:\\\/\\\/fieam.org.br\\\/sesi\\\/wp-content\\\/uploads\\\/sites\\\/14\\\/2024\\\/03\\\/cropped-fav.png\",\"width\":610,\"height\":589,\"caption\":\"SESI\"},\"image\":{\"@id\":\"https:\\\/\\\/fieam.org.br\\\/sesi\\\/#\\\/schema\\\/logo\\\/image\\\/\"}},{\"@type\":\"Person\",\"@id\":\"https:\\\/\\\/fieam.org.br\\\/sesi\\\/#\\\/schema\\\/person\\\/f54998dd14d5f0695b41444f2b01c31e\",\"name\":\"Autor\",\"image\":{\"@type\":\"ImageObject\",\"inLanguage\":\"pt-BR\",\"@id\":\"https:\\\/\\\/secure.gravatar.com\\\/avatar\\\/3732c223e0e1fad69062a8f770955c9068d37b055204f310a0be18d4069fe380?s=96&d=mm&r=g\",\"url\":\"https:\\\/\\\/secure.gravatar.com\\\/avatar\\\/3732c223e0e1fad69062a8f770955c9068d37b055204f310a0be18d4069fe380?s=96&d=mm&r=g\",\"contentUrl\":\"https:\\\/\\\/secure.gravatar.com\\\/avatar\\\/3732c223e0e1fad69062a8f770955c9068d37b055204f310a0be18d4069fe380?s=96&d=mm&r=g\",\"caption\":\"Autor\"},\"sameAs\":[\"https:\\\/\\\/marketingmassivo.com.br\"],\"url\":\"https:\\\/\\\/fieam.org.br\\\/sesi\\\/author\\\/admin\\\/\"}]}<\/script>\n<!-- \/ Yoast SEO plugin. -->","yoast_head_json":{"title":"Vencedores do Pr\u00eamio Nacional de Inova\u00e7\u00e3o ser\u00e3o conhecidos em 13 de maio - SESI","robots":{"index":"index","follow":"follow","max-snippet":"max-snippet:-1","max-image-preview":"max-image-preview:large","max-video-preview":"max-video-preview:-1"},"canonical":"https:\/\/fieam.org.br\/sesi\/vencedores-do-premio-nacional-de-inovacao-serao-conhecidos-em-13-de-maio\/","og_locale":"pt_BR","og_type":"article","og_title":"Vencedores do Pr\u00eamio Nacional de Inova\u00e7\u00e3o ser\u00e3o conhecidos em 13 de maio - SESI","og_description":"Os projetos ganhadores, que ser\u00e3o escolhidos entre 32 finalistas, concorrem a R$ 900 mil do edital SENAI-SESI de Inova\u00e7\u00e3o,\u00a0 a \u00a0participa\u00e7\u00e3o em \u00a0miss\u00e3o internacional e cursos de educa\u00e7\u00e3o executiva Os vencedores do Pr\u00eamio Nacional de Inova\u00e7\u00e3o ser\u00e3o anunciados em cerim\u00f4nia marcada \u00a0para \u00a013 de maio, a partir das 19h, na sede do Servi\u00e7o Brasileiro de [&hellip;]","og_url":"https:\/\/fieam.org.br\/sesi\/vencedores-do-premio-nacional-de-inovacao-serao-conhecidos-em-13-de-maio\/","og_site_name":"SESI","article_published_time":"2014-05-08T14:33:21+00:00","author":"Autor","twitter_card":"summary_large_image","twitter_misc":{"Escrito por":"Autor","Est. tempo de leitura":"5 minutos"},"schema":{"@context":"https:\/\/schema.org","@graph":[{"@type":"Article","@id":"https:\/\/fieam.org.br\/sesi\/vencedores-do-premio-nacional-de-inovacao-serao-conhecidos-em-13-de-maio\/#article","isPartOf":{"@id":"https:\/\/fieam.org.br\/sesi\/vencedores-do-premio-nacional-de-inovacao-serao-conhecidos-em-13-de-maio\/"},"author":{"name":"Autor","@id":"https:\/\/fieam.org.br\/sesi\/#\/schema\/person\/f54998dd14d5f0695b41444f2b01c31e"},"headline":"Vencedores do Pr\u00eamio Nacional de Inova\u00e7\u00e3o ser\u00e3o conhecidos em 13 de maio","datePublished":"2014-05-08T14:33:21+00:00","mainEntityOfPage":{"@id":"https:\/\/fieam.org.br\/sesi\/vencedores-do-premio-nacional-de-inovacao-serao-conhecidos-em-13-de-maio\/"},"wordCount":923,"commentCount":0,"publisher":{"@id":"https:\/\/fieam.org.br\/sesi\/#organization"},"articleSection":["News"],"inLanguage":"pt-BR","potentialAction":[{"@type":"CommentAction","name":"Comment","target":["https:\/\/fieam.org.br\/sesi\/vencedores-do-premio-nacional-de-inovacao-serao-conhecidos-em-13-de-maio\/#respond"]}]},{"@type":"WebPage","@id":"https:\/\/fieam.org.br\/sesi\/vencedores-do-premio-nacional-de-inovacao-serao-conhecidos-em-13-de-maio\/","url":"https:\/\/fieam.org.br\/sesi\/vencedores-do-premio-nacional-de-inovacao-serao-conhecidos-em-13-de-maio\/","name":"Vencedores do Pr\u00eamio Nacional de Inova\u00e7\u00e3o ser\u00e3o conhecidos em 13 de maio - SESI","isPartOf":{"@id":"https:\/\/fieam.org.br\/sesi\/#website"},"datePublished":"2014-05-08T14:33:21+00:00","breadcrumb":{"@id":"https:\/\/fieam.org.br\/sesi\/vencedores-do-premio-nacional-de-inovacao-serao-conhecidos-em-13-de-maio\/#breadcrumb"},"inLanguage":"pt-BR","potentialAction":[{"@type":"ReadAction","target":["https:\/\/fieam.org.br\/sesi\/vencedores-do-premio-nacional-de-inovacao-serao-conhecidos-em-13-de-maio\/"]}]},{"@type":"BreadcrumbList","@id":"https:\/\/fieam.org.br\/sesi\/vencedores-do-premio-nacional-de-inovacao-serao-conhecidos-em-13-de-maio\/#breadcrumb","itemListElement":[{"@type":"ListItem","position":1,"name":"In\u00edcio","item":"https:\/\/fieam.org.br\/sesi\/"},{"@type":"ListItem","position":2,"name":"Vencedores do Pr\u00eamio Nacional de Inova\u00e7\u00e3o ser\u00e3o conhecidos em 13 de maio"}]},{"@type":"WebSite","@id":"https:\/\/fieam.org.br\/sesi\/#website","url":"https:\/\/fieam.org.br\/sesi\/","name":"SESI","description":"Site Oficial!","publisher":{"@id":"https:\/\/fieam.org.br\/sesi\/#organization"},"potentialAction":[{"@type":"SearchAction","target":{"@type":"EntryPoint","urlTemplate":"https:\/\/fieam.org.br\/sesi\/?s={search_term_string}"},"query-input":{"@type":"PropertyValueSpecification","valueRequired":true,"valueName":"search_term_string"}}],"inLanguage":"pt-BR"},{"@type":"Organization","@id":"https:\/\/fieam.org.br\/sesi\/#organization","name":"SESI","url":"https:\/\/fieam.org.br\/sesi\/","logo":{"@type":"ImageObject","inLanguage":"pt-BR","@id":"https:\/\/fieam.org.br\/sesi\/#\/schema\/logo\/image\/","url":"https:\/\/fieam.org.br\/sesi\/wp-content\/uploads\/sites\/14\/2024\/03\/cropped-fav.png","contentUrl":"https:\/\/fieam.org.br\/sesi\/wp-content\/uploads\/sites\/14\/2024\/03\/cropped-fav.png","width":610,"height":589,"caption":"SESI"},"image":{"@id":"https:\/\/fieam.org.br\/sesi\/#\/schema\/logo\/image\/"}},{"@type":"Person","@id":"https:\/\/fieam.org.br\/sesi\/#\/schema\/person\/f54998dd14d5f0695b41444f2b01c31e","name":"Autor","image":{"@type":"ImageObject","inLanguage":"pt-BR","@id":"https:\/\/secure.gravatar.com\/avatar\/3732c223e0e1fad69062a8f770955c9068d37b055204f310a0be18d4069fe380?s=96&d=mm&r=g","url":"https:\/\/secure.gravatar.com\/avatar\/3732c223e0e1fad69062a8f770955c9068d37b055204f310a0be18d4069fe380?s=96&d=mm&r=g","contentUrl":"https:\/\/secure.gravatar.com\/avatar\/3732c223e0e1fad69062a8f770955c9068d37b055204f310a0be18d4069fe380?s=96&d=mm&r=g","caption":"Autor"},"sameAs":["https:\/\/marketingmassivo.com.br"],"url":"https:\/\/fieam.org.br\/sesi\/author\/admin\/"}]}},"_links":{"self":[{"href":"https:\/\/fieam.org.br\/sesi\/wp-json\/wp\/v2\/posts\/5463","targetHints":{"allow":["GET"]}}],"collection":[{"href":"https:\/\/fieam.org.br\/sesi\/wp-json\/wp\/v2\/posts"}],"about":[{"href":"https:\/\/fieam.org.br\/sesi\/wp-json\/wp\/v2\/types\/post"}],"author":[{"embeddable":true,"href":"https:\/\/fieam.org.br\/sesi\/wp-json\/wp\/v2\/users\/1"}],"replies":[{"embeddable":true,"href":"https:\/\/fieam.org.br\/sesi\/wp-json\/wp\/v2\/comments?post=5463"}],"version-history":[{"count":0,"href":"https:\/\/fieam.org.br\/sesi\/wp-json\/wp\/v2\/posts\/5463\/revisions"}],"wp:attachment":[{"href":"https:\/\/fieam.org.br\/sesi\/wp-json\/wp\/v2\/media?parent=5463"}],"wp:term":[{"taxonomy":"category","embeddable":true,"href":"https:\/\/fieam.org.br\/sesi\/wp-json\/wp\/v2\/categories?post=5463"},{"taxonomy":"post_tag","embeddable":true,"href":"https:\/\/fieam.org.br\/sesi\/wp-json\/wp\/v2\/tags?post=5463"}],"curies":[{"name":"wp","href":"https:\/\/api.w.org\/{rel}","templated":true}]}}