{"id":5452,"date":"2014-05-07T18:14:52","date_gmt":"2014-05-07T18:14:52","guid":{"rendered":"http:\/\/www.fieam.org.br\/site\/sesi\/?p=5452"},"modified":"2014-05-07T18:14:52","modified_gmt":"2014-05-07T18:14:52","slug":"sesi-premia-escolas-cidadas","status":"publish","type":"post","link":"https:\/\/fieam.org.br\/sesi\/sesi-premia-escolas-cidadas\/","title":{"rendered":"SESI premia escolas cidad\u00e3s"},"content":{"rendered":"<figure id=\"attachment_5453\" aria-describedby=\"caption-attachment-5453\" style=\"width: 300px\" class=\"wp-caption alignleft\"><a href=\"http:\/\/www.fieam.org.br\/site\/sesi\/sesi-premia-escolas-cidadas\/vencedoras-em-1o-lugar-recebem-premio-construindo-a-nacao\/\" rel=\"attachment wp-att-5453\"><img fetchpriority=\"high\" decoding=\"async\" class=\"size-medium wp-image-5453\" alt=\"Vencedoras em 1\u00ba lugar recebem Pr\u00eamio Construindo a Na\u00e7\u00e3o\" src=\"http:\/\/www.fieam.org.br\/2015\/sesi\/wp-content\/uploads\/sites\/2\/2014\/05\/Vencedoras-em-1\u00ba-lugar-recebem-Pr\u00eamio-Construindo-a-Na\u00e7\u00e3o-300x232.jpg\" width=\"300\" height=\"232\" \/><\/a><figcaption id=\"caption-attachment-5453\" class=\"wp-caption-text\">Vencedoras em 1\u00ba lugar recebem Pr\u00eamio Construindo a Na\u00e7\u00e3o<\/figcaption><\/figure>\n<p>Alunos do Ensino M\u00e9dio da Escola Estadual Professora Maria Bel\u00e9m, no munic\u00edpio de Barreirinha, a 360 quil\u00f4metros de Manaus, desenvolveram projeto de fabrica\u00e7\u00e3o do sab\u00e3o com a reutiliza\u00e7\u00e3o do \u00f3leo vegetal antes despejado nos ralos de cozinha do munic\u00edpio. O projeto garantiu o 1\u00ba lugar do Pr\u00eamio Construindo a Na\u00e7\u00e3o edi\u00e7\u00e3o 2013\/2014, na categoria Ensino M\u00e9dio, entregue ontem (30), pelo\u00a0<a href=\"http:\/\/www.fieam.org.br\/site\/sesi\" target=\"_blank\" rel=\"noopener\">Servi\u00e7o Social da Ind\u00fastria (SESI Amazonas)<\/a>, em parceria com o Instituto Cidadania Brasil.<\/p>\n<p>De acordo com o coordenador do projeto, o projeto Evaldo Belo, a iniciativa durou seis meses e recolheu 71 litros de \u00f3leo que era desperdi\u00e7ado do meio ambiente por fam\u00edlias que viviam da venda de salgados. O projeto gerou mais de 400 amostras de sab\u00e3o em barra que voltou para as pr\u00f3prias fam\u00edlias.<\/p>\n<p>\u201cOs sete alunos n\u00e3o trabalhavam sozinhos, eles disseminaram a ideia para toda a escola, ent\u00e3o o projeto envolveu 350 alunos. N\u00f3s organizamos oficinas na qual os alunos ensinavam alunos e familiares como fazer a reutiliza\u00e7\u00e3o\u201d, disse.<\/p>\n<p>Evaldo revelou que a iniciativa deu t\u00e3o certo entre alunos, escola e comunidade, que esse ano desenvolve novo projeto de compostagem, reciclando as sobras da merenda escolar para\u00a0 transform\u00e1-la em adubo para a pr\u00f3pria horta da escola.<\/p>\n<p>\u201cTer a nossa inciativa reconhecida \u00e9 ver o seu dever cumprido e saber que uma sementinha em prol do meio ambiente foi plantada. N\u00f3s queremos ser espelho para outros professores e escolas, para que eles se motivem e vejam e vale a pena trabalhar por isso\u201d, disse o professor.<\/p>\n<p>Outro destaque da premia\u00e7\u00e3o foi o projeto \u201cPequeno Cidad\u00e3o, seus Direitos e Deveres\u201d do Centro Municipal de Educa\u00e7\u00e3o Infantil Professor Wilson Mota dos Reis, 1\u00ba lugar do pr\u00eamio em Educa\u00e7\u00e3o Infantil, que ensina\u00a0 Educa\u00e7\u00e3o Fiscal a crian\u00e7as\u00a0 de 3 a 5 anos.<\/p>\n<p>De acordo com a gestora da escola, Regina Coelli Martins, est\u00e3o envolvidas 150 crian\u00e7as do bairro Reden\u00e7\u00e3o, que aprendem a fazer valer desde cedo seus direitos e deveres como cidad\u00e3os.<\/p>\n<p>O desafio de ensinar algo s\u00e9rio para crian\u00e7as t\u00e3o pequenas foi vivenciado na pr\u00e1tica com a visita a \u201cmercadinhos\u201d no pr\u00f3prio bairro, onde as crian\u00e7as descobriram o direito de receber a nota fiscal de compra, inclusive com o valor dos impostos embutidos no pre\u00e7o final do produto.<\/p>\n<p>\u201cN\u00f3s fazemos um trabalho em conjunto com fam\u00edlia e crian\u00e7as, abordando com eles temas como nota fiscal, recolhimento de impostos e tamb\u00e9m a quest\u00e3o ambiental. Observamos que n\u00e3o s\u00e3o apenas as crian\u00e7as que aprendem, mas principalmente os pais. Muitos n\u00e3o sabiam dessas informa\u00e7\u00f5es e as crian\u00e7as come\u00e7am desde cedo a ter consci\u00eancia dos direitos e deveres e ajudam os pais nesse papel\u201d, disse Regina, que revelou que a Escola garantiu o bicampeonato com a premia\u00e7\u00e3o.<\/p>\n<p>O projeto campe\u00e3o na categoria Ensino Fundamental foi o \u201c\u00c9tica e Cidadania: reflex\u00e3o e cria\u00e7\u00e3o da pr\u00e1tica\u201d, da Escola Municipal Padre Sebasti\u00e3o Luiz dos Santos Puga Barbosa, do bairro do Japiiml\u00e2ndia, que trabalha por meio de oficinas, cursos e palestras a tem\u00e1tica.\u00a0 \u201cA escola est\u00e1 numa \u00e1rea vermelha e os alunos\u00a0 chegaram ao n\u00edvel de formar \u201cgaleras\u201d, destruir o patrim\u00f4nio escolar, os pais por sua vez, n\u00e3o acompanhavam o desempenho dos filhos da escola, e tudo isso fazia com que a escola fosse mal vista por toda a comunidade\u201d, disse a professora coordenadora do projeto, Auristela Brasil Brito.<\/p>\n<p>O projeto concorreu com o relato de experi\u00eancia, que ap\u00f3s diversas a\u00e7\u00f5es houve mudan\u00e7a de comportamento. \u201cFizemos um trabalho que atingiu do porteiro \u00e0 comunidade, envolvemos todos na orienta\u00e7\u00e3o, informa\u00e7\u00e3o e sensibiliza\u00e7\u00e3o. Os resultados foram os melhores poss\u00edveis, com aumento do \u00cdndice de Desenvolvimento da Educa\u00e7\u00e3o B\u00e1sica (IDEB), os alunos n\u00e3o formam mais galeras, a escola passou por reforma, devido \u00e0 participa\u00e7\u00e3o ativa dos pais em reivindica\u00e7\u00f5es, houve queda no uso de drogas e na gravidez precoce e chegamos at\u00e9 ganhar outro pr\u00eamio de Cidadania\u201d, relatou Auristela, que acrescentou que nada foi feita solitariamente. \u201cContamos com a ajuda de muitos parceiros como a UFAM\u201d, comemorou Auristela.<\/p>\n<p>A inciativa contempla projetos de cidadania desenvolvidos tamb\u00e9m por alunos da Educa\u00e7\u00e3o de Jovens e Adultos, como \u00e9 o caso do projetos \u201cArtes visuais e cidadania do nosso jeito\u201d, da Escola Municipal Alb\u00e9rico Antunes de Oliveira, vencedora da categoria. O objetivo \u00e9 exercer o direito \u00e0 cultura de uma forma din\u00e2mica, por meio do Festival da Cultura da EJA (FestCEJA), realizado\u00a0 bimestralmente, onde se explora conhecimentos art\u00edsticos existentes na m\u00fasica, artes visuais, desenho, teatro, dan\u00e7a e artes audiovisuais.<\/p>\n<p>De acordo com a gestora da escola municipal, Viviane Rocha, as vertentes trabalhadas com os alunos abrem suas mentes para realizar um trabalho para a comunidade, j\u00e1 que a escola \u00e9 para todos. \u201cRealizamos o projeto h\u00e1 mais de cinco anos, e agradecemos a oportunidade de estarmos mais uma vez participando da premia\u00e7\u00e3o do Construindo a Na\u00e7\u00e3o\u201d, disse a gestora.<\/p>\n<p>A diretora do SESI\/AM, Rosana Vasconcelos, fez a abertura oficial do evento, parabenizou todas as escolas participantes.<\/p>\n<p>\u201cNos orgulha muito fazer parte desse processo, dessa troca de boas pr\u00e1ticas a cerca da nossa responsabilidade de um futuro promissor. Independente das premia\u00e7\u00f5es parab\u00e9ns a todos que ousaram a compartilhar esse conhecimento pedag\u00f3gico as essas crian\u00e7as e comunidades em torno. A parceria com a Semed e Seduc \u00e9 muito importante para contribuirmos juntos pela educa\u00e7\u00e3o da nossa cidade\u201d, disse.<\/p>\n<p>De acordo com a coordenadora do pr\u00eamio, Lourdes Cavalcanti, do SESI Amazonas, ao todo 32 escolas inscreveram projetos nas \u00e1reas de cultura, meio ambiente, direitos humanos e justi\u00e7a, pol\u00edticas p\u00fablicas, educa\u00e7\u00e3o, sa\u00fade e comunica\u00e7\u00e3o, em seis categorias: Ensino Infantil, Ensino Fundamental, Ensino M\u00e9dio, Educa\u00e7\u00e3o de Jovens e Adultos (EJA), Ensino T\u00e9cnico e Iniciativa P\u00fablica e Privada.<\/p>\n<p>Al\u00e9m da premia\u00e7\u00e3o dos tr\u00eas primeiros colocados de cada categoria, a Men\u00e7\u00e3o Honrosa para escolas que tiveram Destaque Social e com a participa\u00e7\u00e3o do Teatro Popular do SESI com a pe\u00e7a \u201cConstruindo a Na\u00e7\u00e3o\u201d.<\/p>\n<p>Conhe\u00e7a todas as vencedoras abaixo:<\/p>\n<p>&nbsp;<\/p>\n<p><b><i><span style=\"text-decoration: underline\">PR\u00caMIO CONSTRUINDO A NA\u00c7\u00c3O 2013\/2014<\/span><\/i><\/b><\/p>\n<p><b>ESCOLAS ENSINO INFANTIL:<\/b><\/p>\n<p><b>TROF\u00c9U<\/b><\/p>\n<p><b><span style=\"text-decoration: underline\">1\u00ba LUGAR<\/span><\/b><\/p>\n<p>Escola: CMEI Professor Wilson Mota dos Reis<\/p>\n<p>Projeto:\u00a0Pequeno cidad\u00e3o (Seus direitos e deveres)<\/p>\n<p><b><span style=\"text-decoration: underline\">\u00a0<\/span><\/b><\/p>\n<p><b><span style=\"text-decoration: underline\">2\u00ba LUGAR<\/span><\/b><\/p>\n<p>Escola: CMEI Madre El\u00edsia<\/p>\n<p>Projeto:\u00a0Reciclar para incluir<\/p>\n<p><b><span style=\"text-decoration: underline\">\u00a0<\/span><\/b><\/p>\n<p><b><span style=\"text-decoration: underline\">3\u00ba LUGAR<\/span><\/b><\/p>\n<p>Escola: CMEI Professora Elza Damasceno da Silva<\/p>\n<p>Projeto:\u00a0Pequenos ambientalistas<\/p>\n<p><span style=\"text-decoration: underline\">\u00a0<\/span><\/p>\n<p><b>ESCOLAS PARTICIPANTES ENSINO INFANTIL:<\/b><\/p>\n<p><b>PLACA DA MEN\u00c7\u00c3O HONROSA<\/b><\/p>\n<p>Escola: CMEI Maria Em\u00edlia Mestrinho<b><\/b><\/p>\n<p>Projeto:\u00a0Vivendo melhor o presente para melhorar o futuro<\/p>\n<p>&nbsp;<\/p>\n<p>Escola:\u00a0CMEI Graziela Ribeiro<\/p>\n<p>Projeto:\u00a0Teatro e cidadania na escola<\/p>\n<p><span style=\"text-decoration: underline\">\u00a0<\/span><\/p>\n<p>Escola:\u00a0CMEI Hermann Gmeiner<\/p>\n<p>Projeto:\u00a0Cantigas de roda resgatando a cultura infantil<\/p>\n<p>&nbsp;<\/p>\n<p><b>ESCOLA ENSINO FUNDAMENTAL:<\/b><\/p>\n<p><b>TROF\u00c9U<\/b><\/p>\n<p><b><span style=\"text-decoration: underline\">1\u00ba LUGAR<\/span><\/b><\/p>\n<p>Escola:<b>\u00a0<\/b>EM Padre Sebasti\u00e3o Luiz dos Santos Puga Barbosa<b><\/b><\/p>\n<p>Projeto:\u00a0\u00c9tica e cidadania: reflex\u00e3o e cria\u00e7\u00e3o da pr\u00e1tica<\/p>\n<p>&nbsp;<\/p>\n<p><b><span style=\"text-decoration: underline\">2\u00ba LUGAR<\/span><\/b><\/p>\n<p><b><span style=\"text-decoration: underline\">\u00a0<\/span><\/b><\/p>\n<p>Escola: EM Maria Rufina de Almeida<b><\/b><\/p>\n<p>Projeto:\u00a0Hist\u00f3rias da vov\u00f3 Rufina<\/p>\n<p>&nbsp;<\/p>\n<p><b><span style=\"text-decoration: underline\">3\u00ba LUGAR<\/span><\/b><\/p>\n<p><b><span style=\"text-decoration: underline\">\u00a0<\/span><\/b><\/p>\n<p>Escola: EM Pintor Leonardo da Vinci<b><\/b><\/p>\n<p>Projeto:\u00a0AFRA<\/p>\n<p><span style=\"text-decoration: underline\">\u00a0<\/span><\/p>\n<p><b>ESCOLAS PARTICIPANTES ENSINO FUNDAMENTAL<\/b>:<\/p>\n<p><b>PLACA DA MEN\u00c7\u00c3O HONROSA<\/b><\/p>\n<p>Escola: EM S\u00e3o Jos\u00e9<\/p>\n<p>Projeto:\u00a0Iniciando minha vida financeira<\/p>\n<p>&nbsp;<\/p>\n<p>Escola: EM Professora Rita de C\u00e1ssia Cassiano da Silva<\/p>\n<p>Projeto:<span style=\"text-decoration: underline\">\u00a0<\/span>Tecnologia assistiva: uma ponte para o aprendizado da pessoa<\/p>\n<p><span style=\"text-decoration: underline\">\u00a0<\/span><\/p>\n<p><b>ESCOLA ENSINO M\u00c9DIO:<\/b><\/p>\n<p><b>TROF\u00c9U<\/b><\/p>\n<p><b><span style=\"text-decoration: underline\">1\u00ba LUGAR<\/span><\/b><\/p>\n<p><b><span style=\"text-decoration: underline\">\u00a0<\/span><\/b><\/p>\n<p>Escola:\u00a0EE Professora Maria Bel\u00e9m<\/p>\n<p>Projeto:\u00a0Reutiliza\u00e7\u00e3o de \u00f3leo vegetal para fabrica\u00e7\u00e3o de sab\u00e3o s\u00f3lido<\/p>\n<p>&nbsp;<\/p>\n<p><b><span style=\"text-decoration: underline\">2\u00ba LUGAR<\/span><\/b><\/p>\n<p>&nbsp;<\/p>\n<p>Escola: Escola Vocacional Masrour<\/p>\n<p>Projeto: Bulliyng na escola Vocacional Masrour<\/p>\n<p><span style=\"text-decoration: underline\">\u00a0<\/span><\/p>\n<p><b>ESCOLAS ENSINO EJA:<\/b><\/p>\n<p><b>TROF\u00c9U<\/b><\/p>\n<p><b><span style=\"text-decoration: underline\">1\u00ba LUGAR<\/span><\/b><\/p>\n<p><b><span style=\"text-decoration: underline\">\u00a0<\/span><\/b><\/p>\n<p>Escola:\u00a0EM Alb\u00e9rico Antunes de Oliveira<\/p>\n<p>Projeto:\u00a0Artes visuais e cidadania do nosso jeito<\/p>\n<p><b>\u00a0<\/b><\/p>\n<p><b><span style=\"text-decoration: underline\">2\u00ba LUGAR<\/span><\/b><\/p>\n<p><b><span style=\"text-decoration: underline\">\u00a0<\/span><\/b><\/p>\n<p>Escola:\u00a0EM Dr Paulo Pinto Nery<\/p>\n<p>Projeto:\u00a0Jogos a atividades multim\u00eddias<\/p>\n<p>&nbsp;<\/p>\n<p><b><span style=\"text-decoration: underline\">3\u00baLUGAR<\/span><\/b><\/p>\n<p><b><span style=\"text-decoration: underline\">\u00a0<\/span><\/b><\/p>\n<p>Escola:\u00a0CEMEJA<\/p>\n<p>Projeto:\u00a0Direito de conhecer<\/p>\n<p>[nggallery id=234]<\/p>\n","protected":false},"excerpt":{"rendered":"<p>Alunos do Ensino M\u00e9dio da Escola Estadual Professora Maria Bel\u00e9m, no munic\u00edpio de Barreirinha, a 360 quil\u00f4metros de Manaus, desenvolveram projeto de fabrica\u00e7\u00e3o do sab\u00e3o com a reutiliza\u00e7\u00e3o do \u00f3leo vegetal antes despejado nos ralos de cozinha do munic\u00edpio. O projeto garantiu o 1\u00ba lugar do Pr\u00eamio Construindo a Na\u00e7\u00e3o edi\u00e7\u00e3o 2013\/2014, na categoria Ensino [&hellip;]<\/p>\n","protected":false},"author":1,"featured_media":0,"comment_status":"open","ping_status":"open","sticky":false,"template":"","format":"standard","meta":{"footnotes":""},"categories":[25],"tags":[],"class_list":["post-5452","post","type-post","status-publish","format-standard","hentry","category-news"],"yoast_head":"<!-- This site is optimized with the Yoast SEO plugin v28.2 - https:\/\/yoast.com\/product\/yoast-seo-wordpress\/ -->\n<title>SESI premia escolas cidad\u00e3s - SESI<\/title>\n<meta name=\"robots\" content=\"index, follow, max-snippet:-1, max-image-preview:large, max-video-preview:-1\" \/>\n<link rel=\"canonical\" href=\"https:\/\/fieam.org.br\/sesi\/sesi-premia-escolas-cidadas\/\" \/>\n<meta property=\"og:locale\" content=\"pt_BR\" \/>\n<meta property=\"og:type\" content=\"article\" \/>\n<meta property=\"og:title\" content=\"SESI premia escolas cidad\u00e3s - SESI\" \/>\n<meta property=\"og:description\" content=\"Alunos do Ensino M\u00e9dio da Escola Estadual Professora Maria Bel\u00e9m, no munic\u00edpio de Barreirinha, a 360 quil\u00f4metros de Manaus, desenvolveram projeto de fabrica\u00e7\u00e3o do sab\u00e3o com a reutiliza\u00e7\u00e3o do \u00f3leo vegetal antes despejado nos ralos de cozinha do munic\u00edpio. O projeto garantiu o 1\u00ba lugar do Pr\u00eamio Construindo a Na\u00e7\u00e3o edi\u00e7\u00e3o 2013\/2014, na categoria Ensino [&hellip;]\" \/>\n<meta property=\"og:url\" content=\"https:\/\/fieam.org.br\/sesi\/sesi-premia-escolas-cidadas\/\" \/>\n<meta property=\"og:site_name\" content=\"SESI\" \/>\n<meta property=\"article:published_time\" content=\"2014-05-07T18:14:52+00:00\" \/>\n<meta name=\"author\" content=\"Autor\" \/>\n<meta name=\"twitter:card\" content=\"summary_large_image\" \/>\n<meta name=\"twitter:label1\" content=\"Escrito por\" \/>\n\t<meta name=\"twitter:data1\" content=\"Autor\" \/>\n\t<meta name=\"twitter:label2\" content=\"Est. tempo de leitura\" \/>\n\t<meta name=\"twitter:data2\" content=\"7 minutos\" \/>\n<script type=\"application\/ld+json\" class=\"yoast-schema-graph\">{\"@context\":\"https:\\\/\\\/schema.org\",\"@graph\":[{\"@type\":\"Article\",\"@id\":\"https:\\\/\\\/fieam.org.br\\\/sesi\\\/sesi-premia-escolas-cidadas\\\/#article\",\"isPartOf\":{\"@id\":\"https:\\\/\\\/fieam.org.br\\\/sesi\\\/sesi-premia-escolas-cidadas\\\/\"},\"author\":{\"name\":\"Autor\",\"@id\":\"https:\\\/\\\/fieam.org.br\\\/sesi\\\/#\\\/schema\\\/person\\\/f54998dd14d5f0695b41444f2b01c31e\"},\"headline\":\"SESI premia escolas cidad\u00e3s\",\"datePublished\":\"2014-05-07T18:14:52+00:00\",\"mainEntityOfPage\":{\"@id\":\"https:\\\/\\\/fieam.org.br\\\/sesi\\\/sesi-premia-escolas-cidadas\\\/\"},\"wordCount\":1349,\"commentCount\":0,\"publisher\":{\"@id\":\"https:\\\/\\\/fieam.org.br\\\/sesi\\\/#organization\"},\"articleSection\":[\"News\"],\"inLanguage\":\"pt-BR\",\"potentialAction\":[{\"@type\":\"CommentAction\",\"name\":\"Comment\",\"target\":[\"https:\\\/\\\/fieam.org.br\\\/sesi\\\/sesi-premia-escolas-cidadas\\\/#respond\"]}]},{\"@type\":\"WebPage\",\"@id\":\"https:\\\/\\\/fieam.org.br\\\/sesi\\\/sesi-premia-escolas-cidadas\\\/\",\"url\":\"https:\\\/\\\/fieam.org.br\\\/sesi\\\/sesi-premia-escolas-cidadas\\\/\",\"name\":\"SESI premia escolas cidad\u00e3s - SESI\",\"isPartOf\":{\"@id\":\"https:\\\/\\\/fieam.org.br\\\/sesi\\\/#website\"},\"datePublished\":\"2014-05-07T18:14:52+00:00\",\"breadcrumb\":{\"@id\":\"https:\\\/\\\/fieam.org.br\\\/sesi\\\/sesi-premia-escolas-cidadas\\\/#breadcrumb\"},\"inLanguage\":\"pt-BR\",\"potentialAction\":[{\"@type\":\"ReadAction\",\"target\":[\"https:\\\/\\\/fieam.org.br\\\/sesi\\\/sesi-premia-escolas-cidadas\\\/\"]}]},{\"@type\":\"BreadcrumbList\",\"@id\":\"https:\\\/\\\/fieam.org.br\\\/sesi\\\/sesi-premia-escolas-cidadas\\\/#breadcrumb\",\"itemListElement\":[{\"@type\":\"ListItem\",\"position\":1,\"name\":\"In\u00edcio\",\"item\":\"https:\\\/\\\/fieam.org.br\\\/sesi\\\/\"},{\"@type\":\"ListItem\",\"position\":2,\"name\":\"SESI premia escolas cidad\u00e3s\"}]},{\"@type\":\"WebSite\",\"@id\":\"https:\\\/\\\/fieam.org.br\\\/sesi\\\/#website\",\"url\":\"https:\\\/\\\/fieam.org.br\\\/sesi\\\/\",\"name\":\"SESI\",\"description\":\"Site Oficial!\",\"publisher\":{\"@id\":\"https:\\\/\\\/fieam.org.br\\\/sesi\\\/#organization\"},\"potentialAction\":[{\"@type\":\"SearchAction\",\"target\":{\"@type\":\"EntryPoint\",\"urlTemplate\":\"https:\\\/\\\/fieam.org.br\\\/sesi\\\/?s={search_term_string}\"},\"query-input\":{\"@type\":\"PropertyValueSpecification\",\"valueRequired\":true,\"valueName\":\"search_term_string\"}}],\"inLanguage\":\"pt-BR\"},{\"@type\":\"Organization\",\"@id\":\"https:\\\/\\\/fieam.org.br\\\/sesi\\\/#organization\",\"name\":\"SESI\",\"url\":\"https:\\\/\\\/fieam.org.br\\\/sesi\\\/\",\"logo\":{\"@type\":\"ImageObject\",\"inLanguage\":\"pt-BR\",\"@id\":\"https:\\\/\\\/fieam.org.br\\\/sesi\\\/#\\\/schema\\\/logo\\\/image\\\/\",\"url\":\"https:\\\/\\\/fieam.org.br\\\/sesi\\\/wp-content\\\/uploads\\\/sites\\\/14\\\/2024\\\/03\\\/cropped-fav.png\",\"contentUrl\":\"https:\\\/\\\/fieam.org.br\\\/sesi\\\/wp-content\\\/uploads\\\/sites\\\/14\\\/2024\\\/03\\\/cropped-fav.png\",\"width\":610,\"height\":589,\"caption\":\"SESI\"},\"image\":{\"@id\":\"https:\\\/\\\/fieam.org.br\\\/sesi\\\/#\\\/schema\\\/logo\\\/image\\\/\"}},{\"@type\":\"Person\",\"@id\":\"https:\\\/\\\/fieam.org.br\\\/sesi\\\/#\\\/schema\\\/person\\\/f54998dd14d5f0695b41444f2b01c31e\",\"name\":\"Autor\",\"image\":{\"@type\":\"ImageObject\",\"inLanguage\":\"pt-BR\",\"@id\":\"https:\\\/\\\/secure.gravatar.com\\\/avatar\\\/3732c223e0e1fad69062a8f770955c9068d37b055204f310a0be18d4069fe380?s=96&d=mm&r=g\",\"url\":\"https:\\\/\\\/secure.gravatar.com\\\/avatar\\\/3732c223e0e1fad69062a8f770955c9068d37b055204f310a0be18d4069fe380?s=96&d=mm&r=g\",\"contentUrl\":\"https:\\\/\\\/secure.gravatar.com\\\/avatar\\\/3732c223e0e1fad69062a8f770955c9068d37b055204f310a0be18d4069fe380?s=96&d=mm&r=g\",\"caption\":\"Autor\"},\"sameAs\":[\"https:\\\/\\\/marketingmassivo.com.br\"],\"url\":\"https:\\\/\\\/fieam.org.br\\\/sesi\\\/author\\\/admin\\\/\"}]}<\/script>\n<!-- \/ Yoast SEO plugin. -->","yoast_head_json":{"title":"SESI premia escolas cidad\u00e3s - SESI","robots":{"index":"index","follow":"follow","max-snippet":"max-snippet:-1","max-image-preview":"max-image-preview:large","max-video-preview":"max-video-preview:-1"},"canonical":"https:\/\/fieam.org.br\/sesi\/sesi-premia-escolas-cidadas\/","og_locale":"pt_BR","og_type":"article","og_title":"SESI premia escolas cidad\u00e3s - SESI","og_description":"Alunos do Ensino M\u00e9dio da Escola Estadual Professora Maria Bel\u00e9m, no munic\u00edpio de Barreirinha, a 360 quil\u00f4metros de Manaus, desenvolveram projeto de fabrica\u00e7\u00e3o do sab\u00e3o com a reutiliza\u00e7\u00e3o do \u00f3leo vegetal antes despejado nos ralos de cozinha do munic\u00edpio. O projeto garantiu o 1\u00ba lugar do Pr\u00eamio Construindo a Na\u00e7\u00e3o edi\u00e7\u00e3o 2013\/2014, na categoria Ensino [&hellip;]","og_url":"https:\/\/fieam.org.br\/sesi\/sesi-premia-escolas-cidadas\/","og_site_name":"SESI","article_published_time":"2014-05-07T18:14:52+00:00","author":"Autor","twitter_card":"summary_large_image","twitter_misc":{"Escrito por":"Autor","Est. tempo de leitura":"7 minutos"},"schema":{"@context":"https:\/\/schema.org","@graph":[{"@type":"Article","@id":"https:\/\/fieam.org.br\/sesi\/sesi-premia-escolas-cidadas\/#article","isPartOf":{"@id":"https:\/\/fieam.org.br\/sesi\/sesi-premia-escolas-cidadas\/"},"author":{"name":"Autor","@id":"https:\/\/fieam.org.br\/sesi\/#\/schema\/person\/f54998dd14d5f0695b41444f2b01c31e"},"headline":"SESI premia escolas cidad\u00e3s","datePublished":"2014-05-07T18:14:52+00:00","mainEntityOfPage":{"@id":"https:\/\/fieam.org.br\/sesi\/sesi-premia-escolas-cidadas\/"},"wordCount":1349,"commentCount":0,"publisher":{"@id":"https:\/\/fieam.org.br\/sesi\/#organization"},"articleSection":["News"],"inLanguage":"pt-BR","potentialAction":[{"@type":"CommentAction","name":"Comment","target":["https:\/\/fieam.org.br\/sesi\/sesi-premia-escolas-cidadas\/#respond"]}]},{"@type":"WebPage","@id":"https:\/\/fieam.org.br\/sesi\/sesi-premia-escolas-cidadas\/","url":"https:\/\/fieam.org.br\/sesi\/sesi-premia-escolas-cidadas\/","name":"SESI premia escolas cidad\u00e3s - SESI","isPartOf":{"@id":"https:\/\/fieam.org.br\/sesi\/#website"},"datePublished":"2014-05-07T18:14:52+00:00","breadcrumb":{"@id":"https:\/\/fieam.org.br\/sesi\/sesi-premia-escolas-cidadas\/#breadcrumb"},"inLanguage":"pt-BR","potentialAction":[{"@type":"ReadAction","target":["https:\/\/fieam.org.br\/sesi\/sesi-premia-escolas-cidadas\/"]}]},{"@type":"BreadcrumbList","@id":"https:\/\/fieam.org.br\/sesi\/sesi-premia-escolas-cidadas\/#breadcrumb","itemListElement":[{"@type":"ListItem","position":1,"name":"In\u00edcio","item":"https:\/\/fieam.org.br\/sesi\/"},{"@type":"ListItem","position":2,"name":"SESI premia escolas cidad\u00e3s"}]},{"@type":"WebSite","@id":"https:\/\/fieam.org.br\/sesi\/#website","url":"https:\/\/fieam.org.br\/sesi\/","name":"SESI","description":"Site Oficial!","publisher":{"@id":"https:\/\/fieam.org.br\/sesi\/#organization"},"potentialAction":[{"@type":"SearchAction","target":{"@type":"EntryPoint","urlTemplate":"https:\/\/fieam.org.br\/sesi\/?s={search_term_string}"},"query-input":{"@type":"PropertyValueSpecification","valueRequired":true,"valueName":"search_term_string"}}],"inLanguage":"pt-BR"},{"@type":"Organization","@id":"https:\/\/fieam.org.br\/sesi\/#organization","name":"SESI","url":"https:\/\/fieam.org.br\/sesi\/","logo":{"@type":"ImageObject","inLanguage":"pt-BR","@id":"https:\/\/fieam.org.br\/sesi\/#\/schema\/logo\/image\/","url":"https:\/\/fieam.org.br\/sesi\/wp-content\/uploads\/sites\/14\/2024\/03\/cropped-fav.png","contentUrl":"https:\/\/fieam.org.br\/sesi\/wp-content\/uploads\/sites\/14\/2024\/03\/cropped-fav.png","width":610,"height":589,"caption":"SESI"},"image":{"@id":"https:\/\/fieam.org.br\/sesi\/#\/schema\/logo\/image\/"}},{"@type":"Person","@id":"https:\/\/fieam.org.br\/sesi\/#\/schema\/person\/f54998dd14d5f0695b41444f2b01c31e","name":"Autor","image":{"@type":"ImageObject","inLanguage":"pt-BR","@id":"https:\/\/secure.gravatar.com\/avatar\/3732c223e0e1fad69062a8f770955c9068d37b055204f310a0be18d4069fe380?s=96&d=mm&r=g","url":"https:\/\/secure.gravatar.com\/avatar\/3732c223e0e1fad69062a8f770955c9068d37b055204f310a0be18d4069fe380?s=96&d=mm&r=g","contentUrl":"https:\/\/secure.gravatar.com\/avatar\/3732c223e0e1fad69062a8f770955c9068d37b055204f310a0be18d4069fe380?s=96&d=mm&r=g","caption":"Autor"},"sameAs":["https:\/\/marketingmassivo.com.br"],"url":"https:\/\/fieam.org.br\/sesi\/author\/admin\/"}]}},"_links":{"self":[{"href":"https:\/\/fieam.org.br\/sesi\/wp-json\/wp\/v2\/posts\/5452","targetHints":{"allow":["GET"]}}],"collection":[{"href":"https:\/\/fieam.org.br\/sesi\/wp-json\/wp\/v2\/posts"}],"about":[{"href":"https:\/\/fieam.org.br\/sesi\/wp-json\/wp\/v2\/types\/post"}],"author":[{"embeddable":true,"href":"https:\/\/fieam.org.br\/sesi\/wp-json\/wp\/v2\/users\/1"}],"replies":[{"embeddable":true,"href":"https:\/\/fieam.org.br\/sesi\/wp-json\/wp\/v2\/comments?post=5452"}],"version-history":[{"count":0,"href":"https:\/\/fieam.org.br\/sesi\/wp-json\/wp\/v2\/posts\/5452\/revisions"}],"wp:attachment":[{"href":"https:\/\/fieam.org.br\/sesi\/wp-json\/wp\/v2\/media?parent=5452"}],"wp:term":[{"taxonomy":"category","embeddable":true,"href":"https:\/\/fieam.org.br\/sesi\/wp-json\/wp\/v2\/categories?post=5452"},{"taxonomy":"post_tag","embeddable":true,"href":"https:\/\/fieam.org.br\/sesi\/wp-json\/wp\/v2\/tags?post=5452"}],"curies":[{"name":"wp","href":"https:\/\/api.w.org\/{rel}","templated":true}]}}