{"id":5440,"date":"2014-04-30T16:39:13","date_gmt":"2014-04-30T16:39:13","guid":{"rendered":"http:\/\/www.fieam.org.br\/site\/sesi\/?p=5440"},"modified":"2014-04-30T16:39:13","modified_gmt":"2014-04-30T16:39:13","slug":"papel-da-mulher-e-exaltado-na-acao-global-2014-2","status":"publish","type":"post","link":"https:\/\/fieam.org.br\/sesi\/papel-da-mulher-e-exaltado-na-acao-global-2014-2\/","title":{"rendered":"Papel da mulher \u00e9 exaltado na A\u00e7\u00e3o Global 2014"},"content":{"rendered":"<figure id=\"attachment_5441\" aria-describedby=\"caption-attachment-5441\" style=\"width: 300px\" class=\"wp-caption alignleft\"><a href=\"http:\/\/www.fieam.org.br\/site\/sesi\/papel-da-mulher-e-exaltado-na-acao-global-2014-2\/francisca-bernardes-com-o-brigadeiro-gourmet-2\/\" rel=\"attachment wp-att-5441\"><img fetchpriority=\"high\" decoding=\"async\" class=\"size-medium wp-image-5441\" alt=\"Francisca Bernardes com o brigadeiro gourmet\" src=\"http:\/\/www.fieam.org.br\/2015\/sesi\/wp-content\/uploads\/sites\/2\/2014\/04\/Francisca-Bernardes-com-o-brigadeiro-gourmet1-300x197.jpg\" width=\"300\" height=\"197\" srcset=\"https:\/\/fieam.org.br\/sesi\/wp-content\/uploads\/sites\/14\/2014\/04\/Francisca-Bernardes-com-o-brigadeiro-gourmet1-300x197.jpg 300w, https:\/\/fieam.org.br\/sesi\/wp-content\/uploads\/sites\/14\/2014\/04\/Francisca-Bernardes-com-o-brigadeiro-gourmet1-768x505.jpg 768w, https:\/\/fieam.org.br\/sesi\/wp-content\/uploads\/sites\/14\/2014\/04\/Francisca-Bernardes-com-o-brigadeiro-gourmet1.jpg 1024w\" sizes=\"(max-width: 300px) 100vw, 300px\" \/><\/a><figcaption id=\"caption-attachment-5441\" class=\"wp-caption-text\">Francisca Bernardes com o brigadeiro gourmet<\/figcaption><\/figure>\n<p>Com o tema \u201cA Mulher e sua Import\u00e2ncia para a Qualidade de Vida da Fam\u00edlia\u201d, a A\u00e7\u00e3o Global 2014, no Amazonas, reservou dois espa\u00e7os especiais para atender \u00e0s mulheres de Iranduba, neste s\u00e1bado, um na Creche Municipal Sandra Braga e outro no estacionamento da Escola Estadual Senador Jo\u00e3o Bosco Ramos de Lima, ambos no distrito do Cacau Pir\u00eara.<\/p>\n<p>Al\u00e9m do tradicional \u201cbanho de beleza\u201d, proporcionado por parceiros, como Instituto Embelleze, Natura, Mary Kay e Top Internacional, as mulheres desfrutaram de palestras e treinamentos. Na unidade m\u00f3vel do Programa SESI Cozinha Brasil, o destaque foi a oficina de alimenta\u00e7\u00e3o saud\u00e1vel.<\/p>\n<p>\u201cFoi de grande import\u00e2ncia realizar o curso do Cozinha Brasil na semana de atendimento da A\u00e7\u00e3o Global. Em meu local de trabalho executei a receita de creme de ab\u00f3bora, e todos os meus colegas adoraram\u201d, disse Maria Elizabeth dos Santos, 38, instrutora do Centro de Educa\u00e7\u00e3o Tecnol\u00f3gica do Amazonas (Cetam).<\/p>\n<p>&nbsp;<\/p>\n<p><b>Sama\u00fama<\/b><\/p>\n<p>&nbsp;<\/p>\n<figure id=\"attachment_5436\" aria-describedby=\"caption-attachment-5436\" style=\"width: 300px\" class=\"wp-caption alignleft\"><a href=\"http:\/\/www.fieam.org.br\/site\/sesi\/papel-da-mulher-e-exaltado-na-acao-global-2014\/vista-aerea-da-area-de-atendimento-da-acao-global-2014-no-cacau-pirera\/\" rel=\"attachment wp-att-5436\"><img decoding=\"async\" class=\"size-medium wp-image-5436\" alt=\"Vista a\u00e9rea da \u00e1rea de atendimento da A\u00e7\u00e3o Global 2014 no Cacau Pir\u00eara\" src=\"http:\/\/www.fieam.org.br\/2015\/sesi\/wp-content\/uploads\/sites\/2\/2014\/04\/Vista-a\u00e9rea-da-\u00e1rea-de-atendimento-da-A\u00e7\u00e3o-Global-2014-no-Cacau-Pir\u00eara-300x196.jpg\" width=\"300\" height=\"196\" \/><\/a><figcaption id=\"caption-attachment-5436\" class=\"wp-caption-text\">Vista a\u00e9rea da \u00e1rea de atendimento da A\u00e7\u00e3o Global 2014 no Cacau Pir\u00eara<\/figcaption><\/figure>\n<p>Novidade na A\u00e7\u00e3o Global deste ano, o Barco-Escola SENAI Sama\u00fama II abriu seus conveses pela primeira vez ao p\u00fablico para realizar oficinas de alimentos para sete turmas, contemplando mais de 130 pessoas do Cacau Pir\u00eara. No conv\u00e9s inferior do barco, o p\u00fablico recebeu instru\u00e7\u00e3o sobre como preparar o \u201cbrigadeiro gourmet\u201d, biscoitos de areia e pizza.<\/p>\n<p>Francisca Bernardes, de 66 anos, participou do curso de brigadeiro gourmet e logo colocar\u00e1 o aprendizado em pr\u00e1tica para aumentar a renda familiar, cujo principal ganho vem do seu trabalho como costureira. \u201cVou participar dos tr\u00eas cursos que o SENAI vai oferecer aqui neste barco. Quero aproveitar para saber como faz esses doces e salgados para que eu possa vender e manter minha fam\u00edlia\u201d, disse Francisca.<\/p>\n<p>&nbsp;<\/p>\n<p><b>Justi\u00e7a Itinerante<\/b><\/p>\n<p>&nbsp;<\/p>\n<p>A Justi\u00e7a Itinerante do Tribunal de Justi\u00e7a do Amazonas (TJAM) realizou mais de mil atendimentos nos cinco dias da A\u00e7\u00e3o Global 2014, no Cacau Pir\u00eara, com destaque para casos de reconhecimento de paternidade, pens\u00e3o aliment\u00edcia e div\u00f3rcios. O trabalhador Jo\u00e3o Paulo da Silva, aproveitou para reconhecer a paternidade da enteada Andreia Silva, 18. \u201cH\u00e1 mais de quatro anos procuro reconhecer Andreia como minha filha, e n\u00e3o tinha condi\u00e7\u00f5es financeiras e tempo. Hoje com a oportunidade da A\u00e7\u00e3o Global, vi que poderia resolver essa quest\u00e3o\u201d, disse Silva.<\/p>\n<p>Muito procurada pela popula\u00e7\u00e3o, a Justi\u00e7a Itinerante resolveu muitos casos na \u00e1rea civil, com a\u00e7\u00f5es sem media\u00e7\u00e3o de advogado, no valor de at\u00e9 20 sal\u00e1rios m\u00ednimos, como cobran\u00e7a de d\u00edvida, direito do consumidor, danos morais e materiais.<\/p>\n<p>Pela primeira vez fora de Manaus, a A\u00e7\u00e3o Global contabilizou 58.439 atendimentos para 29.220 pessoas nos cinco dias de atividades no distrito Cacau Pir\u00eara. O programa foi realizado com o apoio de 75 parceiros, 32 deles da ind\u00fastria, al\u00e9m de contar com o trabalho de 1.220 volunt\u00e1rios.<\/p>\n","protected":false},"excerpt":{"rendered":"<p>Com o tema \u201cA Mulher e sua Import\u00e2ncia para a Qualidade de Vida da Fam\u00edlia\u201d, a A\u00e7\u00e3o Global 2014, no Amazonas, reservou dois espa\u00e7os especiais para atender \u00e0s mulheres de Iranduba, neste s\u00e1bado, um na Creche Municipal Sandra Braga e outro no estacionamento da Escola Estadual Senador Jo\u00e3o Bosco Ramos de Lima, ambos no distrito [&hellip;]<\/p>\n","protected":false},"author":1,"featured_media":0,"comment_status":"open","ping_status":"open","sticky":false,"template":"","format":"standard","meta":{"footnotes":""},"categories":[25],"tags":[],"class_list":["post-5440","post","type-post","status-publish","format-standard","hentry","category-news"],"yoast_head":"<!-- This site is optimized with the Yoast SEO plugin v28.2 - https:\/\/yoast.com\/product\/yoast-seo-wordpress\/ -->\n<title>Papel da mulher \u00e9 exaltado na A\u00e7\u00e3o Global 2014 - SESI<\/title>\n<meta name=\"robots\" content=\"index, follow, max-snippet:-1, max-image-preview:large, max-video-preview:-1\" \/>\n<link rel=\"canonical\" href=\"https:\/\/fieam.org.br\/sesi\/papel-da-mulher-e-exaltado-na-acao-global-2014-2\/\" \/>\n<meta property=\"og:locale\" content=\"pt_BR\" \/>\n<meta property=\"og:type\" content=\"article\" \/>\n<meta property=\"og:title\" content=\"Papel da mulher \u00e9 exaltado na A\u00e7\u00e3o Global 2014 - SESI\" \/>\n<meta property=\"og:description\" content=\"Com o tema \u201cA Mulher e sua Import\u00e2ncia para a Qualidade de Vida da Fam\u00edlia\u201d, a A\u00e7\u00e3o Global 2014, no Amazonas, reservou dois espa\u00e7os especiais para atender \u00e0s mulheres de Iranduba, neste s\u00e1bado, um na Creche Municipal Sandra Braga e outro no estacionamento da Escola Estadual Senador Jo\u00e3o Bosco Ramos de Lima, ambos no distrito [&hellip;]\" \/>\n<meta property=\"og:url\" content=\"https:\/\/fieam.org.br\/sesi\/papel-da-mulher-e-exaltado-na-acao-global-2014-2\/\" \/>\n<meta property=\"og:site_name\" content=\"SESI\" \/>\n<meta property=\"article:published_time\" content=\"2014-04-30T16:39:13+00:00\" \/>\n<meta property=\"og:image\" content=\"https:\/\/fieam.org.br\/sesi\/wp-content\/uploads\/sites\/14\/2014\/04\/Francisca-Bernardes-com-o-brigadeiro-gourmet1.jpg\" \/>\n\t<meta property=\"og:image:width\" content=\"1024\" \/>\n\t<meta property=\"og:image:height\" content=\"673\" \/>\n\t<meta property=\"og:image:type\" content=\"image\/jpeg\" \/>\n<meta name=\"author\" content=\"Autor\" \/>\n<meta name=\"twitter:card\" content=\"summary_large_image\" \/>\n<meta name=\"twitter:label1\" content=\"Escrito por\" \/>\n\t<meta name=\"twitter:data1\" content=\"Autor\" \/>\n\t<meta name=\"twitter:label2\" content=\"Est. tempo de leitura\" \/>\n\t<meta name=\"twitter:data2\" content=\"3 minutos\" \/>\n<script type=\"application\/ld+json\" class=\"yoast-schema-graph\">{\"@context\":\"https:\\\/\\\/schema.org\",\"@graph\":[{\"@type\":\"Article\",\"@id\":\"https:\\\/\\\/fieam.org.br\\\/sesi\\\/papel-da-mulher-e-exaltado-na-acao-global-2014-2\\\/#article\",\"isPartOf\":{\"@id\":\"https:\\\/\\\/fieam.org.br\\\/sesi\\\/papel-da-mulher-e-exaltado-na-acao-global-2014-2\\\/\"},\"author\":{\"name\":\"Autor\",\"@id\":\"https:\\\/\\\/fieam.org.br\\\/sesi\\\/#\\\/schema\\\/person\\\/f54998dd14d5f0695b41444f2b01c31e\"},\"headline\":\"Papel da mulher \u00e9 exaltado na A\u00e7\u00e3o Global 2014\",\"datePublished\":\"2014-04-30T16:39:13+00:00\",\"mainEntityOfPage\":{\"@id\":\"https:\\\/\\\/fieam.org.br\\\/sesi\\\/papel-da-mulher-e-exaltado-na-acao-global-2014-2\\\/\"},\"wordCount\":531,\"commentCount\":0,\"publisher\":{\"@id\":\"https:\\\/\\\/fieam.org.br\\\/sesi\\\/#organization\"},\"image\":{\"@id\":\"https:\\\/\\\/fieam.org.br\\\/sesi\\\/papel-da-mulher-e-exaltado-na-acao-global-2014-2\\\/#primaryimage\"},\"thumbnailUrl\":\"http:\\\/\\\/www.fieam.org.br\\\/2015\\\/sesi\\\/wp-content\\\/uploads\\\/sites\\\/2\\\/2014\\\/04\\\/Francisca-Bernardes-com-o-brigadeiro-gourmet1-300x197.jpg\",\"articleSection\":[\"News\"],\"inLanguage\":\"pt-BR\",\"potentialAction\":[{\"@type\":\"CommentAction\",\"name\":\"Comment\",\"target\":[\"https:\\\/\\\/fieam.org.br\\\/sesi\\\/papel-da-mulher-e-exaltado-na-acao-global-2014-2\\\/#respond\"]}]},{\"@type\":\"WebPage\",\"@id\":\"https:\\\/\\\/fieam.org.br\\\/sesi\\\/papel-da-mulher-e-exaltado-na-acao-global-2014-2\\\/\",\"url\":\"https:\\\/\\\/fieam.org.br\\\/sesi\\\/papel-da-mulher-e-exaltado-na-acao-global-2014-2\\\/\",\"name\":\"Papel da mulher \u00e9 exaltado na A\u00e7\u00e3o Global 2014 - SESI\",\"isPartOf\":{\"@id\":\"https:\\\/\\\/fieam.org.br\\\/sesi\\\/#website\"},\"primaryImageOfPage\":{\"@id\":\"https:\\\/\\\/fieam.org.br\\\/sesi\\\/papel-da-mulher-e-exaltado-na-acao-global-2014-2\\\/#primaryimage\"},\"image\":{\"@id\":\"https:\\\/\\\/fieam.org.br\\\/sesi\\\/papel-da-mulher-e-exaltado-na-acao-global-2014-2\\\/#primaryimage\"},\"thumbnailUrl\":\"http:\\\/\\\/www.fieam.org.br\\\/2015\\\/sesi\\\/wp-content\\\/uploads\\\/sites\\\/2\\\/2014\\\/04\\\/Francisca-Bernardes-com-o-brigadeiro-gourmet1-300x197.jpg\",\"datePublished\":\"2014-04-30T16:39:13+00:00\",\"breadcrumb\":{\"@id\":\"https:\\\/\\\/fieam.org.br\\\/sesi\\\/papel-da-mulher-e-exaltado-na-acao-global-2014-2\\\/#breadcrumb\"},\"inLanguage\":\"pt-BR\",\"potentialAction\":[{\"@type\":\"ReadAction\",\"target\":[\"https:\\\/\\\/fieam.org.br\\\/sesi\\\/papel-da-mulher-e-exaltado-na-acao-global-2014-2\\\/\"]}]},{\"@type\":\"ImageObject\",\"inLanguage\":\"pt-BR\",\"@id\":\"https:\\\/\\\/fieam.org.br\\\/sesi\\\/papel-da-mulher-e-exaltado-na-acao-global-2014-2\\\/#primaryimage\",\"url\":\"http:\\\/\\\/www.fieam.org.br\\\/2015\\\/sesi\\\/wp-content\\\/uploads\\\/sites\\\/2\\\/2014\\\/04\\\/Francisca-Bernardes-com-o-brigadeiro-gourmet1-300x197.jpg\",\"contentUrl\":\"http:\\\/\\\/www.fieam.org.br\\\/2015\\\/sesi\\\/wp-content\\\/uploads\\\/sites\\\/2\\\/2014\\\/04\\\/Francisca-Bernardes-com-o-brigadeiro-gourmet1-300x197.jpg\"},{\"@type\":\"BreadcrumbList\",\"@id\":\"https:\\\/\\\/fieam.org.br\\\/sesi\\\/papel-da-mulher-e-exaltado-na-acao-global-2014-2\\\/#breadcrumb\",\"itemListElement\":[{\"@type\":\"ListItem\",\"position\":1,\"name\":\"In\u00edcio\",\"item\":\"https:\\\/\\\/fieam.org.br\\\/sesi\\\/\"},{\"@type\":\"ListItem\",\"position\":2,\"name\":\"Papel da mulher \u00e9 exaltado na A\u00e7\u00e3o Global 2014\"}]},{\"@type\":\"WebSite\",\"@id\":\"https:\\\/\\\/fieam.org.br\\\/sesi\\\/#website\",\"url\":\"https:\\\/\\\/fieam.org.br\\\/sesi\\\/\",\"name\":\"SESI\",\"description\":\"Site Oficial!\",\"publisher\":{\"@id\":\"https:\\\/\\\/fieam.org.br\\\/sesi\\\/#organization\"},\"potentialAction\":[{\"@type\":\"SearchAction\",\"target\":{\"@type\":\"EntryPoint\",\"urlTemplate\":\"https:\\\/\\\/fieam.org.br\\\/sesi\\\/?s={search_term_string}\"},\"query-input\":{\"@type\":\"PropertyValueSpecification\",\"valueRequired\":true,\"valueName\":\"search_term_string\"}}],\"inLanguage\":\"pt-BR\"},{\"@type\":\"Organization\",\"@id\":\"https:\\\/\\\/fieam.org.br\\\/sesi\\\/#organization\",\"name\":\"SESI\",\"url\":\"https:\\\/\\\/fieam.org.br\\\/sesi\\\/\",\"logo\":{\"@type\":\"ImageObject\",\"inLanguage\":\"pt-BR\",\"@id\":\"https:\\\/\\\/fieam.org.br\\\/sesi\\\/#\\\/schema\\\/logo\\\/image\\\/\",\"url\":\"https:\\\/\\\/fieam.org.br\\\/sesi\\\/wp-content\\\/uploads\\\/sites\\\/14\\\/2024\\\/03\\\/cropped-fav.png\",\"contentUrl\":\"https:\\\/\\\/fieam.org.br\\\/sesi\\\/wp-content\\\/uploads\\\/sites\\\/14\\\/2024\\\/03\\\/cropped-fav.png\",\"width\":610,\"height\":589,\"caption\":\"SESI\"},\"image\":{\"@id\":\"https:\\\/\\\/fieam.org.br\\\/sesi\\\/#\\\/schema\\\/logo\\\/image\\\/\"}},{\"@type\":\"Person\",\"@id\":\"https:\\\/\\\/fieam.org.br\\\/sesi\\\/#\\\/schema\\\/person\\\/f54998dd14d5f0695b41444f2b01c31e\",\"name\":\"Autor\",\"image\":{\"@type\":\"ImageObject\",\"inLanguage\":\"pt-BR\",\"@id\":\"https:\\\/\\\/secure.gravatar.com\\\/avatar\\\/3732c223e0e1fad69062a8f770955c9068d37b055204f310a0be18d4069fe380?s=96&d=mm&r=g\",\"url\":\"https:\\\/\\\/secure.gravatar.com\\\/avatar\\\/3732c223e0e1fad69062a8f770955c9068d37b055204f310a0be18d4069fe380?s=96&d=mm&r=g\",\"contentUrl\":\"https:\\\/\\\/secure.gravatar.com\\\/avatar\\\/3732c223e0e1fad69062a8f770955c9068d37b055204f310a0be18d4069fe380?s=96&d=mm&r=g\",\"caption\":\"Autor\"},\"sameAs\":[\"https:\\\/\\\/marketingmassivo.com.br\"],\"url\":\"https:\\\/\\\/fieam.org.br\\\/sesi\\\/author\\\/admin\\\/\"}]}<\/script>\n<!-- \/ Yoast SEO plugin. -->","yoast_head_json":{"title":"Papel da mulher \u00e9 exaltado na A\u00e7\u00e3o Global 2014 - SESI","robots":{"index":"index","follow":"follow","max-snippet":"max-snippet:-1","max-image-preview":"max-image-preview:large","max-video-preview":"max-video-preview:-1"},"canonical":"https:\/\/fieam.org.br\/sesi\/papel-da-mulher-e-exaltado-na-acao-global-2014-2\/","og_locale":"pt_BR","og_type":"article","og_title":"Papel da mulher \u00e9 exaltado na A\u00e7\u00e3o Global 2014 - SESI","og_description":"Com o tema \u201cA Mulher e sua Import\u00e2ncia para a Qualidade de Vida da Fam\u00edlia\u201d, a A\u00e7\u00e3o Global 2014, no Amazonas, reservou dois espa\u00e7os especiais para atender \u00e0s mulheres de Iranduba, neste s\u00e1bado, um na Creche Municipal Sandra Braga e outro no estacionamento da Escola Estadual Senador Jo\u00e3o Bosco Ramos de Lima, ambos no distrito [&hellip;]","og_url":"https:\/\/fieam.org.br\/sesi\/papel-da-mulher-e-exaltado-na-acao-global-2014-2\/","og_site_name":"SESI","article_published_time":"2014-04-30T16:39:13+00:00","og_image":[{"width":1024,"height":673,"url":"https:\/\/fieam.org.br\/sesi\/wp-content\/uploads\/sites\/14\/2014\/04\/Francisca-Bernardes-com-o-brigadeiro-gourmet1.jpg","type":"image\/jpeg"}],"author":"Autor","twitter_card":"summary_large_image","twitter_misc":{"Escrito por":"Autor","Est. tempo de leitura":"3 minutos"},"schema":{"@context":"https:\/\/schema.org","@graph":[{"@type":"Article","@id":"https:\/\/fieam.org.br\/sesi\/papel-da-mulher-e-exaltado-na-acao-global-2014-2\/#article","isPartOf":{"@id":"https:\/\/fieam.org.br\/sesi\/papel-da-mulher-e-exaltado-na-acao-global-2014-2\/"},"author":{"name":"Autor","@id":"https:\/\/fieam.org.br\/sesi\/#\/schema\/person\/f54998dd14d5f0695b41444f2b01c31e"},"headline":"Papel da mulher \u00e9 exaltado na A\u00e7\u00e3o Global 2014","datePublished":"2014-04-30T16:39:13+00:00","mainEntityOfPage":{"@id":"https:\/\/fieam.org.br\/sesi\/papel-da-mulher-e-exaltado-na-acao-global-2014-2\/"},"wordCount":531,"commentCount":0,"publisher":{"@id":"https:\/\/fieam.org.br\/sesi\/#organization"},"image":{"@id":"https:\/\/fieam.org.br\/sesi\/papel-da-mulher-e-exaltado-na-acao-global-2014-2\/#primaryimage"},"thumbnailUrl":"http:\/\/www.fieam.org.br\/2015\/sesi\/wp-content\/uploads\/sites\/2\/2014\/04\/Francisca-Bernardes-com-o-brigadeiro-gourmet1-300x197.jpg","articleSection":["News"],"inLanguage":"pt-BR","potentialAction":[{"@type":"CommentAction","name":"Comment","target":["https:\/\/fieam.org.br\/sesi\/papel-da-mulher-e-exaltado-na-acao-global-2014-2\/#respond"]}]},{"@type":"WebPage","@id":"https:\/\/fieam.org.br\/sesi\/papel-da-mulher-e-exaltado-na-acao-global-2014-2\/","url":"https:\/\/fieam.org.br\/sesi\/papel-da-mulher-e-exaltado-na-acao-global-2014-2\/","name":"Papel da mulher \u00e9 exaltado na A\u00e7\u00e3o Global 2014 - SESI","isPartOf":{"@id":"https:\/\/fieam.org.br\/sesi\/#website"},"primaryImageOfPage":{"@id":"https:\/\/fieam.org.br\/sesi\/papel-da-mulher-e-exaltado-na-acao-global-2014-2\/#primaryimage"},"image":{"@id":"https:\/\/fieam.org.br\/sesi\/papel-da-mulher-e-exaltado-na-acao-global-2014-2\/#primaryimage"},"thumbnailUrl":"http:\/\/www.fieam.org.br\/2015\/sesi\/wp-content\/uploads\/sites\/2\/2014\/04\/Francisca-Bernardes-com-o-brigadeiro-gourmet1-300x197.jpg","datePublished":"2014-04-30T16:39:13+00:00","breadcrumb":{"@id":"https:\/\/fieam.org.br\/sesi\/papel-da-mulher-e-exaltado-na-acao-global-2014-2\/#breadcrumb"},"inLanguage":"pt-BR","potentialAction":[{"@type":"ReadAction","target":["https:\/\/fieam.org.br\/sesi\/papel-da-mulher-e-exaltado-na-acao-global-2014-2\/"]}]},{"@type":"ImageObject","inLanguage":"pt-BR","@id":"https:\/\/fieam.org.br\/sesi\/papel-da-mulher-e-exaltado-na-acao-global-2014-2\/#primaryimage","url":"http:\/\/www.fieam.org.br\/2015\/sesi\/wp-content\/uploads\/sites\/2\/2014\/04\/Francisca-Bernardes-com-o-brigadeiro-gourmet1-300x197.jpg","contentUrl":"http:\/\/www.fieam.org.br\/2015\/sesi\/wp-content\/uploads\/sites\/2\/2014\/04\/Francisca-Bernardes-com-o-brigadeiro-gourmet1-300x197.jpg"},{"@type":"BreadcrumbList","@id":"https:\/\/fieam.org.br\/sesi\/papel-da-mulher-e-exaltado-na-acao-global-2014-2\/#breadcrumb","itemListElement":[{"@type":"ListItem","position":1,"name":"In\u00edcio","item":"https:\/\/fieam.org.br\/sesi\/"},{"@type":"ListItem","position":2,"name":"Papel da mulher \u00e9 exaltado na A\u00e7\u00e3o Global 2014"}]},{"@type":"WebSite","@id":"https:\/\/fieam.org.br\/sesi\/#website","url":"https:\/\/fieam.org.br\/sesi\/","name":"SESI","description":"Site Oficial!","publisher":{"@id":"https:\/\/fieam.org.br\/sesi\/#organization"},"potentialAction":[{"@type":"SearchAction","target":{"@type":"EntryPoint","urlTemplate":"https:\/\/fieam.org.br\/sesi\/?s={search_term_string}"},"query-input":{"@type":"PropertyValueSpecification","valueRequired":true,"valueName":"search_term_string"}}],"inLanguage":"pt-BR"},{"@type":"Organization","@id":"https:\/\/fieam.org.br\/sesi\/#organization","name":"SESI","url":"https:\/\/fieam.org.br\/sesi\/","logo":{"@type":"ImageObject","inLanguage":"pt-BR","@id":"https:\/\/fieam.org.br\/sesi\/#\/schema\/logo\/image\/","url":"https:\/\/fieam.org.br\/sesi\/wp-content\/uploads\/sites\/14\/2024\/03\/cropped-fav.png","contentUrl":"https:\/\/fieam.org.br\/sesi\/wp-content\/uploads\/sites\/14\/2024\/03\/cropped-fav.png","width":610,"height":589,"caption":"SESI"},"image":{"@id":"https:\/\/fieam.org.br\/sesi\/#\/schema\/logo\/image\/"}},{"@type":"Person","@id":"https:\/\/fieam.org.br\/sesi\/#\/schema\/person\/f54998dd14d5f0695b41444f2b01c31e","name":"Autor","image":{"@type":"ImageObject","inLanguage":"pt-BR","@id":"https:\/\/secure.gravatar.com\/avatar\/3732c223e0e1fad69062a8f770955c9068d37b055204f310a0be18d4069fe380?s=96&d=mm&r=g","url":"https:\/\/secure.gravatar.com\/avatar\/3732c223e0e1fad69062a8f770955c9068d37b055204f310a0be18d4069fe380?s=96&d=mm&r=g","contentUrl":"https:\/\/secure.gravatar.com\/avatar\/3732c223e0e1fad69062a8f770955c9068d37b055204f310a0be18d4069fe380?s=96&d=mm&r=g","caption":"Autor"},"sameAs":["https:\/\/marketingmassivo.com.br"],"url":"https:\/\/fieam.org.br\/sesi\/author\/admin\/"}]}},"_links":{"self":[{"href":"https:\/\/fieam.org.br\/sesi\/wp-json\/wp\/v2\/posts\/5440","targetHints":{"allow":["GET"]}}],"collection":[{"href":"https:\/\/fieam.org.br\/sesi\/wp-json\/wp\/v2\/posts"}],"about":[{"href":"https:\/\/fieam.org.br\/sesi\/wp-json\/wp\/v2\/types\/post"}],"author":[{"embeddable":true,"href":"https:\/\/fieam.org.br\/sesi\/wp-json\/wp\/v2\/users\/1"}],"replies":[{"embeddable":true,"href":"https:\/\/fieam.org.br\/sesi\/wp-json\/wp\/v2\/comments?post=5440"}],"version-history":[{"count":0,"href":"https:\/\/fieam.org.br\/sesi\/wp-json\/wp\/v2\/posts\/5440\/revisions"}],"wp:attachment":[{"href":"https:\/\/fieam.org.br\/sesi\/wp-json\/wp\/v2\/media?parent=5440"}],"wp:term":[{"taxonomy":"category","embeddable":true,"href":"https:\/\/fieam.org.br\/sesi\/wp-json\/wp\/v2\/categories?post=5440"},{"taxonomy":"post_tag","embeddable":true,"href":"https:\/\/fieam.org.br\/sesi\/wp-json\/wp\/v2\/tags?post=5440"}],"curies":[{"name":"wp","href":"https:\/\/api.w.org\/{rel}","templated":true}]}}