{"id":5397,"date":"2014-04-25T13:20:57","date_gmt":"2014-04-25T13:20:57","guid":{"rendered":"http:\/\/www.fieam.org.br\/site\/sesi\/?p=5397"},"modified":"2014-04-25T13:20:57","modified_gmt":"2014-04-25T13:20:57","slug":"acao-global-antecipa-atendimentos-no-cacau-pirera","status":"publish","type":"post","link":"https:\/\/fieam.org.br\/sesi\/acao-global-antecipa-atendimentos-no-cacau-pirera\/","title":{"rendered":"A\u00e7\u00e3o Global antecipa atendimentos no Cacau Pir\u00eara"},"content":{"rendered":"<figure id=\"attachment_5398\" aria-describedby=\"caption-attachment-5398\" style=\"width: 300px\" class=\"wp-caption alignleft\"><a href=\"http:\/\/www.fieam.org.br\/site\/sesi\/acao-global-antecipa-atendimentos-no-cacau-pirera\/certidao-de-nascimento-servico-de-cidadania-realizado-em-iranduba\/\" rel=\"attachment wp-att-5398\"><img fetchpriority=\"high\" decoding=\"async\" class=\"size-medium wp-image-5398 \" alt=\"Certid\u00e3o de nascimento, servi\u00e7o de cidadania realizado em Iranduba\" src=\"http:\/\/www.fieam.org.br\/2015\/sesi\/wp-content\/uploads\/sites\/2\/2014\/04\/Certid\u00e3o-de-nascimento-servi\u00e7o-de-cidadania-realizado-em-Iranduba-300x200.jpg\" width=\"300\" height=\"200\" \/><\/a><figcaption id=\"caption-attachment-5398\" class=\"wp-caption-text\">Certid\u00e3o de nascimento, servi\u00e7o de cidadania realizado em Iranduba<\/figcaption><\/figure>\n<p>Em apenas 25 minutos, o funcion\u00e1rio p\u00fablico Sebasti\u00e3o Dias da Silva, 33, conseguiu tirar a Certid\u00e3o de Nascimento do filho, Manuel, de 1 ano e 8 meses, na \u00faltima quarta-feira (23), no munic\u00edpio de Iranduba, a 27 quil\u00f4metros de Manaus. Silva est\u00e1 entre as centenas de moradores locais que buscam o atendimento antecipado da A\u00e7\u00e3o Global 2014, realizado diariamente desde a \u00faltima ter\u00e7a-feira, 22. O programa acontece neste s\u00e1bado (26), com a totalidade de servi\u00e7os concentrada no distrito de Cacau Pir\u00eara, no pr\u00f3prio Iranduba.<\/p>\n<p>Promovida pelo Servi\u00e7o Social da Ind\u00fastria em parceria com a Rede Globo, a A\u00e7\u00e3o Global chega este ano \u00e0 sua 21\u00aa edi\u00e7\u00e3o no Amazonas e, pela primeira vez, acontece fora de Manaus. O programa, que oferece atendimento em sa\u00fade e cidadania, re\u00fane, em 2014, 75 parceiros, sendo 32 do Polo Industrial de Manaus e 43 de outros ramos de atividades.<\/p>\n<p>Assim como o pequeno Manuel, que a partir da Certid\u00e3o passa a existir de fato e de direito como cidad\u00e3o brasileiro, muita gente tem procurado o Cart\u00f3rio Judicial da Comarca de Iranduba para se regularizar perante a lei. O cart\u00f3rio estar\u00e1 expedindo gratuitamente a 1\u00aa e 2\u00aa vias do documento, no s\u00e1bado, num posto montado na Escola Estadual Senador Jo\u00e3o Bosco Ramos de Lima, no Cacau Pir\u00eara. \u00c9 necess\u00e1rio apresentar a Carteira de Identidade dos pais ou a Declara\u00e7\u00e3o de Nascido Vivo, fornecida pelo hospital em que a crian\u00e7a nasceu.<\/p>\n<figure id=\"attachment_5399\" aria-describedby=\"caption-attachment-5399\" style=\"width: 300px\" class=\"wp-caption alignleft\"><a href=\"http:\/\/www.fieam.org.br\/site\/sesi\/acao-global-antecipa-atendimentos-no-cacau-pirera\/cozinha-brasil-atendeu-cerca-de-70-pessoas_\/\" rel=\"attachment wp-att-5399\"><img decoding=\"async\" class=\" wp-image-5399 \" alt=\"Cozinha Brasil atendeu cerca de 70 pessoas_\" src=\"http:\/\/www.fieam.org.br\/2015\/sesi\/wp-content\/uploads\/sites\/2\/2014\/04\/Cozinha-Brasil-atendeu-cerca-de-70-pessoas_-300x200.jpg\" width=\"300\" height=\"200\" srcset=\"https:\/\/fieam.org.br\/sesi\/wp-content\/uploads\/sites\/14\/2014\/04\/Cozinha-Brasil-atendeu-cerca-de-70-pessoas_-300x200.jpg 300w, https:\/\/fieam.org.br\/sesi\/wp-content\/uploads\/sites\/14\/2014\/04\/Cozinha-Brasil-atendeu-cerca-de-70-pessoas_-768x512.jpg 768w, https:\/\/fieam.org.br\/sesi\/wp-content\/uploads\/sites\/14\/2014\/04\/Cozinha-Brasil-atendeu-cerca-de-70-pessoas_.jpg 1024w\" sizes=\"(max-width: 300px) 100vw, 300px\" \/><\/a><figcaption id=\"caption-attachment-5399\" class=\"wp-caption-text\">Cozinha Brasil atendeu cerca de 70 pessoas_<\/figcaption><\/figure>\n<p><b>Cozinha Brasil<\/b><\/p>\n<p>O Programa SESI Cozinha Brasil iniciou no \u00faltimo dia 22, na Escola Senador Jo\u00e3o Bosco Ramos de Lima, o curso de Educa\u00e7\u00e3o Alimentar, beneficiando 70 pessoas da comunidade, tamb\u00e9m como parte do atendimento antecipado da A\u00e7\u00e3o Global 2014. O curso tem carga hor\u00e1ria de dez horas e est\u00e1 sendo realizado pela manh\u00e3 e \u00e0 tarde. A nutricionista do SESI, Gilma Bispo, ensina que \u00e9 importante realizar pelo menos tr\u00eas refei\u00e7\u00f5es di\u00e1rias e ingerir entre seis e oito copos de \u00e1gua. De acordo com a nutricionista a alimenta\u00e7\u00e3o deve ser balanceada, com alimentos ricos em prote\u00ednas, carboidratos, al\u00e9m de vitaminas e sais minerais. Gilma alerta os participantes sobre danos causados \u00e0 sa\u00fade pelo excesso de sal. Ela disse que o recomend\u00e1vel \u00e9 ingerir entre 4 e 6 gramas do tempero por dia. O curso do SESI tamb\u00e9m ensina a evitar o desperd\u00edcio dos talos, cascas e sementes de hortali\u00e7as e frutas, que devem ser aproveitados no preparo das refei\u00e7\u00f5es.<\/p>\n<p>&nbsp;<\/p>\n<figure id=\"attachment_5401\" aria-describedby=\"caption-attachment-5401\" style=\"width: 300px\" class=\"wp-caption alignleft\"><a href=\"http:\/\/www.fieam.org.br\/site\/sesi\/acao-global-antecipa-atendimentos-no-cacau-pirera\/navio-hospital-da-marinha-mais-de-400-atendimentos-diarios\/\" rel=\"attachment wp-att-5401\"><img decoding=\"async\" class=\"size-medium wp-image-5401 \" alt=\"Navio hospital da marinha, mais de 400 atendimentos di\u00e1rios\" src=\"http:\/\/www.fieam.org.br\/2015\/sesi\/wp-content\/uploads\/sites\/2\/2014\/04\/Navio-hospital-da-marinha-mais-de-400-atendimentos-di\u00e1rios-300x200.jpg\" width=\"300\" height=\"200\" \/><\/a><figcaption id=\"caption-attachment-5401\" class=\"wp-caption-text\">Navio hospital da marinha, mais de 400 atendimentos di\u00e1rios<\/figcaption><\/figure>\n<p><b>Justi\u00e7a Itinerante<\/b><\/p>\n<p>O projeto Justi\u00e7a Itinerante, do Tribunal de Justi\u00e7a do Amazonas (TJAM), realiza na A\u00e7\u00e3o Global servi\u00e7os da \u00e1rea do Direito da Fam\u00edlia, com natureza consensual (quando as pessoas envolvidas aceitam as condi\u00e7\u00f5es legais previstas, havendo um consenso), como pens\u00e3o aliment\u00edcia, div\u00f3rcio e reconhecimento volunt\u00e1rio de paternidade.<\/p>\n<p>Foi o caso de Socorro Moraes, 33, da Comunidade S\u00e3o Sebasti\u00e3o, Km 13 da Estrada Manoel Urbano (Manacapuru-Manaus), que busca reconhecimento de paternidade e pens\u00e3o para dois filhos. \u201cVim em busca de solucionar dois problemas, e tive uma resposta satisfat\u00f3ria em ambos os casos. Sairei daqui com o andamento das pens\u00f5es dos meus filhos e, at\u00e9 o dia da A\u00e7\u00e3o Global, pretendo comparecer com o pai da minha filha mais velha, para dar entrada no pedido de reconhecimento de paternidade, j\u00e1 que meu ex-marido deve comparecer para tal procedimento\u201d, disse Socorro.<\/p>\n<p>Al\u00e9m do servi\u00e7o na \u00e1rea do Direito de Fam\u00edlia, a Justi\u00e7a Itinerante atende tamb\u00e9m nas causas c\u00edveis, por\u00e9m, somente aquelas em que o valor n\u00e3o ultrapasse 20 sal\u00e1rios m\u00ednimos, sem precisar de advogado, como cobran\u00e7a de d\u00edvida, direito do consumidor, danos materiais e morais.<\/p>\n<figure id=\"attachment_5400\" aria-describedby=\"caption-attachment-5400\" style=\"width: 300px\" class=\"wp-caption alignleft\"><a href=\"http:\/\/www.fieam.org.br\/site\/sesi\/acao-global-antecipa-atendimentos-no-cacau-pirera\/justica-itinerante-atende-pedido-de-pensao-alimenticia-e-reconhecimento-de-paternidade-de-populacao-do-municipio-de-iranduba\/\" rel=\"attachment wp-att-5400\"><img loading=\"lazy\" decoding=\"async\" class=\" wp-image-5400 \" alt=\"Justi\u00e7a Itinerante atende pedido de pens\u00e3o aliment\u00edcia e reconhecimento de paternidade de popula\u00e7\u00e3o do munic\u00edpio de Iranduba\" src=\"http:\/\/www.fieam.org.br\/2015\/sesi\/wp-content\/uploads\/sites\/2\/2014\/04\/Justi\u00e7a-Itinerante-atende-pedido-de-pens\u00e3o-aliment\u00edcia-e-reconhecimento-de-paternidade-de-popula\u00e7\u00e3o-do-munic\u00edpio-de-Iranduba-300x200.jpg\" width=\"300\" height=\"200\" \/><\/a><figcaption id=\"caption-attachment-5400\" class=\"wp-caption-text\">Justi\u00e7a Itinerante atende pedido de pens\u00e3o aliment\u00edcia e reconhecimento de paternidade de popula\u00e7\u00e3o do munic\u00edpio de Iranduba<\/figcaption><\/figure>\n<p><b>Sa\u00fade<\/b><\/p>\n<p>O Navio Hospital da Marinha Dr. Montenegro est\u00e1 presente na semana de atendimento da A\u00e7\u00e3o Global, oferecendo servi\u00e7os m\u00e9dicos e odontol\u00f3gicos, como limpeza e aplica\u00e7\u00e3o de fl\u00faor, restaura\u00e7\u00e3o, raio-x, extra\u00e7\u00e3o, al\u00e9m de oficinas de educa\u00e7\u00e3o em higiene bucal, com distribui\u00e7\u00e3o de creme dental e escovas de dente. Oferece ainda para a popula\u00e7\u00e3o do Cacau Pir\u00eara e munic\u00edpios adjacentes, servi\u00e7os de cl\u00ednica m\u00e9dica, exames de raio-x, laboratoriais, hemogramas, teste para diabetes, Beta HCG (exame de gravidez) e mamografia.<\/p>\n<p>O servi\u00e7o de mamografia est\u00e1 sendo um dos mais procurados pela popula\u00e7\u00e3o, principalmente por ser um exame de alto custo, e por ser oferecido distante das comunidades necessitadas, como \u00e9 o caso da moradora Raimunda Braga, 42, da comunidade S\u00e3o Sebasti\u00e3o, que aproveitou os servi\u00e7os oferecidos gratuitamente na semana de atendimento da A\u00e7\u00e3o Global.<\/p>\n<p>\u201cEstou h\u00e1 mais de um ano sem fazer o exame de mamografia, e vi com essa a\u00e7\u00e3o, a oportunidade de checar se est\u00e1 tudo bem comigo, e com minhas filhas, que tamb\u00e9m passar\u00e3o por atendimento cl\u00ednico\u201d, disse Raimunda.<\/p>\n<p>Os atendimentos m\u00e9dicos e odontol\u00f3gicos devem chegar a mais de mil, de acordo com o capit\u00e3o de corveta Leonardo P\u00e1dua.<\/p>\n<p>&nbsp;<\/p>\n","protected":false},"excerpt":{"rendered":"<p>Em apenas 25 minutos, o funcion\u00e1rio p\u00fablico Sebasti\u00e3o Dias da Silva, 33, conseguiu tirar a Certid\u00e3o de Nascimento do filho, Manuel, de 1 ano e 8 meses, na \u00faltima quarta-feira (23), no munic\u00edpio de Iranduba, a 27 quil\u00f4metros de Manaus. Silva est\u00e1 entre as centenas de moradores locais que buscam o atendimento antecipado da A\u00e7\u00e3o [&hellip;]<\/p>\n","protected":false},"author":1,"featured_media":0,"comment_status":"open","ping_status":"open","sticky":false,"template":"","format":"standard","meta":{"footnotes":""},"categories":[25],"tags":[],"class_list":["post-5397","post","type-post","status-publish","format-standard","hentry","category-news"],"yoast_head":"<!-- This site is optimized with the Yoast SEO plugin v28.2 - https:\/\/yoast.com\/product\/yoast-seo-wordpress\/ -->\n<title>A\u00e7\u00e3o Global antecipa atendimentos no Cacau Pir\u00eara - SESI<\/title>\n<meta name=\"robots\" content=\"index, follow, max-snippet:-1, max-image-preview:large, max-video-preview:-1\" \/>\n<link rel=\"canonical\" href=\"https:\/\/fieam.org.br\/sesi\/acao-global-antecipa-atendimentos-no-cacau-pirera\/\" \/>\n<meta property=\"og:locale\" content=\"pt_BR\" \/>\n<meta property=\"og:type\" content=\"article\" \/>\n<meta property=\"og:title\" content=\"A\u00e7\u00e3o Global antecipa atendimentos no Cacau Pir\u00eara - SESI\" \/>\n<meta property=\"og:description\" content=\"Em apenas 25 minutos, o funcion\u00e1rio p\u00fablico Sebasti\u00e3o Dias da Silva, 33, conseguiu tirar a Certid\u00e3o de Nascimento do filho, Manuel, de 1 ano e 8 meses, na \u00faltima quarta-feira (23), no munic\u00edpio de Iranduba, a 27 quil\u00f4metros de Manaus. Silva est\u00e1 entre as centenas de moradores locais que buscam o atendimento antecipado da A\u00e7\u00e3o [&hellip;]\" \/>\n<meta property=\"og:url\" content=\"https:\/\/fieam.org.br\/sesi\/acao-global-antecipa-atendimentos-no-cacau-pirera\/\" \/>\n<meta property=\"og:site_name\" content=\"SESI\" \/>\n<meta property=\"article:published_time\" content=\"2014-04-25T13:20:57+00:00\" \/>\n<meta property=\"og:image\" content=\"http:\/\/www.fieam.org.br\/2015\/sesi\/wp-content\/uploads\/sites\/2\/2014\/04\/Cozinha-Brasil-atendeu-cerca-de-70-pessoas_-300x200.jpg\" \/>\n<meta name=\"author\" content=\"Autor\" \/>\n<meta name=\"twitter:card\" content=\"summary_large_image\" \/>\n<meta name=\"twitter:label1\" content=\"Escrito por\" \/>\n\t<meta name=\"twitter:data1\" content=\"Autor\" \/>\n\t<meta name=\"twitter:label2\" content=\"Est. tempo de leitura\" \/>\n\t<meta name=\"twitter:data2\" content=\"5 minutos\" \/>\n<script type=\"application\/ld+json\" class=\"yoast-schema-graph\">{\"@context\":\"https:\\\/\\\/schema.org\",\"@graph\":[{\"@type\":\"Article\",\"@id\":\"https:\\\/\\\/fieam.org.br\\\/sesi\\\/acao-global-antecipa-atendimentos-no-cacau-pirera\\\/#article\",\"isPartOf\":{\"@id\":\"https:\\\/\\\/fieam.org.br\\\/sesi\\\/acao-global-antecipa-atendimentos-no-cacau-pirera\\\/\"},\"author\":{\"name\":\"Autor\",\"@id\":\"https:\\\/\\\/fieam.org.br\\\/sesi\\\/#\\\/schema\\\/person\\\/f54998dd14d5f0695b41444f2b01c31e\"},\"headline\":\"A\u00e7\u00e3o Global antecipa atendimentos no Cacau Pir\u00eara\",\"datePublished\":\"2014-04-25T13:20:57+00:00\",\"mainEntityOfPage\":{\"@id\":\"https:\\\/\\\/fieam.org.br\\\/sesi\\\/acao-global-antecipa-atendimentos-no-cacau-pirera\\\/\"},\"wordCount\":928,\"commentCount\":0,\"publisher\":{\"@id\":\"https:\\\/\\\/fieam.org.br\\\/sesi\\\/#organization\"},\"image\":{\"@id\":\"https:\\\/\\\/fieam.org.br\\\/sesi\\\/acao-global-antecipa-atendimentos-no-cacau-pirera\\\/#primaryimage\"},\"thumbnailUrl\":\"http:\\\/\\\/www.fieam.org.br\\\/2015\\\/sesi\\\/wp-content\\\/uploads\\\/sites\\\/2\\\/2014\\\/04\\\/Cozinha-Brasil-atendeu-cerca-de-70-pessoas_-300x200.jpg\",\"articleSection\":[\"News\"],\"inLanguage\":\"pt-BR\",\"potentialAction\":[{\"@type\":\"CommentAction\",\"name\":\"Comment\",\"target\":[\"https:\\\/\\\/fieam.org.br\\\/sesi\\\/acao-global-antecipa-atendimentos-no-cacau-pirera\\\/#respond\"]}]},{\"@type\":\"WebPage\",\"@id\":\"https:\\\/\\\/fieam.org.br\\\/sesi\\\/acao-global-antecipa-atendimentos-no-cacau-pirera\\\/\",\"url\":\"https:\\\/\\\/fieam.org.br\\\/sesi\\\/acao-global-antecipa-atendimentos-no-cacau-pirera\\\/\",\"name\":\"A\u00e7\u00e3o Global antecipa atendimentos no Cacau Pir\u00eara - SESI\",\"isPartOf\":{\"@id\":\"https:\\\/\\\/fieam.org.br\\\/sesi\\\/#website\"},\"primaryImageOfPage\":{\"@id\":\"https:\\\/\\\/fieam.org.br\\\/sesi\\\/acao-global-antecipa-atendimentos-no-cacau-pirera\\\/#primaryimage\"},\"image\":{\"@id\":\"https:\\\/\\\/fieam.org.br\\\/sesi\\\/acao-global-antecipa-atendimentos-no-cacau-pirera\\\/#primaryimage\"},\"thumbnailUrl\":\"http:\\\/\\\/www.fieam.org.br\\\/2015\\\/sesi\\\/wp-content\\\/uploads\\\/sites\\\/2\\\/2014\\\/04\\\/Cozinha-Brasil-atendeu-cerca-de-70-pessoas_-300x200.jpg\",\"datePublished\":\"2014-04-25T13:20:57+00:00\",\"breadcrumb\":{\"@id\":\"https:\\\/\\\/fieam.org.br\\\/sesi\\\/acao-global-antecipa-atendimentos-no-cacau-pirera\\\/#breadcrumb\"},\"inLanguage\":\"pt-BR\",\"potentialAction\":[{\"@type\":\"ReadAction\",\"target\":[\"https:\\\/\\\/fieam.org.br\\\/sesi\\\/acao-global-antecipa-atendimentos-no-cacau-pirera\\\/\"]}]},{\"@type\":\"ImageObject\",\"inLanguage\":\"pt-BR\",\"@id\":\"https:\\\/\\\/fieam.org.br\\\/sesi\\\/acao-global-antecipa-atendimentos-no-cacau-pirera\\\/#primaryimage\",\"url\":\"http:\\\/\\\/www.fieam.org.br\\\/2015\\\/sesi\\\/wp-content\\\/uploads\\\/sites\\\/2\\\/2014\\\/04\\\/Cozinha-Brasil-atendeu-cerca-de-70-pessoas_-300x200.jpg\",\"contentUrl\":\"http:\\\/\\\/www.fieam.org.br\\\/2015\\\/sesi\\\/wp-content\\\/uploads\\\/sites\\\/2\\\/2014\\\/04\\\/Cozinha-Brasil-atendeu-cerca-de-70-pessoas_-300x200.jpg\"},{\"@type\":\"BreadcrumbList\",\"@id\":\"https:\\\/\\\/fieam.org.br\\\/sesi\\\/acao-global-antecipa-atendimentos-no-cacau-pirera\\\/#breadcrumb\",\"itemListElement\":[{\"@type\":\"ListItem\",\"position\":1,\"name\":\"In\u00edcio\",\"item\":\"https:\\\/\\\/fieam.org.br\\\/sesi\\\/\"},{\"@type\":\"ListItem\",\"position\":2,\"name\":\"A\u00e7\u00e3o Global antecipa atendimentos no Cacau Pir\u00eara\"}]},{\"@type\":\"WebSite\",\"@id\":\"https:\\\/\\\/fieam.org.br\\\/sesi\\\/#website\",\"url\":\"https:\\\/\\\/fieam.org.br\\\/sesi\\\/\",\"name\":\"SESI\",\"description\":\"Site Oficial!\",\"publisher\":{\"@id\":\"https:\\\/\\\/fieam.org.br\\\/sesi\\\/#organization\"},\"potentialAction\":[{\"@type\":\"SearchAction\",\"target\":{\"@type\":\"EntryPoint\",\"urlTemplate\":\"https:\\\/\\\/fieam.org.br\\\/sesi\\\/?s={search_term_string}\"},\"query-input\":{\"@type\":\"PropertyValueSpecification\",\"valueRequired\":true,\"valueName\":\"search_term_string\"}}],\"inLanguage\":\"pt-BR\"},{\"@type\":\"Organization\",\"@id\":\"https:\\\/\\\/fieam.org.br\\\/sesi\\\/#organization\",\"name\":\"SESI\",\"url\":\"https:\\\/\\\/fieam.org.br\\\/sesi\\\/\",\"logo\":{\"@type\":\"ImageObject\",\"inLanguage\":\"pt-BR\",\"@id\":\"https:\\\/\\\/fieam.org.br\\\/sesi\\\/#\\\/schema\\\/logo\\\/image\\\/\",\"url\":\"https:\\\/\\\/fieam.org.br\\\/sesi\\\/wp-content\\\/uploads\\\/sites\\\/14\\\/2024\\\/03\\\/cropped-fav.png\",\"contentUrl\":\"https:\\\/\\\/fieam.org.br\\\/sesi\\\/wp-content\\\/uploads\\\/sites\\\/14\\\/2024\\\/03\\\/cropped-fav.png\",\"width\":610,\"height\":589,\"caption\":\"SESI\"},\"image\":{\"@id\":\"https:\\\/\\\/fieam.org.br\\\/sesi\\\/#\\\/schema\\\/logo\\\/image\\\/\"}},{\"@type\":\"Person\",\"@id\":\"https:\\\/\\\/fieam.org.br\\\/sesi\\\/#\\\/schema\\\/person\\\/f54998dd14d5f0695b41444f2b01c31e\",\"name\":\"Autor\",\"image\":{\"@type\":\"ImageObject\",\"inLanguage\":\"pt-BR\",\"@id\":\"https:\\\/\\\/secure.gravatar.com\\\/avatar\\\/3732c223e0e1fad69062a8f770955c9068d37b055204f310a0be18d4069fe380?s=96&d=mm&r=g\",\"url\":\"https:\\\/\\\/secure.gravatar.com\\\/avatar\\\/3732c223e0e1fad69062a8f770955c9068d37b055204f310a0be18d4069fe380?s=96&d=mm&r=g\",\"contentUrl\":\"https:\\\/\\\/secure.gravatar.com\\\/avatar\\\/3732c223e0e1fad69062a8f770955c9068d37b055204f310a0be18d4069fe380?s=96&d=mm&r=g\",\"caption\":\"Autor\"},\"sameAs\":[\"https:\\\/\\\/marketingmassivo.com.br\"],\"url\":\"https:\\\/\\\/fieam.org.br\\\/sesi\\\/author\\\/admin\\\/\"}]}<\/script>\n<!-- \/ Yoast SEO plugin. -->","yoast_head_json":{"title":"A\u00e7\u00e3o Global antecipa atendimentos no Cacau Pir\u00eara - SESI","robots":{"index":"index","follow":"follow","max-snippet":"max-snippet:-1","max-image-preview":"max-image-preview:large","max-video-preview":"max-video-preview:-1"},"canonical":"https:\/\/fieam.org.br\/sesi\/acao-global-antecipa-atendimentos-no-cacau-pirera\/","og_locale":"pt_BR","og_type":"article","og_title":"A\u00e7\u00e3o Global antecipa atendimentos no Cacau Pir\u00eara - SESI","og_description":"Em apenas 25 minutos, o funcion\u00e1rio p\u00fablico Sebasti\u00e3o Dias da Silva, 33, conseguiu tirar a Certid\u00e3o de Nascimento do filho, Manuel, de 1 ano e 8 meses, na \u00faltima quarta-feira (23), no munic\u00edpio de Iranduba, a 27 quil\u00f4metros de Manaus. Silva est\u00e1 entre as centenas de moradores locais que buscam o atendimento antecipado da A\u00e7\u00e3o [&hellip;]","og_url":"https:\/\/fieam.org.br\/sesi\/acao-global-antecipa-atendimentos-no-cacau-pirera\/","og_site_name":"SESI","article_published_time":"2014-04-25T13:20:57+00:00","og_image":[{"url":"http:\/\/www.fieam.org.br\/2015\/sesi\/wp-content\/uploads\/sites\/2\/2014\/04\/Cozinha-Brasil-atendeu-cerca-de-70-pessoas_-300x200.jpg","type":"","width":"","height":""}],"author":"Autor","twitter_card":"summary_large_image","twitter_misc":{"Escrito por":"Autor","Est. tempo de leitura":"5 minutos"},"schema":{"@context":"https:\/\/schema.org","@graph":[{"@type":"Article","@id":"https:\/\/fieam.org.br\/sesi\/acao-global-antecipa-atendimentos-no-cacau-pirera\/#article","isPartOf":{"@id":"https:\/\/fieam.org.br\/sesi\/acao-global-antecipa-atendimentos-no-cacau-pirera\/"},"author":{"name":"Autor","@id":"https:\/\/fieam.org.br\/sesi\/#\/schema\/person\/f54998dd14d5f0695b41444f2b01c31e"},"headline":"A\u00e7\u00e3o Global antecipa atendimentos no Cacau Pir\u00eara","datePublished":"2014-04-25T13:20:57+00:00","mainEntityOfPage":{"@id":"https:\/\/fieam.org.br\/sesi\/acao-global-antecipa-atendimentos-no-cacau-pirera\/"},"wordCount":928,"commentCount":0,"publisher":{"@id":"https:\/\/fieam.org.br\/sesi\/#organization"},"image":{"@id":"https:\/\/fieam.org.br\/sesi\/acao-global-antecipa-atendimentos-no-cacau-pirera\/#primaryimage"},"thumbnailUrl":"http:\/\/www.fieam.org.br\/2015\/sesi\/wp-content\/uploads\/sites\/2\/2014\/04\/Cozinha-Brasil-atendeu-cerca-de-70-pessoas_-300x200.jpg","articleSection":["News"],"inLanguage":"pt-BR","potentialAction":[{"@type":"CommentAction","name":"Comment","target":["https:\/\/fieam.org.br\/sesi\/acao-global-antecipa-atendimentos-no-cacau-pirera\/#respond"]}]},{"@type":"WebPage","@id":"https:\/\/fieam.org.br\/sesi\/acao-global-antecipa-atendimentos-no-cacau-pirera\/","url":"https:\/\/fieam.org.br\/sesi\/acao-global-antecipa-atendimentos-no-cacau-pirera\/","name":"A\u00e7\u00e3o Global antecipa atendimentos no Cacau Pir\u00eara - SESI","isPartOf":{"@id":"https:\/\/fieam.org.br\/sesi\/#website"},"primaryImageOfPage":{"@id":"https:\/\/fieam.org.br\/sesi\/acao-global-antecipa-atendimentos-no-cacau-pirera\/#primaryimage"},"image":{"@id":"https:\/\/fieam.org.br\/sesi\/acao-global-antecipa-atendimentos-no-cacau-pirera\/#primaryimage"},"thumbnailUrl":"http:\/\/www.fieam.org.br\/2015\/sesi\/wp-content\/uploads\/sites\/2\/2014\/04\/Cozinha-Brasil-atendeu-cerca-de-70-pessoas_-300x200.jpg","datePublished":"2014-04-25T13:20:57+00:00","breadcrumb":{"@id":"https:\/\/fieam.org.br\/sesi\/acao-global-antecipa-atendimentos-no-cacau-pirera\/#breadcrumb"},"inLanguage":"pt-BR","potentialAction":[{"@type":"ReadAction","target":["https:\/\/fieam.org.br\/sesi\/acao-global-antecipa-atendimentos-no-cacau-pirera\/"]}]},{"@type":"ImageObject","inLanguage":"pt-BR","@id":"https:\/\/fieam.org.br\/sesi\/acao-global-antecipa-atendimentos-no-cacau-pirera\/#primaryimage","url":"http:\/\/www.fieam.org.br\/2015\/sesi\/wp-content\/uploads\/sites\/2\/2014\/04\/Cozinha-Brasil-atendeu-cerca-de-70-pessoas_-300x200.jpg","contentUrl":"http:\/\/www.fieam.org.br\/2015\/sesi\/wp-content\/uploads\/sites\/2\/2014\/04\/Cozinha-Brasil-atendeu-cerca-de-70-pessoas_-300x200.jpg"},{"@type":"BreadcrumbList","@id":"https:\/\/fieam.org.br\/sesi\/acao-global-antecipa-atendimentos-no-cacau-pirera\/#breadcrumb","itemListElement":[{"@type":"ListItem","position":1,"name":"In\u00edcio","item":"https:\/\/fieam.org.br\/sesi\/"},{"@type":"ListItem","position":2,"name":"A\u00e7\u00e3o Global antecipa atendimentos no Cacau Pir\u00eara"}]},{"@type":"WebSite","@id":"https:\/\/fieam.org.br\/sesi\/#website","url":"https:\/\/fieam.org.br\/sesi\/","name":"SESI","description":"Site Oficial!","publisher":{"@id":"https:\/\/fieam.org.br\/sesi\/#organization"},"potentialAction":[{"@type":"SearchAction","target":{"@type":"EntryPoint","urlTemplate":"https:\/\/fieam.org.br\/sesi\/?s={search_term_string}"},"query-input":{"@type":"PropertyValueSpecification","valueRequired":true,"valueName":"search_term_string"}}],"inLanguage":"pt-BR"},{"@type":"Organization","@id":"https:\/\/fieam.org.br\/sesi\/#organization","name":"SESI","url":"https:\/\/fieam.org.br\/sesi\/","logo":{"@type":"ImageObject","inLanguage":"pt-BR","@id":"https:\/\/fieam.org.br\/sesi\/#\/schema\/logo\/image\/","url":"https:\/\/fieam.org.br\/sesi\/wp-content\/uploads\/sites\/14\/2024\/03\/cropped-fav.png","contentUrl":"https:\/\/fieam.org.br\/sesi\/wp-content\/uploads\/sites\/14\/2024\/03\/cropped-fav.png","width":610,"height":589,"caption":"SESI"},"image":{"@id":"https:\/\/fieam.org.br\/sesi\/#\/schema\/logo\/image\/"}},{"@type":"Person","@id":"https:\/\/fieam.org.br\/sesi\/#\/schema\/person\/f54998dd14d5f0695b41444f2b01c31e","name":"Autor","image":{"@type":"ImageObject","inLanguage":"pt-BR","@id":"https:\/\/secure.gravatar.com\/avatar\/3732c223e0e1fad69062a8f770955c9068d37b055204f310a0be18d4069fe380?s=96&d=mm&r=g","url":"https:\/\/secure.gravatar.com\/avatar\/3732c223e0e1fad69062a8f770955c9068d37b055204f310a0be18d4069fe380?s=96&d=mm&r=g","contentUrl":"https:\/\/secure.gravatar.com\/avatar\/3732c223e0e1fad69062a8f770955c9068d37b055204f310a0be18d4069fe380?s=96&d=mm&r=g","caption":"Autor"},"sameAs":["https:\/\/marketingmassivo.com.br"],"url":"https:\/\/fieam.org.br\/sesi\/author\/admin\/"}]}},"_links":{"self":[{"href":"https:\/\/fieam.org.br\/sesi\/wp-json\/wp\/v2\/posts\/5397","targetHints":{"allow":["GET"]}}],"collection":[{"href":"https:\/\/fieam.org.br\/sesi\/wp-json\/wp\/v2\/posts"}],"about":[{"href":"https:\/\/fieam.org.br\/sesi\/wp-json\/wp\/v2\/types\/post"}],"author":[{"embeddable":true,"href":"https:\/\/fieam.org.br\/sesi\/wp-json\/wp\/v2\/users\/1"}],"replies":[{"embeddable":true,"href":"https:\/\/fieam.org.br\/sesi\/wp-json\/wp\/v2\/comments?post=5397"}],"version-history":[{"count":0,"href":"https:\/\/fieam.org.br\/sesi\/wp-json\/wp\/v2\/posts\/5397\/revisions"}],"wp:attachment":[{"href":"https:\/\/fieam.org.br\/sesi\/wp-json\/wp\/v2\/media?parent=5397"}],"wp:term":[{"taxonomy":"category","embeddable":true,"href":"https:\/\/fieam.org.br\/sesi\/wp-json\/wp\/v2\/categories?post=5397"},{"taxonomy":"post_tag","embeddable":true,"href":"https:\/\/fieam.org.br\/sesi\/wp-json\/wp\/v2\/tags?post=5397"}],"curies":[{"name":"wp","href":"https:\/\/api.w.org\/{rel}","templated":true}]}}