{"id":5381,"date":"2014-04-14T14:08:18","date_gmt":"2014-04-14T14:08:18","guid":{"rendered":"http:\/\/www.fieam.org.br\/site\/sesi\/?p=5381"},"modified":"2014-04-14T14:08:18","modified_gmt":"2014-04-14T14:08:18","slug":"cozinha-brasil-da-dicas-de-alimentacao-saudavel-na-casa-vhida","status":"publish","type":"post","link":"https:\/\/fieam.org.br\/sesi\/cozinha-brasil-da-dicas-de-alimentacao-saudavel-na-casa-vhida\/","title":{"rendered":"Cozinha Brasil d\u00e1 dicas de alimenta\u00e7\u00e3o saud\u00e1vel na Casa Vhida"},"content":{"rendered":"<p>O Servi\u00e7o Social da Ind\u00fastria (SESI Amazonas) realizou de 8 a 10 de abril o curso Especial de P\u00e1scoa do Programa SESI Cozinha Brasil, direcionado a m\u00e3es das crian\u00e7as e adolescentes assistidas pela Associa\u00e7\u00e3o de Apoio \u00e0 Crian\u00e7a com HIV (Casa Vhida) e pessoas da comunidade.<\/p>\n<p>Os participantes aprenderam, em dez horas de curso, como preparar de forma saud\u00e1vel almo\u00e7os e sobremesas de P\u00e1scoa, reutilizando sobras de alimentos como cascas de abacaxi e banana.<\/p>\n<p>No \u00faltimo dia do curso, os alunos participaram da Oficina de Panifica\u00e7\u00e3o, com receitas de como preparar p\u00e3o de mandioca, p\u00e3o de ervas e p\u00e3o de banana.<\/p>\n<p>\u201cJ\u00e1 estamos acostumados a fazer os cursos, mas aqui tentamos aproveitar o m\u00e1ximo o tempo do curso para por a m\u00e3o na massa, com melhor aproveitamento em casa e at\u00e9 mesmo para fonte de renda dessas fam\u00edlias\u201d, disse a nutricionista do SESI Amazonas, Gilma Bispo.<\/p>\n<p>M\u00e3e de paciente da Casa Vhida, Maria Clara do Nascimento*, disse aproveitar todas as receitas que aprendeu, e incluir\u00e1 todas em seu card\u00e1pio, al\u00e9m de execut\u00e1-las como fonte de renda para ajudar nas despesas de casa. \u201cSer\u00e1 de grande ajuda as receitas do programa Cozinha Brasil, pois s\u00e3o pr\u00e1ticas, tudo o que precisamos para dar aten\u00e7\u00e3o exclusiva para nossos filhos que necessitam de n\u00f3s\u201d.<\/p>\n<p>De acordo com coordenadora de projetos da Casa Vhida, Leilane Lima, os projetos executados geralmente s\u00e3o voltados para as fam\u00edlias das crian\u00e7as pertencentes \u00e0 associa\u00e7\u00e3o, para que elas consigam exercitar o que aprendem, juntamente com seus filhos, como \u00e9 o caso do curso da Cozinha Brasil, que d\u00e1 oportunidade para a m\u00e3e de cuidar de forma adequada da alimenta\u00e7\u00e3o das suas crian\u00e7as.<\/p>\n<p>\u201cA nossa finalidade \u00e9 fornecer para as fam\u00edlias aquele esp\u00edrito empreendedor, que elas possam aprender para aplicar nas suas casas, pois muitas vezes a m\u00e3e tem dificuldade de trabalhar fora por conta dos cuidados com a crian\u00e7a\u201d, disse a coordenadora Leilane.<\/p>\n<p>O curso teve dura\u00e7\u00e3o de dez horas, com entrega de certificado e sorteio de brindes com premia\u00e7\u00e3o de kit SESI Cozinha Brasil, contendo camisa, l\u00e1pis, caneta e bloco.<\/p>\n<p><b>\u00a0<\/b><\/p>\n<p><b>Casa Vhida<\/b><\/p>\n<p>&nbsp;<\/p>\n<p>A Associa\u00e7\u00e3o de Apoio \u00e0 Crian\u00e7a com HIV (Casa Vhida) atende hoje 15 crian\u00e7as, em acolhimento institucional, que funciona tamb\u00e9m como creche.<\/p>\n<p>As crian\u00e7as recebem suporte psicol\u00f3gico e pedi\u00e1trico (nutricional e medicamentoso), al\u00e9m de cuidados especiais prestados pelos funcion\u00e1rios e pelas pr\u00f3prias m\u00e3es dos pacientes.<\/p>\n<p>Cerca de 800 crian\u00e7as se beneficiam semanalmente da doa\u00e7\u00e3o de leite, al\u00e9m de receberem ajuda com roupas, cal\u00e7ado e alimentos n\u00e3o perec\u00edveis.<\/p>\n<p>O fornecimento de leite aos beb\u00eas filhos de m\u00e3es portadoras do HIV \u00e9 uma das prioridades da Associa\u00e7\u00e3o, visto que a amamenta\u00e7\u00e3o \u00e9 contraindicada nesses casos.<\/p>\n<p>A Casa Vhida conta com volunt\u00e1rios que procuram por meio da realiza\u00e7\u00e3o de eventos sociais e parcerias com empresas e funda\u00e7\u00f5es, conseguir recursos para a manuten\u00e7\u00e3o das crian\u00e7as assistidas. A comunidade tamb\u00e9m participa mediante doa\u00e7\u00f5es e de eventos beneficentes realizados com o apoio dos nossos colaboradores.<\/p>\n<p><b>\u00a0<\/b><\/p>\n<p><b>Receita de P\u00e3o de Banana<\/b><\/p>\n<p>&nbsp;<\/p>\n<p>Ingredientes<\/p>\n<p>&nbsp;<\/p>\n<p>1 colher (sopa) de fermento<\/p>\n<p>1 x\u00edcara (ch\u00e1) de \u00e1gua morna<\/p>\n<p>1 \u00bd x\u00edcara (ch\u00e1) de a\u00e7\u00facar<\/p>\n<p>3 x\u00edcaras (ch\u00e1) de farinha de trigo<\/p>\n<p>3 colheres (sopa) de \u00f3leo<\/p>\n<p>\u00bd colher (sopa) de sal<\/p>\n<p>1 colher (sobremesa) de canela em p\u00f3<\/p>\n<p>3 unidades de casca de banana<\/p>\n<p>&nbsp;<\/p>\n<p>Recheio<\/p>\n<p>&nbsp;<\/p>\n<p>3 unidades de banana<\/p>\n<p>3 colheres (sopa) de margarina<\/p>\n<p>&nbsp;<\/p>\n<p>Modo de Preparo<\/p>\n<p>&nbsp;<\/p>\n<p>Dissolva o fermento na \u00e1gua morna e reserve. Bata no liquidificador o a\u00e7\u00facar, o \u00f3leo, o sal, a canela e as cascas de banana. Despeje em uma vasilha grande e acrescente o fermento dissolvido e a farinha de trigo. Sove bem. Deixe descansar at\u00e9 dobrar de tamanho. Em uma frigideira, doure as bananas em tiras com a margarina e, em seguida, enrole. Corte em tr\u00eas partes no sentido do comprimento e trance. Deixe descansar por 30 minutos. Coloque em uma assadeira untada e leve para assar em forno preaquecido durante 40 minutos.<\/p>\n<p>&nbsp;<\/p>\n<p>Dica: A banana \u00e9 excelente fonte de pot\u00e1ssio, importante para a adequada contra\u00e7\u00e3o muscular, al\u00e9m de equilibrar a press\u00e3o arterial e melhorar o humor.<\/p>\n<p>&nbsp;<\/p>\n<p>* Nome fict\u00edcio<\/p>\n<p>Fonte: Casa Vhida<\/p>\n<p>[nggallery id=232]<\/p>\n","protected":false},"excerpt":{"rendered":"<p>O Servi\u00e7o Social da Ind\u00fastria (SESI Amazonas) realizou de 8 a 10 de abril o curso Especial de P\u00e1scoa do Programa SESI Cozinha Brasil, direcionado a m\u00e3es das crian\u00e7as e adolescentes assistidas pela Associa\u00e7\u00e3o de Apoio \u00e0 Crian\u00e7a com HIV (Casa Vhida) e pessoas da comunidade. Os participantes aprenderam, em dez horas de curso, como [&hellip;]<\/p>\n","protected":false},"author":1,"featured_media":0,"comment_status":"open","ping_status":"open","sticky":false,"template":"","format":"standard","meta":{"footnotes":""},"categories":[25],"tags":[],"class_list":["post-5381","post","type-post","status-publish","format-standard","hentry","category-news"],"yoast_head":"<!-- This site is optimized with the Yoast SEO plugin v28.2 - https:\/\/yoast.com\/product\/yoast-seo-wordpress\/ -->\n<title>Cozinha Brasil d\u00e1 dicas de alimenta\u00e7\u00e3o saud\u00e1vel na Casa Vhida - SESI<\/title>\n<meta name=\"robots\" content=\"index, follow, max-snippet:-1, max-image-preview:large, max-video-preview:-1\" \/>\n<link rel=\"canonical\" href=\"https:\/\/fieam.org.br\/sesi\/cozinha-brasil-da-dicas-de-alimentacao-saudavel-na-casa-vhida\/\" \/>\n<meta property=\"og:locale\" content=\"pt_BR\" \/>\n<meta property=\"og:type\" content=\"article\" \/>\n<meta property=\"og:title\" content=\"Cozinha Brasil d\u00e1 dicas de alimenta\u00e7\u00e3o saud\u00e1vel na Casa Vhida - SESI\" \/>\n<meta property=\"og:description\" content=\"O Servi\u00e7o Social da Ind\u00fastria (SESI Amazonas) realizou de 8 a 10 de abril o curso Especial de P\u00e1scoa do Programa SESI Cozinha Brasil, direcionado a m\u00e3es das crian\u00e7as e adolescentes assistidas pela Associa\u00e7\u00e3o de Apoio \u00e0 Crian\u00e7a com HIV (Casa Vhida) e pessoas da comunidade. Os participantes aprenderam, em dez horas de curso, como [&hellip;]\" \/>\n<meta property=\"og:url\" content=\"https:\/\/fieam.org.br\/sesi\/cozinha-brasil-da-dicas-de-alimentacao-saudavel-na-casa-vhida\/\" \/>\n<meta property=\"og:site_name\" content=\"SESI\" \/>\n<meta property=\"article:published_time\" content=\"2014-04-14T14:08:18+00:00\" \/>\n<meta name=\"author\" content=\"Autor\" \/>\n<meta name=\"twitter:card\" content=\"summary_large_image\" \/>\n<meta name=\"twitter:label1\" content=\"Escrito por\" \/>\n\t<meta name=\"twitter:data1\" content=\"Autor\" \/>\n\t<meta name=\"twitter:label2\" content=\"Est. tempo de leitura\" \/>\n\t<meta name=\"twitter:data2\" content=\"4 minutos\" \/>\n<script type=\"application\/ld+json\" class=\"yoast-schema-graph\">{\"@context\":\"https:\\\/\\\/schema.org\",\"@graph\":[{\"@type\":\"Article\",\"@id\":\"https:\\\/\\\/fieam.org.br\\\/sesi\\\/cozinha-brasil-da-dicas-de-alimentacao-saudavel-na-casa-vhida\\\/#article\",\"isPartOf\":{\"@id\":\"https:\\\/\\\/fieam.org.br\\\/sesi\\\/cozinha-brasil-da-dicas-de-alimentacao-saudavel-na-casa-vhida\\\/\"},\"author\":{\"name\":\"Autor\",\"@id\":\"https:\\\/\\\/fieam.org.br\\\/sesi\\\/#\\\/schema\\\/person\\\/f54998dd14d5f0695b41444f2b01c31e\"},\"headline\":\"Cozinha Brasil d\u00e1 dicas de alimenta\u00e7\u00e3o saud\u00e1vel na Casa Vhida\",\"datePublished\":\"2014-04-14T14:08:18+00:00\",\"mainEntityOfPage\":{\"@id\":\"https:\\\/\\\/fieam.org.br\\\/sesi\\\/cozinha-brasil-da-dicas-de-alimentacao-saudavel-na-casa-vhida\\\/\"},\"wordCount\":746,\"commentCount\":0,\"publisher\":{\"@id\":\"https:\\\/\\\/fieam.org.br\\\/sesi\\\/#organization\"},\"articleSection\":[\"News\"],\"inLanguage\":\"pt-BR\",\"potentialAction\":[{\"@type\":\"CommentAction\",\"name\":\"Comment\",\"target\":[\"https:\\\/\\\/fieam.org.br\\\/sesi\\\/cozinha-brasil-da-dicas-de-alimentacao-saudavel-na-casa-vhida\\\/#respond\"]}]},{\"@type\":\"WebPage\",\"@id\":\"https:\\\/\\\/fieam.org.br\\\/sesi\\\/cozinha-brasil-da-dicas-de-alimentacao-saudavel-na-casa-vhida\\\/\",\"url\":\"https:\\\/\\\/fieam.org.br\\\/sesi\\\/cozinha-brasil-da-dicas-de-alimentacao-saudavel-na-casa-vhida\\\/\",\"name\":\"Cozinha Brasil d\u00e1 dicas de alimenta\u00e7\u00e3o saud\u00e1vel na Casa Vhida - SESI\",\"isPartOf\":{\"@id\":\"https:\\\/\\\/fieam.org.br\\\/sesi\\\/#website\"},\"datePublished\":\"2014-04-14T14:08:18+00:00\",\"breadcrumb\":{\"@id\":\"https:\\\/\\\/fieam.org.br\\\/sesi\\\/cozinha-brasil-da-dicas-de-alimentacao-saudavel-na-casa-vhida\\\/#breadcrumb\"},\"inLanguage\":\"pt-BR\",\"potentialAction\":[{\"@type\":\"ReadAction\",\"target\":[\"https:\\\/\\\/fieam.org.br\\\/sesi\\\/cozinha-brasil-da-dicas-de-alimentacao-saudavel-na-casa-vhida\\\/\"]}]},{\"@type\":\"BreadcrumbList\",\"@id\":\"https:\\\/\\\/fieam.org.br\\\/sesi\\\/cozinha-brasil-da-dicas-de-alimentacao-saudavel-na-casa-vhida\\\/#breadcrumb\",\"itemListElement\":[{\"@type\":\"ListItem\",\"position\":1,\"name\":\"In\u00edcio\",\"item\":\"https:\\\/\\\/fieam.org.br\\\/sesi\\\/\"},{\"@type\":\"ListItem\",\"position\":2,\"name\":\"Cozinha Brasil d\u00e1 dicas de alimenta\u00e7\u00e3o saud\u00e1vel na Casa Vhida\"}]},{\"@type\":\"WebSite\",\"@id\":\"https:\\\/\\\/fieam.org.br\\\/sesi\\\/#website\",\"url\":\"https:\\\/\\\/fieam.org.br\\\/sesi\\\/\",\"name\":\"SESI\",\"description\":\"Site Oficial!\",\"publisher\":{\"@id\":\"https:\\\/\\\/fieam.org.br\\\/sesi\\\/#organization\"},\"potentialAction\":[{\"@type\":\"SearchAction\",\"target\":{\"@type\":\"EntryPoint\",\"urlTemplate\":\"https:\\\/\\\/fieam.org.br\\\/sesi\\\/?s={search_term_string}\"},\"query-input\":{\"@type\":\"PropertyValueSpecification\",\"valueRequired\":true,\"valueName\":\"search_term_string\"}}],\"inLanguage\":\"pt-BR\"},{\"@type\":\"Organization\",\"@id\":\"https:\\\/\\\/fieam.org.br\\\/sesi\\\/#organization\",\"name\":\"SESI\",\"url\":\"https:\\\/\\\/fieam.org.br\\\/sesi\\\/\",\"logo\":{\"@type\":\"ImageObject\",\"inLanguage\":\"pt-BR\",\"@id\":\"https:\\\/\\\/fieam.org.br\\\/sesi\\\/#\\\/schema\\\/logo\\\/image\\\/\",\"url\":\"https:\\\/\\\/fieam.org.br\\\/sesi\\\/wp-content\\\/uploads\\\/sites\\\/14\\\/2024\\\/03\\\/cropped-fav.png\",\"contentUrl\":\"https:\\\/\\\/fieam.org.br\\\/sesi\\\/wp-content\\\/uploads\\\/sites\\\/14\\\/2024\\\/03\\\/cropped-fav.png\",\"width\":610,\"height\":589,\"caption\":\"SESI\"},\"image\":{\"@id\":\"https:\\\/\\\/fieam.org.br\\\/sesi\\\/#\\\/schema\\\/logo\\\/image\\\/\"}},{\"@type\":\"Person\",\"@id\":\"https:\\\/\\\/fieam.org.br\\\/sesi\\\/#\\\/schema\\\/person\\\/f54998dd14d5f0695b41444f2b01c31e\",\"name\":\"Autor\",\"image\":{\"@type\":\"ImageObject\",\"inLanguage\":\"pt-BR\",\"@id\":\"https:\\\/\\\/secure.gravatar.com\\\/avatar\\\/3732c223e0e1fad69062a8f770955c9068d37b055204f310a0be18d4069fe380?s=96&d=mm&r=g\",\"url\":\"https:\\\/\\\/secure.gravatar.com\\\/avatar\\\/3732c223e0e1fad69062a8f770955c9068d37b055204f310a0be18d4069fe380?s=96&d=mm&r=g\",\"contentUrl\":\"https:\\\/\\\/secure.gravatar.com\\\/avatar\\\/3732c223e0e1fad69062a8f770955c9068d37b055204f310a0be18d4069fe380?s=96&d=mm&r=g\",\"caption\":\"Autor\"},\"sameAs\":[\"https:\\\/\\\/marketingmassivo.com.br\"],\"url\":\"https:\\\/\\\/fieam.org.br\\\/sesi\\\/author\\\/admin\\\/\"}]}<\/script>\n<!-- \/ Yoast SEO plugin. -->","yoast_head_json":{"title":"Cozinha Brasil d\u00e1 dicas de alimenta\u00e7\u00e3o saud\u00e1vel na Casa Vhida - SESI","robots":{"index":"index","follow":"follow","max-snippet":"max-snippet:-1","max-image-preview":"max-image-preview:large","max-video-preview":"max-video-preview:-1"},"canonical":"https:\/\/fieam.org.br\/sesi\/cozinha-brasil-da-dicas-de-alimentacao-saudavel-na-casa-vhida\/","og_locale":"pt_BR","og_type":"article","og_title":"Cozinha Brasil d\u00e1 dicas de alimenta\u00e7\u00e3o saud\u00e1vel na Casa Vhida - SESI","og_description":"O Servi\u00e7o Social da Ind\u00fastria (SESI Amazonas) realizou de 8 a 10 de abril o curso Especial de P\u00e1scoa do Programa SESI Cozinha Brasil, direcionado a m\u00e3es das crian\u00e7as e adolescentes assistidas pela Associa\u00e7\u00e3o de Apoio \u00e0 Crian\u00e7a com HIV (Casa Vhida) e pessoas da comunidade. Os participantes aprenderam, em dez horas de curso, como [&hellip;]","og_url":"https:\/\/fieam.org.br\/sesi\/cozinha-brasil-da-dicas-de-alimentacao-saudavel-na-casa-vhida\/","og_site_name":"SESI","article_published_time":"2014-04-14T14:08:18+00:00","author":"Autor","twitter_card":"summary_large_image","twitter_misc":{"Escrito por":"Autor","Est. tempo de leitura":"4 minutos"},"schema":{"@context":"https:\/\/schema.org","@graph":[{"@type":"Article","@id":"https:\/\/fieam.org.br\/sesi\/cozinha-brasil-da-dicas-de-alimentacao-saudavel-na-casa-vhida\/#article","isPartOf":{"@id":"https:\/\/fieam.org.br\/sesi\/cozinha-brasil-da-dicas-de-alimentacao-saudavel-na-casa-vhida\/"},"author":{"name":"Autor","@id":"https:\/\/fieam.org.br\/sesi\/#\/schema\/person\/f54998dd14d5f0695b41444f2b01c31e"},"headline":"Cozinha Brasil d\u00e1 dicas de alimenta\u00e7\u00e3o saud\u00e1vel na Casa Vhida","datePublished":"2014-04-14T14:08:18+00:00","mainEntityOfPage":{"@id":"https:\/\/fieam.org.br\/sesi\/cozinha-brasil-da-dicas-de-alimentacao-saudavel-na-casa-vhida\/"},"wordCount":746,"commentCount":0,"publisher":{"@id":"https:\/\/fieam.org.br\/sesi\/#organization"},"articleSection":["News"],"inLanguage":"pt-BR","potentialAction":[{"@type":"CommentAction","name":"Comment","target":["https:\/\/fieam.org.br\/sesi\/cozinha-brasil-da-dicas-de-alimentacao-saudavel-na-casa-vhida\/#respond"]}]},{"@type":"WebPage","@id":"https:\/\/fieam.org.br\/sesi\/cozinha-brasil-da-dicas-de-alimentacao-saudavel-na-casa-vhida\/","url":"https:\/\/fieam.org.br\/sesi\/cozinha-brasil-da-dicas-de-alimentacao-saudavel-na-casa-vhida\/","name":"Cozinha Brasil d\u00e1 dicas de alimenta\u00e7\u00e3o saud\u00e1vel na Casa Vhida - SESI","isPartOf":{"@id":"https:\/\/fieam.org.br\/sesi\/#website"},"datePublished":"2014-04-14T14:08:18+00:00","breadcrumb":{"@id":"https:\/\/fieam.org.br\/sesi\/cozinha-brasil-da-dicas-de-alimentacao-saudavel-na-casa-vhida\/#breadcrumb"},"inLanguage":"pt-BR","potentialAction":[{"@type":"ReadAction","target":["https:\/\/fieam.org.br\/sesi\/cozinha-brasil-da-dicas-de-alimentacao-saudavel-na-casa-vhida\/"]}]},{"@type":"BreadcrumbList","@id":"https:\/\/fieam.org.br\/sesi\/cozinha-brasil-da-dicas-de-alimentacao-saudavel-na-casa-vhida\/#breadcrumb","itemListElement":[{"@type":"ListItem","position":1,"name":"In\u00edcio","item":"https:\/\/fieam.org.br\/sesi\/"},{"@type":"ListItem","position":2,"name":"Cozinha Brasil d\u00e1 dicas de alimenta\u00e7\u00e3o saud\u00e1vel na Casa Vhida"}]},{"@type":"WebSite","@id":"https:\/\/fieam.org.br\/sesi\/#website","url":"https:\/\/fieam.org.br\/sesi\/","name":"SESI","description":"Site Oficial!","publisher":{"@id":"https:\/\/fieam.org.br\/sesi\/#organization"},"potentialAction":[{"@type":"SearchAction","target":{"@type":"EntryPoint","urlTemplate":"https:\/\/fieam.org.br\/sesi\/?s={search_term_string}"},"query-input":{"@type":"PropertyValueSpecification","valueRequired":true,"valueName":"search_term_string"}}],"inLanguage":"pt-BR"},{"@type":"Organization","@id":"https:\/\/fieam.org.br\/sesi\/#organization","name":"SESI","url":"https:\/\/fieam.org.br\/sesi\/","logo":{"@type":"ImageObject","inLanguage":"pt-BR","@id":"https:\/\/fieam.org.br\/sesi\/#\/schema\/logo\/image\/","url":"https:\/\/fieam.org.br\/sesi\/wp-content\/uploads\/sites\/14\/2024\/03\/cropped-fav.png","contentUrl":"https:\/\/fieam.org.br\/sesi\/wp-content\/uploads\/sites\/14\/2024\/03\/cropped-fav.png","width":610,"height":589,"caption":"SESI"},"image":{"@id":"https:\/\/fieam.org.br\/sesi\/#\/schema\/logo\/image\/"}},{"@type":"Person","@id":"https:\/\/fieam.org.br\/sesi\/#\/schema\/person\/f54998dd14d5f0695b41444f2b01c31e","name":"Autor","image":{"@type":"ImageObject","inLanguage":"pt-BR","@id":"https:\/\/secure.gravatar.com\/avatar\/3732c223e0e1fad69062a8f770955c9068d37b055204f310a0be18d4069fe380?s=96&d=mm&r=g","url":"https:\/\/secure.gravatar.com\/avatar\/3732c223e0e1fad69062a8f770955c9068d37b055204f310a0be18d4069fe380?s=96&d=mm&r=g","contentUrl":"https:\/\/secure.gravatar.com\/avatar\/3732c223e0e1fad69062a8f770955c9068d37b055204f310a0be18d4069fe380?s=96&d=mm&r=g","caption":"Autor"},"sameAs":["https:\/\/marketingmassivo.com.br"],"url":"https:\/\/fieam.org.br\/sesi\/author\/admin\/"}]}},"_links":{"self":[{"href":"https:\/\/fieam.org.br\/sesi\/wp-json\/wp\/v2\/posts\/5381","targetHints":{"allow":["GET"]}}],"collection":[{"href":"https:\/\/fieam.org.br\/sesi\/wp-json\/wp\/v2\/posts"}],"about":[{"href":"https:\/\/fieam.org.br\/sesi\/wp-json\/wp\/v2\/types\/post"}],"author":[{"embeddable":true,"href":"https:\/\/fieam.org.br\/sesi\/wp-json\/wp\/v2\/users\/1"}],"replies":[{"embeddable":true,"href":"https:\/\/fieam.org.br\/sesi\/wp-json\/wp\/v2\/comments?post=5381"}],"version-history":[{"count":0,"href":"https:\/\/fieam.org.br\/sesi\/wp-json\/wp\/v2\/posts\/5381\/revisions"}],"wp:attachment":[{"href":"https:\/\/fieam.org.br\/sesi\/wp-json\/wp\/v2\/media?parent=5381"}],"wp:term":[{"taxonomy":"category","embeddable":true,"href":"https:\/\/fieam.org.br\/sesi\/wp-json\/wp\/v2\/categories?post=5381"},{"taxonomy":"post_tag","embeddable":true,"href":"https:\/\/fieam.org.br\/sesi\/wp-json\/wp\/v2\/tags?post=5381"}],"curies":[{"name":"wp","href":"https:\/\/api.w.org\/{rel}","templated":true}]}}