{"id":5370,"date":"2014-04-08T21:01:33","date_gmt":"2014-04-08T21:01:33","guid":{"rendered":"http:\/\/www.fieam.org.br\/site\/sesi\/?p=5370"},"modified":"2014-04-08T21:01:33","modified_gmt":"2014-04-08T21:01:33","slug":"conexao-mundo-para-30-alunos-do-sesi-e-senai-amazonas","status":"publish","type":"post","link":"https:\/\/fieam.org.br\/sesi\/conexao-mundo-para-30-alunos-do-sesi-e-senai-amazonas\/","title":{"rendered":"Conex\u00e3o Mundo para 30 alunos do SESI e SENAI Amazonas"},"content":{"rendered":"<p align=\"center\"><i>Programa de interc\u00e2mbio de l\u00ednguas para estudantes do Ensino B\u00e1sico e do Ensino Profissional (EBEP)<\/i><\/p>\n<p align=\"center\"><i>\u00a0<\/i><\/p>\n<p>Trinta alunos do Servi\u00e7o Social da Ind\u00fastria (SESI\/AM) e Servi\u00e7o Nacional de Aprendizagem Industrial (SENAI\/AM) v\u00e3o participar do Programa Conex\u00e3o Mundo 2014, um curso de ingl\u00eas inovador que ocorre nas escolas do Sistema Ind\u00fastria em parceria com a Rede Nacional SESI\/SENAI e com US-Brazil Connect.<\/p>\n<p>Neste ano, o programa disponibilizar\u00e1 em todo territ\u00f3rio brasileiro duas mil vagas, contemplando al\u00e9m de alunos das unidades do SESI\/SENAI, os de escolas p\u00fablicas. Vale destacar que o Programa Conex\u00e3o Mundo se iniciou em 2012, atendendo 200 estudantes de Salvador e, na edi\u00e7\u00e3o de 2013 o programa se estendeu para 800 participantes de sete estados.<\/p>\n<p>A pedagoga respons\u00e1vel pelo programa no Regional Amazonas, Patr\u00edcia de Souza, ressalta que o objetivo \u00e9 promover maior interesse dos jovens pelo idioma ingl\u00eas e elevar o n\u00edvel de conhecimento desta l\u00edngua. O programa \u00e9 oferecido gratuitamente aos alunos inseridos na educa\u00e7\u00e3o articulada do SESI e SENAI do Ensino B\u00e1sico e do Ensino Profissional (EBEP).<\/p>\n<p>O conte\u00fado program\u00e1tico de 340 horas \u00e9 distribu\u00eddo em tr\u00eas etapas: duas de aulas a dist\u00e2ncia, na modalidade virtual, e uma de aula presencial, com a vinda de monitores americanos para o Brasil. Os alunos devem cumprir a programa\u00e7\u00e3o de 160 horas a dist\u00e2ncia, 80 horas presenciais e 100 horas de utiliza\u00e7\u00e3o da plataforma virtual pedag\u00f3gica.<\/p>\n<p>\u201cAs aulas v\u00e3o come\u00e7ar na segunda-feira (dia 14) para os 30 candidatos do 1\u00ba e 2\u00ba ano do Ensino M\u00e9dio do SESI da Unidade de Educa\u00e7\u00e3o Dra. Emina Barbosa Mustafa, localizada no bairro S. Jos\u00e9 I. Estes alunos ficam na escola por tempo integral para tamb\u00e9m participar do ensino profissionalizante, ministrados por instrutores do SENAI nos cursos de Assistente Administrativo e de T\u00e9cnico em Administra\u00e7\u00e3o\u201d, explicou a coordenadora e supervisora pedag\u00f3gica do Programa Conex\u00e3o Mundo no Amazonas, Luana da Silva.<\/p>\n<p>O conte\u00fado em ingl\u00eas \u00e9 realizado em casa ou na pr\u00f3pria unidade do SESI nos hor\u00e1rios de intervalo e\/ou de sa\u00edda dos adolescentes.\u00a0A primeira fase on-line do curso est\u00e1 voltada para a intera\u00e7\u00e3o entre os tutores e os estudantes brasileiros que passam a utilizar as ferramentas do\u00a0<i>Facebook<\/i>,\u00a0<i>Hangouts<\/i>\u00a0(bate-papos com\u00a0<i>webcam<\/i>\u00a0pelo Google)\u00a0e Plataforma do\u00a0<i>Longman\u00a0<\/i>no processo do ensino\/aprendizado.<\/p>\n<p>Ap\u00f3s os dois primeiros meses, os monitores norte-americanos chegam a Manaus para realizar a etapa presencial de 30 dias, que ocorrer\u00e1 no m\u00eas de f\u00e9rias dos alunos para n\u00e3o atrapalhar o conte\u00fado da programa\u00e7\u00e3o integral de educa\u00e7\u00e3o b\u00e1sica do SESI e educa\u00e7\u00e3o profissional do SENAI.<\/p>\n<p>Os monitores selecionados pela ONG US-Brazil Connect s\u00e3o jovens americanos com idade pr\u00f3xima dos participantes do Conex\u00e3o Mundo para que a linguagem e a comunica\u00e7\u00e3o entre monitor e aluno estejam na mesma sintonia. Vale ressaltar que os americanos tamb\u00e9m s\u00e3o estudantes de escolas profissionalizantes. Com a conclus\u00e3o da fase presencial, os alunos seguem para a terceira fase com mais dois meses de aulas pela internet.<\/p>\n<p>Ao final do conte\u00fado, os dois alunos com melhores notas no curso ser\u00e3o selecionados para fazer parte da turma\u00a0que passar\u00e1 15 dias nos Estados Unidos. Na viagem, eles ficam em casas de fam\u00edlia, conhecem escolas, universidades, museus, entre outros, tudo para colocar em pr\u00e1tica o conte\u00fado aprendido nos seis meses de curso.<\/p>\n","protected":false},"excerpt":{"rendered":"<p>Programa de interc\u00e2mbio de l\u00ednguas para estudantes do Ensino B\u00e1sico e do Ensino Profissional (EBEP) \u00a0 Trinta alunos do Servi\u00e7o Social da Ind\u00fastria (SESI\/AM) e Servi\u00e7o Nacional de Aprendizagem Industrial (SENAI\/AM) v\u00e3o participar do Programa Conex\u00e3o Mundo 2014, um curso de ingl\u00eas inovador que ocorre nas escolas do Sistema Ind\u00fastria em parceria com a Rede [&hellip;]<\/p>\n","protected":false},"author":1,"featured_media":0,"comment_status":"open","ping_status":"open","sticky":false,"template":"","format":"standard","meta":{"footnotes":""},"categories":[25],"tags":[],"class_list":["post-5370","post","type-post","status-publish","format-standard","hentry","category-news"],"yoast_head":"<!-- This site is optimized with the Yoast SEO plugin v28.2 - https:\/\/yoast.com\/product\/yoast-seo-wordpress\/ -->\n<title>Conex\u00e3o Mundo para 30 alunos do SESI e SENAI Amazonas - SESI<\/title>\n<meta name=\"robots\" content=\"index, follow, max-snippet:-1, max-image-preview:large, max-video-preview:-1\" \/>\n<link rel=\"canonical\" href=\"https:\/\/fieam.org.br\/sesi\/conexao-mundo-para-30-alunos-do-sesi-e-senai-amazonas\/\" \/>\n<meta property=\"og:locale\" content=\"pt_BR\" \/>\n<meta property=\"og:type\" content=\"article\" \/>\n<meta property=\"og:title\" content=\"Conex\u00e3o Mundo para 30 alunos do SESI e SENAI Amazonas - SESI\" \/>\n<meta property=\"og:description\" content=\"Programa de interc\u00e2mbio de l\u00ednguas para estudantes do Ensino B\u00e1sico e do Ensino Profissional (EBEP) \u00a0 Trinta alunos do Servi\u00e7o Social da Ind\u00fastria (SESI\/AM) e Servi\u00e7o Nacional de Aprendizagem Industrial (SENAI\/AM) v\u00e3o participar do Programa Conex\u00e3o Mundo 2014, um curso de ingl\u00eas inovador que ocorre nas escolas do Sistema Ind\u00fastria em parceria com a Rede [&hellip;]\" \/>\n<meta property=\"og:url\" content=\"https:\/\/fieam.org.br\/sesi\/conexao-mundo-para-30-alunos-do-sesi-e-senai-amazonas\/\" \/>\n<meta property=\"og:site_name\" content=\"SESI\" \/>\n<meta property=\"article:published_time\" content=\"2014-04-08T21:01:33+00:00\" \/>\n<meta name=\"author\" content=\"Autor\" \/>\n<meta name=\"twitter:card\" content=\"summary_large_image\" \/>\n<meta name=\"twitter:label1\" content=\"Escrito por\" \/>\n\t<meta name=\"twitter:data1\" content=\"Autor\" \/>\n\t<meta name=\"twitter:label2\" content=\"Est. tempo de leitura\" \/>\n\t<meta name=\"twitter:data2\" content=\"3 minutos\" \/>\n<script type=\"application\/ld+json\" class=\"yoast-schema-graph\">{\"@context\":\"https:\\\/\\\/schema.org\",\"@graph\":[{\"@type\":\"Article\",\"@id\":\"https:\\\/\\\/fieam.org.br\\\/sesi\\\/conexao-mundo-para-30-alunos-do-sesi-e-senai-amazonas\\\/#article\",\"isPartOf\":{\"@id\":\"https:\\\/\\\/fieam.org.br\\\/sesi\\\/conexao-mundo-para-30-alunos-do-sesi-e-senai-amazonas\\\/\"},\"author\":{\"name\":\"Autor\",\"@id\":\"https:\\\/\\\/fieam.org.br\\\/sesi\\\/#\\\/schema\\\/person\\\/f54998dd14d5f0695b41444f2b01c31e\"},\"headline\":\"Conex\u00e3o Mundo para 30 alunos do SESI e SENAI Amazonas\",\"datePublished\":\"2014-04-08T21:01:33+00:00\",\"mainEntityOfPage\":{\"@id\":\"https:\\\/\\\/fieam.org.br\\\/sesi\\\/conexao-mundo-para-30-alunos-do-sesi-e-senai-amazonas\\\/\"},\"wordCount\":596,\"commentCount\":0,\"publisher\":{\"@id\":\"https:\\\/\\\/fieam.org.br\\\/sesi\\\/#organization\"},\"articleSection\":[\"News\"],\"inLanguage\":\"pt-BR\",\"potentialAction\":[{\"@type\":\"CommentAction\",\"name\":\"Comment\",\"target\":[\"https:\\\/\\\/fieam.org.br\\\/sesi\\\/conexao-mundo-para-30-alunos-do-sesi-e-senai-amazonas\\\/#respond\"]}]},{\"@type\":\"WebPage\",\"@id\":\"https:\\\/\\\/fieam.org.br\\\/sesi\\\/conexao-mundo-para-30-alunos-do-sesi-e-senai-amazonas\\\/\",\"url\":\"https:\\\/\\\/fieam.org.br\\\/sesi\\\/conexao-mundo-para-30-alunos-do-sesi-e-senai-amazonas\\\/\",\"name\":\"Conex\u00e3o Mundo para 30 alunos do SESI e SENAI Amazonas - SESI\",\"isPartOf\":{\"@id\":\"https:\\\/\\\/fieam.org.br\\\/sesi\\\/#website\"},\"datePublished\":\"2014-04-08T21:01:33+00:00\",\"breadcrumb\":{\"@id\":\"https:\\\/\\\/fieam.org.br\\\/sesi\\\/conexao-mundo-para-30-alunos-do-sesi-e-senai-amazonas\\\/#breadcrumb\"},\"inLanguage\":\"pt-BR\",\"potentialAction\":[{\"@type\":\"ReadAction\",\"target\":[\"https:\\\/\\\/fieam.org.br\\\/sesi\\\/conexao-mundo-para-30-alunos-do-sesi-e-senai-amazonas\\\/\"]}]},{\"@type\":\"BreadcrumbList\",\"@id\":\"https:\\\/\\\/fieam.org.br\\\/sesi\\\/conexao-mundo-para-30-alunos-do-sesi-e-senai-amazonas\\\/#breadcrumb\",\"itemListElement\":[{\"@type\":\"ListItem\",\"position\":1,\"name\":\"In\u00edcio\",\"item\":\"https:\\\/\\\/fieam.org.br\\\/sesi\\\/\"},{\"@type\":\"ListItem\",\"position\":2,\"name\":\"Conex\u00e3o Mundo para 30 alunos do SESI e SENAI Amazonas\"}]},{\"@type\":\"WebSite\",\"@id\":\"https:\\\/\\\/fieam.org.br\\\/sesi\\\/#website\",\"url\":\"https:\\\/\\\/fieam.org.br\\\/sesi\\\/\",\"name\":\"SESI\",\"description\":\"Site Oficial!\",\"publisher\":{\"@id\":\"https:\\\/\\\/fieam.org.br\\\/sesi\\\/#organization\"},\"potentialAction\":[{\"@type\":\"SearchAction\",\"target\":{\"@type\":\"EntryPoint\",\"urlTemplate\":\"https:\\\/\\\/fieam.org.br\\\/sesi\\\/?s={search_term_string}\"},\"query-input\":{\"@type\":\"PropertyValueSpecification\",\"valueRequired\":true,\"valueName\":\"search_term_string\"}}],\"inLanguage\":\"pt-BR\"},{\"@type\":\"Organization\",\"@id\":\"https:\\\/\\\/fieam.org.br\\\/sesi\\\/#organization\",\"name\":\"SESI\",\"url\":\"https:\\\/\\\/fieam.org.br\\\/sesi\\\/\",\"logo\":{\"@type\":\"ImageObject\",\"inLanguage\":\"pt-BR\",\"@id\":\"https:\\\/\\\/fieam.org.br\\\/sesi\\\/#\\\/schema\\\/logo\\\/image\\\/\",\"url\":\"https:\\\/\\\/fieam.org.br\\\/sesi\\\/wp-content\\\/uploads\\\/sites\\\/14\\\/2024\\\/03\\\/cropped-fav.png\",\"contentUrl\":\"https:\\\/\\\/fieam.org.br\\\/sesi\\\/wp-content\\\/uploads\\\/sites\\\/14\\\/2024\\\/03\\\/cropped-fav.png\",\"width\":610,\"height\":589,\"caption\":\"SESI\"},\"image\":{\"@id\":\"https:\\\/\\\/fieam.org.br\\\/sesi\\\/#\\\/schema\\\/logo\\\/image\\\/\"}},{\"@type\":\"Person\",\"@id\":\"https:\\\/\\\/fieam.org.br\\\/sesi\\\/#\\\/schema\\\/person\\\/f54998dd14d5f0695b41444f2b01c31e\",\"name\":\"Autor\",\"image\":{\"@type\":\"ImageObject\",\"inLanguage\":\"pt-BR\",\"@id\":\"https:\\\/\\\/secure.gravatar.com\\\/avatar\\\/3732c223e0e1fad69062a8f770955c9068d37b055204f310a0be18d4069fe380?s=96&d=mm&r=g\",\"url\":\"https:\\\/\\\/secure.gravatar.com\\\/avatar\\\/3732c223e0e1fad69062a8f770955c9068d37b055204f310a0be18d4069fe380?s=96&d=mm&r=g\",\"contentUrl\":\"https:\\\/\\\/secure.gravatar.com\\\/avatar\\\/3732c223e0e1fad69062a8f770955c9068d37b055204f310a0be18d4069fe380?s=96&d=mm&r=g\",\"caption\":\"Autor\"},\"sameAs\":[\"https:\\\/\\\/marketingmassivo.com.br\"],\"url\":\"https:\\\/\\\/fieam.org.br\\\/sesi\\\/author\\\/admin\\\/\"}]}<\/script>\n<!-- \/ Yoast SEO plugin. -->","yoast_head_json":{"title":"Conex\u00e3o Mundo para 30 alunos do SESI e SENAI Amazonas - SESI","robots":{"index":"index","follow":"follow","max-snippet":"max-snippet:-1","max-image-preview":"max-image-preview:large","max-video-preview":"max-video-preview:-1"},"canonical":"https:\/\/fieam.org.br\/sesi\/conexao-mundo-para-30-alunos-do-sesi-e-senai-amazonas\/","og_locale":"pt_BR","og_type":"article","og_title":"Conex\u00e3o Mundo para 30 alunos do SESI e SENAI Amazonas - SESI","og_description":"Programa de interc\u00e2mbio de l\u00ednguas para estudantes do Ensino B\u00e1sico e do Ensino Profissional (EBEP) \u00a0 Trinta alunos do Servi\u00e7o Social da Ind\u00fastria (SESI\/AM) e Servi\u00e7o Nacional de Aprendizagem Industrial (SENAI\/AM) v\u00e3o participar do Programa Conex\u00e3o Mundo 2014, um curso de ingl\u00eas inovador que ocorre nas escolas do Sistema Ind\u00fastria em parceria com a Rede [&hellip;]","og_url":"https:\/\/fieam.org.br\/sesi\/conexao-mundo-para-30-alunos-do-sesi-e-senai-amazonas\/","og_site_name":"SESI","article_published_time":"2014-04-08T21:01:33+00:00","author":"Autor","twitter_card":"summary_large_image","twitter_misc":{"Escrito por":"Autor","Est. tempo de leitura":"3 minutos"},"schema":{"@context":"https:\/\/schema.org","@graph":[{"@type":"Article","@id":"https:\/\/fieam.org.br\/sesi\/conexao-mundo-para-30-alunos-do-sesi-e-senai-amazonas\/#article","isPartOf":{"@id":"https:\/\/fieam.org.br\/sesi\/conexao-mundo-para-30-alunos-do-sesi-e-senai-amazonas\/"},"author":{"name":"Autor","@id":"https:\/\/fieam.org.br\/sesi\/#\/schema\/person\/f54998dd14d5f0695b41444f2b01c31e"},"headline":"Conex\u00e3o Mundo para 30 alunos do SESI e SENAI Amazonas","datePublished":"2014-04-08T21:01:33+00:00","mainEntityOfPage":{"@id":"https:\/\/fieam.org.br\/sesi\/conexao-mundo-para-30-alunos-do-sesi-e-senai-amazonas\/"},"wordCount":596,"commentCount":0,"publisher":{"@id":"https:\/\/fieam.org.br\/sesi\/#organization"},"articleSection":["News"],"inLanguage":"pt-BR","potentialAction":[{"@type":"CommentAction","name":"Comment","target":["https:\/\/fieam.org.br\/sesi\/conexao-mundo-para-30-alunos-do-sesi-e-senai-amazonas\/#respond"]}]},{"@type":"WebPage","@id":"https:\/\/fieam.org.br\/sesi\/conexao-mundo-para-30-alunos-do-sesi-e-senai-amazonas\/","url":"https:\/\/fieam.org.br\/sesi\/conexao-mundo-para-30-alunos-do-sesi-e-senai-amazonas\/","name":"Conex\u00e3o Mundo para 30 alunos do SESI e SENAI Amazonas - SESI","isPartOf":{"@id":"https:\/\/fieam.org.br\/sesi\/#website"},"datePublished":"2014-04-08T21:01:33+00:00","breadcrumb":{"@id":"https:\/\/fieam.org.br\/sesi\/conexao-mundo-para-30-alunos-do-sesi-e-senai-amazonas\/#breadcrumb"},"inLanguage":"pt-BR","potentialAction":[{"@type":"ReadAction","target":["https:\/\/fieam.org.br\/sesi\/conexao-mundo-para-30-alunos-do-sesi-e-senai-amazonas\/"]}]},{"@type":"BreadcrumbList","@id":"https:\/\/fieam.org.br\/sesi\/conexao-mundo-para-30-alunos-do-sesi-e-senai-amazonas\/#breadcrumb","itemListElement":[{"@type":"ListItem","position":1,"name":"In\u00edcio","item":"https:\/\/fieam.org.br\/sesi\/"},{"@type":"ListItem","position":2,"name":"Conex\u00e3o Mundo para 30 alunos do SESI e SENAI Amazonas"}]},{"@type":"WebSite","@id":"https:\/\/fieam.org.br\/sesi\/#website","url":"https:\/\/fieam.org.br\/sesi\/","name":"SESI","description":"Site Oficial!","publisher":{"@id":"https:\/\/fieam.org.br\/sesi\/#organization"},"potentialAction":[{"@type":"SearchAction","target":{"@type":"EntryPoint","urlTemplate":"https:\/\/fieam.org.br\/sesi\/?s={search_term_string}"},"query-input":{"@type":"PropertyValueSpecification","valueRequired":true,"valueName":"search_term_string"}}],"inLanguage":"pt-BR"},{"@type":"Organization","@id":"https:\/\/fieam.org.br\/sesi\/#organization","name":"SESI","url":"https:\/\/fieam.org.br\/sesi\/","logo":{"@type":"ImageObject","inLanguage":"pt-BR","@id":"https:\/\/fieam.org.br\/sesi\/#\/schema\/logo\/image\/","url":"https:\/\/fieam.org.br\/sesi\/wp-content\/uploads\/sites\/14\/2024\/03\/cropped-fav.png","contentUrl":"https:\/\/fieam.org.br\/sesi\/wp-content\/uploads\/sites\/14\/2024\/03\/cropped-fav.png","width":610,"height":589,"caption":"SESI"},"image":{"@id":"https:\/\/fieam.org.br\/sesi\/#\/schema\/logo\/image\/"}},{"@type":"Person","@id":"https:\/\/fieam.org.br\/sesi\/#\/schema\/person\/f54998dd14d5f0695b41444f2b01c31e","name":"Autor","image":{"@type":"ImageObject","inLanguage":"pt-BR","@id":"https:\/\/secure.gravatar.com\/avatar\/3732c223e0e1fad69062a8f770955c9068d37b055204f310a0be18d4069fe380?s=96&d=mm&r=g","url":"https:\/\/secure.gravatar.com\/avatar\/3732c223e0e1fad69062a8f770955c9068d37b055204f310a0be18d4069fe380?s=96&d=mm&r=g","contentUrl":"https:\/\/secure.gravatar.com\/avatar\/3732c223e0e1fad69062a8f770955c9068d37b055204f310a0be18d4069fe380?s=96&d=mm&r=g","caption":"Autor"},"sameAs":["https:\/\/marketingmassivo.com.br"],"url":"https:\/\/fieam.org.br\/sesi\/author\/admin\/"}]}},"_links":{"self":[{"href":"https:\/\/fieam.org.br\/sesi\/wp-json\/wp\/v2\/posts\/5370","targetHints":{"allow":["GET"]}}],"collection":[{"href":"https:\/\/fieam.org.br\/sesi\/wp-json\/wp\/v2\/posts"}],"about":[{"href":"https:\/\/fieam.org.br\/sesi\/wp-json\/wp\/v2\/types\/post"}],"author":[{"embeddable":true,"href":"https:\/\/fieam.org.br\/sesi\/wp-json\/wp\/v2\/users\/1"}],"replies":[{"embeddable":true,"href":"https:\/\/fieam.org.br\/sesi\/wp-json\/wp\/v2\/comments?post=5370"}],"version-history":[{"count":0,"href":"https:\/\/fieam.org.br\/sesi\/wp-json\/wp\/v2\/posts\/5370\/revisions"}],"wp:attachment":[{"href":"https:\/\/fieam.org.br\/sesi\/wp-json\/wp\/v2\/media?parent=5370"}],"wp:term":[{"taxonomy":"category","embeddable":true,"href":"https:\/\/fieam.org.br\/sesi\/wp-json\/wp\/v2\/categories?post=5370"},{"taxonomy":"post_tag","embeddable":true,"href":"https:\/\/fieam.org.br\/sesi\/wp-json\/wp\/v2\/tags?post=5370"}],"curies":[{"name":"wp","href":"https:\/\/api.w.org\/{rel}","templated":true}]}}