{"id":5339,"date":"2014-03-31T13:43:35","date_gmt":"2014-03-31T13:43:35","guid":{"rendered":"http:\/\/www.fieam.org.br\/site\/sesi\/?p=5339"},"modified":"2014-03-31T13:43:35","modified_gmt":"2014-03-31T13:43:35","slug":"alunos-de-eja-do-sesi-realizam-1a-feira-das-nacoes","status":"publish","type":"post","link":"https:\/\/fieam.org.br\/sesi\/alunos-de-eja-do-sesi-realizam-1a-feira-das-nacoes\/","title":{"rendered":"Alunos de EJA do SESI realizam 1\u00aa Feira das Na\u00e7\u00f5es"},"content":{"rendered":"<figure id=\"attachment_5340\" aria-describedby=\"caption-attachment-5340\" style=\"width: 300px\" class=\"wp-caption alignleft\"><a href=\"http:\/\/www.fieam.org.br\/site\/sesi\/alunos-de-eja-do-sesi-realizam-1a-feira-das-nacoes\/alunos-fazem-abertura-da-1a-feiras-das-nacoes-com-desfile-de-bandeiras-representativas-de-cada-pais-participante\/\" rel=\"attachment wp-att-5340\"><img fetchpriority=\"high\" decoding=\"async\" class=\"wp-image-5340 \" alt=\"Alunos fazem abertura da 1\u00aa Feiras das Na\u00e7\u00f5es com desfile de bandeiras representativas de cada pa\u00eds participante\" src=\"http:\/\/www.fieam.org.br\/2015\/sesi\/wp-content\/uploads\/sites\/2\/2014\/03\/Alunos-fazem-abertura-da-1\u00aa-Feiras-das-Na\u00e7\u00f5es-com-desfile-de-bandeiras-representativas-de-cada-pa\u00eds-participante.jpg\" width=\"300\" height=\"200\" \/><\/a><figcaption id=\"caption-attachment-5340\" class=\"wp-caption-text\">Alunos fazem abertura da 1\u00aa Feiras das Na\u00e7\u00f5es com desfile de bandeiras representativas de cada pa\u00eds participante<\/figcaption><\/figure>\n<p>\u201cVoc\u00eas est\u00e3o aqui para desconstruir o dito de que papagaio velho n\u00e3o aprende a falar\u201d, disse a gerente de Educa\u00e7\u00e3o da EJA do SESI Amazonas, Cassandra Augusta Nascimento, ao dar boas vindas aos alunos presentes na 1\u00aa Feira das Na\u00e7\u00f5es, com participa\u00e7\u00e3o dos mais de 700 alunos de Educa\u00e7\u00e3o de Jovens e Adultos (EJA) do<a href=\"http:\/\/www.fieam.org.br\/site\/sesi\" target=\"_blank\" rel=\"noopener\">Servi\u00e7o Social da Ind\u00fastria (SESI Amazonas)<\/a>, das unidades CIT Dolores Garcia, Centro de Atividades Dr. Diocl\u00e9cio Corr\u00eaa (CAT 1) e Unidade de Educa\u00e7\u00e3o 3, realizado em 26 e 27 de mar\u00e7o.<\/p>\n<p>De acordo com a coordenadora da Feira das Na\u00e7\u00f5es, \u00c9rica Kelly Amorim, em meio a Copa do Mundo, professores da EJA viram a necessidade de mostrar aos alunos a import\u00e2ncia da l\u00edngua inglesa, e apresentar de forma din\u00e2mica, que n\u00e3o \u00e9 apenas no Brasil e Portugal em que a l\u00edngua portuguesa \u00e9 falada.<\/p>\n<p>Alunos participantes da Feira das Na\u00e7\u00f5es concentraram suas aten\u00e7\u00f5es em temas relacionados \u00e0 l\u00edngua portuguesa, inglesa, Artes, Hist\u00f3ria, Geografia, Sociologia e Filosofia. A Feira das Na\u00e7\u00f5es apresentou, de forma din\u00e2mica, por meio de pe\u00e7as teatrais e dan\u00e7as t\u00edpicas, aspectos culturais, sociais, pol\u00edticos e econ\u00f4micos dos pa\u00edses que t\u00eam como l\u00edngua oficial ou segundo idioma as l\u00ednguas inglesa e portuguesa. Catorze\u00a0 pa\u00edses foram representados, sendo 7 que falam a l\u00edngua portuguesa e 7 que falam a l\u00edngua inglesa.<\/p>\n<p>Como incentivo aos alunos, a melhor equipe foi premiada com um dia de lazer no Clube do Trabalhador SESI, localizado na Alameda Cosme e Ferreira, bairro S\u00e3o Jos\u00e9 I. A equipe campe\u00e3 foi da turma de alunos do 2\u00ba segmento (8\u00aa e 9\u00aa s\u00e9rie), que representou o Texas (Estados Unidos). Os alunos tiveram boa atua\u00e7\u00e3o nos crit\u00e9rios ornamenta\u00e7\u00e3o, dom\u00ednio de conte\u00fado, criatividade e organiza\u00e7\u00e3o.<\/p>\n<p>Os alunos oriundos da constru\u00e7\u00e3o civil foram representados pelos estudantes funcion\u00e1rios da\u00a0<a href=\"http:\/\/www.techcasa.com.br\/obras.asp\" target=\"_blank\" rel=\"noopener\">Techcasa<\/a>, que representou o Canad\u00e1. O aluno Fernando Marques, 33, do 1\u00ba segmento (1\u00aa a 5\u00aa s\u00e9rie), falou sobre Fred Rose, o primeiro deputado comunista do Canad\u00e1. \u201cRecebo apoio de professores, alunos e de minha fam\u00edlia para continuar aprendendo, e a Feira das Na\u00e7\u00f5es me deu oportunidade de conhecer um pouco sobre um homem que teve uma trajet\u00f3ria pol\u00edtica no Canad\u00e1, como Fred Rose\u201d, explicou Fernando sobre a import\u00e2ncia da EJA para mudan\u00e7a de vida.<\/p>\n<p>[nggallery id=230]<\/p>\n","protected":false},"excerpt":{"rendered":"<p>\u201cVoc\u00eas est\u00e3o aqui para desconstruir o dito de que papagaio velho n\u00e3o aprende a falar\u201d, disse a gerente de Educa\u00e7\u00e3o da EJA do SESI Amazonas, Cassandra Augusta Nascimento, ao dar boas vindas aos alunos presentes na 1\u00aa Feira das Na\u00e7\u00f5es, com participa\u00e7\u00e3o dos mais de 700 alunos de Educa\u00e7\u00e3o de Jovens e Adultos (EJA) doServi\u00e7o [&hellip;]<\/p>\n","protected":false},"author":1,"featured_media":0,"comment_status":"open","ping_status":"open","sticky":false,"template":"","format":"standard","meta":{"footnotes":""},"categories":[25],"tags":[],"class_list":["post-5339","post","type-post","status-publish","format-standard","hentry","category-news"],"yoast_head":"<!-- This site is optimized with the Yoast SEO plugin v28.2 - https:\/\/yoast.com\/product\/yoast-seo-wordpress\/ -->\n<title>Alunos de EJA do SESI realizam 1\u00aa Feira das Na\u00e7\u00f5es - SESI<\/title>\n<meta name=\"robots\" content=\"index, follow, max-snippet:-1, max-image-preview:large, max-video-preview:-1\" \/>\n<link rel=\"canonical\" href=\"https:\/\/fieam.org.br\/sesi\/alunos-de-eja-do-sesi-realizam-1a-feira-das-nacoes\/\" \/>\n<meta property=\"og:locale\" content=\"pt_BR\" \/>\n<meta property=\"og:type\" content=\"article\" \/>\n<meta property=\"og:title\" content=\"Alunos de EJA do SESI realizam 1\u00aa Feira das Na\u00e7\u00f5es - SESI\" \/>\n<meta property=\"og:description\" content=\"\u201cVoc\u00eas est\u00e3o aqui para desconstruir o dito de que papagaio velho n\u00e3o aprende a falar\u201d, disse a gerente de Educa\u00e7\u00e3o da EJA do SESI Amazonas, Cassandra Augusta Nascimento, ao dar boas vindas aos alunos presentes na 1\u00aa Feira das Na\u00e7\u00f5es, com participa\u00e7\u00e3o dos mais de 700 alunos de Educa\u00e7\u00e3o de Jovens e Adultos (EJA) doServi\u00e7o [&hellip;]\" \/>\n<meta property=\"og:url\" content=\"https:\/\/fieam.org.br\/sesi\/alunos-de-eja-do-sesi-realizam-1a-feira-das-nacoes\/\" \/>\n<meta property=\"og:site_name\" content=\"SESI\" \/>\n<meta property=\"article:published_time\" content=\"2014-03-31T13:43:35+00:00\" \/>\n<meta name=\"author\" content=\"Autor\" \/>\n<meta name=\"twitter:card\" content=\"summary_large_image\" \/>\n<meta name=\"twitter:label1\" content=\"Escrito por\" \/>\n\t<meta name=\"twitter:data1\" content=\"Autor\" \/>\n\t<meta name=\"twitter:label2\" content=\"Est. tempo de leitura\" \/>\n\t<meta name=\"twitter:data2\" content=\"2 minutos\" \/>\n<script type=\"application\/ld+json\" class=\"yoast-schema-graph\">{\"@context\":\"https:\\\/\\\/schema.org\",\"@graph\":[{\"@type\":\"Article\",\"@id\":\"https:\\\/\\\/fieam.org.br\\\/sesi\\\/alunos-de-eja-do-sesi-realizam-1a-feira-das-nacoes\\\/#article\",\"isPartOf\":{\"@id\":\"https:\\\/\\\/fieam.org.br\\\/sesi\\\/alunos-de-eja-do-sesi-realizam-1a-feira-das-nacoes\\\/\"},\"author\":{\"name\":\"Autor\",\"@id\":\"https:\\\/\\\/fieam.org.br\\\/sesi\\\/#\\\/schema\\\/person\\\/f54998dd14d5f0695b41444f2b01c31e\"},\"headline\":\"Alunos de EJA do SESI realizam 1\u00aa Feira das Na\u00e7\u00f5es\",\"datePublished\":\"2014-03-31T13:43:35+00:00\",\"mainEntityOfPage\":{\"@id\":\"https:\\\/\\\/fieam.org.br\\\/sesi\\\/alunos-de-eja-do-sesi-realizam-1a-feira-das-nacoes\\\/\"},\"wordCount\":439,\"commentCount\":0,\"publisher\":{\"@id\":\"https:\\\/\\\/fieam.org.br\\\/sesi\\\/#organization\"},\"articleSection\":[\"News\"],\"inLanguage\":\"pt-BR\",\"potentialAction\":[{\"@type\":\"CommentAction\",\"name\":\"Comment\",\"target\":[\"https:\\\/\\\/fieam.org.br\\\/sesi\\\/alunos-de-eja-do-sesi-realizam-1a-feira-das-nacoes\\\/#respond\"]}]},{\"@type\":\"WebPage\",\"@id\":\"https:\\\/\\\/fieam.org.br\\\/sesi\\\/alunos-de-eja-do-sesi-realizam-1a-feira-das-nacoes\\\/\",\"url\":\"https:\\\/\\\/fieam.org.br\\\/sesi\\\/alunos-de-eja-do-sesi-realizam-1a-feira-das-nacoes\\\/\",\"name\":\"Alunos de EJA do SESI realizam 1\u00aa Feira das Na\u00e7\u00f5es - SESI\",\"isPartOf\":{\"@id\":\"https:\\\/\\\/fieam.org.br\\\/sesi\\\/#website\"},\"datePublished\":\"2014-03-31T13:43:35+00:00\",\"breadcrumb\":{\"@id\":\"https:\\\/\\\/fieam.org.br\\\/sesi\\\/alunos-de-eja-do-sesi-realizam-1a-feira-das-nacoes\\\/#breadcrumb\"},\"inLanguage\":\"pt-BR\",\"potentialAction\":[{\"@type\":\"ReadAction\",\"target\":[\"https:\\\/\\\/fieam.org.br\\\/sesi\\\/alunos-de-eja-do-sesi-realizam-1a-feira-das-nacoes\\\/\"]}]},{\"@type\":\"BreadcrumbList\",\"@id\":\"https:\\\/\\\/fieam.org.br\\\/sesi\\\/alunos-de-eja-do-sesi-realizam-1a-feira-das-nacoes\\\/#breadcrumb\",\"itemListElement\":[{\"@type\":\"ListItem\",\"position\":1,\"name\":\"In\u00edcio\",\"item\":\"https:\\\/\\\/fieam.org.br\\\/sesi\\\/\"},{\"@type\":\"ListItem\",\"position\":2,\"name\":\"Alunos de EJA do SESI realizam 1\u00aa Feira das Na\u00e7\u00f5es\"}]},{\"@type\":\"WebSite\",\"@id\":\"https:\\\/\\\/fieam.org.br\\\/sesi\\\/#website\",\"url\":\"https:\\\/\\\/fieam.org.br\\\/sesi\\\/\",\"name\":\"SESI\",\"description\":\"Site Oficial!\",\"publisher\":{\"@id\":\"https:\\\/\\\/fieam.org.br\\\/sesi\\\/#organization\"},\"potentialAction\":[{\"@type\":\"SearchAction\",\"target\":{\"@type\":\"EntryPoint\",\"urlTemplate\":\"https:\\\/\\\/fieam.org.br\\\/sesi\\\/?s={search_term_string}\"},\"query-input\":{\"@type\":\"PropertyValueSpecification\",\"valueRequired\":true,\"valueName\":\"search_term_string\"}}],\"inLanguage\":\"pt-BR\"},{\"@type\":\"Organization\",\"@id\":\"https:\\\/\\\/fieam.org.br\\\/sesi\\\/#organization\",\"name\":\"SESI\",\"url\":\"https:\\\/\\\/fieam.org.br\\\/sesi\\\/\",\"logo\":{\"@type\":\"ImageObject\",\"inLanguage\":\"pt-BR\",\"@id\":\"https:\\\/\\\/fieam.org.br\\\/sesi\\\/#\\\/schema\\\/logo\\\/image\\\/\",\"url\":\"https:\\\/\\\/fieam.org.br\\\/sesi\\\/wp-content\\\/uploads\\\/sites\\\/14\\\/2024\\\/03\\\/cropped-fav.png\",\"contentUrl\":\"https:\\\/\\\/fieam.org.br\\\/sesi\\\/wp-content\\\/uploads\\\/sites\\\/14\\\/2024\\\/03\\\/cropped-fav.png\",\"width\":610,\"height\":589,\"caption\":\"SESI\"},\"image\":{\"@id\":\"https:\\\/\\\/fieam.org.br\\\/sesi\\\/#\\\/schema\\\/logo\\\/image\\\/\"}},{\"@type\":\"Person\",\"@id\":\"https:\\\/\\\/fieam.org.br\\\/sesi\\\/#\\\/schema\\\/person\\\/f54998dd14d5f0695b41444f2b01c31e\",\"name\":\"Autor\",\"image\":{\"@type\":\"ImageObject\",\"inLanguage\":\"pt-BR\",\"@id\":\"https:\\\/\\\/secure.gravatar.com\\\/avatar\\\/3732c223e0e1fad69062a8f770955c9068d37b055204f310a0be18d4069fe380?s=96&d=mm&r=g\",\"url\":\"https:\\\/\\\/secure.gravatar.com\\\/avatar\\\/3732c223e0e1fad69062a8f770955c9068d37b055204f310a0be18d4069fe380?s=96&d=mm&r=g\",\"contentUrl\":\"https:\\\/\\\/secure.gravatar.com\\\/avatar\\\/3732c223e0e1fad69062a8f770955c9068d37b055204f310a0be18d4069fe380?s=96&d=mm&r=g\",\"caption\":\"Autor\"},\"sameAs\":[\"https:\\\/\\\/marketingmassivo.com.br\"],\"url\":\"https:\\\/\\\/fieam.org.br\\\/sesi\\\/author\\\/admin\\\/\"}]}<\/script>\n<!-- \/ Yoast SEO plugin. -->","yoast_head_json":{"title":"Alunos de EJA do SESI realizam 1\u00aa Feira das Na\u00e7\u00f5es - SESI","robots":{"index":"index","follow":"follow","max-snippet":"max-snippet:-1","max-image-preview":"max-image-preview:large","max-video-preview":"max-video-preview:-1"},"canonical":"https:\/\/fieam.org.br\/sesi\/alunos-de-eja-do-sesi-realizam-1a-feira-das-nacoes\/","og_locale":"pt_BR","og_type":"article","og_title":"Alunos de EJA do SESI realizam 1\u00aa Feira das Na\u00e7\u00f5es - SESI","og_description":"\u201cVoc\u00eas est\u00e3o aqui para desconstruir o dito de que papagaio velho n\u00e3o aprende a falar\u201d, disse a gerente de Educa\u00e7\u00e3o da EJA do SESI Amazonas, Cassandra Augusta Nascimento, ao dar boas vindas aos alunos presentes na 1\u00aa Feira das Na\u00e7\u00f5es, com participa\u00e7\u00e3o dos mais de 700 alunos de Educa\u00e7\u00e3o de Jovens e Adultos (EJA) doServi\u00e7o [&hellip;]","og_url":"https:\/\/fieam.org.br\/sesi\/alunos-de-eja-do-sesi-realizam-1a-feira-das-nacoes\/","og_site_name":"SESI","article_published_time":"2014-03-31T13:43:35+00:00","author":"Autor","twitter_card":"summary_large_image","twitter_misc":{"Escrito por":"Autor","Est. tempo de leitura":"2 minutos"},"schema":{"@context":"https:\/\/schema.org","@graph":[{"@type":"Article","@id":"https:\/\/fieam.org.br\/sesi\/alunos-de-eja-do-sesi-realizam-1a-feira-das-nacoes\/#article","isPartOf":{"@id":"https:\/\/fieam.org.br\/sesi\/alunos-de-eja-do-sesi-realizam-1a-feira-das-nacoes\/"},"author":{"name":"Autor","@id":"https:\/\/fieam.org.br\/sesi\/#\/schema\/person\/f54998dd14d5f0695b41444f2b01c31e"},"headline":"Alunos de EJA do SESI realizam 1\u00aa Feira das Na\u00e7\u00f5es","datePublished":"2014-03-31T13:43:35+00:00","mainEntityOfPage":{"@id":"https:\/\/fieam.org.br\/sesi\/alunos-de-eja-do-sesi-realizam-1a-feira-das-nacoes\/"},"wordCount":439,"commentCount":0,"publisher":{"@id":"https:\/\/fieam.org.br\/sesi\/#organization"},"articleSection":["News"],"inLanguage":"pt-BR","potentialAction":[{"@type":"CommentAction","name":"Comment","target":["https:\/\/fieam.org.br\/sesi\/alunos-de-eja-do-sesi-realizam-1a-feira-das-nacoes\/#respond"]}]},{"@type":"WebPage","@id":"https:\/\/fieam.org.br\/sesi\/alunos-de-eja-do-sesi-realizam-1a-feira-das-nacoes\/","url":"https:\/\/fieam.org.br\/sesi\/alunos-de-eja-do-sesi-realizam-1a-feira-das-nacoes\/","name":"Alunos de EJA do SESI realizam 1\u00aa Feira das Na\u00e7\u00f5es - SESI","isPartOf":{"@id":"https:\/\/fieam.org.br\/sesi\/#website"},"datePublished":"2014-03-31T13:43:35+00:00","breadcrumb":{"@id":"https:\/\/fieam.org.br\/sesi\/alunos-de-eja-do-sesi-realizam-1a-feira-das-nacoes\/#breadcrumb"},"inLanguage":"pt-BR","potentialAction":[{"@type":"ReadAction","target":["https:\/\/fieam.org.br\/sesi\/alunos-de-eja-do-sesi-realizam-1a-feira-das-nacoes\/"]}]},{"@type":"BreadcrumbList","@id":"https:\/\/fieam.org.br\/sesi\/alunos-de-eja-do-sesi-realizam-1a-feira-das-nacoes\/#breadcrumb","itemListElement":[{"@type":"ListItem","position":1,"name":"In\u00edcio","item":"https:\/\/fieam.org.br\/sesi\/"},{"@type":"ListItem","position":2,"name":"Alunos de EJA do SESI realizam 1\u00aa Feira das Na\u00e7\u00f5es"}]},{"@type":"WebSite","@id":"https:\/\/fieam.org.br\/sesi\/#website","url":"https:\/\/fieam.org.br\/sesi\/","name":"SESI","description":"Site Oficial!","publisher":{"@id":"https:\/\/fieam.org.br\/sesi\/#organization"},"potentialAction":[{"@type":"SearchAction","target":{"@type":"EntryPoint","urlTemplate":"https:\/\/fieam.org.br\/sesi\/?s={search_term_string}"},"query-input":{"@type":"PropertyValueSpecification","valueRequired":true,"valueName":"search_term_string"}}],"inLanguage":"pt-BR"},{"@type":"Organization","@id":"https:\/\/fieam.org.br\/sesi\/#organization","name":"SESI","url":"https:\/\/fieam.org.br\/sesi\/","logo":{"@type":"ImageObject","inLanguage":"pt-BR","@id":"https:\/\/fieam.org.br\/sesi\/#\/schema\/logo\/image\/","url":"https:\/\/fieam.org.br\/sesi\/wp-content\/uploads\/sites\/14\/2024\/03\/cropped-fav.png","contentUrl":"https:\/\/fieam.org.br\/sesi\/wp-content\/uploads\/sites\/14\/2024\/03\/cropped-fav.png","width":610,"height":589,"caption":"SESI"},"image":{"@id":"https:\/\/fieam.org.br\/sesi\/#\/schema\/logo\/image\/"}},{"@type":"Person","@id":"https:\/\/fieam.org.br\/sesi\/#\/schema\/person\/f54998dd14d5f0695b41444f2b01c31e","name":"Autor","image":{"@type":"ImageObject","inLanguage":"pt-BR","@id":"https:\/\/secure.gravatar.com\/avatar\/3732c223e0e1fad69062a8f770955c9068d37b055204f310a0be18d4069fe380?s=96&d=mm&r=g","url":"https:\/\/secure.gravatar.com\/avatar\/3732c223e0e1fad69062a8f770955c9068d37b055204f310a0be18d4069fe380?s=96&d=mm&r=g","contentUrl":"https:\/\/secure.gravatar.com\/avatar\/3732c223e0e1fad69062a8f770955c9068d37b055204f310a0be18d4069fe380?s=96&d=mm&r=g","caption":"Autor"},"sameAs":["https:\/\/marketingmassivo.com.br"],"url":"https:\/\/fieam.org.br\/sesi\/author\/admin\/"}]}},"_links":{"self":[{"href":"https:\/\/fieam.org.br\/sesi\/wp-json\/wp\/v2\/posts\/5339","targetHints":{"allow":["GET"]}}],"collection":[{"href":"https:\/\/fieam.org.br\/sesi\/wp-json\/wp\/v2\/posts"}],"about":[{"href":"https:\/\/fieam.org.br\/sesi\/wp-json\/wp\/v2\/types\/post"}],"author":[{"embeddable":true,"href":"https:\/\/fieam.org.br\/sesi\/wp-json\/wp\/v2\/users\/1"}],"replies":[{"embeddable":true,"href":"https:\/\/fieam.org.br\/sesi\/wp-json\/wp\/v2\/comments?post=5339"}],"version-history":[{"count":0,"href":"https:\/\/fieam.org.br\/sesi\/wp-json\/wp\/v2\/posts\/5339\/revisions"}],"wp:attachment":[{"href":"https:\/\/fieam.org.br\/sesi\/wp-json\/wp\/v2\/media?parent=5339"}],"wp:term":[{"taxonomy":"category","embeddable":true,"href":"https:\/\/fieam.org.br\/sesi\/wp-json\/wp\/v2\/categories?post=5339"},{"taxonomy":"post_tag","embeddable":true,"href":"https:\/\/fieam.org.br\/sesi\/wp-json\/wp\/v2\/tags?post=5339"}],"curies":[{"name":"wp","href":"https:\/\/api.w.org\/{rel}","templated":true}]}}