{"id":5257,"date":"2014-03-13T14:12:42","date_gmt":"2014-03-13T14:12:42","guid":{"rendered":"http:\/\/www.fieam.org.br\/site\/sesi\/?p=5257"},"modified":"2014-03-13T14:12:42","modified_gmt":"2014-03-13T14:12:42","slug":"volta-as-aulas-do-sesi","status":"publish","type":"post","link":"https:\/\/fieam.org.br\/sesi\/volta-as-aulas-do-sesi\/","title":{"rendered":"Volta \u00e0s aulas do SESI"},"content":{"rendered":"<p><i>Unidade de Educa\u00e7\u00e3o de Parintins, inaugurada em dezembro, refor\u00e7a atendimento do SESI Amazonas<\/i><\/p>\n<p>&nbsp;<\/p>\n<p>Perto de 5 mil alunos das seis Unidades de Educa\u00e7\u00e3o do Servi\u00e7o Social da Ind\u00fastria (SESI Amazonas), a maioria da Educa\u00e7\u00e3o Infantil, deram in\u00edcio \u00e0 rotina da aulas, nos dias 23 de janeiro a 3 de fevereiro. Para muitos, foi o 1\u00ba dia de vida escolar, por isso, o momento da separa\u00e7\u00e3o foi marcado por tens\u00e3o e choro de pais e filhos.<\/p>\n<p>A Unidade de Educa\u00e7\u00e3o Dr. Francisco Garcia, localizada no Distrito Industrial, recebeu no dia 27 de fevereiro, a maior parte das 1.200 crian\u00e7as matriculadas, sendo \u00a0 1206 na Creche e 766 na Pr\u00e9-escola, na faixa dos 4 meses aos 6 anos de idade.<\/p>\n<p>Ao contr\u00e1rio da maioria das m\u00e3es que estavam ansiosas e chorosas, a industri\u00e1ria Cindy Cardoso, 23, da empresa do polo relojoeiro, S\u00e9culos da Amaz\u00f4nia, mostrou-se tranquila e segura na hora de se separar pela primeira vez de Lorenzo, seu primeiro filho, de 4 meses.<\/p>\n<p>Para Cindy, n\u00e3o deixa de ser doloroso deixar o filho t\u00e3o pequeno na creche, mas destacou que estava tranquila por saber que ele estaria seguro no SESI. \u201cSinto bastante confian\u00e7a em deixar meu filho nas m\u00e3os de profissionais competentes, sei que quando eu voltar ele estar\u00e1 bem\u201d, disse Cindy, que j\u00e1 est\u00e1 familiarizada com os servi\u00e7os oferecidos pela creche do SESI. Em 2012, ela trabalhou como monitora no transporte dos filhos dos colaboradores da S\u00e9culos, e garante que o servi\u00e7o oferecido \u00e9 de \u00a0excelente qualidade.<\/p>\n<p>A pedagoga L\u00facia de F\u00e1tima, uma das mais antigas profissionais do SESI, explica que seu trabalho n\u00e3o \u00e9 apenas com as crian\u00e7as, mas principalmente com os pais, que precisam se sentir seguros. \u201cDeixamos os pais bem \u00e0 vontade para acompanhar a trajet\u00f3ria dos filhos, a rotina, e conhecerem o trabalho realizado com seriedade pela equipe do SESI\u201d, frisa a pedagoga.<\/p>\n<p>Na Unidade de Educa\u00e7\u00e3o Dra. Emina Barbosa Mustafa, no bairro S\u00e3o Jos\u00e9, Alexandra Rocha, 28 anos, mulher de industri\u00e1rio, acompanhou o filho, Ricardo, de 9 anos, no 1\u00ba dia de aula no 6\u00ba ano do fundamental. \u00a0De acordo com a m\u00e3e, o menino estudou quando pequeno no SESI, mas acabou ficando de fora as quatro s\u00e9ries do fundamental, s\u00f3 retornando \u00e0 institui\u00e7\u00e3o no ano passado, para fazer o 5\u00ba ano na Unidade de Educa\u00e7\u00e3o <strong>Dr. Adalberto Ferreira do Vale, localizada no Adrian\u00f3polis.<\/strong><\/p>\n<p>\u201cN\u00f3s sentimos muita falta da educa\u00e7\u00e3o do SESI, principalmente nesses anos que eram t\u00e3o fundamentais para ele. Mas, gra\u00e7as a Deus, conseguimos retornar e agora tenho certeza que aqui meu filho ter\u00e1 estudo de qualidade. Hoje \u00e9 o 1\u00ba dia dele na Unidade Emina Mustafa, e ele est\u00e1 muito nervoso. Mas meu cora\u00e7\u00e3o est\u00e1 calmo por ele estar aqui\u201d, disse. Al\u00e9m da Educa\u00e7\u00e3o Infantil e Ensino Fundamental, a Unidade oferece duas turmas do ensino m\u00e9dio (1\u00ba e 2\u00ba ano), totalizando 93 alunos.<\/p>\n<p>A Unidade 3 come\u00e7ou o ano letivo com 1.465 alunos nos turnos matutino e vespertino, nas modalidades de Ensino: Educa\u00e7\u00e3o Infantil, Ensino Fundamental I e II e Ensino M\u00e9dio.<\/p>\n<p>De acordo com a gestora, Rosiane Maklouf, a equipe t\u00e9cnica e docente para recepcionar pais e alunos e conduzi-los as salas de aula.<\/p>\n<p>\u201cA escola se preparou com murais de boas vindas e mensagens. Houve apresenta\u00e7\u00e3o da Equipe t\u00e9cnica, administrativa, docente e em seguida foi apresentado aos alunos o ambiente escolar\u201d.<\/p>\n<p>A gestora revelou ainda que em 2014 as expectativas s\u00e3o atender os alunos em suas individualidades em parceria com a fam\u00edlia, os professores e equipe t\u00e9cnica. Alcan\u00e7ar metas estabelecidas pela institui\u00e7\u00e3o quanto ao rendimento escolar e satisfa\u00e7\u00e3o do cliente.<\/p>\n<p>\u201cA escola oferece dentre outras atividades o Lego Rob\u00f3tica que procura incentivar a forma\u00e7\u00e3o tecnol\u00f3gica e o PDPE Programa de Desenvolvimento Pedag\u00f3gico Escolar que visa a forma\u00e7\u00e3o de nossos alunos no trabalho\u201d, disse.<\/p>\n<p>A gestora da Unidade de Educa\u00e7\u00e3o<strong> David N\u00f3voa, em Iranduba, a 25 quil\u00f4metros de Manaus, Viviane Barroso, complementou e disse que <\/strong>o SESI trabalha para ter qualidade e ser refer\u00eancia tanto na capital quanto no interior. As aulas na Unidade come\u00e7aram no dia 3 de fevereiro, nas modalidades Creche (Maternal III \u2013 3 anos); Pr\u00e9-escola (1\u00ba Per\u00edodo e 2\u00ba Per\u00edodo \u2013 4 e 5 anos) e Ensino Fundamental (1\u00ba ao 3\u00ba Ano \u2013 6 a 8 anos), com atendimento a 237 crian\u00e7as.<\/p>\n<p>\u201cUma das novidades para 2014 \u00e9 que estaremos oferecendo a disciplina Dom Empreendedor, j\u00e1 a partir do 1\u00ba ano do fundamental I, e o Manga High um recurso para o ensino da matem\u00e1tica por meio de jogos\u201d, disse. Esses games, segundo Viviane, inspiram n\u00edveis de entusiasmo impressionantes e est\u00e3o em conformidade com o curr\u00edculo formal. \u00a0\u201cAl\u00e9m do que oferecermos aos nossos alunos desde pequenos com a Educa\u00e7\u00e3o para o Mundo do Trabalho\u201d, disse.<\/p>\n<p>Este ano, a \u00e1rea de Educa\u00e7\u00e3o do SESI conta com o refor\u00e7o da Unidade de Parintins, o Centro Integrado de Educa\u00e7\u00e3o SESI SENAI Padre Francisco Luppino, complexo de educa\u00e7\u00e3o b\u00e1sica e profissional, inaugurado em dezembro de 2013, nesse munic\u00edpio a 375 quil\u00f4metros de Manaus.<\/p>\n<p>A escola, que iniciou suas aulas no dia 3 de fevereiro, vai beneficiar 400 alunos com educa\u00e7\u00e3o infantil e ensino fundamental, do 1\u00ba ao 5\u00ba ano.<\/p>\n<p>A gerente de Educa\u00e7\u00e3o Infantil e de Adolescentes do SESI, Rita de C\u00e1ssia, disse que o SESI \u00e9 a 1\u00aa institui\u00e7\u00e3o privada a oferecer educa\u00e7\u00e3o b\u00e1sica no munic\u00edpio, acompanhando tamb\u00e9m a diretriz do projeto nacional Educa\u00e7\u00e3o para o Mundo do Trabalho.<\/p>\n<p>\u201c\u00c9 um desafio muito grande em raz\u00e3o do pioneirismo, mas o SESI leva a experi\u00eancia de mais de 40 anos trabalhando com educa\u00e7\u00e3o no Amazonas, al\u00e9m de ser refer\u00eancia em ensino de qualidade na \u00e1rea privada\u201d, destaca Rita.<\/p>\n<p>A gerente do SESI, Rita Machado, disse que a institui\u00e7\u00e3o cumpre com sua miss\u00e3o de beneficiar o trabalhador da ind\u00fastria onde quer que esteja, revelando que ser\u00e3o beneficiados, em Parintins, 215 dependentes de trabalhadores e 185 crian\u00e7as da comunidade.<\/p>\n<p>A unidade de Parintins possui 12 salas de aulas, uma sala de inform\u00e1tica, biblioteca e ludoteca, al\u00e9m das \u00e1reas para docentes, atendimento m\u00e9dico, esporte e de conviv\u00eancia. O investimento na constru\u00e7\u00e3o e mobili\u00e1rios foi de R$ 5.884 milh\u00f5es.<\/p>\n<p>Na unidade do SESI, em Parintins, as aulas iniciaram-se em 3 de fevereiro nos turnos da manh\u00e3 e tarde. Al\u00e9m das disciplinas convencionais, institu\u00eddas pelo Minist\u00e9rio da Educa\u00e7\u00e3o (MEC), a institui\u00e7\u00e3o oferece aulas de inform\u00e1tica, empreendedorismo e, brevemente, tamb\u00e9m aulas de rob\u00f3tica (metodologia utilizada para desenvolver compet\u00eancias e habilidades f\u00edsicas, mentais e l\u00f3gicas).<\/p>\n<p>Na unidade do SESI estar\u00e3o dispon\u00edveis os servi\u00e7os de odontologia, pediatria e psicologia, bem como aulas de educa\u00e7\u00e3o f\u00edsica em quadra poliesportiva.<\/p>\n<div id='gallery-1' class='gallery galleryid-5257 gallery-columns-3 gallery-size-thumbnail'><figure class='gallery-item'>\n\t\t\t<div class='gallery-icon landscape'>\n\t\t\t\t<a href='https:\/\/fieam.org.br\/sesi\/volta-as-aulas-do-sesi\/_mg_1823\/'><img decoding=\"async\" width=\"150\" height=\"150\" src=\"https:\/\/fieam.org.br\/sesi\/wp-content\/uploads\/sites\/14\/2014\/03\/MG_1823-150x150.jpg\" class=\"attachment-thumbnail size-thumbnail\" alt=\"\" \/><\/a>\n\t\t\t<\/div><\/figure>\n\t\t<\/div>\n\n","protected":false},"excerpt":{"rendered":"<p>Unidade de Educa\u00e7\u00e3o de Parintins, inaugurada em dezembro, refor\u00e7a atendimento do SESI Amazonas &nbsp; Perto de 5 mil alunos das seis Unidades de Educa\u00e7\u00e3o do Servi\u00e7o Social da Ind\u00fastria (SESI Amazonas), a maioria da Educa\u00e7\u00e3o Infantil, deram in\u00edcio \u00e0 rotina da aulas, nos dias 23 de janeiro a 3 de fevereiro. Para muitos, foi o [&hellip;]<\/p>\n","protected":false},"author":1,"featured_media":0,"comment_status":"open","ping_status":"open","sticky":false,"template":"","format":"standard","meta":{"footnotes":""},"categories":[25],"tags":[],"class_list":["post-5257","post","type-post","status-publish","format-standard","hentry","category-news"],"yoast_head":"<!-- This site is optimized with the Yoast SEO plugin v28.2 - https:\/\/yoast.com\/product\/yoast-seo-wordpress\/ -->\n<title>Volta \u00e0s aulas do SESI - SESI<\/title>\n<meta name=\"robots\" content=\"index, follow, max-snippet:-1, max-image-preview:large, max-video-preview:-1\" \/>\n<link rel=\"canonical\" href=\"https:\/\/fieam.org.br\/sesi\/volta-as-aulas-do-sesi\/\" \/>\n<meta property=\"og:locale\" content=\"pt_BR\" \/>\n<meta property=\"og:type\" content=\"article\" \/>\n<meta property=\"og:title\" content=\"Volta \u00e0s aulas do SESI - SESI\" \/>\n<meta property=\"og:description\" content=\"Unidade de Educa\u00e7\u00e3o de Parintins, inaugurada em dezembro, refor\u00e7a atendimento do SESI Amazonas &nbsp; Perto de 5 mil alunos das seis Unidades de Educa\u00e7\u00e3o do Servi\u00e7o Social da Ind\u00fastria (SESI Amazonas), a maioria da Educa\u00e7\u00e3o Infantil, deram in\u00edcio \u00e0 rotina da aulas, nos dias 23 de janeiro a 3 de fevereiro. Para muitos, foi o [&hellip;]\" \/>\n<meta property=\"og:url\" content=\"https:\/\/fieam.org.br\/sesi\/volta-as-aulas-do-sesi\/\" \/>\n<meta property=\"og:site_name\" content=\"SESI\" \/>\n<meta property=\"article:published_time\" content=\"2014-03-13T14:12:42+00:00\" \/>\n<meta property=\"og:image\" content=\"https:\/\/fieam.org.br\/sesi\/wp-content\/uploads\/sites\/14\/2014\/03\/MG_1823-150x150.jpg\" \/>\n<meta name=\"author\" content=\"Autor\" \/>\n<meta name=\"twitter:card\" content=\"summary_large_image\" \/>\n<meta name=\"twitter:label1\" content=\"Escrito por\" \/>\n\t<meta name=\"twitter:data1\" content=\"Autor\" \/>\n\t<meta name=\"twitter:label2\" content=\"Est. tempo de leitura\" \/>\n\t<meta name=\"twitter:data2\" content=\"6 minutos\" \/>\n<script type=\"application\/ld+json\" class=\"yoast-schema-graph\">{\"@context\":\"https:\\\/\\\/schema.org\",\"@graph\":[{\"@type\":\"Article\",\"@id\":\"https:\\\/\\\/fieam.org.br\\\/sesi\\\/volta-as-aulas-do-sesi\\\/#article\",\"isPartOf\":{\"@id\":\"https:\\\/\\\/fieam.org.br\\\/sesi\\\/volta-as-aulas-do-sesi\\\/\"},\"author\":{\"name\":\"Autor\",\"@id\":\"https:\\\/\\\/fieam.org.br\\\/sesi\\\/#\\\/schema\\\/person\\\/f54998dd14d5f0695b41444f2b01c31e\"},\"headline\":\"Volta \u00e0s aulas do SESI\",\"datePublished\":\"2014-03-13T14:12:42+00:00\",\"mainEntityOfPage\":{\"@id\":\"https:\\\/\\\/fieam.org.br\\\/sesi\\\/volta-as-aulas-do-sesi\\\/\"},\"wordCount\":1148,\"commentCount\":0,\"publisher\":{\"@id\":\"https:\\\/\\\/fieam.org.br\\\/sesi\\\/#organization\"},\"articleSection\":[\"News\"],\"inLanguage\":\"pt-BR\",\"potentialAction\":[{\"@type\":\"CommentAction\",\"name\":\"Comment\",\"target\":[\"https:\\\/\\\/fieam.org.br\\\/sesi\\\/volta-as-aulas-do-sesi\\\/#respond\"]}]},{\"@type\":\"WebPage\",\"@id\":\"https:\\\/\\\/fieam.org.br\\\/sesi\\\/volta-as-aulas-do-sesi\\\/\",\"url\":\"https:\\\/\\\/fieam.org.br\\\/sesi\\\/volta-as-aulas-do-sesi\\\/\",\"name\":\"Volta \u00e0s aulas do SESI - SESI\",\"isPartOf\":{\"@id\":\"https:\\\/\\\/fieam.org.br\\\/sesi\\\/#website\"},\"datePublished\":\"2014-03-13T14:12:42+00:00\",\"breadcrumb\":{\"@id\":\"https:\\\/\\\/fieam.org.br\\\/sesi\\\/volta-as-aulas-do-sesi\\\/#breadcrumb\"},\"inLanguage\":\"pt-BR\",\"potentialAction\":[{\"@type\":\"ReadAction\",\"target\":[\"https:\\\/\\\/fieam.org.br\\\/sesi\\\/volta-as-aulas-do-sesi\\\/\"]}]},{\"@type\":\"BreadcrumbList\",\"@id\":\"https:\\\/\\\/fieam.org.br\\\/sesi\\\/volta-as-aulas-do-sesi\\\/#breadcrumb\",\"itemListElement\":[{\"@type\":\"ListItem\",\"position\":1,\"name\":\"In\u00edcio\",\"item\":\"https:\\\/\\\/fieam.org.br\\\/sesi\\\/\"},{\"@type\":\"ListItem\",\"position\":2,\"name\":\"Volta \u00e0s aulas do SESI\"}]},{\"@type\":\"WebSite\",\"@id\":\"https:\\\/\\\/fieam.org.br\\\/sesi\\\/#website\",\"url\":\"https:\\\/\\\/fieam.org.br\\\/sesi\\\/\",\"name\":\"SESI\",\"description\":\"Site Oficial!\",\"publisher\":{\"@id\":\"https:\\\/\\\/fieam.org.br\\\/sesi\\\/#organization\"},\"potentialAction\":[{\"@type\":\"SearchAction\",\"target\":{\"@type\":\"EntryPoint\",\"urlTemplate\":\"https:\\\/\\\/fieam.org.br\\\/sesi\\\/?s={search_term_string}\"},\"query-input\":{\"@type\":\"PropertyValueSpecification\",\"valueRequired\":true,\"valueName\":\"search_term_string\"}}],\"inLanguage\":\"pt-BR\"},{\"@type\":\"Organization\",\"@id\":\"https:\\\/\\\/fieam.org.br\\\/sesi\\\/#organization\",\"name\":\"SESI\",\"url\":\"https:\\\/\\\/fieam.org.br\\\/sesi\\\/\",\"logo\":{\"@type\":\"ImageObject\",\"inLanguage\":\"pt-BR\",\"@id\":\"https:\\\/\\\/fieam.org.br\\\/sesi\\\/#\\\/schema\\\/logo\\\/image\\\/\",\"url\":\"https:\\\/\\\/fieam.org.br\\\/sesi\\\/wp-content\\\/uploads\\\/sites\\\/14\\\/2024\\\/03\\\/cropped-fav.png\",\"contentUrl\":\"https:\\\/\\\/fieam.org.br\\\/sesi\\\/wp-content\\\/uploads\\\/sites\\\/14\\\/2024\\\/03\\\/cropped-fav.png\",\"width\":610,\"height\":589,\"caption\":\"SESI\"},\"image\":{\"@id\":\"https:\\\/\\\/fieam.org.br\\\/sesi\\\/#\\\/schema\\\/logo\\\/image\\\/\"}},{\"@type\":\"Person\",\"@id\":\"https:\\\/\\\/fieam.org.br\\\/sesi\\\/#\\\/schema\\\/person\\\/f54998dd14d5f0695b41444f2b01c31e\",\"name\":\"Autor\",\"image\":{\"@type\":\"ImageObject\",\"inLanguage\":\"pt-BR\",\"@id\":\"https:\\\/\\\/secure.gravatar.com\\\/avatar\\\/3732c223e0e1fad69062a8f770955c9068d37b055204f310a0be18d4069fe380?s=96&d=mm&r=g\",\"url\":\"https:\\\/\\\/secure.gravatar.com\\\/avatar\\\/3732c223e0e1fad69062a8f770955c9068d37b055204f310a0be18d4069fe380?s=96&d=mm&r=g\",\"contentUrl\":\"https:\\\/\\\/secure.gravatar.com\\\/avatar\\\/3732c223e0e1fad69062a8f770955c9068d37b055204f310a0be18d4069fe380?s=96&d=mm&r=g\",\"caption\":\"Autor\"},\"sameAs\":[\"https:\\\/\\\/marketingmassivo.com.br\"],\"url\":\"https:\\\/\\\/fieam.org.br\\\/sesi\\\/author\\\/admin\\\/\"}]}<\/script>\n<!-- \/ Yoast SEO plugin. -->","yoast_head_json":{"title":"Volta \u00e0s aulas do SESI - SESI","robots":{"index":"index","follow":"follow","max-snippet":"max-snippet:-1","max-image-preview":"max-image-preview:large","max-video-preview":"max-video-preview:-1"},"canonical":"https:\/\/fieam.org.br\/sesi\/volta-as-aulas-do-sesi\/","og_locale":"pt_BR","og_type":"article","og_title":"Volta \u00e0s aulas do SESI - SESI","og_description":"Unidade de Educa\u00e7\u00e3o de Parintins, inaugurada em dezembro, refor\u00e7a atendimento do SESI Amazonas &nbsp; Perto de 5 mil alunos das seis Unidades de Educa\u00e7\u00e3o do Servi\u00e7o Social da Ind\u00fastria (SESI Amazonas), a maioria da Educa\u00e7\u00e3o Infantil, deram in\u00edcio \u00e0 rotina da aulas, nos dias 23 de janeiro a 3 de fevereiro. Para muitos, foi o [&hellip;]","og_url":"https:\/\/fieam.org.br\/sesi\/volta-as-aulas-do-sesi\/","og_site_name":"SESI","article_published_time":"2014-03-13T14:12:42+00:00","og_image":[{"url":"https:\/\/fieam.org.br\/sesi\/wp-content\/uploads\/sites\/14\/2014\/03\/MG_1823-150x150.jpg","type":"","width":"","height":""}],"author":"Autor","twitter_card":"summary_large_image","twitter_misc":{"Escrito por":"Autor","Est. tempo de leitura":"6 minutos"},"schema":{"@context":"https:\/\/schema.org","@graph":[{"@type":"Article","@id":"https:\/\/fieam.org.br\/sesi\/volta-as-aulas-do-sesi\/#article","isPartOf":{"@id":"https:\/\/fieam.org.br\/sesi\/volta-as-aulas-do-sesi\/"},"author":{"name":"Autor","@id":"https:\/\/fieam.org.br\/sesi\/#\/schema\/person\/f54998dd14d5f0695b41444f2b01c31e"},"headline":"Volta \u00e0s aulas do SESI","datePublished":"2014-03-13T14:12:42+00:00","mainEntityOfPage":{"@id":"https:\/\/fieam.org.br\/sesi\/volta-as-aulas-do-sesi\/"},"wordCount":1148,"commentCount":0,"publisher":{"@id":"https:\/\/fieam.org.br\/sesi\/#organization"},"articleSection":["News"],"inLanguage":"pt-BR","potentialAction":[{"@type":"CommentAction","name":"Comment","target":["https:\/\/fieam.org.br\/sesi\/volta-as-aulas-do-sesi\/#respond"]}]},{"@type":"WebPage","@id":"https:\/\/fieam.org.br\/sesi\/volta-as-aulas-do-sesi\/","url":"https:\/\/fieam.org.br\/sesi\/volta-as-aulas-do-sesi\/","name":"Volta \u00e0s aulas do SESI - SESI","isPartOf":{"@id":"https:\/\/fieam.org.br\/sesi\/#website"},"datePublished":"2014-03-13T14:12:42+00:00","breadcrumb":{"@id":"https:\/\/fieam.org.br\/sesi\/volta-as-aulas-do-sesi\/#breadcrumb"},"inLanguage":"pt-BR","potentialAction":[{"@type":"ReadAction","target":["https:\/\/fieam.org.br\/sesi\/volta-as-aulas-do-sesi\/"]}]},{"@type":"BreadcrumbList","@id":"https:\/\/fieam.org.br\/sesi\/volta-as-aulas-do-sesi\/#breadcrumb","itemListElement":[{"@type":"ListItem","position":1,"name":"In\u00edcio","item":"https:\/\/fieam.org.br\/sesi\/"},{"@type":"ListItem","position":2,"name":"Volta \u00e0s aulas do SESI"}]},{"@type":"WebSite","@id":"https:\/\/fieam.org.br\/sesi\/#website","url":"https:\/\/fieam.org.br\/sesi\/","name":"SESI","description":"Site Oficial!","publisher":{"@id":"https:\/\/fieam.org.br\/sesi\/#organization"},"potentialAction":[{"@type":"SearchAction","target":{"@type":"EntryPoint","urlTemplate":"https:\/\/fieam.org.br\/sesi\/?s={search_term_string}"},"query-input":{"@type":"PropertyValueSpecification","valueRequired":true,"valueName":"search_term_string"}}],"inLanguage":"pt-BR"},{"@type":"Organization","@id":"https:\/\/fieam.org.br\/sesi\/#organization","name":"SESI","url":"https:\/\/fieam.org.br\/sesi\/","logo":{"@type":"ImageObject","inLanguage":"pt-BR","@id":"https:\/\/fieam.org.br\/sesi\/#\/schema\/logo\/image\/","url":"https:\/\/fieam.org.br\/sesi\/wp-content\/uploads\/sites\/14\/2024\/03\/cropped-fav.png","contentUrl":"https:\/\/fieam.org.br\/sesi\/wp-content\/uploads\/sites\/14\/2024\/03\/cropped-fav.png","width":610,"height":589,"caption":"SESI"},"image":{"@id":"https:\/\/fieam.org.br\/sesi\/#\/schema\/logo\/image\/"}},{"@type":"Person","@id":"https:\/\/fieam.org.br\/sesi\/#\/schema\/person\/f54998dd14d5f0695b41444f2b01c31e","name":"Autor","image":{"@type":"ImageObject","inLanguage":"pt-BR","@id":"https:\/\/secure.gravatar.com\/avatar\/3732c223e0e1fad69062a8f770955c9068d37b055204f310a0be18d4069fe380?s=96&d=mm&r=g","url":"https:\/\/secure.gravatar.com\/avatar\/3732c223e0e1fad69062a8f770955c9068d37b055204f310a0be18d4069fe380?s=96&d=mm&r=g","contentUrl":"https:\/\/secure.gravatar.com\/avatar\/3732c223e0e1fad69062a8f770955c9068d37b055204f310a0be18d4069fe380?s=96&d=mm&r=g","caption":"Autor"},"sameAs":["https:\/\/marketingmassivo.com.br"],"url":"https:\/\/fieam.org.br\/sesi\/author\/admin\/"}]}},"_links":{"self":[{"href":"https:\/\/fieam.org.br\/sesi\/wp-json\/wp\/v2\/posts\/5257","targetHints":{"allow":["GET"]}}],"collection":[{"href":"https:\/\/fieam.org.br\/sesi\/wp-json\/wp\/v2\/posts"}],"about":[{"href":"https:\/\/fieam.org.br\/sesi\/wp-json\/wp\/v2\/types\/post"}],"author":[{"embeddable":true,"href":"https:\/\/fieam.org.br\/sesi\/wp-json\/wp\/v2\/users\/1"}],"replies":[{"embeddable":true,"href":"https:\/\/fieam.org.br\/sesi\/wp-json\/wp\/v2\/comments?post=5257"}],"version-history":[{"count":0,"href":"https:\/\/fieam.org.br\/sesi\/wp-json\/wp\/v2\/posts\/5257\/revisions"}],"wp:attachment":[{"href":"https:\/\/fieam.org.br\/sesi\/wp-json\/wp\/v2\/media?parent=5257"}],"wp:term":[{"taxonomy":"category","embeddable":true,"href":"https:\/\/fieam.org.br\/sesi\/wp-json\/wp\/v2\/categories?post=5257"},{"taxonomy":"post_tag","embeddable":true,"href":"https:\/\/fieam.org.br\/sesi\/wp-json\/wp\/v2\/tags?post=5257"}],"curies":[{"name":"wp","href":"https:\/\/api.w.org\/{rel}","templated":true}]}}