{"id":5252,"date":"2014-03-12T20:45:43","date_gmt":"2014-03-12T20:45:43","guid":{"rendered":"http:\/\/www.fieam.org.br\/site\/sesi\/?p=5252"},"modified":"2014-03-12T20:45:43","modified_gmt":"2014-03-12T20:45:43","slug":"sesi-capacita-trabalhadores-da-andrade-gutierrez","status":"publish","type":"post","link":"https:\/\/fieam.org.br\/sesi\/sesi-capacita-trabalhadores-da-andrade-gutierrez\/","title":{"rendered":"SESI capacita trabalhadores da Andrade Gutierrez"},"content":{"rendered":"<p>&nbsp;<\/p>\n<p><a href=\"http:\/\/www.fieam.org.br\/site\/sesi\" target=\"_blank\" rel=\"noopener\">O Servi\u00e7o Social da Ind\u00fastria (SESI)<\/a>\u00a0realizou, ontem \u00e0 noite (11), aula inaugural para 40 trabalhadores da empresa Andrade Gutierrez, matriculados no Ensino Fundamental e Ensino M\u00e9dio, na modalidade de Educa\u00e7\u00e3o de Jovens e Adultos (EJA). A aula inaugural foi realizada no canteiro de obras da empresa, localizada na Rua Ramos Ferreira, bairro de Aparecida, zona Centro-Sul.<\/p>\n<p>&nbsp;<\/p>\n<p>Para a pedagoga do SESI, Dayse Campos, a parceria com a Andrade Gutierrez, iniciada em 2006, \u00e9 importante no processo de eleva\u00e7\u00e3o da escolaridade e qualidade de vida do trabalhador e que, do total dos 40 trabalhadores beneficiados, 23 cursam Ensino Fundamental e 17 Ensino M\u00e9dio, e receber\u00e3o duas horas de aula, de segunda \u00e0 sexta-feira, no local de trabalho.<\/p>\n<p>&nbsp;<\/p>\n<p>As aulas no canteiro de obras da empresa, na Ramos Ferreira, atender\u00e3o apenas alunos do Ensino M\u00e9dio e os alunos do Fundamental assistir\u00e3o \u00e0s aulas no canteiro de obras da empresa, no bairro de S\u00e3o Raimundo.<\/p>\n<p>&nbsp;<\/p>\n<p>De acordo com a pedagoga, o trabalhador tem mais motiva\u00e7\u00e3o para assistir \u00e0s aulas no local de trabalho, mesmo ap\u00f3s uma jornada de trabalho, principalmente porque evita os deslocamentos e custos com o transporte.<\/p>\n<p>&nbsp;<\/p>\n<p>O pedreiro Miguel Rodrigues, 51, trabalha na empresa h\u00e1 tr\u00eas anos, deixou de estudar aos 23 anos, e disse que por falta de estudo teve dificuldades para manter o emprego em empresa de Manaus. \u201cA falta de conhecimento inibe e dificulta o relacionamento entre pessoas\u201d, comenta. Decidido a mudar de vida, Rodrigues se matriculou no Ensino Fundamental da EJA, onde concluiu o curso em um ano e seis meses, e agora \u00e9 um dos trabalhadores da Gutierrez que cursam o Ensino M\u00e9dio. Ele disse que a partir do Fundamental conseguiu realizar o curso de pedreiro realizado pelo SENAI e, com a qualifica\u00e7\u00e3o, foi promovido de servente para pedreiro.<\/p>\n<p>&nbsp;<\/p>\n<p>N\u00e3o perder mais tempo fora da sala de aula \u00e9 o lema do pedreiro, que quer terminar o curso, e j\u00e1 desfruta do aprendizado da matem\u00e1tica no curso que o ajuda a calcular a quantidade de massa usada e dos tijol\u00f5es em metros quadrados.<\/p>\n<p>&nbsp;<\/p>\n<p>A Educa\u00e7\u00e3o de Jovens e Adultos do SESI beneficia cerca de cinco mil trabalhadores nos canteiros de obras, dentro das empresas do Polo Industrial de Manaus (PIM), nos micro-\u00f4nibus adaptados para funcionar como sala de aula\u00a0 e nas unidades de Educa\u00e7\u00e3o do SESI, localizadas nos bairros de S\u00e3o Jorge e Alvorada\u00a0 e S\u00e3o Jos\u00e9.<\/p>\n<p>&nbsp;<\/p>\n<p>Utiliza a metodologia SESIEDUCA, que e obedece a tr\u00eas princ\u00edpios b\u00e1sicos: flexibilidade, continuidade e viabilidade.\u00a0 O aluno pode ingressar no curso, a qualquer momento, sendo a dura\u00e7\u00e3o vari\u00e1vel, em que o que o aluno pode ingressar na etapa de alfabetiza\u00e7\u00e3o e permanecer at\u00e9 \u00e0 conclus\u00e3o do ensino m\u00e9dio, passando por toda a fase de escolariza\u00e7\u00e3o por prazo de 60 meses.<\/p>\n<p>&nbsp;<\/p>\n<p>Para o gerente de Qualidade, Meio Ambiente, Sa\u00fade, Seguran\u00e7a e Responsabilidade Social, da Andrade Gutierrez, Hor\u00e1cio Mour\u00e3o, a empresa est\u00e1 cumprindo com a sua miss\u00e3o na no \u00e2mbito da responsabilidade social e que o curso vai melhorar a vida dos trabalhadores vai melhorar \u00e1 vida dos trabalhadores e que a qualifica\u00e7\u00e3o profissional mant\u00e9m o trabalhador no mercado de trabalho.<\/p>\n<p>&nbsp;<\/p>\n<p>Ele incentivou os alunos a n\u00e3o desistirem do curso, acreditando que dessa turma poder\u00e1 sair futuros mestre de obra, engenheiros e administradores, al\u00e9m de profissionais de outras \u00e1reas, justificando que a educa\u00e7\u00e3o \u00e9 o caminho para o crescimento profissional das pessoas.<\/p>\n<p>&nbsp;<\/p>\n<p>De acordo com Mour\u00e3o, \u00e0 medida que o trabalhador se qualifica, as possibilidades de trabalho aumentam. Segundo o gerente, as empresas tamb\u00e9m ganham com\u00a0 a eleva\u00e7\u00e3o da escolaridade do trabalhador, porque passam a ter uma m\u00e3o de obra especializada, al\u00e9m de melhor produtividade.<\/p>\n<p><a href=\"http:\/\/www.fieam.org.br\/site\/sesi\" target=\"_blank\" rel=\"noopener\">\u00a0<\/a><\/p>\n<p>[nggallery id=229]<\/p>\n","protected":false},"excerpt":{"rendered":"<p>&nbsp; O Servi\u00e7o Social da Ind\u00fastria (SESI)\u00a0realizou, ontem \u00e0 noite (11), aula inaugural para 40 trabalhadores da empresa Andrade Gutierrez, matriculados no Ensino Fundamental e Ensino M\u00e9dio, na modalidade de Educa\u00e7\u00e3o de Jovens e Adultos (EJA). A aula inaugural foi realizada no canteiro de obras da empresa, localizada na Rua Ramos Ferreira, bairro de Aparecida, [&hellip;]<\/p>\n","protected":false},"author":1,"featured_media":0,"comment_status":"open","ping_status":"open","sticky":false,"template":"","format":"standard","meta":{"footnotes":""},"categories":[25],"tags":[],"class_list":["post-5252","post","type-post","status-publish","format-standard","hentry","category-news"],"yoast_head":"<!-- This site is optimized with the Yoast SEO plugin v26.8 - https:\/\/yoast.com\/product\/yoast-seo-wordpress\/ -->\n<title>SESI capacita trabalhadores da Andrade Gutierrez - SESI<\/title>\n<meta name=\"robots\" content=\"index, follow, max-snippet:-1, max-image-preview:large, max-video-preview:-1\" \/>\n<link rel=\"canonical\" href=\"https:\/\/fieam.org.br\/sesi\/sesi-capacita-trabalhadores-da-andrade-gutierrez\/\" \/>\n<meta property=\"og:locale\" content=\"pt_BR\" \/>\n<meta property=\"og:type\" content=\"article\" \/>\n<meta property=\"og:title\" content=\"SESI capacita trabalhadores da Andrade Gutierrez - SESI\" \/>\n<meta property=\"og:description\" content=\"&nbsp; O Servi\u00e7o Social da Ind\u00fastria (SESI)\u00a0realizou, ontem \u00e0 noite (11), aula inaugural para 40 trabalhadores da empresa Andrade Gutierrez, matriculados no Ensino Fundamental e Ensino M\u00e9dio, na modalidade de Educa\u00e7\u00e3o de Jovens e Adultos (EJA). A aula inaugural foi realizada no canteiro de obras da empresa, localizada na Rua Ramos Ferreira, bairro de Aparecida, [&hellip;]\" \/>\n<meta property=\"og:url\" content=\"https:\/\/fieam.org.br\/sesi\/sesi-capacita-trabalhadores-da-andrade-gutierrez\/\" \/>\n<meta property=\"og:site_name\" content=\"SESI\" \/>\n<meta property=\"article:published_time\" content=\"2014-03-12T20:45:43+00:00\" \/>\n<meta name=\"author\" content=\"Autor\" \/>\n<meta name=\"twitter:card\" content=\"summary_large_image\" \/>\n<meta name=\"twitter:label1\" content=\"Escrito por\" \/>\n\t<meta name=\"twitter:data1\" content=\"Autor\" \/>\n\t<meta name=\"twitter:label2\" content=\"Est. tempo de leitura\" \/>\n\t<meta name=\"twitter:data2\" content=\"3 minutos\" \/>\n<script type=\"application\/ld+json\" class=\"yoast-schema-graph\">{\"@context\":\"https:\/\/schema.org\",\"@graph\":[{\"@type\":\"Article\",\"@id\":\"https:\/\/fieam.org.br\/sesi\/sesi-capacita-trabalhadores-da-andrade-gutierrez\/#article\",\"isPartOf\":{\"@id\":\"https:\/\/fieam.org.br\/sesi\/sesi-capacita-trabalhadores-da-andrade-gutierrez\/\"},\"author\":{\"name\":\"Autor\",\"@id\":\"https:\/\/fieam.org.br\/sesi\/#\/schema\/person\/c1ceda8321521b291cee22da0a7d34be\"},\"headline\":\"SESI capacita trabalhadores da Andrade Gutierrez\",\"datePublished\":\"2014-03-12T20:45:43+00:00\",\"mainEntityOfPage\":{\"@id\":\"https:\/\/fieam.org.br\/sesi\/sesi-capacita-trabalhadores-da-andrade-gutierrez\/\"},\"wordCount\":645,\"commentCount\":0,\"publisher\":{\"@id\":\"https:\/\/fieam.org.br\/sesi\/#organization\"},\"articleSection\":[\"News\"],\"inLanguage\":\"pt-BR\",\"potentialAction\":[{\"@type\":\"CommentAction\",\"name\":\"Comment\",\"target\":[\"https:\/\/fieam.org.br\/sesi\/sesi-capacita-trabalhadores-da-andrade-gutierrez\/#respond\"]}]},{\"@type\":\"WebPage\",\"@id\":\"https:\/\/fieam.org.br\/sesi\/sesi-capacita-trabalhadores-da-andrade-gutierrez\/\",\"url\":\"https:\/\/fieam.org.br\/sesi\/sesi-capacita-trabalhadores-da-andrade-gutierrez\/\",\"name\":\"SESI capacita trabalhadores da Andrade Gutierrez - SESI\",\"isPartOf\":{\"@id\":\"https:\/\/fieam.org.br\/sesi\/#website\"},\"datePublished\":\"2014-03-12T20:45:43+00:00\",\"breadcrumb\":{\"@id\":\"https:\/\/fieam.org.br\/sesi\/sesi-capacita-trabalhadores-da-andrade-gutierrez\/#breadcrumb\"},\"inLanguage\":\"pt-BR\",\"potentialAction\":[{\"@type\":\"ReadAction\",\"target\":[\"https:\/\/fieam.org.br\/sesi\/sesi-capacita-trabalhadores-da-andrade-gutierrez\/\"]}]},{\"@type\":\"BreadcrumbList\",\"@id\":\"https:\/\/fieam.org.br\/sesi\/sesi-capacita-trabalhadores-da-andrade-gutierrez\/#breadcrumb\",\"itemListElement\":[{\"@type\":\"ListItem\",\"position\":1,\"name\":\"In\u00edcio\",\"item\":\"https:\/\/fieam.org.br\/sesi\/\"},{\"@type\":\"ListItem\",\"position\":2,\"name\":\"SESI capacita trabalhadores da Andrade Gutierrez\"}]},{\"@type\":\"WebSite\",\"@id\":\"https:\/\/fieam.org.br\/sesi\/#website\",\"url\":\"https:\/\/fieam.org.br\/sesi\/\",\"name\":\"SESI\",\"description\":\"Site Oficial!\",\"publisher\":{\"@id\":\"https:\/\/fieam.org.br\/sesi\/#organization\"},\"potentialAction\":[{\"@type\":\"SearchAction\",\"target\":{\"@type\":\"EntryPoint\",\"urlTemplate\":\"https:\/\/fieam.org.br\/sesi\/?s={search_term_string}\"},\"query-input\":{\"@type\":\"PropertyValueSpecification\",\"valueRequired\":true,\"valueName\":\"search_term_string\"}}],\"inLanguage\":\"pt-BR\"},{\"@type\":\"Organization\",\"@id\":\"https:\/\/fieam.org.br\/sesi\/#organization\",\"name\":\"SESI\",\"url\":\"https:\/\/fieam.org.br\/sesi\/\",\"logo\":{\"@type\":\"ImageObject\",\"inLanguage\":\"pt-BR\",\"@id\":\"https:\/\/fieam.org.br\/sesi\/#\/schema\/logo\/image\/\",\"url\":\"https:\/\/fieam.org.br\/sesi\/wp-content\/uploads\/sites\/14\/2024\/03\/cropped-fav.png\",\"contentUrl\":\"https:\/\/fieam.org.br\/sesi\/wp-content\/uploads\/sites\/14\/2024\/03\/cropped-fav.png\",\"width\":610,\"height\":589,\"caption\":\"SESI\"},\"image\":{\"@id\":\"https:\/\/fieam.org.br\/sesi\/#\/schema\/logo\/image\/\"}},{\"@type\":\"Person\",\"@id\":\"https:\/\/fieam.org.br\/sesi\/#\/schema\/person\/c1ceda8321521b291cee22da0a7d34be\",\"name\":\"Autor\",\"image\":{\"@type\":\"ImageObject\",\"inLanguage\":\"pt-BR\",\"@id\":\"https:\/\/fieam.org.br\/sesi\/#\/schema\/person\/image\/\",\"url\":\"https:\/\/secure.gravatar.com\/avatar\/3732c223e0e1fad69062a8f770955c9068d37b055204f310a0be18d4069fe380?s=96&d=mm&r=g\",\"contentUrl\":\"https:\/\/secure.gravatar.com\/avatar\/3732c223e0e1fad69062a8f770955c9068d37b055204f310a0be18d4069fe380?s=96&d=mm&r=g\",\"caption\":\"Autor\"},\"sameAs\":[\"https:\/\/marketingmassivo.com.br\"],\"url\":\"https:\/\/fieam.org.br\/sesi\/author\/admin\/\"}]}<\/script>\n<!-- \/ Yoast SEO plugin. -->","yoast_head_json":{"title":"SESI capacita trabalhadores da Andrade Gutierrez - SESI","robots":{"index":"index","follow":"follow","max-snippet":"max-snippet:-1","max-image-preview":"max-image-preview:large","max-video-preview":"max-video-preview:-1"},"canonical":"https:\/\/fieam.org.br\/sesi\/sesi-capacita-trabalhadores-da-andrade-gutierrez\/","og_locale":"pt_BR","og_type":"article","og_title":"SESI capacita trabalhadores da Andrade Gutierrez - SESI","og_description":"&nbsp; O Servi\u00e7o Social da Ind\u00fastria (SESI)\u00a0realizou, ontem \u00e0 noite (11), aula inaugural para 40 trabalhadores da empresa Andrade Gutierrez, matriculados no Ensino Fundamental e Ensino M\u00e9dio, na modalidade de Educa\u00e7\u00e3o de Jovens e Adultos (EJA). A aula inaugural foi realizada no canteiro de obras da empresa, localizada na Rua Ramos Ferreira, bairro de Aparecida, [&hellip;]","og_url":"https:\/\/fieam.org.br\/sesi\/sesi-capacita-trabalhadores-da-andrade-gutierrez\/","og_site_name":"SESI","article_published_time":"2014-03-12T20:45:43+00:00","author":"Autor","twitter_card":"summary_large_image","twitter_misc":{"Escrito por":"Autor","Est. tempo de leitura":"3 minutos"},"schema":{"@context":"https:\/\/schema.org","@graph":[{"@type":"Article","@id":"https:\/\/fieam.org.br\/sesi\/sesi-capacita-trabalhadores-da-andrade-gutierrez\/#article","isPartOf":{"@id":"https:\/\/fieam.org.br\/sesi\/sesi-capacita-trabalhadores-da-andrade-gutierrez\/"},"author":{"name":"Autor","@id":"https:\/\/fieam.org.br\/sesi\/#\/schema\/person\/c1ceda8321521b291cee22da0a7d34be"},"headline":"SESI capacita trabalhadores da Andrade Gutierrez","datePublished":"2014-03-12T20:45:43+00:00","mainEntityOfPage":{"@id":"https:\/\/fieam.org.br\/sesi\/sesi-capacita-trabalhadores-da-andrade-gutierrez\/"},"wordCount":645,"commentCount":0,"publisher":{"@id":"https:\/\/fieam.org.br\/sesi\/#organization"},"articleSection":["News"],"inLanguage":"pt-BR","potentialAction":[{"@type":"CommentAction","name":"Comment","target":["https:\/\/fieam.org.br\/sesi\/sesi-capacita-trabalhadores-da-andrade-gutierrez\/#respond"]}]},{"@type":"WebPage","@id":"https:\/\/fieam.org.br\/sesi\/sesi-capacita-trabalhadores-da-andrade-gutierrez\/","url":"https:\/\/fieam.org.br\/sesi\/sesi-capacita-trabalhadores-da-andrade-gutierrez\/","name":"SESI capacita trabalhadores da Andrade Gutierrez - SESI","isPartOf":{"@id":"https:\/\/fieam.org.br\/sesi\/#website"},"datePublished":"2014-03-12T20:45:43+00:00","breadcrumb":{"@id":"https:\/\/fieam.org.br\/sesi\/sesi-capacita-trabalhadores-da-andrade-gutierrez\/#breadcrumb"},"inLanguage":"pt-BR","potentialAction":[{"@type":"ReadAction","target":["https:\/\/fieam.org.br\/sesi\/sesi-capacita-trabalhadores-da-andrade-gutierrez\/"]}]},{"@type":"BreadcrumbList","@id":"https:\/\/fieam.org.br\/sesi\/sesi-capacita-trabalhadores-da-andrade-gutierrez\/#breadcrumb","itemListElement":[{"@type":"ListItem","position":1,"name":"In\u00edcio","item":"https:\/\/fieam.org.br\/sesi\/"},{"@type":"ListItem","position":2,"name":"SESI capacita trabalhadores da Andrade Gutierrez"}]},{"@type":"WebSite","@id":"https:\/\/fieam.org.br\/sesi\/#website","url":"https:\/\/fieam.org.br\/sesi\/","name":"SESI","description":"Site Oficial!","publisher":{"@id":"https:\/\/fieam.org.br\/sesi\/#organization"},"potentialAction":[{"@type":"SearchAction","target":{"@type":"EntryPoint","urlTemplate":"https:\/\/fieam.org.br\/sesi\/?s={search_term_string}"},"query-input":{"@type":"PropertyValueSpecification","valueRequired":true,"valueName":"search_term_string"}}],"inLanguage":"pt-BR"},{"@type":"Organization","@id":"https:\/\/fieam.org.br\/sesi\/#organization","name":"SESI","url":"https:\/\/fieam.org.br\/sesi\/","logo":{"@type":"ImageObject","inLanguage":"pt-BR","@id":"https:\/\/fieam.org.br\/sesi\/#\/schema\/logo\/image\/","url":"https:\/\/fieam.org.br\/sesi\/wp-content\/uploads\/sites\/14\/2024\/03\/cropped-fav.png","contentUrl":"https:\/\/fieam.org.br\/sesi\/wp-content\/uploads\/sites\/14\/2024\/03\/cropped-fav.png","width":610,"height":589,"caption":"SESI"},"image":{"@id":"https:\/\/fieam.org.br\/sesi\/#\/schema\/logo\/image\/"}},{"@type":"Person","@id":"https:\/\/fieam.org.br\/sesi\/#\/schema\/person\/c1ceda8321521b291cee22da0a7d34be","name":"Autor","image":{"@type":"ImageObject","inLanguage":"pt-BR","@id":"https:\/\/fieam.org.br\/sesi\/#\/schema\/person\/image\/","url":"https:\/\/secure.gravatar.com\/avatar\/3732c223e0e1fad69062a8f770955c9068d37b055204f310a0be18d4069fe380?s=96&d=mm&r=g","contentUrl":"https:\/\/secure.gravatar.com\/avatar\/3732c223e0e1fad69062a8f770955c9068d37b055204f310a0be18d4069fe380?s=96&d=mm&r=g","caption":"Autor"},"sameAs":["https:\/\/marketingmassivo.com.br"],"url":"https:\/\/fieam.org.br\/sesi\/author\/admin\/"}]}},"_links":{"self":[{"href":"https:\/\/fieam.org.br\/sesi\/wp-json\/wp\/v2\/posts\/5252","targetHints":{"allow":["GET"]}}],"collection":[{"href":"https:\/\/fieam.org.br\/sesi\/wp-json\/wp\/v2\/posts"}],"about":[{"href":"https:\/\/fieam.org.br\/sesi\/wp-json\/wp\/v2\/types\/post"}],"author":[{"embeddable":true,"href":"https:\/\/fieam.org.br\/sesi\/wp-json\/wp\/v2\/users\/1"}],"replies":[{"embeddable":true,"href":"https:\/\/fieam.org.br\/sesi\/wp-json\/wp\/v2\/comments?post=5252"}],"version-history":[{"count":0,"href":"https:\/\/fieam.org.br\/sesi\/wp-json\/wp\/v2\/posts\/5252\/revisions"}],"wp:attachment":[{"href":"https:\/\/fieam.org.br\/sesi\/wp-json\/wp\/v2\/media?parent=5252"}],"wp:term":[{"taxonomy":"category","embeddable":true,"href":"https:\/\/fieam.org.br\/sesi\/wp-json\/wp\/v2\/categories?post=5252"},{"taxonomy":"post_tag","embeddable":true,"href":"https:\/\/fieam.org.br\/sesi\/wp-json\/wp\/v2\/tags?post=5252"}],"curies":[{"name":"wp","href":"https:\/\/api.w.org\/{rel}","templated":true}]}}