{"id":4499,"date":"2013-07-04T22:25:36","date_gmt":"2013-07-04T22:25:36","guid":{"rendered":"http:\/\/www.fieam.org.br\/site\/sesi\/?p=4499"},"modified":"2013-07-04T22:25:36","modified_gmt":"2013-07-04T22:25:36","slug":"obesidade-atinge-metade-da-populacao-brasileira","status":"publish","type":"post","link":"https:\/\/fieam.org.br\/sesi\/obesidade-atinge-metade-da-populacao-brasileira\/","title":{"rendered":"Obesidade atinge metade da popula\u00e7\u00e3o brasileira"},"content":{"rendered":"<p>A sa\u00fade do trabalhador brasileiro vai mal. \u00c9 o que aponta o levantamento do Minist\u00e9rio da Sa\u00fade, divulgado ontem pela gestora de Lazer Ativo do Departamento Nacional do Servi\u00e7o Social da Ind\u00fastria (<a href=\"http:\/\/www.fieam.org.br\/site\/sesi\/\" target=\"_blank\" rel=\"noopener\">SESI<\/a>), Ge\u00f3rgia Antony, no lan\u00e7amento do Programa Alimenta\u00e7\u00e3o Saud\u00e1vel na Ind\u00fastria, no Hotel Holiday Inn.<\/p>\n<p>Dentre as doen\u00e7as cr\u00f4nicas n\u00e3o transmiss\u00edveis (DCNT), citadas por Antony, est\u00e1 a obesidade, doen\u00e7a que atinge mais de 20 milh\u00f5es de brasileiros.<\/p>\n<p>De acordo com registro do MS, a obesidade est\u00e1 presente em cada uma de duas pessoas da popula\u00e7\u00e3o brasileira. O problema representou gastos do Sistema \u00danico de Sa\u00fade em 2011 ao redor de R$ 488 milh\u00f5es, em mais de 7 mil atendimentos ambulatoriais e 208 mil interna\u00e7\u00f5es. A gestora ponderou que os n\u00fameros seriam ainda maiores se fosse contabilizada a popula\u00e7\u00e3o menor de 18 anos.<\/p>\n<p>Ge\u00f3rgia chamou aten\u00e7\u00e3o para a obesidade por ser uma doen\u00e7a vis\u00edvel para todos e que j\u00e1 se tornou preocupa\u00e7\u00e3o tamb\u00e9m da Organiza\u00e7\u00e3o das Na\u00e7\u00f5es Unidas (<a href=\"http:\/\/www.google.com.br\/url?sa=t&amp;rct=j&amp;q=&amp;esrc=s&amp;source=web&amp;cd=1&amp;cad=rja&amp;ved=0CC4QFjAA&amp;url=http%3A%2F%2Fwww.onu.org.br%2F&amp;ei=xm7VUc3EDMPE0gHbq4HgAw&amp;usg=AFQjCNErwrRXP1VycZO3kPTse1GJNRtGtg&amp;sig2=Aw_iukJ-g2z5ZjKRmf04OQ&amp;bvm=bv.48705608,d.dmQ\" target=\"_blank\" rel=\"noopener\">ONU<\/a>), que desde maio deste ano incluiu o tema em duas das nove metas de trabalho discutidas como prioridade e aderidas por 194 pa\u00edses-membros da ONU, que se comprometeram em deter o crescimento das DCNT\u00b4s.<\/p>\n<p>O documento da ONU, assinado inclusive pelo Brasil, prop\u00f5e o desafio de reduzir em 25% at\u00e9 2025 as mortes prematuras por doen\u00e7as n\u00e3o transmiss\u00edveis, sendo elas respons\u00e1veis por mais de 60% das mortes no mundo, ou seja, 36 milh\u00f5es no total de 57 milh\u00f5es de \u00f3bitos.<\/p>\n<p>Segundo Ge\u00f3rgia, caso n\u00e3o sejam implantadas pol\u00edticas p\u00fablicas e programas voltados \u00e0 sa\u00fade e reeduca\u00e7\u00e3o alimentar, bem como um trabalho direcionado ao est\u00edmulo de exerc\u00edcio f\u00edsico, o n\u00famero apresentado pela ONU pode quase dobrar at\u00e9 2030, lembrando que as principais causas de mortes ser\u00e3o atribu\u00eddas ao tabagismo, m\u00e1 alimenta\u00e7\u00e3o, inatividade e uso excessivo de \u00e1lcool.<\/p>\n<p>Contribuindo para atender as metas, o SESI apresenta um programa integrado de educa\u00e7\u00e3o alimentar com dura\u00e7\u00e3o m\u00e9dia de seis meses para a ind\u00fastria, visando informar e possibilitar que o trabalhador desenvolva a capacidade de selecionar alimentos para satisfazer suas necessidades nutricionais diariamente e evitar o agravo de doen\u00e7as como obesidade, hipertens\u00e3o e diabetes.<\/p>\n<p>A nutricionista do SESI Amazonas, Creuza Varela, explicou no que consiste Programa Alimenta\u00e7\u00e3o Saud\u00e1vel na Ind\u00fastria, no qual foi estruturado com dois focos principais, abrangendo os indiv\u00edduos saud\u00e1veis e os indiv\u00edduos com risco e patologia.<\/p>\n<p>\u201cOferecemos ao trabalhador informa\u00e7\u00f5es que possam lev\u00e1-lo \u00e0 qualidade de vida e bem-estar. A empresa interessada ter\u00e1 um acompanhamento da equipe de multiprofissionais do SESI Amazonas que atuar\u00e3o nas interven\u00e7\u00f5es para mudan\u00e7a de comportamento de seus colaboradores, por meio de a\u00e7\u00f5es educativas pontuais e vivenciais, e a\u00e7\u00f5es direcionadas aos trabalhadores que possuem quadro de doen\u00e7as cr\u00f4nicas\u201d, disse Creuza.<\/p>\n<p>Para o chefe administrativo e financeiro da Sakura EXH do Brasil, Nilton Okayama, a iniciativa do SESI em promover servi\u00e7os que complementam o trabalho realizado pela ind\u00fastria aos industri\u00e1rios \u00e9 fundamental. A empresa recebeu na \u00faltima semana o resultado do Diagn\u00f3stico de Sa\u00fade e Estilo de Vida, realizado pelo SESI Amazonas, que identificou mais de dez funcion\u00e1rios com problemas graves de colesterol e triglicer\u00eddeos elevados.<\/p>\n<p>Com os resultados em m\u00e3os, Okayama pretende reformular o card\u00e1pio alimentar da empresa e eliminar excessos de sal e intensificar as op\u00e7\u00f5es saud\u00e1veis de saladas e frutas.<\/p>\n<p>Segundo Okayama, a Sakura \u00e9 uma ind\u00fastria que se preocupa com a qualidade de vida de sua for\u00e7a de trabalho, concedendo al\u00e9m de benef\u00edcios regimentais, quatro refei\u00e7\u00f5es no decorrer da jornada de trabalho di\u00e1ria, sendo caf\u00e9 da manh\u00e3, almo\u00e7o e dois lanches.<\/p>\n<p>\u201cO SESI completa o que a empresa n\u00e3o realiza quanto \u00e0 orienta\u00e7\u00e3o e acompanhamento dos trabalhadores. \u00c9 uma institui\u00e7\u00e3o parceira que nos auxilia quanto a tomada de decis\u00f5es para se ter um industri\u00e1rios saud\u00e1veis\u201d, avalia Nilton Okayama.<\/p>\n<p>&nbsp;<\/p>\n<p><strong>[nggallery id=186]<\/strong><\/p>\n","protected":false},"excerpt":{"rendered":"<p>A sa\u00fade do trabalhador brasileiro vai mal. \u00c9 o que aponta o levantamento do Minist\u00e9rio da Sa\u00fade, divulgado ontem pela gestora de Lazer Ativo do Departamento Nacional do Servi\u00e7o Social da Ind\u00fastria (SESI), Ge\u00f3rgia Antony, no lan\u00e7amento do Programa Alimenta\u00e7\u00e3o Saud\u00e1vel na Ind\u00fastria, no Hotel Holiday Inn. Dentre as doen\u00e7as cr\u00f4nicas n\u00e3o transmiss\u00edveis (DCNT), citadas [&hellip;]<\/p>\n","protected":false},"author":1,"featured_media":0,"comment_status":"open","ping_status":"open","sticky":false,"template":"","format":"standard","meta":{"footnotes":""},"categories":[25],"tags":[],"class_list":["post-4499","post","type-post","status-publish","format-standard","hentry","category-news"],"yoast_head":"<!-- This site is optimized with the Yoast SEO plugin v28.2 - https:\/\/yoast.com\/product\/yoast-seo-wordpress\/ -->\n<title>Obesidade atinge metade da popula\u00e7\u00e3o brasileira - SESI<\/title>\n<meta name=\"robots\" content=\"index, follow, max-snippet:-1, max-image-preview:large, max-video-preview:-1\" \/>\n<link rel=\"canonical\" href=\"https:\/\/fieam.org.br\/sesi\/obesidade-atinge-metade-da-populacao-brasileira\/\" \/>\n<meta property=\"og:locale\" content=\"pt_BR\" \/>\n<meta property=\"og:type\" content=\"article\" \/>\n<meta property=\"og:title\" content=\"Obesidade atinge metade da popula\u00e7\u00e3o brasileira - SESI\" \/>\n<meta property=\"og:description\" content=\"A sa\u00fade do trabalhador brasileiro vai mal. \u00c9 o que aponta o levantamento do Minist\u00e9rio da Sa\u00fade, divulgado ontem pela gestora de Lazer Ativo do Departamento Nacional do Servi\u00e7o Social da Ind\u00fastria (SESI), Ge\u00f3rgia Antony, no lan\u00e7amento do Programa Alimenta\u00e7\u00e3o Saud\u00e1vel na Ind\u00fastria, no Hotel Holiday Inn. Dentre as doen\u00e7as cr\u00f4nicas n\u00e3o transmiss\u00edveis (DCNT), citadas [&hellip;]\" \/>\n<meta property=\"og:url\" content=\"https:\/\/fieam.org.br\/sesi\/obesidade-atinge-metade-da-populacao-brasileira\/\" \/>\n<meta property=\"og:site_name\" content=\"SESI\" \/>\n<meta property=\"article:published_time\" content=\"2013-07-04T22:25:36+00:00\" \/>\n<meta name=\"author\" content=\"Autor\" \/>\n<meta name=\"twitter:card\" content=\"summary_large_image\" \/>\n<meta name=\"twitter:label1\" content=\"Escrito por\" \/>\n\t<meta name=\"twitter:data1\" content=\"Autor\" \/>\n\t<meta name=\"twitter:label2\" content=\"Est. tempo de leitura\" \/>\n\t<meta name=\"twitter:data2\" content=\"3 minutos\" \/>\n<script type=\"application\/ld+json\" class=\"yoast-schema-graph\">{\"@context\":\"https:\\\/\\\/schema.org\",\"@graph\":[{\"@type\":\"Article\",\"@id\":\"https:\\\/\\\/fieam.org.br\\\/sesi\\\/obesidade-atinge-metade-da-populacao-brasileira\\\/#article\",\"isPartOf\":{\"@id\":\"https:\\\/\\\/fieam.org.br\\\/sesi\\\/obesidade-atinge-metade-da-populacao-brasileira\\\/\"},\"author\":{\"name\":\"Autor\",\"@id\":\"https:\\\/\\\/fieam.org.br\\\/sesi\\\/#\\\/schema\\\/person\\\/f54998dd14d5f0695b41444f2b01c31e\"},\"headline\":\"Obesidade atinge metade da popula\u00e7\u00e3o brasileira\",\"datePublished\":\"2013-07-04T22:25:36+00:00\",\"mainEntityOfPage\":{\"@id\":\"https:\\\/\\\/fieam.org.br\\\/sesi\\\/obesidade-atinge-metade-da-populacao-brasileira\\\/\"},\"wordCount\":699,\"commentCount\":0,\"publisher\":{\"@id\":\"https:\\\/\\\/fieam.org.br\\\/sesi\\\/#organization\"},\"articleSection\":[\"News\"],\"inLanguage\":\"pt-BR\",\"potentialAction\":[{\"@type\":\"CommentAction\",\"name\":\"Comment\",\"target\":[\"https:\\\/\\\/fieam.org.br\\\/sesi\\\/obesidade-atinge-metade-da-populacao-brasileira\\\/#respond\"]}]},{\"@type\":\"WebPage\",\"@id\":\"https:\\\/\\\/fieam.org.br\\\/sesi\\\/obesidade-atinge-metade-da-populacao-brasileira\\\/\",\"url\":\"https:\\\/\\\/fieam.org.br\\\/sesi\\\/obesidade-atinge-metade-da-populacao-brasileira\\\/\",\"name\":\"Obesidade atinge metade da popula\u00e7\u00e3o brasileira - SESI\",\"isPartOf\":{\"@id\":\"https:\\\/\\\/fieam.org.br\\\/sesi\\\/#website\"},\"datePublished\":\"2013-07-04T22:25:36+00:00\",\"breadcrumb\":{\"@id\":\"https:\\\/\\\/fieam.org.br\\\/sesi\\\/obesidade-atinge-metade-da-populacao-brasileira\\\/#breadcrumb\"},\"inLanguage\":\"pt-BR\",\"potentialAction\":[{\"@type\":\"ReadAction\",\"target\":[\"https:\\\/\\\/fieam.org.br\\\/sesi\\\/obesidade-atinge-metade-da-populacao-brasileira\\\/\"]}]},{\"@type\":\"BreadcrumbList\",\"@id\":\"https:\\\/\\\/fieam.org.br\\\/sesi\\\/obesidade-atinge-metade-da-populacao-brasileira\\\/#breadcrumb\",\"itemListElement\":[{\"@type\":\"ListItem\",\"position\":1,\"name\":\"In\u00edcio\",\"item\":\"https:\\\/\\\/fieam.org.br\\\/sesi\\\/\"},{\"@type\":\"ListItem\",\"position\":2,\"name\":\"Obesidade atinge metade da popula\u00e7\u00e3o brasileira\"}]},{\"@type\":\"WebSite\",\"@id\":\"https:\\\/\\\/fieam.org.br\\\/sesi\\\/#website\",\"url\":\"https:\\\/\\\/fieam.org.br\\\/sesi\\\/\",\"name\":\"SESI\",\"description\":\"Site Oficial!\",\"publisher\":{\"@id\":\"https:\\\/\\\/fieam.org.br\\\/sesi\\\/#organization\"},\"potentialAction\":[{\"@type\":\"SearchAction\",\"target\":{\"@type\":\"EntryPoint\",\"urlTemplate\":\"https:\\\/\\\/fieam.org.br\\\/sesi\\\/?s={search_term_string}\"},\"query-input\":{\"@type\":\"PropertyValueSpecification\",\"valueRequired\":true,\"valueName\":\"search_term_string\"}}],\"inLanguage\":\"pt-BR\"},{\"@type\":\"Organization\",\"@id\":\"https:\\\/\\\/fieam.org.br\\\/sesi\\\/#organization\",\"name\":\"SESI\",\"url\":\"https:\\\/\\\/fieam.org.br\\\/sesi\\\/\",\"logo\":{\"@type\":\"ImageObject\",\"inLanguage\":\"pt-BR\",\"@id\":\"https:\\\/\\\/fieam.org.br\\\/sesi\\\/#\\\/schema\\\/logo\\\/image\\\/\",\"url\":\"https:\\\/\\\/fieam.org.br\\\/sesi\\\/wp-content\\\/uploads\\\/sites\\\/14\\\/2024\\\/03\\\/cropped-fav.png\",\"contentUrl\":\"https:\\\/\\\/fieam.org.br\\\/sesi\\\/wp-content\\\/uploads\\\/sites\\\/14\\\/2024\\\/03\\\/cropped-fav.png\",\"width\":610,\"height\":589,\"caption\":\"SESI\"},\"image\":{\"@id\":\"https:\\\/\\\/fieam.org.br\\\/sesi\\\/#\\\/schema\\\/logo\\\/image\\\/\"}},{\"@type\":\"Person\",\"@id\":\"https:\\\/\\\/fieam.org.br\\\/sesi\\\/#\\\/schema\\\/person\\\/f54998dd14d5f0695b41444f2b01c31e\",\"name\":\"Autor\",\"image\":{\"@type\":\"ImageObject\",\"inLanguage\":\"pt-BR\",\"@id\":\"https:\\\/\\\/secure.gravatar.com\\\/avatar\\\/3732c223e0e1fad69062a8f770955c9068d37b055204f310a0be18d4069fe380?s=96&d=mm&r=g\",\"url\":\"https:\\\/\\\/secure.gravatar.com\\\/avatar\\\/3732c223e0e1fad69062a8f770955c9068d37b055204f310a0be18d4069fe380?s=96&d=mm&r=g\",\"contentUrl\":\"https:\\\/\\\/secure.gravatar.com\\\/avatar\\\/3732c223e0e1fad69062a8f770955c9068d37b055204f310a0be18d4069fe380?s=96&d=mm&r=g\",\"caption\":\"Autor\"},\"sameAs\":[\"https:\\\/\\\/marketingmassivo.com.br\"],\"url\":\"https:\\\/\\\/fieam.org.br\\\/sesi\\\/author\\\/admin\\\/\"}]}<\/script>\n<!-- \/ Yoast SEO plugin. -->","yoast_head_json":{"title":"Obesidade atinge metade da popula\u00e7\u00e3o brasileira - SESI","robots":{"index":"index","follow":"follow","max-snippet":"max-snippet:-1","max-image-preview":"max-image-preview:large","max-video-preview":"max-video-preview:-1"},"canonical":"https:\/\/fieam.org.br\/sesi\/obesidade-atinge-metade-da-populacao-brasileira\/","og_locale":"pt_BR","og_type":"article","og_title":"Obesidade atinge metade da popula\u00e7\u00e3o brasileira - SESI","og_description":"A sa\u00fade do trabalhador brasileiro vai mal. \u00c9 o que aponta o levantamento do Minist\u00e9rio da Sa\u00fade, divulgado ontem pela gestora de Lazer Ativo do Departamento Nacional do Servi\u00e7o Social da Ind\u00fastria (SESI), Ge\u00f3rgia Antony, no lan\u00e7amento do Programa Alimenta\u00e7\u00e3o Saud\u00e1vel na Ind\u00fastria, no Hotel Holiday Inn. Dentre as doen\u00e7as cr\u00f4nicas n\u00e3o transmiss\u00edveis (DCNT), citadas [&hellip;]","og_url":"https:\/\/fieam.org.br\/sesi\/obesidade-atinge-metade-da-populacao-brasileira\/","og_site_name":"SESI","article_published_time":"2013-07-04T22:25:36+00:00","author":"Autor","twitter_card":"summary_large_image","twitter_misc":{"Escrito por":"Autor","Est. tempo de leitura":"3 minutos"},"schema":{"@context":"https:\/\/schema.org","@graph":[{"@type":"Article","@id":"https:\/\/fieam.org.br\/sesi\/obesidade-atinge-metade-da-populacao-brasileira\/#article","isPartOf":{"@id":"https:\/\/fieam.org.br\/sesi\/obesidade-atinge-metade-da-populacao-brasileira\/"},"author":{"name":"Autor","@id":"https:\/\/fieam.org.br\/sesi\/#\/schema\/person\/f54998dd14d5f0695b41444f2b01c31e"},"headline":"Obesidade atinge metade da popula\u00e7\u00e3o brasileira","datePublished":"2013-07-04T22:25:36+00:00","mainEntityOfPage":{"@id":"https:\/\/fieam.org.br\/sesi\/obesidade-atinge-metade-da-populacao-brasileira\/"},"wordCount":699,"commentCount":0,"publisher":{"@id":"https:\/\/fieam.org.br\/sesi\/#organization"},"articleSection":["News"],"inLanguage":"pt-BR","potentialAction":[{"@type":"CommentAction","name":"Comment","target":["https:\/\/fieam.org.br\/sesi\/obesidade-atinge-metade-da-populacao-brasileira\/#respond"]}]},{"@type":"WebPage","@id":"https:\/\/fieam.org.br\/sesi\/obesidade-atinge-metade-da-populacao-brasileira\/","url":"https:\/\/fieam.org.br\/sesi\/obesidade-atinge-metade-da-populacao-brasileira\/","name":"Obesidade atinge metade da popula\u00e7\u00e3o brasileira - SESI","isPartOf":{"@id":"https:\/\/fieam.org.br\/sesi\/#website"},"datePublished":"2013-07-04T22:25:36+00:00","breadcrumb":{"@id":"https:\/\/fieam.org.br\/sesi\/obesidade-atinge-metade-da-populacao-brasileira\/#breadcrumb"},"inLanguage":"pt-BR","potentialAction":[{"@type":"ReadAction","target":["https:\/\/fieam.org.br\/sesi\/obesidade-atinge-metade-da-populacao-brasileira\/"]}]},{"@type":"BreadcrumbList","@id":"https:\/\/fieam.org.br\/sesi\/obesidade-atinge-metade-da-populacao-brasileira\/#breadcrumb","itemListElement":[{"@type":"ListItem","position":1,"name":"In\u00edcio","item":"https:\/\/fieam.org.br\/sesi\/"},{"@type":"ListItem","position":2,"name":"Obesidade atinge metade da popula\u00e7\u00e3o brasileira"}]},{"@type":"WebSite","@id":"https:\/\/fieam.org.br\/sesi\/#website","url":"https:\/\/fieam.org.br\/sesi\/","name":"SESI","description":"Site Oficial!","publisher":{"@id":"https:\/\/fieam.org.br\/sesi\/#organization"},"potentialAction":[{"@type":"SearchAction","target":{"@type":"EntryPoint","urlTemplate":"https:\/\/fieam.org.br\/sesi\/?s={search_term_string}"},"query-input":{"@type":"PropertyValueSpecification","valueRequired":true,"valueName":"search_term_string"}}],"inLanguage":"pt-BR"},{"@type":"Organization","@id":"https:\/\/fieam.org.br\/sesi\/#organization","name":"SESI","url":"https:\/\/fieam.org.br\/sesi\/","logo":{"@type":"ImageObject","inLanguage":"pt-BR","@id":"https:\/\/fieam.org.br\/sesi\/#\/schema\/logo\/image\/","url":"https:\/\/fieam.org.br\/sesi\/wp-content\/uploads\/sites\/14\/2024\/03\/cropped-fav.png","contentUrl":"https:\/\/fieam.org.br\/sesi\/wp-content\/uploads\/sites\/14\/2024\/03\/cropped-fav.png","width":610,"height":589,"caption":"SESI"},"image":{"@id":"https:\/\/fieam.org.br\/sesi\/#\/schema\/logo\/image\/"}},{"@type":"Person","@id":"https:\/\/fieam.org.br\/sesi\/#\/schema\/person\/f54998dd14d5f0695b41444f2b01c31e","name":"Autor","image":{"@type":"ImageObject","inLanguage":"pt-BR","@id":"https:\/\/secure.gravatar.com\/avatar\/3732c223e0e1fad69062a8f770955c9068d37b055204f310a0be18d4069fe380?s=96&d=mm&r=g","url":"https:\/\/secure.gravatar.com\/avatar\/3732c223e0e1fad69062a8f770955c9068d37b055204f310a0be18d4069fe380?s=96&d=mm&r=g","contentUrl":"https:\/\/secure.gravatar.com\/avatar\/3732c223e0e1fad69062a8f770955c9068d37b055204f310a0be18d4069fe380?s=96&d=mm&r=g","caption":"Autor"},"sameAs":["https:\/\/marketingmassivo.com.br"],"url":"https:\/\/fieam.org.br\/sesi\/author\/admin\/"}]}},"_links":{"self":[{"href":"https:\/\/fieam.org.br\/sesi\/wp-json\/wp\/v2\/posts\/4499","targetHints":{"allow":["GET"]}}],"collection":[{"href":"https:\/\/fieam.org.br\/sesi\/wp-json\/wp\/v2\/posts"}],"about":[{"href":"https:\/\/fieam.org.br\/sesi\/wp-json\/wp\/v2\/types\/post"}],"author":[{"embeddable":true,"href":"https:\/\/fieam.org.br\/sesi\/wp-json\/wp\/v2\/users\/1"}],"replies":[{"embeddable":true,"href":"https:\/\/fieam.org.br\/sesi\/wp-json\/wp\/v2\/comments?post=4499"}],"version-history":[{"count":0,"href":"https:\/\/fieam.org.br\/sesi\/wp-json\/wp\/v2\/posts\/4499\/revisions"}],"wp:attachment":[{"href":"https:\/\/fieam.org.br\/sesi\/wp-json\/wp\/v2\/media?parent=4499"}],"wp:term":[{"taxonomy":"category","embeddable":true,"href":"https:\/\/fieam.org.br\/sesi\/wp-json\/wp\/v2\/categories?post=4499"},{"taxonomy":"post_tag","embeddable":true,"href":"https:\/\/fieam.org.br\/sesi\/wp-json\/wp\/v2\/tags?post=4499"}],"curies":[{"name":"wp","href":"https:\/\/api.w.org\/{rel}","templated":true}]}}