{"id":4363,"date":"2013-05-20T20:32:44","date_gmt":"2013-05-20T20:32:44","guid":{"rendered":"http:\/\/www.fieam.org.br\/site\/sesi\/?p=4363"},"modified":"2013-05-20T20:32:44","modified_gmt":"2013-05-20T20:32:44","slug":"acao-global-faz-mais-de-137-mil-atendimentos","status":"publish","type":"post","link":"https:\/\/fieam.org.br\/sesi\/acao-global-faz-mais-de-137-mil-atendimentos\/","title":{"rendered":"A\u00e7\u00e3o Global faz mais de 137 mil atendimentos"},"content":{"rendered":"<figure id=\"attachment_4366\" aria-describedby=\"caption-attachment-4366\" style=\"width: 300px\" class=\"wp-caption alignleft\"><a href=\"http:\/\/www.fieam.org.br\/site\/sesi\/acao-global-faz-mais-de-137-mil-atendimentos\/voluntarios-da-fundacao-nokia-agitam-a-acao-global-2013\/\" rel=\"attachment wp-att-4366\"><img fetchpriority=\"high\" decoding=\"async\" class=\"size-medium wp-image-4366 \" alt=\"Volunt\u00e1rios da Funda\u00e7\u00e3o Nokia agitam a A\u00e7\u00e3o Global 2013\" src=\"http:\/\/www.fieam.org.br\/2015\/sesi\/wp-content\/uploads\/sites\/2\/2013\/05\/Voluntarios-da-Funda\u00e7\u00e3o-Nokia-agitam-a-A\u00e7\u00e3o-Global-2013-300x200.jpg\" width=\"300\" height=\"200\" \/><\/a><figcaption id=\"caption-attachment-4366\" class=\"wp-caption-text\">Volunt\u00e1rios da Funda\u00e7\u00e3o Nokia agitam a A\u00e7\u00e3o Global 2013<\/figcaption><\/figure>\n<p style=\"text-align: left\" align=\"center\"><a href=\"http:\/\/www.fieam.org.br\/site\/sesi\/institucional\/\" target=\"_blank\" rel=\"noopener\">O Clube do Trabalhador do Amazonas<\/a>\u00a0foi, mais uma vez, a pra\u00e7a da solidariedade e da responsabilidade social, com a realiza\u00e7\u00e3o da A\u00e7\u00e3o Global 2013. Neste s\u00e1bado (18), em apenas nove horas, de 8 \u00e0s 17h, um total de 68.976 pessoas cruzou os port\u00f5es do clube, localizado no bairro S\u00e3o Jos\u00e9, zona Leste de Manaus, em busca de atendimento em sa\u00fade, cidadania ou apenas para lazer. O programa gerou 137.952 atendimentos, o que superou a meta dos organizadores em mais de 20%.<\/p>\n<p>Dedicada \u00e0s mulheres, essa 20\u00aa edi\u00e7\u00e3o local do programa, iniciativa do Servi\u00e7o Social da Ind\u00fastria (SESI) em parceria com a Rede Globo e afiliadas, proporcionou atendimento exclusivo a esse p\u00fablico em todos os servi\u00e7os, em especial por meio das \u201cCarretas da Mulher\u201d, na \u00e1rea da sa\u00fade, e do Espa\u00e7o Mulher, um dos mais procurados, com sal\u00e3o de beleza completo e minicursos de t\u00e9cnicas de maquiagem e higieniza\u00e7\u00e3o capilar.<\/p>\n<p>Para a diretora t\u00e9cnica do SESI Amazonas, Rosana Vasconcelos, o tema da A\u00e7\u00e3o Global deste ano foi de grande import\u00e2ncia porque, segundo ela, muito ainda tem que ser feito no sentido de estimular o trabalho, a participa\u00e7\u00e3o feminina na gera\u00e7\u00e3o de renda para a fam\u00edlia. \u201cE todos os parceiros trouxeram atividades voltadas para a mulher\u201d, disse ela.<\/p>\n<p>Maioria esmagadora entre p\u00fablico e volunt\u00e1rios do evento, as mulheres ainda tiveram oportunidade de tietar o ator global Sandro Pedroso, que atuou em \u201cFina Estampa\u201d, de 2011. Sandro, que j\u00e1 esteve no Amazonas no ano passado, ao lado da namorada Suzana Vieira, para assistir o Festival de Parintins, disse que estava feliz por participar de uma festa t\u00e3o bonita dedicada \u00e0 cidadania. \u201cParab\u00e9ns a todos os parceiros que se uniram para beneficiar as pessoas desta cidade linda que \u00e9 Manaus\u201d, disse ele.<\/p>\n<p>A deputada federal licenciada Rebecca Garcia, atualmente secret\u00e1ria de Governo do Amazonas, tamb\u00e9m marcou presen\u00e7a na A\u00e7\u00e3o Global 2013. \u201cQuero parabenizar o SESI e a Rede Globo pela iniciativa de trabalhar o tema mulher. N\u00f3s que trabalhamos diariamente com o tema sabemos que vale a pena investir na mulher. A mulher \u00e9 aquela que pode transformar a fam\u00edlia e, consequentemente, a sociedade\u201d, disse.<\/p>\n<p>A A\u00e7\u00e3o Global 2013 ofereceu 137.952 atendimentos para 68.976 pessoas. Foram registrados 7.782 servi\u00e7os de cidadania; 18.865 em atividades de lazer; 7.666 em educa\u00e7\u00e3o e 12.088 na \u00e1rea de sa\u00fade. O n\u00famero de institui\u00e7\u00f5es participantes foi de 125, entre p\u00fablicas e privadas, incluindo organiza\u00e7\u00f5es n\u00e3o governamentais e 38 empresas do\u00a0<a href=\"http:\/\/www.suframa.gov.br\/\" target=\"_blank\" rel=\"noopener\">Polo Industrial de Manaus (PIM)<\/a>. O programa contou com o trabalho volunt\u00e1rio de 2.750 profissionais.<\/p>\n<p>&nbsp;<\/p>\n<p><b>Servi\u00e7os de Sa\u00fade<\/b><\/p>\n<p>Depois das atividades de lazer, que transformaram o Clube do SESI Amazonas, com seus quase 170 mil metros quadrados, num palco para brincadeiras, jogos e dan\u00e7as, os servi\u00e7os de sa\u00fade foram os mais procurados pela popula\u00e7\u00e3o, com um total de 12.088 atendimentos.<\/p>\n<p>O atendimento \u00e0 sa\u00fade da mulher, que come\u00e7ou com uma semana de anteced\u00eancia, gra\u00e7as \u00e0 atua\u00e7\u00e3o da Carreta da Mulher, com a oferta de exames de mamografia e ultrassonografia, ofereceu, neste s\u00e1bado, 400 exames em tr\u00eas dessas unidades m\u00f3veis da Secretaria Municipal de Sa\u00fade (Semsa).<\/p>\n<p>A dona de casa Luzilene da Mata, 37, moradora do bairro Coroado 3, esteve na A\u00e7\u00e3o Global exclusivamente para usar os servi\u00e7os de sa\u00fade. Acompanhada de duas filhas, ela conseguiu em tempo recorde o encaminhamento para fazer o exame de ultrassonografia do abdome, oferecido numa das tr\u00eas Carretas da Mulher. Na hora, Luzilene descobriu que est\u00e1 com excesso de gordura no f\u00edgado e j\u00e1 saiu do consult\u00f3rio com a indica\u00e7\u00e3o de tratamento. Segundo ela, foi a primeira vez que p\u00f4de fazer o exame de tal complexidade por dificuldade de acesso na rede de sa\u00fade.<\/p>\n<p>&nbsp;<\/p>\n<p><b>Teste r\u00e1pido<\/b><\/p>\n<p>No per\u00edodo da manh\u00e3, os volunt\u00e1rios da \u00e1rea da sa\u00fade atenderam cerca de 200 pessoas no teste r\u00e1pido das hepatites B e C, HIV e s\u00edfilis. A a\u00e7\u00e3o foi realizada em parceria com SESISA\u00daDE, Funda\u00e7\u00e3o de Medicina Tropical do Amazonas e da Coordena\u00e7\u00e3o Municipal de DST\/Aids.<\/p>\n<p>A facilidade de receber os resultados dos exames ap\u00f3s 30 minutos motivou a dona de casa Carla Souza, de 21 anos, a fazer o teste r\u00e1pido para essas doen\u00e7as cr\u00f4nicas. Carla revelou que sempre foi saud\u00e1vel, mas tinha curiosidade sobre essas doen\u00e7as que t\u00eam exames muito espec\u00edficos. Gr\u00e1vida de nove meses da primog\u00eanita Alexia, ela recebeu com al\u00edvio os resultados negativos das quatro doen\u00e7as avaliadas.<\/p>\n<p>\u201cFiquei muito feliz de receber estes resultados, tendo a certeza de que n\u00e3o tenho nada. Este foi um dos servi\u00e7os mais importantes que tive na A\u00e7\u00e3o Global. Saber que estou com a sa\u00fade em dia para receber minha filha \u00e9 algo maravilhoso\u201d, disse Carla Souza.<\/p>\n<p>A assistente social do SESISA\u00daDE, Veremity Pereira, lembra que a hepatite B e C, s\u00edfilis e Aids s\u00e3o doen\u00e7as para as quais a medicina ainda n\u00e3o encontrou cura, mas s\u00e3o trat\u00e1veis e que o portador delas pode ter qualidade de vida procurar tratamento logo no in\u00edcio. Veremity orientou as pessoas que fizeram os testes, alertando sobre os cuidados de manter a vida livre dessas doen\u00e7as, bem como, indicando especialistas, caso fosse constatado resultado positivo em um dos exames.<\/p>\n<p>&nbsp;<\/p>\n<p><b>Ind\u00fastrias volunt\u00e1rias<\/b><\/p>\n<p>Uma das 38 empresas do PIM a participar da A\u00e7\u00e3o Global este ano, a Nokia do Brasil levou cerca de 100 volunt\u00e1rios para prestar servi\u00e7os m\u00e9dicos e recreativos. Segundo a gerente de Sa\u00fade e Seguran\u00e7a Ocupacional da Nokia, Mar\u00edlia Ruozz, 43, a Nokia, a Funda\u00e7\u00e3o Nokia e o Instituto Nokia de Tecnologia fizeram parceria para oferecer atividades l\u00fadicas para crian\u00e7as, como pe\u00e7a teatral, pintura facial, desenho, leitura, brincadeiras com bal\u00f5es, al\u00e9m do cadastro de curr\u00edculos, por meio da equipe do Instituto Nokia de Tecnologia (INdT). \u201cTamb\u00e9m doamos 2 mil lanches para os volunt\u00e1rios e trouxemos m\u00e9dico e dentista para atender a popula\u00e7\u00e3o\u201d, disse Ruozz.<\/p>\n<p>Maria de Nazar\u00e9 Monteiro, 52, moradora de Eirunep\u00e9, a 1.245 quil\u00f4metros de Manaus, veio pela primeira vez \u00e0 A\u00e7\u00e3o Global e foi atendida pelo cl\u00ednico geral da Nokia, m\u00e9dico Jorge Carneiro. \u201cEu achei maravilhoso. Eu tenho diabetes e fiz uma opera\u00e7\u00e3o de tireoide, estava precisando de uma orienta\u00e7\u00e3o m\u00e9dica. Foi \u00f3timo me consultar aqui\u201d, disse a dona de casa. O m\u00e9dico tamb\u00e9m estava estreando na A\u00e7\u00e3o Global. \u201cMe surpreendi com a quantidade de pessoas, espero contribuir ao m\u00e1ximo\u201d, disse o volunt\u00e1rio.<\/p>\n<p>A ind\u00fastria Copag, fabricante de cartas de baralho, montou estande com o tema \u201cA mulher d\u00e1 as cartas\u201d. No espa\u00e7o, a assistente social Viviane Trindade ministrou palestras sobre Sa\u00fade e Qualidade de Vida da Mulher, com orienta\u00e7\u00e3o sobre fam\u00edlia, preven\u00e7\u00e3o, amamenta\u00e7\u00e3o, entre outros. Segundo a coordenadora das a\u00e7\u00f5es da Copag na A\u00e7\u00e3o Global, Joana Ramos, tamb\u00e9m foram oferecidas atividades l\u00fadicas, como pintura facial, jogos de cartas, desenho e pintura.<\/p>\n<p>Oferecendo cursos de gar\u00e7om e camareira, o Hotel Holiday Inn, cadastrou mais de 200 pessoas para contatos posteriores \u00e0 A\u00e7\u00e3o Global para o preenchimento de 80 vagas. Os cursos ser\u00e3o realizados nos meses de julho a dezembro. Para quem se inscreveu na A\u00e7\u00e3o Global, os resultados da sele\u00e7\u00e3o ser\u00e3o informados por telefone at\u00e9 o in\u00edcio de julho.<\/p>\n<p>Gisele Gomes da Silva, 31, esteve na A\u00e7\u00e3o Global \u00e0 procura de emprego e se deparou com as inscri\u00e7\u00f5es do Hotel Holiday Inn. Depois de fazer sua inscri\u00e7\u00e3o, ela se cadastrou no Instituto Nokia de Tecnologia, que estava oferecendo servi\u00e7o de elabora\u00e7\u00e3o, cadastramento e impress\u00e3o de curr\u00edculo. Essa \u00e9 a segunda participa\u00e7\u00e3o de Gisele na A\u00e7\u00e3o Global: em 2012, ela levou os dois filhos para cortar o cabelo e fez, ela mesma, manicure e pedicure, al\u00e9m de limpeza dent\u00e1ria. &#8220;Sa\u00edmos satisfeitos com o atendimento realizado pelos profissionais da A\u00e7\u00e3o Global&#8221;, disse Gisele.<\/p>\n<p>De acordo com a gerente de Responsabilidade Social do SESI Amazonas, Sim\u00f4nica Sidrim, coordenadora do programa, o principal objetivo da A\u00e7\u00e3o Global, de montar uma rede de solidariedade para proporcionar o acesso de brasileiros \u00e0 cidadania, qualidade de vida, entretenimento e lazer, foi conquistado. Para ela, foi exatamente isso o que aconteceu neste s\u00e1bado, no Clube do Trabalhador do Amazonas.<\/p>\n<p><strong>[nggallery id=178]<\/strong><\/p>\n","protected":false},"excerpt":{"rendered":"<p>O Clube do Trabalhador do Amazonas\u00a0foi, mais uma vez, a pra\u00e7a da solidariedade e da responsabilidade social, com a realiza\u00e7\u00e3o da A\u00e7\u00e3o Global 2013. Neste s\u00e1bado (18), em apenas nove horas, de 8 \u00e0s 17h, um total de 68.976 pessoas cruzou os port\u00f5es do clube, localizado no bairro S\u00e3o Jos\u00e9, zona Leste de Manaus, em [&hellip;]<\/p>\n","protected":false},"author":1,"featured_media":0,"comment_status":"open","ping_status":"open","sticky":false,"template":"","format":"standard","meta":{"footnotes":""},"categories":[25],"tags":[],"class_list":["post-4363","post","type-post","status-publish","format-standard","hentry","category-news"],"yoast_head":"<!-- This site is optimized with the Yoast SEO plugin v26.8 - https:\/\/yoast.com\/product\/yoast-seo-wordpress\/ -->\n<title>A\u00e7\u00e3o Global faz mais de 137 mil atendimentos - SESI<\/title>\n<meta name=\"robots\" content=\"index, follow, max-snippet:-1, max-image-preview:large, max-video-preview:-1\" \/>\n<link rel=\"canonical\" href=\"https:\/\/fieam.org.br\/sesi\/acao-global-faz-mais-de-137-mil-atendimentos\/\" \/>\n<meta property=\"og:locale\" content=\"pt_BR\" \/>\n<meta property=\"og:type\" content=\"article\" \/>\n<meta property=\"og:title\" content=\"A\u00e7\u00e3o Global faz mais de 137 mil atendimentos - SESI\" \/>\n<meta property=\"og:description\" content=\"O Clube do Trabalhador do Amazonas\u00a0foi, mais uma vez, a pra\u00e7a da solidariedade e da responsabilidade social, com a realiza\u00e7\u00e3o da A\u00e7\u00e3o Global 2013. Neste s\u00e1bado (18), em apenas nove horas, de 8 \u00e0s 17h, um total de 68.976 pessoas cruzou os port\u00f5es do clube, localizado no bairro S\u00e3o Jos\u00e9, zona Leste de Manaus, em [&hellip;]\" \/>\n<meta property=\"og:url\" content=\"https:\/\/fieam.org.br\/sesi\/acao-global-faz-mais-de-137-mil-atendimentos\/\" \/>\n<meta property=\"og:site_name\" content=\"SESI\" \/>\n<meta property=\"article:published_time\" content=\"2013-05-20T20:32:44+00:00\" \/>\n<meta name=\"author\" content=\"Autor\" \/>\n<meta name=\"twitter:card\" content=\"summary_large_image\" \/>\n<meta name=\"twitter:label1\" content=\"Escrito por\" \/>\n\t<meta name=\"twitter:data1\" content=\"Autor\" \/>\n\t<meta name=\"twitter:label2\" content=\"Est. tempo de leitura\" \/>\n\t<meta name=\"twitter:data2\" content=\"7 minutos\" \/>\n<script type=\"application\/ld+json\" class=\"yoast-schema-graph\">{\"@context\":\"https:\/\/schema.org\",\"@graph\":[{\"@type\":\"Article\",\"@id\":\"https:\/\/fieam.org.br\/sesi\/acao-global-faz-mais-de-137-mil-atendimentos\/#article\",\"isPartOf\":{\"@id\":\"https:\/\/fieam.org.br\/sesi\/acao-global-faz-mais-de-137-mil-atendimentos\/\"},\"author\":{\"name\":\"Autor\",\"@id\":\"https:\/\/fieam.org.br\/sesi\/#\/schema\/person\/c1ceda8321521b291cee22da0a7d34be\"},\"headline\":\"A\u00e7\u00e3o Global faz mais de 137 mil atendimentos\",\"datePublished\":\"2013-05-20T20:32:44+00:00\",\"mainEntityOfPage\":{\"@id\":\"https:\/\/fieam.org.br\/sesi\/acao-global-faz-mais-de-137-mil-atendimentos\/\"},\"wordCount\":1454,\"commentCount\":0,\"publisher\":{\"@id\":\"https:\/\/fieam.org.br\/sesi\/#organization\"},\"articleSection\":[\"News\"],\"inLanguage\":\"pt-BR\",\"potentialAction\":[{\"@type\":\"CommentAction\",\"name\":\"Comment\",\"target\":[\"https:\/\/fieam.org.br\/sesi\/acao-global-faz-mais-de-137-mil-atendimentos\/#respond\"]}]},{\"@type\":\"WebPage\",\"@id\":\"https:\/\/fieam.org.br\/sesi\/acao-global-faz-mais-de-137-mil-atendimentos\/\",\"url\":\"https:\/\/fieam.org.br\/sesi\/acao-global-faz-mais-de-137-mil-atendimentos\/\",\"name\":\"A\u00e7\u00e3o Global faz mais de 137 mil atendimentos - SESI\",\"isPartOf\":{\"@id\":\"https:\/\/fieam.org.br\/sesi\/#website\"},\"datePublished\":\"2013-05-20T20:32:44+00:00\",\"breadcrumb\":{\"@id\":\"https:\/\/fieam.org.br\/sesi\/acao-global-faz-mais-de-137-mil-atendimentos\/#breadcrumb\"},\"inLanguage\":\"pt-BR\",\"potentialAction\":[{\"@type\":\"ReadAction\",\"target\":[\"https:\/\/fieam.org.br\/sesi\/acao-global-faz-mais-de-137-mil-atendimentos\/\"]}]},{\"@type\":\"BreadcrumbList\",\"@id\":\"https:\/\/fieam.org.br\/sesi\/acao-global-faz-mais-de-137-mil-atendimentos\/#breadcrumb\",\"itemListElement\":[{\"@type\":\"ListItem\",\"position\":1,\"name\":\"In\u00edcio\",\"item\":\"https:\/\/fieam.org.br\/sesi\/\"},{\"@type\":\"ListItem\",\"position\":2,\"name\":\"A\u00e7\u00e3o Global faz mais de 137 mil atendimentos\"}]},{\"@type\":\"WebSite\",\"@id\":\"https:\/\/fieam.org.br\/sesi\/#website\",\"url\":\"https:\/\/fieam.org.br\/sesi\/\",\"name\":\"SESI\",\"description\":\"Site Oficial!\",\"publisher\":{\"@id\":\"https:\/\/fieam.org.br\/sesi\/#organization\"},\"potentialAction\":[{\"@type\":\"SearchAction\",\"target\":{\"@type\":\"EntryPoint\",\"urlTemplate\":\"https:\/\/fieam.org.br\/sesi\/?s={search_term_string}\"},\"query-input\":{\"@type\":\"PropertyValueSpecification\",\"valueRequired\":true,\"valueName\":\"search_term_string\"}}],\"inLanguage\":\"pt-BR\"},{\"@type\":\"Organization\",\"@id\":\"https:\/\/fieam.org.br\/sesi\/#organization\",\"name\":\"SESI\",\"url\":\"https:\/\/fieam.org.br\/sesi\/\",\"logo\":{\"@type\":\"ImageObject\",\"inLanguage\":\"pt-BR\",\"@id\":\"https:\/\/fieam.org.br\/sesi\/#\/schema\/logo\/image\/\",\"url\":\"https:\/\/fieam.org.br\/sesi\/wp-content\/uploads\/sites\/14\/2024\/03\/cropped-fav.png\",\"contentUrl\":\"https:\/\/fieam.org.br\/sesi\/wp-content\/uploads\/sites\/14\/2024\/03\/cropped-fav.png\",\"width\":610,\"height\":589,\"caption\":\"SESI\"},\"image\":{\"@id\":\"https:\/\/fieam.org.br\/sesi\/#\/schema\/logo\/image\/\"}},{\"@type\":\"Person\",\"@id\":\"https:\/\/fieam.org.br\/sesi\/#\/schema\/person\/c1ceda8321521b291cee22da0a7d34be\",\"name\":\"Autor\",\"image\":{\"@type\":\"ImageObject\",\"inLanguage\":\"pt-BR\",\"@id\":\"https:\/\/fieam.org.br\/sesi\/#\/schema\/person\/image\/\",\"url\":\"https:\/\/secure.gravatar.com\/avatar\/3732c223e0e1fad69062a8f770955c9068d37b055204f310a0be18d4069fe380?s=96&d=mm&r=g\",\"contentUrl\":\"https:\/\/secure.gravatar.com\/avatar\/3732c223e0e1fad69062a8f770955c9068d37b055204f310a0be18d4069fe380?s=96&d=mm&r=g\",\"caption\":\"Autor\"},\"sameAs\":[\"https:\/\/marketingmassivo.com.br\"],\"url\":\"https:\/\/fieam.org.br\/sesi\/author\/admin\/\"}]}<\/script>\n<!-- \/ Yoast SEO plugin. -->","yoast_head_json":{"title":"A\u00e7\u00e3o Global faz mais de 137 mil atendimentos - SESI","robots":{"index":"index","follow":"follow","max-snippet":"max-snippet:-1","max-image-preview":"max-image-preview:large","max-video-preview":"max-video-preview:-1"},"canonical":"https:\/\/fieam.org.br\/sesi\/acao-global-faz-mais-de-137-mil-atendimentos\/","og_locale":"pt_BR","og_type":"article","og_title":"A\u00e7\u00e3o Global faz mais de 137 mil atendimentos - SESI","og_description":"O Clube do Trabalhador do Amazonas\u00a0foi, mais uma vez, a pra\u00e7a da solidariedade e da responsabilidade social, com a realiza\u00e7\u00e3o da A\u00e7\u00e3o Global 2013. Neste s\u00e1bado (18), em apenas nove horas, de 8 \u00e0s 17h, um total de 68.976 pessoas cruzou os port\u00f5es do clube, localizado no bairro S\u00e3o Jos\u00e9, zona Leste de Manaus, em [&hellip;]","og_url":"https:\/\/fieam.org.br\/sesi\/acao-global-faz-mais-de-137-mil-atendimentos\/","og_site_name":"SESI","article_published_time":"2013-05-20T20:32:44+00:00","author":"Autor","twitter_card":"summary_large_image","twitter_misc":{"Escrito por":"Autor","Est. tempo de leitura":"7 minutos"},"schema":{"@context":"https:\/\/schema.org","@graph":[{"@type":"Article","@id":"https:\/\/fieam.org.br\/sesi\/acao-global-faz-mais-de-137-mil-atendimentos\/#article","isPartOf":{"@id":"https:\/\/fieam.org.br\/sesi\/acao-global-faz-mais-de-137-mil-atendimentos\/"},"author":{"name":"Autor","@id":"https:\/\/fieam.org.br\/sesi\/#\/schema\/person\/c1ceda8321521b291cee22da0a7d34be"},"headline":"A\u00e7\u00e3o Global faz mais de 137 mil atendimentos","datePublished":"2013-05-20T20:32:44+00:00","mainEntityOfPage":{"@id":"https:\/\/fieam.org.br\/sesi\/acao-global-faz-mais-de-137-mil-atendimentos\/"},"wordCount":1454,"commentCount":0,"publisher":{"@id":"https:\/\/fieam.org.br\/sesi\/#organization"},"articleSection":["News"],"inLanguage":"pt-BR","potentialAction":[{"@type":"CommentAction","name":"Comment","target":["https:\/\/fieam.org.br\/sesi\/acao-global-faz-mais-de-137-mil-atendimentos\/#respond"]}]},{"@type":"WebPage","@id":"https:\/\/fieam.org.br\/sesi\/acao-global-faz-mais-de-137-mil-atendimentos\/","url":"https:\/\/fieam.org.br\/sesi\/acao-global-faz-mais-de-137-mil-atendimentos\/","name":"A\u00e7\u00e3o Global faz mais de 137 mil atendimentos - SESI","isPartOf":{"@id":"https:\/\/fieam.org.br\/sesi\/#website"},"datePublished":"2013-05-20T20:32:44+00:00","breadcrumb":{"@id":"https:\/\/fieam.org.br\/sesi\/acao-global-faz-mais-de-137-mil-atendimentos\/#breadcrumb"},"inLanguage":"pt-BR","potentialAction":[{"@type":"ReadAction","target":["https:\/\/fieam.org.br\/sesi\/acao-global-faz-mais-de-137-mil-atendimentos\/"]}]},{"@type":"BreadcrumbList","@id":"https:\/\/fieam.org.br\/sesi\/acao-global-faz-mais-de-137-mil-atendimentos\/#breadcrumb","itemListElement":[{"@type":"ListItem","position":1,"name":"In\u00edcio","item":"https:\/\/fieam.org.br\/sesi\/"},{"@type":"ListItem","position":2,"name":"A\u00e7\u00e3o Global faz mais de 137 mil atendimentos"}]},{"@type":"WebSite","@id":"https:\/\/fieam.org.br\/sesi\/#website","url":"https:\/\/fieam.org.br\/sesi\/","name":"SESI","description":"Site Oficial!","publisher":{"@id":"https:\/\/fieam.org.br\/sesi\/#organization"},"potentialAction":[{"@type":"SearchAction","target":{"@type":"EntryPoint","urlTemplate":"https:\/\/fieam.org.br\/sesi\/?s={search_term_string}"},"query-input":{"@type":"PropertyValueSpecification","valueRequired":true,"valueName":"search_term_string"}}],"inLanguage":"pt-BR"},{"@type":"Organization","@id":"https:\/\/fieam.org.br\/sesi\/#organization","name":"SESI","url":"https:\/\/fieam.org.br\/sesi\/","logo":{"@type":"ImageObject","inLanguage":"pt-BR","@id":"https:\/\/fieam.org.br\/sesi\/#\/schema\/logo\/image\/","url":"https:\/\/fieam.org.br\/sesi\/wp-content\/uploads\/sites\/14\/2024\/03\/cropped-fav.png","contentUrl":"https:\/\/fieam.org.br\/sesi\/wp-content\/uploads\/sites\/14\/2024\/03\/cropped-fav.png","width":610,"height":589,"caption":"SESI"},"image":{"@id":"https:\/\/fieam.org.br\/sesi\/#\/schema\/logo\/image\/"}},{"@type":"Person","@id":"https:\/\/fieam.org.br\/sesi\/#\/schema\/person\/c1ceda8321521b291cee22da0a7d34be","name":"Autor","image":{"@type":"ImageObject","inLanguage":"pt-BR","@id":"https:\/\/fieam.org.br\/sesi\/#\/schema\/person\/image\/","url":"https:\/\/secure.gravatar.com\/avatar\/3732c223e0e1fad69062a8f770955c9068d37b055204f310a0be18d4069fe380?s=96&d=mm&r=g","contentUrl":"https:\/\/secure.gravatar.com\/avatar\/3732c223e0e1fad69062a8f770955c9068d37b055204f310a0be18d4069fe380?s=96&d=mm&r=g","caption":"Autor"},"sameAs":["https:\/\/marketingmassivo.com.br"],"url":"https:\/\/fieam.org.br\/sesi\/author\/admin\/"}]}},"_links":{"self":[{"href":"https:\/\/fieam.org.br\/sesi\/wp-json\/wp\/v2\/posts\/4363","targetHints":{"allow":["GET"]}}],"collection":[{"href":"https:\/\/fieam.org.br\/sesi\/wp-json\/wp\/v2\/posts"}],"about":[{"href":"https:\/\/fieam.org.br\/sesi\/wp-json\/wp\/v2\/types\/post"}],"author":[{"embeddable":true,"href":"https:\/\/fieam.org.br\/sesi\/wp-json\/wp\/v2\/users\/1"}],"replies":[{"embeddable":true,"href":"https:\/\/fieam.org.br\/sesi\/wp-json\/wp\/v2\/comments?post=4363"}],"version-history":[{"count":0,"href":"https:\/\/fieam.org.br\/sesi\/wp-json\/wp\/v2\/posts\/4363\/revisions"}],"wp:attachment":[{"href":"https:\/\/fieam.org.br\/sesi\/wp-json\/wp\/v2\/media?parent=4363"}],"wp:term":[{"taxonomy":"category","embeddable":true,"href":"https:\/\/fieam.org.br\/sesi\/wp-json\/wp\/v2\/categories?post=4363"},{"taxonomy":"post_tag","embeddable":true,"href":"https:\/\/fieam.org.br\/sesi\/wp-json\/wp\/v2\/tags?post=4363"}],"curies":[{"name":"wp","href":"https:\/\/api.w.org\/{rel}","templated":true}]}}