{"id":4353,"date":"2013-05-18T15:38:53","date_gmt":"2013-05-18T15:38:53","guid":{"rendered":"http:\/\/www.fieam.org.br\/site\/sesi\/?p=4353"},"modified":"2013-05-18T15:38:53","modified_gmt":"2013-05-18T15:38:53","slug":"acao-global-espera-publico-55-mil-neste-sabado","status":"publish","type":"post","link":"https:\/\/fieam.org.br\/sesi\/acao-global-espera-publico-55-mil-neste-sabado\/","title":{"rendered":"A\u00e7\u00e3o Global espera p\u00fablico 55 mil neste s\u00e1bado"},"content":{"rendered":"<figure id=\"attachment_4354\" aria-describedby=\"caption-attachment-4354\" style=\"width: 419px\" class=\"wp-caption alignleft\"><a href=\"http:\/\/www.fieam.org.br\/2015\/sesi\/wp-content\/uploads\/sites\/2\/2013\/05\/Operadora-de-g\u00e1fica-Silvana-Silva-aproveita-a-manh\u00e3-de-s\u00e1bado-de-A\u00e7\u00e3o-Global-para-fazer-as-unhas.jpg\"><img fetchpriority=\"high\" decoding=\"async\" class=\" wp-image-4354 \" title=\"Operadora de gr\u00e1fica, Silvana Silva, aproveita a manh\u00e3 de s\u00e1bado da A\u00e7\u00e3o Global para fazer as unhas.\" alt=\"Operadora de gr\u00e1fica, Silvana Silva, aproveita a manh\u00e3 de s\u00e1bado da A\u00e7\u00e3o Global para fazer as unhas.\" src=\"http:\/\/www.fieam.org.br\/2015\/sesi\/wp-content\/uploads\/sites\/2\/2013\/05\/Operadora-de-g\u00e1fica-Silvana-Silva-aproveita-a-manh\u00e3-de-s\u00e1bado-de-A\u00e7\u00e3o-Global-para-fazer-as-unhas.jpg\" width=\"419\" height=\"614\" \/><\/a><figcaption id=\"caption-attachment-4354\" class=\"wp-caption-text\">Operadora de gr\u00e1fica, Silvana Silva, aproveita a manh\u00e3 de s\u00e1bado da A\u00e7\u00e3o Global para fazer as unhas.<\/figcaption><\/figure>\n<p>Com a expectativa de prestar mais de 100 mil atendimentos para at\u00e9 55 mil manauaras, acontece neste s\u00e1bado (18), a partir de 8h, <a href=\"http:\/\/www.fieam.org.br\/site\/sesi\/\">no Clube do Trabalhador do Amazonas (Alameda Cosme Ferreira, 7.399, no S\u00e3o Jos\u00e9), a A\u00e7\u00e3o Global 2013<\/a>, programa desenvolvido pelo SESI Amazonas em parceria com a Rede Amaz\u00f4nica de Televis\u00e3o, e voltado \u00e0 presta\u00e7\u00e3o de servi\u00e7os gratuitos \u00e0 popula\u00e7\u00e3o nas \u00e1reas de sa\u00fade, lazer e cidadania.<\/p>\n<p>Neste ano, quando chega \u00e0 20\u00aa edi\u00e7\u00e3o no Amazonas, a A\u00e7\u00e3o Global tem a mulher como tema geral. Al\u00e9m da \u00eanfase no atendimento na \u00e1rea da sa\u00fade, com exames preventivos, ultrassonografia e mamografia, consultas com cl\u00ednico geral e ginecologista, entre outras especialidades, o programa vai oferecer o \u201cEspa\u00e7o Mulher\u201d, onde ser\u00e3o oferecidos servi\u00e7os, como higieniza\u00e7\u00e3o e massagem capilar, limpeza de pele, massagens nas m\u00e3os e t\u00e9cnica de maquiagem. O espa\u00e7o vai funcionar no Sal\u00e3o de Eventos do Clube do Trabalhador, com participa\u00e7\u00e3o de parceiros como <a href=\"http:\/\/www.institutoembelleze.com\/\">Instituto Embelleze<\/a>, <a href=\"http:\/\/www.marykay.com.br\/\u200e\">Mary Kay<\/a>, <a href=\"http:\/\/www.amazoniaviva.com\/portugues\/\">Amaz\u00f4nia Viva<\/a>, <a href=\"http:\/\/www.natura.net\/\">Natura<\/a>, <a href=\"http:\/\/www.topinternacional.com.br\/\u200e\">Top Internacional<\/a> e <a href=\"http:\/\/consuladodamulher.org.br\/o-que-e-o-consulado\/\">Consulado da Mulher<\/a>.<\/p>\n<p>O atendimento \u00e0 mulher, na A\u00e7\u00e3o Global 2013, come\u00e7ou com uma semana de anteced\u00eancia. Desde a \u00faltima segunda-feira (13), a Carreta da Mulher, unidade m\u00f3vel da Secretaria Municipal de Sa\u00fade (Semsa), est\u00e1 estacionada dentro do Clube do Trabalhador, com a oferta de 60 exames di\u00e1rios de mamografia e 50 de ultrassonografia.<\/p>\n<p>Neste s\u00e1bado, durante a A\u00e7\u00e3o Global, ser\u00e3o oferecidos 400 exames na carreta, metade para cada especialidade. Uma parte desses exames ser\u00e1 destinada para mulheres que j\u00e1 v\u00eam com encaminhamento m\u00e9dico. O restante ser\u00e1 para mulheres atendidas pelo m\u00e9dico na pr\u00f3pria A\u00e7\u00e3o Global.<\/p>\n<p>De acordo com a gerente de Responsabilidade Social do SESI Amazonas, Sim\u00f4nica Sidrim, coordenadora do programa, o principal objetivo da A\u00e7\u00e3o Global \u00e9 montar uma rede de solidariedade para proporcionar o acesso de brasileiros \u00e0 cidadania, qualidade de vida, entretenimento e lazer. \u201cPara muita gente de Manaus, a A\u00e7\u00e3o Global \u00e9 um programa de lazer. Muitos pais v\u00eam para se divertir, trazer os filhos para brincar, jogar, cortar o cabelo\u201d, diz ela.<\/p>\n<p>&nbsp;<\/p>\n<p><strong>PARCERIAS<\/strong><\/p>\n<p>&nbsp;<\/p>\n<p>A A\u00e7\u00e3o Global 2013 ter\u00e1 a participa\u00e7\u00e3o de 125 parceiros, dos quais 38 s\u00e3o empresas do <a href=\"http:\/\/www.suframa.gov.br\/\">Polo Industrial de Manaus (PIM)<\/a>, e 1.680 volunt\u00e1rios, no atendimento em sa\u00fade, cidadania, educa\u00e7\u00e3o, esporte, cultura e lazer. Nas a\u00e7\u00f5es de cidadania, o p\u00fablico ter\u00e1 orienta\u00e7\u00f5es jur\u00eddicas, sobre benef\u00edcios previdenci\u00e1rios, sobre direitos do consumidor e at\u00e9 sobre postura e \u00e9tica profissional.<\/p>\n<p>Na emiss\u00e3o de documentos, um dos servi\u00e7os mais procurados nas edi\u00e7\u00f5es anteriores, o p\u00fablico poder\u00e1 emitir a primeira via da Carteira de Identidade, Carteira Profissional e Carteira do Idoso. Tamb\u00e9m haver\u00e1 atendimento do Programa Bolsa Fam\u00edlia, Seguro Desemprego, FGTS, Cr\u00e9dito Imobili\u00e1rio e empr\u00e9stimos pessoais, estes oferecidos pela Caixa Econ\u00f4mica Federal.<\/p>\n<p>Para quem procura capacita\u00e7\u00e3o, a A\u00e7\u00e3o Global vai oferecer cursos r\u00e1pidos na \u00e1rea de hotelaria, al\u00e9m de oficinas de gera\u00e7\u00e3o de renda com res\u00edduos s\u00f3lidos e vassoura artesanal feitas de garrafas pet. Nas atividades de lazer e cultura, haver\u00e1, durante todo o dia, apresenta\u00e7\u00f5es de teatro, shows musicais, exibi\u00e7\u00e3o de filmes, jogos e visita monitorada ao Bosque da Ci\u00eancia, do Instituto Nacional de Pesquisas da Amaz\u00f4nia (Inpa) especialmente para as crian\u00e7as.<\/p>\n<p>A A\u00e7\u00e3o Global \u00e9 programa nacional realizado pelo SESI em parceria com a Rede Globo e emissoras afiliadas. Re\u00fane institui\u00e7\u00f5es p\u00fablicas, privadas e organiza\u00e7\u00f5es n\u00e3o governamentais para prestar servi\u00e7os \u00e0 popula\u00e7\u00e3o. Em Manaus, ser\u00e1 realizada em hor\u00e1rio corrido, de 8h \u00e0s 17h, e vai ocupar os quase 170 mil metros quadrados do Clube do Trabalhador, dividido em dois gin\u00e1sios poliesportivos e um sal\u00e3o de eventos para mais de 1.000 pessoas, al\u00e9m de corredores e \u00e1reas externas. O acesso ao Clube \u00e9 gratuito.<\/p>\n<p>&nbsp;<\/p>\n<p>&nbsp;<\/p>\n<p>&nbsp;<\/p>\n<p>&nbsp;<\/p>\n<p>&nbsp;<\/p>\n","protected":false},"excerpt":{"rendered":"<p>Com a expectativa de prestar mais de 100 mil atendimentos para at\u00e9 55 mil manauaras, acontece neste s\u00e1bado (18), a partir de 8h, no Clube do Trabalhador do Amazonas (Alameda Cosme Ferreira, 7.399, no S\u00e3o Jos\u00e9), a A\u00e7\u00e3o Global 2013, programa desenvolvido pelo SESI Amazonas em parceria com a Rede Amaz\u00f4nica de Televis\u00e3o, e voltado [&hellip;]<\/p>\n","protected":false},"author":1,"featured_media":4354,"comment_status":"open","ping_status":"open","sticky":false,"template":"","format":"standard","meta":{"footnotes":""},"categories":[25],"tags":[],"class_list":["post-4353","post","type-post","status-publish","format-standard","has-post-thumbnail","hentry","category-news"],"yoast_head":"<!-- This site is optimized with the Yoast SEO plugin v28.2 - https:\/\/yoast.com\/product\/yoast-seo-wordpress\/ -->\n<title>A\u00e7\u00e3o Global espera p\u00fablico 55 mil neste s\u00e1bado - SESI<\/title>\n<meta name=\"robots\" content=\"index, follow, max-snippet:-1, max-image-preview:large, max-video-preview:-1\" \/>\n<link rel=\"canonical\" href=\"https:\/\/fieam.org.br\/sesi\/acao-global-espera-publico-55-mil-neste-sabado\/\" \/>\n<meta property=\"og:locale\" content=\"pt_BR\" \/>\n<meta property=\"og:type\" content=\"article\" \/>\n<meta property=\"og:title\" content=\"A\u00e7\u00e3o Global espera p\u00fablico 55 mil neste s\u00e1bado - SESI\" \/>\n<meta property=\"og:description\" content=\"Com a expectativa de prestar mais de 100 mil atendimentos para at\u00e9 55 mil manauaras, acontece neste s\u00e1bado (18), a partir de 8h, no Clube do Trabalhador do Amazonas (Alameda Cosme Ferreira, 7.399, no S\u00e3o Jos\u00e9), a A\u00e7\u00e3o Global 2013, programa desenvolvido pelo SESI Amazonas em parceria com a Rede Amaz\u00f4nica de Televis\u00e3o, e voltado [&hellip;]\" \/>\n<meta property=\"og:url\" content=\"https:\/\/fieam.org.br\/sesi\/acao-global-espera-publico-55-mil-neste-sabado\/\" \/>\n<meta property=\"og:site_name\" content=\"SESI\" \/>\n<meta property=\"article:published_time\" content=\"2013-05-18T15:38:53+00:00\" \/>\n<meta name=\"author\" content=\"Autor\" \/>\n<meta name=\"twitter:card\" content=\"summary_large_image\" \/>\n<meta name=\"twitter:label1\" content=\"Escrito por\" \/>\n\t<meta name=\"twitter:data1\" content=\"Autor\" \/>\n\t<meta name=\"twitter:label2\" content=\"Est. tempo de leitura\" \/>\n\t<meta name=\"twitter:data2\" content=\"3 minutos\" \/>\n<script type=\"application\/ld+json\" class=\"yoast-schema-graph\">{\"@context\":\"https:\\\/\\\/schema.org\",\"@graph\":[{\"@type\":\"Article\",\"@id\":\"https:\\\/\\\/fieam.org.br\\\/sesi\\\/acao-global-espera-publico-55-mil-neste-sabado\\\/#article\",\"isPartOf\":{\"@id\":\"https:\\\/\\\/fieam.org.br\\\/sesi\\\/acao-global-espera-publico-55-mil-neste-sabado\\\/\"},\"author\":{\"name\":\"Autor\",\"@id\":\"https:\\\/\\\/fieam.org.br\\\/sesi\\\/#\\\/schema\\\/person\\\/f54998dd14d5f0695b41444f2b01c31e\"},\"headline\":\"A\u00e7\u00e3o Global espera p\u00fablico 55 mil neste s\u00e1bado\",\"datePublished\":\"2013-05-18T15:38:53+00:00\",\"mainEntityOfPage\":{\"@id\":\"https:\\\/\\\/fieam.org.br\\\/sesi\\\/acao-global-espera-publico-55-mil-neste-sabado\\\/\"},\"wordCount\":698,\"commentCount\":0,\"publisher\":{\"@id\":\"https:\\\/\\\/fieam.org.br\\\/sesi\\\/#organization\"},\"image\":{\"@id\":\"https:\\\/\\\/fieam.org.br\\\/sesi\\\/acao-global-espera-publico-55-mil-neste-sabado\\\/#primaryimage\"},\"thumbnailUrl\":\"\",\"articleSection\":[\"News\"],\"inLanguage\":\"pt-BR\",\"potentialAction\":[{\"@type\":\"CommentAction\",\"name\":\"Comment\",\"target\":[\"https:\\\/\\\/fieam.org.br\\\/sesi\\\/acao-global-espera-publico-55-mil-neste-sabado\\\/#respond\"]}]},{\"@type\":\"WebPage\",\"@id\":\"https:\\\/\\\/fieam.org.br\\\/sesi\\\/acao-global-espera-publico-55-mil-neste-sabado\\\/\",\"url\":\"https:\\\/\\\/fieam.org.br\\\/sesi\\\/acao-global-espera-publico-55-mil-neste-sabado\\\/\",\"name\":\"A\u00e7\u00e3o Global espera p\u00fablico 55 mil neste s\u00e1bado - SESI\",\"isPartOf\":{\"@id\":\"https:\\\/\\\/fieam.org.br\\\/sesi\\\/#website\"},\"primaryImageOfPage\":{\"@id\":\"https:\\\/\\\/fieam.org.br\\\/sesi\\\/acao-global-espera-publico-55-mil-neste-sabado\\\/#primaryimage\"},\"image\":{\"@id\":\"https:\\\/\\\/fieam.org.br\\\/sesi\\\/acao-global-espera-publico-55-mil-neste-sabado\\\/#primaryimage\"},\"thumbnailUrl\":\"\",\"datePublished\":\"2013-05-18T15:38:53+00:00\",\"breadcrumb\":{\"@id\":\"https:\\\/\\\/fieam.org.br\\\/sesi\\\/acao-global-espera-publico-55-mil-neste-sabado\\\/#breadcrumb\"},\"inLanguage\":\"pt-BR\",\"potentialAction\":[{\"@type\":\"ReadAction\",\"target\":[\"https:\\\/\\\/fieam.org.br\\\/sesi\\\/acao-global-espera-publico-55-mil-neste-sabado\\\/\"]}]},{\"@type\":\"ImageObject\",\"inLanguage\":\"pt-BR\",\"@id\":\"https:\\\/\\\/fieam.org.br\\\/sesi\\\/acao-global-espera-publico-55-mil-neste-sabado\\\/#primaryimage\",\"url\":\"\",\"contentUrl\":\"\"},{\"@type\":\"BreadcrumbList\",\"@id\":\"https:\\\/\\\/fieam.org.br\\\/sesi\\\/acao-global-espera-publico-55-mil-neste-sabado\\\/#breadcrumb\",\"itemListElement\":[{\"@type\":\"ListItem\",\"position\":1,\"name\":\"In\u00edcio\",\"item\":\"https:\\\/\\\/fieam.org.br\\\/sesi\\\/\"},{\"@type\":\"ListItem\",\"position\":2,\"name\":\"A\u00e7\u00e3o Global espera p\u00fablico 55 mil neste s\u00e1bado\"}]},{\"@type\":\"WebSite\",\"@id\":\"https:\\\/\\\/fieam.org.br\\\/sesi\\\/#website\",\"url\":\"https:\\\/\\\/fieam.org.br\\\/sesi\\\/\",\"name\":\"SESI\",\"description\":\"Site Oficial!\",\"publisher\":{\"@id\":\"https:\\\/\\\/fieam.org.br\\\/sesi\\\/#organization\"},\"potentialAction\":[{\"@type\":\"SearchAction\",\"target\":{\"@type\":\"EntryPoint\",\"urlTemplate\":\"https:\\\/\\\/fieam.org.br\\\/sesi\\\/?s={search_term_string}\"},\"query-input\":{\"@type\":\"PropertyValueSpecification\",\"valueRequired\":true,\"valueName\":\"search_term_string\"}}],\"inLanguage\":\"pt-BR\"},{\"@type\":\"Organization\",\"@id\":\"https:\\\/\\\/fieam.org.br\\\/sesi\\\/#organization\",\"name\":\"SESI\",\"url\":\"https:\\\/\\\/fieam.org.br\\\/sesi\\\/\",\"logo\":{\"@type\":\"ImageObject\",\"inLanguage\":\"pt-BR\",\"@id\":\"https:\\\/\\\/fieam.org.br\\\/sesi\\\/#\\\/schema\\\/logo\\\/image\\\/\",\"url\":\"https:\\\/\\\/fieam.org.br\\\/sesi\\\/wp-content\\\/uploads\\\/sites\\\/14\\\/2024\\\/03\\\/cropped-fav.png\",\"contentUrl\":\"https:\\\/\\\/fieam.org.br\\\/sesi\\\/wp-content\\\/uploads\\\/sites\\\/14\\\/2024\\\/03\\\/cropped-fav.png\",\"width\":610,\"height\":589,\"caption\":\"SESI\"},\"image\":{\"@id\":\"https:\\\/\\\/fieam.org.br\\\/sesi\\\/#\\\/schema\\\/logo\\\/image\\\/\"}},{\"@type\":\"Person\",\"@id\":\"https:\\\/\\\/fieam.org.br\\\/sesi\\\/#\\\/schema\\\/person\\\/f54998dd14d5f0695b41444f2b01c31e\",\"name\":\"Autor\",\"image\":{\"@type\":\"ImageObject\",\"inLanguage\":\"pt-BR\",\"@id\":\"https:\\\/\\\/secure.gravatar.com\\\/avatar\\\/3732c223e0e1fad69062a8f770955c9068d37b055204f310a0be18d4069fe380?s=96&d=mm&r=g\",\"url\":\"https:\\\/\\\/secure.gravatar.com\\\/avatar\\\/3732c223e0e1fad69062a8f770955c9068d37b055204f310a0be18d4069fe380?s=96&d=mm&r=g\",\"contentUrl\":\"https:\\\/\\\/secure.gravatar.com\\\/avatar\\\/3732c223e0e1fad69062a8f770955c9068d37b055204f310a0be18d4069fe380?s=96&d=mm&r=g\",\"caption\":\"Autor\"},\"sameAs\":[\"https:\\\/\\\/marketingmassivo.com.br\"],\"url\":\"https:\\\/\\\/fieam.org.br\\\/sesi\\\/author\\\/admin\\\/\"}]}<\/script>\n<!-- \/ Yoast SEO plugin. -->","yoast_head_json":{"title":"A\u00e7\u00e3o Global espera p\u00fablico 55 mil neste s\u00e1bado - SESI","robots":{"index":"index","follow":"follow","max-snippet":"max-snippet:-1","max-image-preview":"max-image-preview:large","max-video-preview":"max-video-preview:-1"},"canonical":"https:\/\/fieam.org.br\/sesi\/acao-global-espera-publico-55-mil-neste-sabado\/","og_locale":"pt_BR","og_type":"article","og_title":"A\u00e7\u00e3o Global espera p\u00fablico 55 mil neste s\u00e1bado - SESI","og_description":"Com a expectativa de prestar mais de 100 mil atendimentos para at\u00e9 55 mil manauaras, acontece neste s\u00e1bado (18), a partir de 8h, no Clube do Trabalhador do Amazonas (Alameda Cosme Ferreira, 7.399, no S\u00e3o Jos\u00e9), a A\u00e7\u00e3o Global 2013, programa desenvolvido pelo SESI Amazonas em parceria com a Rede Amaz\u00f4nica de Televis\u00e3o, e voltado [&hellip;]","og_url":"https:\/\/fieam.org.br\/sesi\/acao-global-espera-publico-55-mil-neste-sabado\/","og_site_name":"SESI","article_published_time":"2013-05-18T15:38:53+00:00","author":"Autor","twitter_card":"summary_large_image","twitter_misc":{"Escrito por":"Autor","Est. tempo de leitura":"3 minutos"},"schema":{"@context":"https:\/\/schema.org","@graph":[{"@type":"Article","@id":"https:\/\/fieam.org.br\/sesi\/acao-global-espera-publico-55-mil-neste-sabado\/#article","isPartOf":{"@id":"https:\/\/fieam.org.br\/sesi\/acao-global-espera-publico-55-mil-neste-sabado\/"},"author":{"name":"Autor","@id":"https:\/\/fieam.org.br\/sesi\/#\/schema\/person\/f54998dd14d5f0695b41444f2b01c31e"},"headline":"A\u00e7\u00e3o Global espera p\u00fablico 55 mil neste s\u00e1bado","datePublished":"2013-05-18T15:38:53+00:00","mainEntityOfPage":{"@id":"https:\/\/fieam.org.br\/sesi\/acao-global-espera-publico-55-mil-neste-sabado\/"},"wordCount":698,"commentCount":0,"publisher":{"@id":"https:\/\/fieam.org.br\/sesi\/#organization"},"image":{"@id":"https:\/\/fieam.org.br\/sesi\/acao-global-espera-publico-55-mil-neste-sabado\/#primaryimage"},"thumbnailUrl":"","articleSection":["News"],"inLanguage":"pt-BR","potentialAction":[{"@type":"CommentAction","name":"Comment","target":["https:\/\/fieam.org.br\/sesi\/acao-global-espera-publico-55-mil-neste-sabado\/#respond"]}]},{"@type":"WebPage","@id":"https:\/\/fieam.org.br\/sesi\/acao-global-espera-publico-55-mil-neste-sabado\/","url":"https:\/\/fieam.org.br\/sesi\/acao-global-espera-publico-55-mil-neste-sabado\/","name":"A\u00e7\u00e3o Global espera p\u00fablico 55 mil neste s\u00e1bado - SESI","isPartOf":{"@id":"https:\/\/fieam.org.br\/sesi\/#website"},"primaryImageOfPage":{"@id":"https:\/\/fieam.org.br\/sesi\/acao-global-espera-publico-55-mil-neste-sabado\/#primaryimage"},"image":{"@id":"https:\/\/fieam.org.br\/sesi\/acao-global-espera-publico-55-mil-neste-sabado\/#primaryimage"},"thumbnailUrl":"","datePublished":"2013-05-18T15:38:53+00:00","breadcrumb":{"@id":"https:\/\/fieam.org.br\/sesi\/acao-global-espera-publico-55-mil-neste-sabado\/#breadcrumb"},"inLanguage":"pt-BR","potentialAction":[{"@type":"ReadAction","target":["https:\/\/fieam.org.br\/sesi\/acao-global-espera-publico-55-mil-neste-sabado\/"]}]},{"@type":"ImageObject","inLanguage":"pt-BR","@id":"https:\/\/fieam.org.br\/sesi\/acao-global-espera-publico-55-mil-neste-sabado\/#primaryimage","url":"","contentUrl":""},{"@type":"BreadcrumbList","@id":"https:\/\/fieam.org.br\/sesi\/acao-global-espera-publico-55-mil-neste-sabado\/#breadcrumb","itemListElement":[{"@type":"ListItem","position":1,"name":"In\u00edcio","item":"https:\/\/fieam.org.br\/sesi\/"},{"@type":"ListItem","position":2,"name":"A\u00e7\u00e3o Global espera p\u00fablico 55 mil neste s\u00e1bado"}]},{"@type":"WebSite","@id":"https:\/\/fieam.org.br\/sesi\/#website","url":"https:\/\/fieam.org.br\/sesi\/","name":"SESI","description":"Site Oficial!","publisher":{"@id":"https:\/\/fieam.org.br\/sesi\/#organization"},"potentialAction":[{"@type":"SearchAction","target":{"@type":"EntryPoint","urlTemplate":"https:\/\/fieam.org.br\/sesi\/?s={search_term_string}"},"query-input":{"@type":"PropertyValueSpecification","valueRequired":true,"valueName":"search_term_string"}}],"inLanguage":"pt-BR"},{"@type":"Organization","@id":"https:\/\/fieam.org.br\/sesi\/#organization","name":"SESI","url":"https:\/\/fieam.org.br\/sesi\/","logo":{"@type":"ImageObject","inLanguage":"pt-BR","@id":"https:\/\/fieam.org.br\/sesi\/#\/schema\/logo\/image\/","url":"https:\/\/fieam.org.br\/sesi\/wp-content\/uploads\/sites\/14\/2024\/03\/cropped-fav.png","contentUrl":"https:\/\/fieam.org.br\/sesi\/wp-content\/uploads\/sites\/14\/2024\/03\/cropped-fav.png","width":610,"height":589,"caption":"SESI"},"image":{"@id":"https:\/\/fieam.org.br\/sesi\/#\/schema\/logo\/image\/"}},{"@type":"Person","@id":"https:\/\/fieam.org.br\/sesi\/#\/schema\/person\/f54998dd14d5f0695b41444f2b01c31e","name":"Autor","image":{"@type":"ImageObject","inLanguage":"pt-BR","@id":"https:\/\/secure.gravatar.com\/avatar\/3732c223e0e1fad69062a8f770955c9068d37b055204f310a0be18d4069fe380?s=96&d=mm&r=g","url":"https:\/\/secure.gravatar.com\/avatar\/3732c223e0e1fad69062a8f770955c9068d37b055204f310a0be18d4069fe380?s=96&d=mm&r=g","contentUrl":"https:\/\/secure.gravatar.com\/avatar\/3732c223e0e1fad69062a8f770955c9068d37b055204f310a0be18d4069fe380?s=96&d=mm&r=g","caption":"Autor"},"sameAs":["https:\/\/marketingmassivo.com.br"],"url":"https:\/\/fieam.org.br\/sesi\/author\/admin\/"}]}},"_links":{"self":[{"href":"https:\/\/fieam.org.br\/sesi\/wp-json\/wp\/v2\/posts\/4353","targetHints":{"allow":["GET"]}}],"collection":[{"href":"https:\/\/fieam.org.br\/sesi\/wp-json\/wp\/v2\/posts"}],"about":[{"href":"https:\/\/fieam.org.br\/sesi\/wp-json\/wp\/v2\/types\/post"}],"author":[{"embeddable":true,"href":"https:\/\/fieam.org.br\/sesi\/wp-json\/wp\/v2\/users\/1"}],"replies":[{"embeddable":true,"href":"https:\/\/fieam.org.br\/sesi\/wp-json\/wp\/v2\/comments?post=4353"}],"version-history":[{"count":0,"href":"https:\/\/fieam.org.br\/sesi\/wp-json\/wp\/v2\/posts\/4353\/revisions"}],"wp:attachment":[{"href":"https:\/\/fieam.org.br\/sesi\/wp-json\/wp\/v2\/media?parent=4353"}],"wp:term":[{"taxonomy":"category","embeddable":true,"href":"https:\/\/fieam.org.br\/sesi\/wp-json\/wp\/v2\/categories?post=4353"},{"taxonomy":"post_tag","embeddable":true,"href":"https:\/\/fieam.org.br\/sesi\/wp-json\/wp\/v2\/tags?post=4353"}],"curies":[{"name":"wp","href":"https:\/\/api.w.org\/{rel}","templated":true}]}}