{"id":4331,"date":"2013-05-14T12:23:27","date_gmt":"2013-05-14T12:23:27","guid":{"rendered":"http:\/\/www.fieam.org.br\/site\/sesi\/?p=4331"},"modified":"2013-05-14T12:23:27","modified_gmt":"2013-05-14T12:23:27","slug":"tres-geracoes-no-circuito-de-lazer-das-maes-no-sesi","status":"publish","type":"post","link":"https:\/\/fieam.org.br\/sesi\/tres-geracoes-no-circuito-de-lazer-das-maes-no-sesi\/","title":{"rendered":"Tr\u00eas gera\u00e7\u00f5es no Circuito de Lazer das M\u00e3es no SESI"},"content":{"rendered":"<figure id=\"attachment_4332\" aria-describedby=\"caption-attachment-4332\" style=\"width: 300px\" class=\"wp-caption alignleft\"><a href=\"http:\/\/www.fieam.org.br\/site\/sesi\/tres-geracoes-no-circuito-de-lazer-das-maes-no-sesi\/grupo-de-danca-do-sesi-envolve-plateia-com-apresentacao-de-tango\/\" rel=\"attachment wp-att-4332\"><img fetchpriority=\"high\" decoding=\"async\" class=\"size-medium wp-image-4332 \" alt=\"Grupo de Dan\u00e7a do SESI envolve plateia com apresenta\u00e7\u00e3o de tango\" src=\"http:\/\/www.fieam.org.br\/2015\/sesi\/wp-content\/uploads\/sites\/2\/2013\/05\/Grupo-de-Dan\u00e7a-do-SESI-envolve-plateia-com-apresenta\u00e7\u00e3o-de-tango-300x181.jpg\" width=\"300\" height=\"181\" \/><\/a><figcaption id=\"caption-attachment-4332\" class=\"wp-caption-text\">Grupo de Dan\u00e7a do SESI envolve plateia com apresenta\u00e7\u00e3o de tango<\/figcaption><\/figure>\n<p>Da maquiagem ao adesivo nas unhas, prontas para curtir o som do Arrocha, g\u00eanero musical baiano. A programa\u00e7\u00e3o \u201cvip\u201d e gratuita foi destinada a mam\u00e3es que participaram do Circuito de Lazer do\u00a0<a href=\"http:\/\/www.fieam.org.br\/site\/sesi\/institucional\/\" target=\"_blank\" rel=\"noopener\">SESI<\/a>, na \u00faltima sexta-feira (10), no Clube do Trabalhador do Amazonas (CTAM).<\/p>\n<p>A comemora\u00e7\u00e3o foi completa para a m\u00e3e, filha e neta. Respectivamente Augusta Constantino (49), Franciane da Silva (28) e Giobanna Vit\u00f3ria (7). As tr\u00eas, as mais animadas da festa, dan\u00e7aram a noite toda juntas. \u201cEstou me sentindo feliz demais. \u00c9 muito gratificante poder comemorar antecipadamente o Dia das M\u00e3es com minha m\u00e3e e filha juntas. E com programa\u00e7\u00e3o gratuita. Estamos adorando\u201d, disse.<\/p>\n<p>A ind\u00fastria estava bem representada com a presen\u00e7a do casal Fernando Neto (30) e Maria Cristina de Assis (26). Eles trabalham respectivamente como analista de qualidade e montadora na empresa Yamaha e receberam o convite para o circuito dos filhos Fernando (8) e Felipe (7) que treinam na escolinha de futsal do SESI. Cristina foi premiada com estojo de maquiagem por ser a m\u00e3e presente com o cabelo mais comprido.<\/p>\n<p>\u201cO SESI tem programa\u00e7\u00e3o completa para toda a fam\u00edlia, enquanto meus filhos treinam futsal, eu aproveito, fa\u00e7o caminhada. Meu esposo vai se matricular na nata\u00e7\u00e3o, assim toda fam\u00edlia frequentar\u00e1 o Clube. Em rela\u00e7\u00e3o a esse circuito foi uma surpresa a parte, super divertido\u201d, falou.<\/p>\n<p>Al\u00e9m de cuidados com a beleza, as mais recatadas aproveitaram a noite para participar de oficina de embalagem ou curtir a companhia dos filhos nos brinquedos infl\u00e1veis e oficinas de pintura facial.\u00a0 A programa\u00e7\u00e3o contou ainda com sorteio de brindes, din\u00e2micas, jogos de tabuleiro e roda de capoeira.<\/p>\n<p>O ponto alto da programa\u00e7\u00e3o, que reuniu em peso as m\u00e3es para o centro do palco, foi a apresenta\u00e7\u00e3o do N\u00facleo de Dan\u00e7a do SESI, que apresentou coreografia de tango, envolvendo todas elas no ritmo \u201ccaliente\u201d.<\/p>\n<p>[nggallery id=177]<\/p>\n","protected":false},"excerpt":{"rendered":"<p>Da maquiagem ao adesivo nas unhas, prontas para curtir o som do Arrocha, g\u00eanero musical baiano. A programa\u00e7\u00e3o \u201cvip\u201d e gratuita foi destinada a mam\u00e3es que participaram do Circuito de Lazer do\u00a0SESI, na \u00faltima sexta-feira (10), no Clube do Trabalhador do Amazonas (CTAM). A comemora\u00e7\u00e3o foi completa para a m\u00e3e, filha e neta. Respectivamente Augusta [&hellip;]<\/p>\n","protected":false},"author":1,"featured_media":0,"comment_status":"open","ping_status":"open","sticky":false,"template":"","format":"standard","meta":{"footnotes":""},"categories":[25],"tags":[],"class_list":["post-4331","post","type-post","status-publish","format-standard","hentry","category-news"],"yoast_head":"<!-- This site is optimized with the Yoast SEO plugin v28.2 - https:\/\/yoast.com\/product\/yoast-seo-wordpress\/ -->\n<title>Tr\u00eas gera\u00e7\u00f5es no Circuito de Lazer das M\u00e3es no SESI - SESI<\/title>\n<meta name=\"robots\" content=\"index, follow, max-snippet:-1, max-image-preview:large, max-video-preview:-1\" \/>\n<link rel=\"canonical\" href=\"https:\/\/fieam.org.br\/sesi\/tres-geracoes-no-circuito-de-lazer-das-maes-no-sesi\/\" \/>\n<meta property=\"og:locale\" content=\"pt_BR\" \/>\n<meta property=\"og:type\" content=\"article\" \/>\n<meta property=\"og:title\" content=\"Tr\u00eas gera\u00e7\u00f5es no Circuito de Lazer das M\u00e3es no SESI - SESI\" \/>\n<meta property=\"og:description\" content=\"Da maquiagem ao adesivo nas unhas, prontas para curtir o som do Arrocha, g\u00eanero musical baiano. A programa\u00e7\u00e3o \u201cvip\u201d e gratuita foi destinada a mam\u00e3es que participaram do Circuito de Lazer do\u00a0SESI, na \u00faltima sexta-feira (10), no Clube do Trabalhador do Amazonas (CTAM). A comemora\u00e7\u00e3o foi completa para a m\u00e3e, filha e neta. Respectivamente Augusta [&hellip;]\" \/>\n<meta property=\"og:url\" content=\"https:\/\/fieam.org.br\/sesi\/tres-geracoes-no-circuito-de-lazer-das-maes-no-sesi\/\" \/>\n<meta property=\"og:site_name\" content=\"SESI\" \/>\n<meta property=\"article:published_time\" content=\"2013-05-14T12:23:27+00:00\" \/>\n<meta name=\"author\" content=\"Autor\" \/>\n<meta name=\"twitter:card\" content=\"summary_large_image\" \/>\n<meta name=\"twitter:label1\" content=\"Escrito por\" \/>\n\t<meta name=\"twitter:data1\" content=\"Autor\" \/>\n\t<meta name=\"twitter:label2\" content=\"Est. tempo de leitura\" \/>\n\t<meta name=\"twitter:data2\" content=\"2 minutos\" \/>\n<script type=\"application\/ld+json\" class=\"yoast-schema-graph\">{\"@context\":\"https:\\\/\\\/schema.org\",\"@graph\":[{\"@type\":\"Article\",\"@id\":\"https:\\\/\\\/fieam.org.br\\\/sesi\\\/tres-geracoes-no-circuito-de-lazer-das-maes-no-sesi\\\/#article\",\"isPartOf\":{\"@id\":\"https:\\\/\\\/fieam.org.br\\\/sesi\\\/tres-geracoes-no-circuito-de-lazer-das-maes-no-sesi\\\/\"},\"author\":{\"name\":\"Autor\",\"@id\":\"https:\\\/\\\/fieam.org.br\\\/sesi\\\/#\\\/schema\\\/person\\\/f54998dd14d5f0695b41444f2b01c31e\"},\"headline\":\"Tr\u00eas gera\u00e7\u00f5es no Circuito de Lazer das M\u00e3es no SESI\",\"datePublished\":\"2013-05-14T12:23:27+00:00\",\"mainEntityOfPage\":{\"@id\":\"https:\\\/\\\/fieam.org.br\\\/sesi\\\/tres-geracoes-no-circuito-de-lazer-das-maes-no-sesi\\\/\"},\"wordCount\":359,\"commentCount\":0,\"publisher\":{\"@id\":\"https:\\\/\\\/fieam.org.br\\\/sesi\\\/#organization\"},\"articleSection\":[\"News\"],\"inLanguage\":\"pt-BR\",\"potentialAction\":[{\"@type\":\"CommentAction\",\"name\":\"Comment\",\"target\":[\"https:\\\/\\\/fieam.org.br\\\/sesi\\\/tres-geracoes-no-circuito-de-lazer-das-maes-no-sesi\\\/#respond\"]}]},{\"@type\":\"WebPage\",\"@id\":\"https:\\\/\\\/fieam.org.br\\\/sesi\\\/tres-geracoes-no-circuito-de-lazer-das-maes-no-sesi\\\/\",\"url\":\"https:\\\/\\\/fieam.org.br\\\/sesi\\\/tres-geracoes-no-circuito-de-lazer-das-maes-no-sesi\\\/\",\"name\":\"Tr\u00eas gera\u00e7\u00f5es no Circuito de Lazer das M\u00e3es no SESI - SESI\",\"isPartOf\":{\"@id\":\"https:\\\/\\\/fieam.org.br\\\/sesi\\\/#website\"},\"datePublished\":\"2013-05-14T12:23:27+00:00\",\"breadcrumb\":{\"@id\":\"https:\\\/\\\/fieam.org.br\\\/sesi\\\/tres-geracoes-no-circuito-de-lazer-das-maes-no-sesi\\\/#breadcrumb\"},\"inLanguage\":\"pt-BR\",\"potentialAction\":[{\"@type\":\"ReadAction\",\"target\":[\"https:\\\/\\\/fieam.org.br\\\/sesi\\\/tres-geracoes-no-circuito-de-lazer-das-maes-no-sesi\\\/\"]}]},{\"@type\":\"BreadcrumbList\",\"@id\":\"https:\\\/\\\/fieam.org.br\\\/sesi\\\/tres-geracoes-no-circuito-de-lazer-das-maes-no-sesi\\\/#breadcrumb\",\"itemListElement\":[{\"@type\":\"ListItem\",\"position\":1,\"name\":\"In\u00edcio\",\"item\":\"https:\\\/\\\/fieam.org.br\\\/sesi\\\/\"},{\"@type\":\"ListItem\",\"position\":2,\"name\":\"Tr\u00eas gera\u00e7\u00f5es no Circuito de Lazer das M\u00e3es no SESI\"}]},{\"@type\":\"WebSite\",\"@id\":\"https:\\\/\\\/fieam.org.br\\\/sesi\\\/#website\",\"url\":\"https:\\\/\\\/fieam.org.br\\\/sesi\\\/\",\"name\":\"SESI\",\"description\":\"Site Oficial!\",\"publisher\":{\"@id\":\"https:\\\/\\\/fieam.org.br\\\/sesi\\\/#organization\"},\"potentialAction\":[{\"@type\":\"SearchAction\",\"target\":{\"@type\":\"EntryPoint\",\"urlTemplate\":\"https:\\\/\\\/fieam.org.br\\\/sesi\\\/?s={search_term_string}\"},\"query-input\":{\"@type\":\"PropertyValueSpecification\",\"valueRequired\":true,\"valueName\":\"search_term_string\"}}],\"inLanguage\":\"pt-BR\"},{\"@type\":\"Organization\",\"@id\":\"https:\\\/\\\/fieam.org.br\\\/sesi\\\/#organization\",\"name\":\"SESI\",\"url\":\"https:\\\/\\\/fieam.org.br\\\/sesi\\\/\",\"logo\":{\"@type\":\"ImageObject\",\"inLanguage\":\"pt-BR\",\"@id\":\"https:\\\/\\\/fieam.org.br\\\/sesi\\\/#\\\/schema\\\/logo\\\/image\\\/\",\"url\":\"https:\\\/\\\/fieam.org.br\\\/sesi\\\/wp-content\\\/uploads\\\/sites\\\/14\\\/2024\\\/03\\\/cropped-fav.png\",\"contentUrl\":\"https:\\\/\\\/fieam.org.br\\\/sesi\\\/wp-content\\\/uploads\\\/sites\\\/14\\\/2024\\\/03\\\/cropped-fav.png\",\"width\":610,\"height\":589,\"caption\":\"SESI\"},\"image\":{\"@id\":\"https:\\\/\\\/fieam.org.br\\\/sesi\\\/#\\\/schema\\\/logo\\\/image\\\/\"}},{\"@type\":\"Person\",\"@id\":\"https:\\\/\\\/fieam.org.br\\\/sesi\\\/#\\\/schema\\\/person\\\/f54998dd14d5f0695b41444f2b01c31e\",\"name\":\"Autor\",\"image\":{\"@type\":\"ImageObject\",\"inLanguage\":\"pt-BR\",\"@id\":\"https:\\\/\\\/secure.gravatar.com\\\/avatar\\\/3732c223e0e1fad69062a8f770955c9068d37b055204f310a0be18d4069fe380?s=96&d=mm&r=g\",\"url\":\"https:\\\/\\\/secure.gravatar.com\\\/avatar\\\/3732c223e0e1fad69062a8f770955c9068d37b055204f310a0be18d4069fe380?s=96&d=mm&r=g\",\"contentUrl\":\"https:\\\/\\\/secure.gravatar.com\\\/avatar\\\/3732c223e0e1fad69062a8f770955c9068d37b055204f310a0be18d4069fe380?s=96&d=mm&r=g\",\"caption\":\"Autor\"},\"sameAs\":[\"https:\\\/\\\/marketingmassivo.com.br\"],\"url\":\"https:\\\/\\\/fieam.org.br\\\/sesi\\\/author\\\/admin\\\/\"}]}<\/script>\n<!-- \/ Yoast SEO plugin. -->","yoast_head_json":{"title":"Tr\u00eas gera\u00e7\u00f5es no Circuito de Lazer das M\u00e3es no SESI - SESI","robots":{"index":"index","follow":"follow","max-snippet":"max-snippet:-1","max-image-preview":"max-image-preview:large","max-video-preview":"max-video-preview:-1"},"canonical":"https:\/\/fieam.org.br\/sesi\/tres-geracoes-no-circuito-de-lazer-das-maes-no-sesi\/","og_locale":"pt_BR","og_type":"article","og_title":"Tr\u00eas gera\u00e7\u00f5es no Circuito de Lazer das M\u00e3es no SESI - SESI","og_description":"Da maquiagem ao adesivo nas unhas, prontas para curtir o som do Arrocha, g\u00eanero musical baiano. A programa\u00e7\u00e3o \u201cvip\u201d e gratuita foi destinada a mam\u00e3es que participaram do Circuito de Lazer do\u00a0SESI, na \u00faltima sexta-feira (10), no Clube do Trabalhador do Amazonas (CTAM). A comemora\u00e7\u00e3o foi completa para a m\u00e3e, filha e neta. Respectivamente Augusta [&hellip;]","og_url":"https:\/\/fieam.org.br\/sesi\/tres-geracoes-no-circuito-de-lazer-das-maes-no-sesi\/","og_site_name":"SESI","article_published_time":"2013-05-14T12:23:27+00:00","author":"Autor","twitter_card":"summary_large_image","twitter_misc":{"Escrito por":"Autor","Est. tempo de leitura":"2 minutos"},"schema":{"@context":"https:\/\/schema.org","@graph":[{"@type":"Article","@id":"https:\/\/fieam.org.br\/sesi\/tres-geracoes-no-circuito-de-lazer-das-maes-no-sesi\/#article","isPartOf":{"@id":"https:\/\/fieam.org.br\/sesi\/tres-geracoes-no-circuito-de-lazer-das-maes-no-sesi\/"},"author":{"name":"Autor","@id":"https:\/\/fieam.org.br\/sesi\/#\/schema\/person\/f54998dd14d5f0695b41444f2b01c31e"},"headline":"Tr\u00eas gera\u00e7\u00f5es no Circuito de Lazer das M\u00e3es no SESI","datePublished":"2013-05-14T12:23:27+00:00","mainEntityOfPage":{"@id":"https:\/\/fieam.org.br\/sesi\/tres-geracoes-no-circuito-de-lazer-das-maes-no-sesi\/"},"wordCount":359,"commentCount":0,"publisher":{"@id":"https:\/\/fieam.org.br\/sesi\/#organization"},"articleSection":["News"],"inLanguage":"pt-BR","potentialAction":[{"@type":"CommentAction","name":"Comment","target":["https:\/\/fieam.org.br\/sesi\/tres-geracoes-no-circuito-de-lazer-das-maes-no-sesi\/#respond"]}]},{"@type":"WebPage","@id":"https:\/\/fieam.org.br\/sesi\/tres-geracoes-no-circuito-de-lazer-das-maes-no-sesi\/","url":"https:\/\/fieam.org.br\/sesi\/tres-geracoes-no-circuito-de-lazer-das-maes-no-sesi\/","name":"Tr\u00eas gera\u00e7\u00f5es no Circuito de Lazer das M\u00e3es no SESI - SESI","isPartOf":{"@id":"https:\/\/fieam.org.br\/sesi\/#website"},"datePublished":"2013-05-14T12:23:27+00:00","breadcrumb":{"@id":"https:\/\/fieam.org.br\/sesi\/tres-geracoes-no-circuito-de-lazer-das-maes-no-sesi\/#breadcrumb"},"inLanguage":"pt-BR","potentialAction":[{"@type":"ReadAction","target":["https:\/\/fieam.org.br\/sesi\/tres-geracoes-no-circuito-de-lazer-das-maes-no-sesi\/"]}]},{"@type":"BreadcrumbList","@id":"https:\/\/fieam.org.br\/sesi\/tres-geracoes-no-circuito-de-lazer-das-maes-no-sesi\/#breadcrumb","itemListElement":[{"@type":"ListItem","position":1,"name":"In\u00edcio","item":"https:\/\/fieam.org.br\/sesi\/"},{"@type":"ListItem","position":2,"name":"Tr\u00eas gera\u00e7\u00f5es no Circuito de Lazer das M\u00e3es no SESI"}]},{"@type":"WebSite","@id":"https:\/\/fieam.org.br\/sesi\/#website","url":"https:\/\/fieam.org.br\/sesi\/","name":"SESI","description":"Site Oficial!","publisher":{"@id":"https:\/\/fieam.org.br\/sesi\/#organization"},"potentialAction":[{"@type":"SearchAction","target":{"@type":"EntryPoint","urlTemplate":"https:\/\/fieam.org.br\/sesi\/?s={search_term_string}"},"query-input":{"@type":"PropertyValueSpecification","valueRequired":true,"valueName":"search_term_string"}}],"inLanguage":"pt-BR"},{"@type":"Organization","@id":"https:\/\/fieam.org.br\/sesi\/#organization","name":"SESI","url":"https:\/\/fieam.org.br\/sesi\/","logo":{"@type":"ImageObject","inLanguage":"pt-BR","@id":"https:\/\/fieam.org.br\/sesi\/#\/schema\/logo\/image\/","url":"https:\/\/fieam.org.br\/sesi\/wp-content\/uploads\/sites\/14\/2024\/03\/cropped-fav.png","contentUrl":"https:\/\/fieam.org.br\/sesi\/wp-content\/uploads\/sites\/14\/2024\/03\/cropped-fav.png","width":610,"height":589,"caption":"SESI"},"image":{"@id":"https:\/\/fieam.org.br\/sesi\/#\/schema\/logo\/image\/"}},{"@type":"Person","@id":"https:\/\/fieam.org.br\/sesi\/#\/schema\/person\/f54998dd14d5f0695b41444f2b01c31e","name":"Autor","image":{"@type":"ImageObject","inLanguage":"pt-BR","@id":"https:\/\/secure.gravatar.com\/avatar\/3732c223e0e1fad69062a8f770955c9068d37b055204f310a0be18d4069fe380?s=96&d=mm&r=g","url":"https:\/\/secure.gravatar.com\/avatar\/3732c223e0e1fad69062a8f770955c9068d37b055204f310a0be18d4069fe380?s=96&d=mm&r=g","contentUrl":"https:\/\/secure.gravatar.com\/avatar\/3732c223e0e1fad69062a8f770955c9068d37b055204f310a0be18d4069fe380?s=96&d=mm&r=g","caption":"Autor"},"sameAs":["https:\/\/marketingmassivo.com.br"],"url":"https:\/\/fieam.org.br\/sesi\/author\/admin\/"}]}},"_links":{"self":[{"href":"https:\/\/fieam.org.br\/sesi\/wp-json\/wp\/v2\/posts\/4331","targetHints":{"allow":["GET"]}}],"collection":[{"href":"https:\/\/fieam.org.br\/sesi\/wp-json\/wp\/v2\/posts"}],"about":[{"href":"https:\/\/fieam.org.br\/sesi\/wp-json\/wp\/v2\/types\/post"}],"author":[{"embeddable":true,"href":"https:\/\/fieam.org.br\/sesi\/wp-json\/wp\/v2\/users\/1"}],"replies":[{"embeddable":true,"href":"https:\/\/fieam.org.br\/sesi\/wp-json\/wp\/v2\/comments?post=4331"}],"version-history":[{"count":0,"href":"https:\/\/fieam.org.br\/sesi\/wp-json\/wp\/v2\/posts\/4331\/revisions"}],"wp:attachment":[{"href":"https:\/\/fieam.org.br\/sesi\/wp-json\/wp\/v2\/media?parent=4331"}],"wp:term":[{"taxonomy":"category","embeddable":true,"href":"https:\/\/fieam.org.br\/sesi\/wp-json\/wp\/v2\/categories?post=4331"},{"taxonomy":"post_tag","embeddable":true,"href":"https:\/\/fieam.org.br\/sesi\/wp-json\/wp\/v2\/tags?post=4331"}],"curies":[{"name":"wp","href":"https:\/\/api.w.org\/{rel}","templated":true}]}}