{"id":4328,"date":"2013-05-10T20:30:40","date_gmt":"2013-05-10T20:30:40","guid":{"rendered":"http:\/\/www.fieam.org.br\/site\/sesi\/?p=4328"},"modified":"2013-05-10T20:30:40","modified_gmt":"2013-05-10T20:30:40","slug":"sesisaude-ressalta-importancia-do-clinico-geral","status":"publish","type":"post","link":"https:\/\/fieam.org.br\/sesi\/sesisaude-ressalta-importancia-do-clinico-geral\/","title":{"rendered":"SESISA\u00daDE ressalta import\u00e2ncia do cl\u00ednico geral"},"content":{"rendered":"<p align=\"center\"><b>\u00a0<\/b><\/p>\n<figure id=\"attachment_4339\" aria-describedby=\"caption-attachment-4339\" style=\"width: 368px\" class=\"wp-caption alignleft\"><a href=\"http:\/\/www.fieam.org.br\/2015\/sesi\/wp-content\/uploads\/sites\/2\/2013\/05\/O-m\u00e9dico-cl\u00ednico-geral-An\u00edbal-Sim\u00f5es-atende-pacientes-no-SESISA\u00daDE.jpg\"><img fetchpriority=\"high\" decoding=\"async\" class=\"wp-image-4339 \" title=\"O m\u00e9dico cl\u00ednico geral An\u00edbal Sim\u00f5es atende pacientes no SESISA\u00daDE\" alt=\"O m\u00e9dico cl\u00ednico geral An\u00edbal Sim\u00f5es atende pacientes no SESISA\u00daDE\" src=\"http:\/\/www.fieam.org.br\/2015\/sesi\/wp-content\/uploads\/sites\/2\/2013\/05\/O-m\u00e9dico-cl\u00ednico-geral-An\u00edbal-Sim\u00f5es-atende-pacientes-no-SESISA\u00daDE.jpg\" width=\"368\" height=\"246\" \/><\/a><figcaption id=\"caption-attachment-4339\" class=\"wp-caption-text\">O m\u00e9dico cl\u00ednico geral An\u00edbal Sim\u00f5es atende pacientes no SESISA\u00daDE<\/figcaption><\/figure>\n<p>Antes de procurar um m\u00e9dico especialista para tratar determinada dor ou desconforto, \u00e9 importante passar por uma consulta com o cl\u00ednico geral, m\u00e9dico que tem uma vis\u00e3o geral da sa\u00fade do paciente.<\/p>\n<p>Assim como um detetive, o cl\u00ednico geral precisa ouvir as \u201cpistas\u201d do paciente e por meio de exame f\u00edsico, exames laboratoriais e conversa com o paciente, consegue diagnosticar e tratar muitas doen\u00e7as.<\/p>\n<p>O\u00a0<a href=\"http:\/\/www.fieam.org.br\/site\/sesi\/institucional\/\" target=\"_blank\" rel=\"noopener\">SESISA\u00daDE<\/a>, unidade de atendimento m\u00e9dico voltado para trabalhadores da ind\u00fastria, que tamb\u00e9m atende n\u00e3o industri\u00e1rios, localizado na Av. Get\u00falio Vargas, reconhece a import\u00e2ncia de come\u00e7ar o tratamento do paciente com a consulta ao Cl\u00ednico Geral.<\/p>\n<p>A unidade conta com tr\u00eas profissionais que atendem de segunda a sexta em diversos hor\u00e1rios. A equipe de cl\u00ednicos do SESI os m\u00e9dicos An\u00edbal Sim\u00f5es J\u00fanior, Rosana Salemo e \u00a0Aldiney Ferreira.<\/p>\n<p>Segundo o cl\u00ednico geral An\u00edbal J\u00fanior, consultar o cl\u00ednico geral \u00e9 sempre uma estrat\u00e9gia inteligente, pois se trata de profissional que entende do corpo humano como um todo e consegue diagnosticar muitas doen\u00e7as. \u201cNoventa por cento das queixas podem ser tratadas pelo cl\u00ednico geral, sem necessidade de encaminhar para um m\u00e9dico especialista\u201d, disse o m\u00e9dico. Ele explica que doen\u00e7as como, resfriados, amidalites, hipertens\u00e3o, diabetes, gastrite, osteoporose, entre outras, podem ser acompanhadas e tratadas pelo cl\u00ednico geral.<\/p>\n<p>\u201cO encaminhamento para o especialista se d\u00e1 em casos espec\u00edficos, quando a patologia precisa de acompanhamento mais profundo. Mas, em casos normais, pode ser facilmente tratada com o Cl\u00ednico\u201d, ressaltou.<\/p>\n<p>\u00c9 muito saud\u00e1vel realizar um\u00a0<i>check-up<\/i>\u00a0anual, ou seja, uma verifica\u00e7\u00e3o geral de como est\u00e1 a sa\u00fade, mesmo quando o paciente n\u00e3o se queixa de dores. \u201cS\u00e3o solicitados exames para checar como est\u00e1 o colesterol, triglic\u00e9rides, glicemia, rins, f\u00edgado, entre outros\u201d, com a finalidade de investigar poss\u00edveis altera\u00e7\u00f5es.<\/p>\n<p>Segundo An\u00edbal, as patologias mais freq\u00fcentes nos consult\u00f3rios s\u00e3o a hipertens\u00e3o, diabetes e as s\u00edndromes disp\u00e9pticas, ou seja, aquelas relacionadas ao aparelho digestivo, como as queixas de asias, enjoos, dores abdominais, entre outras.<\/p>\n<p>A dica fundamental do m\u00e9dico Anibal \u00e9 relacionada \u00e0 alimenta\u00e7\u00e3o. \u201cAs pessoas comem al\u00e9m do necess\u00e1rio. Comer muito n\u00e3o significa comer bem. H\u00e1 um excesso de ingest\u00e3o de calorias vazias, ou seja, ingerem-se alimentos sem nutriente algum\u201d, alertou o m\u00e9dico.<\/p>\n<p>Alguns exemplos de alimentos de contem calorias vazias s\u00e3o as balas, os refrigerantes, a\u00e7\u00facar de mesa, salgadinhos, entre outros. \u201cO ideal \u00e9 evitar as frituras e alimentos gordurosos e abusar da \u00e1gua, pois \u00e1gua \u00e9 vida\u201d, disse o doutor, refor\u00e7ando que o ideal \u00e9 tomar pelo menos dois litros de \u00e1gua por dia, sempre nos intervalos das refei\u00e7\u00f5es.<\/p>\n<p>\u201cPraticar, pelo menos 30 minutos de atividade f\u00edsica moderada, como a caminhada, tr\u00eas vezes na semana, j\u00e1 traz excelentes resultados para a sa\u00fade\u201d, aconselhou o m\u00e9dico, ao alertar que ser jogador de futebol de fim de semana n\u00e3o \u00e9 uma atitude saud\u00e1vel.<\/p>\n<p>\u201cPraticar atividade f\u00edsica apenas uma vez por semana n\u00e3o garante a frequ\u00eancia ideal para sa\u00fade e pode inclusive provocar problemas card\u00edacos, j\u00e1 que o individuo sedent\u00e1rio est\u00e1 for\u00e7ando sua condi\u00e7\u00e3o naquela atividade\u201d, orientou.<\/p>\n<p>Sim\u00f5es alertou ainda sobre os perigos da automedica\u00e7\u00e3o. \u201c\u00c9 muito comum o paciente relatar que tomou por conta pr\u00f3pria um medicamento X, achando que estava correto, mas na realidade tinha a finalidade errada. As pessoas tomam rem\u00e9dio na dosagem errada, por per\u00edodo errado, o que, muitas vezes, acaba potencializando as conseq\u00fc\u00eancias da patologia\u201d, disse o m\u00e9dico refor\u00e7ando a necessidade de procurar sempre um m\u00e9dico.<\/p>\n<p>O SESISA\u00daDE oferece consultas com pre\u00e7os diferenciados para trabalhadores da ind\u00fastria e dependentes (c\u00f4njuge e filhos) e tamb\u00e9m atende n\u00e3o industri\u00e1rios. A unidade tem como principal diferencial a rapidez no atendimento m\u00e9dico e na realiza\u00e7\u00e3o dos exames e a excelente infraestrutura f\u00edsica e de equipamentos.<\/p>\n<p>Os hor\u00e1rios de atendimento do m\u00e9dico An\u00edbal Sim\u00f5es \u00e0s segundas (7h30 e 13h30), ter\u00e7as (10h e 17h30) quartas (13h30) e quintas (8h e 17h30). A m\u00e9dica Rosana Salemo atende \u00e0s segundas, quartas e sextas (18h) e Aldiney Ferreira recebe seus pacientes nas manh\u00e3s (7h30) de quarta e sexta-feira. Mais informa\u00e7\u00f5es: 3186-6610\/6611 \u2013 SESISA\u00daDE, na Av. Get\u00falio Vargas, 1116, \u00a0Centro.<\/p>\n<p><span style=\"line-height: 13px\">\u00a0<\/span><\/p>\n","protected":false},"excerpt":{"rendered":"<p>\u00a0 Antes de procurar um m\u00e9dico especialista para tratar determinada dor ou desconforto, \u00e9 importante passar por uma consulta com o cl\u00ednico geral, m\u00e9dico que tem uma vis\u00e3o geral da sa\u00fade do paciente. Assim como um detetive, o cl\u00ednico geral precisa ouvir as \u201cpistas\u201d do paciente e por meio de exame f\u00edsico, exames laboratoriais e [&hellip;]<\/p>\n","protected":false},"author":1,"featured_media":0,"comment_status":"open","ping_status":"open","sticky":false,"template":"","format":"standard","meta":{"footnotes":""},"categories":[25],"tags":[],"class_list":["post-4328","post","type-post","status-publish","format-standard","hentry","category-news"],"yoast_head":"<!-- This site is optimized with the Yoast SEO plugin v28.2 - https:\/\/yoast.com\/product\/yoast-seo-wordpress\/ -->\n<title>SESISA\u00daDE ressalta import\u00e2ncia do cl\u00ednico geral - SESI<\/title>\n<meta name=\"robots\" content=\"index, follow, max-snippet:-1, max-image-preview:large, max-video-preview:-1\" \/>\n<link rel=\"canonical\" href=\"https:\/\/fieam.org.br\/sesi\/sesisaude-ressalta-importancia-do-clinico-geral\/\" \/>\n<meta property=\"og:locale\" content=\"pt_BR\" \/>\n<meta property=\"og:type\" content=\"article\" \/>\n<meta property=\"og:title\" content=\"SESISA\u00daDE ressalta import\u00e2ncia do cl\u00ednico geral - SESI\" \/>\n<meta property=\"og:description\" content=\"\u00a0 Antes de procurar um m\u00e9dico especialista para tratar determinada dor ou desconforto, \u00e9 importante passar por uma consulta com o cl\u00ednico geral, m\u00e9dico que tem uma vis\u00e3o geral da sa\u00fade do paciente. Assim como um detetive, o cl\u00ednico geral precisa ouvir as \u201cpistas\u201d do paciente e por meio de exame f\u00edsico, exames laboratoriais e [&hellip;]\" \/>\n<meta property=\"og:url\" content=\"https:\/\/fieam.org.br\/sesi\/sesisaude-ressalta-importancia-do-clinico-geral\/\" \/>\n<meta property=\"og:site_name\" content=\"SESI\" \/>\n<meta property=\"article:published_time\" content=\"2013-05-10T20:30:40+00:00\" \/>\n<meta name=\"author\" content=\"Autor\" \/>\n<meta name=\"twitter:card\" content=\"summary_large_image\" \/>\n<meta name=\"twitter:label1\" content=\"Escrito por\" \/>\n\t<meta name=\"twitter:data1\" content=\"Autor\" \/>\n\t<meta name=\"twitter:label2\" content=\"Est. tempo de leitura\" \/>\n\t<meta name=\"twitter:data2\" content=\"4 minutos\" \/>\n<script type=\"application\/ld+json\" class=\"yoast-schema-graph\">{\"@context\":\"https:\\\/\\\/schema.org\",\"@graph\":[{\"@type\":\"Article\",\"@id\":\"https:\\\/\\\/fieam.org.br\\\/sesi\\\/sesisaude-ressalta-importancia-do-clinico-geral\\\/#article\",\"isPartOf\":{\"@id\":\"https:\\\/\\\/fieam.org.br\\\/sesi\\\/sesisaude-ressalta-importancia-do-clinico-geral\\\/\"},\"author\":{\"name\":\"Autor\",\"@id\":\"https:\\\/\\\/fieam.org.br\\\/sesi\\\/#\\\/schema\\\/person\\\/f54998dd14d5f0695b41444f2b01c31e\"},\"headline\":\"SESISA\u00daDE ressalta import\u00e2ncia do cl\u00ednico geral\",\"datePublished\":\"2013-05-10T20:30:40+00:00\",\"mainEntityOfPage\":{\"@id\":\"https:\\\/\\\/fieam.org.br\\\/sesi\\\/sesisaude-ressalta-importancia-do-clinico-geral\\\/\"},\"wordCount\":786,\"commentCount\":0,\"publisher\":{\"@id\":\"https:\\\/\\\/fieam.org.br\\\/sesi\\\/#organization\"},\"articleSection\":[\"News\"],\"inLanguage\":\"pt-BR\",\"potentialAction\":[{\"@type\":\"CommentAction\",\"name\":\"Comment\",\"target\":[\"https:\\\/\\\/fieam.org.br\\\/sesi\\\/sesisaude-ressalta-importancia-do-clinico-geral\\\/#respond\"]}]},{\"@type\":\"WebPage\",\"@id\":\"https:\\\/\\\/fieam.org.br\\\/sesi\\\/sesisaude-ressalta-importancia-do-clinico-geral\\\/\",\"url\":\"https:\\\/\\\/fieam.org.br\\\/sesi\\\/sesisaude-ressalta-importancia-do-clinico-geral\\\/\",\"name\":\"SESISA\u00daDE ressalta import\u00e2ncia do cl\u00ednico geral - SESI\",\"isPartOf\":{\"@id\":\"https:\\\/\\\/fieam.org.br\\\/sesi\\\/#website\"},\"datePublished\":\"2013-05-10T20:30:40+00:00\",\"breadcrumb\":{\"@id\":\"https:\\\/\\\/fieam.org.br\\\/sesi\\\/sesisaude-ressalta-importancia-do-clinico-geral\\\/#breadcrumb\"},\"inLanguage\":\"pt-BR\",\"potentialAction\":[{\"@type\":\"ReadAction\",\"target\":[\"https:\\\/\\\/fieam.org.br\\\/sesi\\\/sesisaude-ressalta-importancia-do-clinico-geral\\\/\"]}]},{\"@type\":\"BreadcrumbList\",\"@id\":\"https:\\\/\\\/fieam.org.br\\\/sesi\\\/sesisaude-ressalta-importancia-do-clinico-geral\\\/#breadcrumb\",\"itemListElement\":[{\"@type\":\"ListItem\",\"position\":1,\"name\":\"In\u00edcio\",\"item\":\"https:\\\/\\\/fieam.org.br\\\/sesi\\\/\"},{\"@type\":\"ListItem\",\"position\":2,\"name\":\"SESISA\u00daDE ressalta import\u00e2ncia do cl\u00ednico geral\"}]},{\"@type\":\"WebSite\",\"@id\":\"https:\\\/\\\/fieam.org.br\\\/sesi\\\/#website\",\"url\":\"https:\\\/\\\/fieam.org.br\\\/sesi\\\/\",\"name\":\"SESI\",\"description\":\"Site Oficial!\",\"publisher\":{\"@id\":\"https:\\\/\\\/fieam.org.br\\\/sesi\\\/#organization\"},\"potentialAction\":[{\"@type\":\"SearchAction\",\"target\":{\"@type\":\"EntryPoint\",\"urlTemplate\":\"https:\\\/\\\/fieam.org.br\\\/sesi\\\/?s={search_term_string}\"},\"query-input\":{\"@type\":\"PropertyValueSpecification\",\"valueRequired\":true,\"valueName\":\"search_term_string\"}}],\"inLanguage\":\"pt-BR\"},{\"@type\":\"Organization\",\"@id\":\"https:\\\/\\\/fieam.org.br\\\/sesi\\\/#organization\",\"name\":\"SESI\",\"url\":\"https:\\\/\\\/fieam.org.br\\\/sesi\\\/\",\"logo\":{\"@type\":\"ImageObject\",\"inLanguage\":\"pt-BR\",\"@id\":\"https:\\\/\\\/fieam.org.br\\\/sesi\\\/#\\\/schema\\\/logo\\\/image\\\/\",\"url\":\"https:\\\/\\\/fieam.org.br\\\/sesi\\\/wp-content\\\/uploads\\\/sites\\\/14\\\/2024\\\/03\\\/cropped-fav.png\",\"contentUrl\":\"https:\\\/\\\/fieam.org.br\\\/sesi\\\/wp-content\\\/uploads\\\/sites\\\/14\\\/2024\\\/03\\\/cropped-fav.png\",\"width\":610,\"height\":589,\"caption\":\"SESI\"},\"image\":{\"@id\":\"https:\\\/\\\/fieam.org.br\\\/sesi\\\/#\\\/schema\\\/logo\\\/image\\\/\"}},{\"@type\":\"Person\",\"@id\":\"https:\\\/\\\/fieam.org.br\\\/sesi\\\/#\\\/schema\\\/person\\\/f54998dd14d5f0695b41444f2b01c31e\",\"name\":\"Autor\",\"image\":{\"@type\":\"ImageObject\",\"inLanguage\":\"pt-BR\",\"@id\":\"https:\\\/\\\/secure.gravatar.com\\\/avatar\\\/3732c223e0e1fad69062a8f770955c9068d37b055204f310a0be18d4069fe380?s=96&d=mm&r=g\",\"url\":\"https:\\\/\\\/secure.gravatar.com\\\/avatar\\\/3732c223e0e1fad69062a8f770955c9068d37b055204f310a0be18d4069fe380?s=96&d=mm&r=g\",\"contentUrl\":\"https:\\\/\\\/secure.gravatar.com\\\/avatar\\\/3732c223e0e1fad69062a8f770955c9068d37b055204f310a0be18d4069fe380?s=96&d=mm&r=g\",\"caption\":\"Autor\"},\"sameAs\":[\"https:\\\/\\\/marketingmassivo.com.br\"],\"url\":\"https:\\\/\\\/fieam.org.br\\\/sesi\\\/author\\\/admin\\\/\"}]}<\/script>\n<!-- \/ Yoast SEO plugin. -->","yoast_head_json":{"title":"SESISA\u00daDE ressalta import\u00e2ncia do cl\u00ednico geral - SESI","robots":{"index":"index","follow":"follow","max-snippet":"max-snippet:-1","max-image-preview":"max-image-preview:large","max-video-preview":"max-video-preview:-1"},"canonical":"https:\/\/fieam.org.br\/sesi\/sesisaude-ressalta-importancia-do-clinico-geral\/","og_locale":"pt_BR","og_type":"article","og_title":"SESISA\u00daDE ressalta import\u00e2ncia do cl\u00ednico geral - SESI","og_description":"\u00a0 Antes de procurar um m\u00e9dico especialista para tratar determinada dor ou desconforto, \u00e9 importante passar por uma consulta com o cl\u00ednico geral, m\u00e9dico que tem uma vis\u00e3o geral da sa\u00fade do paciente. Assim como um detetive, o cl\u00ednico geral precisa ouvir as \u201cpistas\u201d do paciente e por meio de exame f\u00edsico, exames laboratoriais e [&hellip;]","og_url":"https:\/\/fieam.org.br\/sesi\/sesisaude-ressalta-importancia-do-clinico-geral\/","og_site_name":"SESI","article_published_time":"2013-05-10T20:30:40+00:00","author":"Autor","twitter_card":"summary_large_image","twitter_misc":{"Escrito por":"Autor","Est. tempo de leitura":"4 minutos"},"schema":{"@context":"https:\/\/schema.org","@graph":[{"@type":"Article","@id":"https:\/\/fieam.org.br\/sesi\/sesisaude-ressalta-importancia-do-clinico-geral\/#article","isPartOf":{"@id":"https:\/\/fieam.org.br\/sesi\/sesisaude-ressalta-importancia-do-clinico-geral\/"},"author":{"name":"Autor","@id":"https:\/\/fieam.org.br\/sesi\/#\/schema\/person\/f54998dd14d5f0695b41444f2b01c31e"},"headline":"SESISA\u00daDE ressalta import\u00e2ncia do cl\u00ednico geral","datePublished":"2013-05-10T20:30:40+00:00","mainEntityOfPage":{"@id":"https:\/\/fieam.org.br\/sesi\/sesisaude-ressalta-importancia-do-clinico-geral\/"},"wordCount":786,"commentCount":0,"publisher":{"@id":"https:\/\/fieam.org.br\/sesi\/#organization"},"articleSection":["News"],"inLanguage":"pt-BR","potentialAction":[{"@type":"CommentAction","name":"Comment","target":["https:\/\/fieam.org.br\/sesi\/sesisaude-ressalta-importancia-do-clinico-geral\/#respond"]}]},{"@type":"WebPage","@id":"https:\/\/fieam.org.br\/sesi\/sesisaude-ressalta-importancia-do-clinico-geral\/","url":"https:\/\/fieam.org.br\/sesi\/sesisaude-ressalta-importancia-do-clinico-geral\/","name":"SESISA\u00daDE ressalta import\u00e2ncia do cl\u00ednico geral - SESI","isPartOf":{"@id":"https:\/\/fieam.org.br\/sesi\/#website"},"datePublished":"2013-05-10T20:30:40+00:00","breadcrumb":{"@id":"https:\/\/fieam.org.br\/sesi\/sesisaude-ressalta-importancia-do-clinico-geral\/#breadcrumb"},"inLanguage":"pt-BR","potentialAction":[{"@type":"ReadAction","target":["https:\/\/fieam.org.br\/sesi\/sesisaude-ressalta-importancia-do-clinico-geral\/"]}]},{"@type":"BreadcrumbList","@id":"https:\/\/fieam.org.br\/sesi\/sesisaude-ressalta-importancia-do-clinico-geral\/#breadcrumb","itemListElement":[{"@type":"ListItem","position":1,"name":"In\u00edcio","item":"https:\/\/fieam.org.br\/sesi\/"},{"@type":"ListItem","position":2,"name":"SESISA\u00daDE ressalta import\u00e2ncia do cl\u00ednico geral"}]},{"@type":"WebSite","@id":"https:\/\/fieam.org.br\/sesi\/#website","url":"https:\/\/fieam.org.br\/sesi\/","name":"SESI","description":"Site Oficial!","publisher":{"@id":"https:\/\/fieam.org.br\/sesi\/#organization"},"potentialAction":[{"@type":"SearchAction","target":{"@type":"EntryPoint","urlTemplate":"https:\/\/fieam.org.br\/sesi\/?s={search_term_string}"},"query-input":{"@type":"PropertyValueSpecification","valueRequired":true,"valueName":"search_term_string"}}],"inLanguage":"pt-BR"},{"@type":"Organization","@id":"https:\/\/fieam.org.br\/sesi\/#organization","name":"SESI","url":"https:\/\/fieam.org.br\/sesi\/","logo":{"@type":"ImageObject","inLanguage":"pt-BR","@id":"https:\/\/fieam.org.br\/sesi\/#\/schema\/logo\/image\/","url":"https:\/\/fieam.org.br\/sesi\/wp-content\/uploads\/sites\/14\/2024\/03\/cropped-fav.png","contentUrl":"https:\/\/fieam.org.br\/sesi\/wp-content\/uploads\/sites\/14\/2024\/03\/cropped-fav.png","width":610,"height":589,"caption":"SESI"},"image":{"@id":"https:\/\/fieam.org.br\/sesi\/#\/schema\/logo\/image\/"}},{"@type":"Person","@id":"https:\/\/fieam.org.br\/sesi\/#\/schema\/person\/f54998dd14d5f0695b41444f2b01c31e","name":"Autor","image":{"@type":"ImageObject","inLanguage":"pt-BR","@id":"https:\/\/secure.gravatar.com\/avatar\/3732c223e0e1fad69062a8f770955c9068d37b055204f310a0be18d4069fe380?s=96&d=mm&r=g","url":"https:\/\/secure.gravatar.com\/avatar\/3732c223e0e1fad69062a8f770955c9068d37b055204f310a0be18d4069fe380?s=96&d=mm&r=g","contentUrl":"https:\/\/secure.gravatar.com\/avatar\/3732c223e0e1fad69062a8f770955c9068d37b055204f310a0be18d4069fe380?s=96&d=mm&r=g","caption":"Autor"},"sameAs":["https:\/\/marketingmassivo.com.br"],"url":"https:\/\/fieam.org.br\/sesi\/author\/admin\/"}]}},"_links":{"self":[{"href":"https:\/\/fieam.org.br\/sesi\/wp-json\/wp\/v2\/posts\/4328","targetHints":{"allow":["GET"]}}],"collection":[{"href":"https:\/\/fieam.org.br\/sesi\/wp-json\/wp\/v2\/posts"}],"about":[{"href":"https:\/\/fieam.org.br\/sesi\/wp-json\/wp\/v2\/types\/post"}],"author":[{"embeddable":true,"href":"https:\/\/fieam.org.br\/sesi\/wp-json\/wp\/v2\/users\/1"}],"replies":[{"embeddable":true,"href":"https:\/\/fieam.org.br\/sesi\/wp-json\/wp\/v2\/comments?post=4328"}],"version-history":[{"count":0,"href":"https:\/\/fieam.org.br\/sesi\/wp-json\/wp\/v2\/posts\/4328\/revisions"}],"wp:attachment":[{"href":"https:\/\/fieam.org.br\/sesi\/wp-json\/wp\/v2\/media?parent=4328"}],"wp:term":[{"taxonomy":"category","embeddable":true,"href":"https:\/\/fieam.org.br\/sesi\/wp-json\/wp\/v2\/categories?post=4328"},{"taxonomy":"post_tag","embeddable":true,"href":"https:\/\/fieam.org.br\/sesi\/wp-json\/wp\/v2\/tags?post=4328"}],"curies":[{"name":"wp","href":"https:\/\/api.w.org\/{rel}","templated":true}]}}