{"id":4304,"date":"2013-05-08T13:52:06","date_gmt":"2013-05-08T13:52:06","guid":{"rendered":"http:\/\/www.fieam.org.br\/site\/sesi\/?p=4304"},"modified":"2013-05-08T13:52:06","modified_gmt":"2013-05-08T13:52:06","slug":"acao-global-prepara-se-para-atender-55-mil-pessoas","status":"publish","type":"post","link":"https:\/\/fieam.org.br\/sesi\/acao-global-prepara-se-para-atender-55-mil-pessoas\/","title":{"rendered":"A\u00e7\u00e3o Global prepara-se para atender 55 mil pessoas"},"content":{"rendered":"<figure id=\"attachment_4306\" aria-describedby=\"caption-attachment-4306\" style=\"width: 300px\" class=\"wp-caption alignleft\"><a href=\"http:\/\/www.fieam.org.br\/site\/sesi\/acao-global-prepara-se-para-atender-55-mil-pessoas\/vem-aiacao-global\/\" rel=\"attachment wp-att-4306\"><img fetchpriority=\"high\" decoding=\"async\" class=\"size-medium wp-image-4306 \" alt=\"Vem a\u00ed...A\u00e7\u00e3o Global\" src=\"http:\/\/www.fieam.org.br\/2015\/sesi\/wp-content\/uploads\/sites\/2\/2013\/05\/Vem-a\u00edA\u00e7\u00e3o-Global-300x212.jpg\" width=\"300\" height=\"212\" \/><\/a><figcaption id=\"caption-attachment-4306\" class=\"wp-caption-text\">Vem a\u00ed&#8230;A\u00e7\u00e3o Global<\/figcaption><\/figure>\n<p>Promovida desde 1995 pelo\u00a0<a href=\"http:\/\/www.fieam.org.br\/site\/sesi\/institucional\/\" target=\"_blank\" rel=\"noopener\">SESI<\/a>, em parceria com a\u00a0<a href=\"http:\/\/redeglobo.globo.com\/\" target=\"_blank\" rel=\"noopener\">Rede Globo de Televis\u00e3o<\/a>\u00a0em todo o Brasil, a A\u00e7\u00e3o Global j\u00e1 beneficiou mais de 16,8 milh\u00f5es de brasileiros ao garantir acesso gratuito a uma s\u00e9rie de servi\u00e7os de promo\u00e7\u00e3o \u00e0 cidadania.<\/p>\n<p>Em sua 20\u00aa edi\u00e7\u00e3o marcada para 18 de maio, das 8 \u00e0s 17 horas, no Clube do Trabalhador (Alameda Cosme Ferreira, 7399), a<b>\u00a0<\/b>A\u00e7\u00e3o Global tem como meta atender 55 mil pessoas e prestar 110 mil atendimentos, no Amazonas, com a participa\u00e7\u00e3o de 80 parceiros entre institui\u00e7\u00f5es p\u00fablicas e privadas, al\u00e9m de 1.680 volunt\u00e1rios em sa\u00fade, cidadania, educa\u00e7\u00e3o, esporte, cultura e lazer.<\/p>\n<p>Na edi\u00e7\u00e3o de 2012, mais de 45 mil pessoas receberam consultas m\u00e9dicas e odontol\u00f3gicas, emiss\u00e3o de documentos, elabora\u00e7\u00e3o de curr\u00edculo, atividades de lazer, informa\u00e7\u00f5es sobre benef\u00edcios\u00a0previdenci\u00e1rios, meio ambiente, seguran\u00e7a, tr\u00e2nsito, cadastro no programa Bolsa Fam\u00edlia, entre outros, com totaliza\u00e7\u00e3o de 90.235 atendimentos.<\/p>\n<p>De acordo com a coordenadora t\u00e9cnica do evento, Shirley Barroso, a A\u00e7\u00e3o tem a mulher como tema, em virtude das diversas situa\u00e7\u00f5es em que a mulher \u00e9 vulner\u00e1vel, como a viol\u00eancia, explora\u00e7\u00e3o sexual, problemas de sa\u00fade e a falta de empregabilidade.<\/p>\n<p>Dentre os parceiros, o\u00a0<a href=\"http:\/\/www.iesam.com.br\/%E2%80%8E\" target=\"_blank\" rel=\"noopener\">Instituto Superior de Ensino da Amaz\u00f4nia (Iesa)<\/a>\u00a0ter\u00e1 profissionais para atender \u00e0 polu\u00e7\u00e3o com consultas jur\u00eddicas nas \u00e1reas c\u00edvel, criminal, trabalhista, previdenci\u00e1ria e de meio ambiente.<\/p>\n<p><a href=\"http:\/\/semtrad.manaus.am.gov.br\/%E2%80%8E\" target=\"_blank\" rel=\"noopener\">A Secretaria Municipal de Trabalho e Desenvolvimento Social\u00a0 (Semtrad)<\/a>\u00a0atuar\u00e1 na emiss\u00e3o de Carteira do Trabalho, encaminhamento do trabalhador para entrevista de emprego, al\u00e9m de orienta\u00e7\u00f5es trabalhistas e requisi\u00e7\u00e3o do seguro desemprego.<\/p>\n<p><a href=\"http:\/\/www.institutococacola.org.br\/\" target=\"_blank\" rel=\"noopener\">O Instituto Coca-Cola<\/a>\u00a0participar\u00e1 com o projeto Coca-Cola, que visa capacitar jovens para o mercado de trabalho na \u00e1rea do varejo, al\u00e9m de empresas do<a href=\"http:\/\/www.suframa.gov.br\/\" target=\"_blank\" rel=\"noopener\">Polo Industrial de Manaus (PIM)<\/a>, como\u00a0<a href=\"http:\/\/www.honda.com.br\/sobre-a-honda\/no...\/moto-honda-da-amazonia.aspx%E2%80%8E\" target=\"_blank\" rel=\"noopener\">Moto Honda<\/a>,\u00a0<a href=\"http:\/\/www.cocacolabrasil.com.br\/\" target=\"_blank\" rel=\"noopener\">Recofarma<\/a>,\u00a0<a href=\"http:\/\/www.samsung.com\/br\/%E2%80%8E\" target=\"_blank\" rel=\"noopener\">Samsung<\/a>,\u00a0<a href=\"http:\/\/www.nokia.com\/br-pt\/%E2%80%8E\" target=\"_blank\" rel=\"noopener\">Nokia<\/a>\u00a0e\u00a0<a href=\"http:\/\/br.yamaha.com\/%E2%80%8E\" target=\"_blank\" rel=\"noopener\">Yamaha<\/a>, que estar\u00e3o prestando v\u00e1rios servi\u00e7os.<\/p>\n<p>Na \u00e1rea de sa\u00fade, cerca de 130 profissionais entre m\u00e9dicos, enfermeiros, t\u00e9cnicos de enfermagem e apoio administrativo v\u00e3o ficar a disposi\u00e7\u00e3o para atender \u00e0 popula\u00e7\u00e3o.<\/p>\n<p>Ser\u00e3o oferecidas consultas m\u00e9dicas por especialistas, enquanto enfermeiros e t\u00e9cnicos prestar\u00e3o atendimento na verifica\u00e7\u00e3o da press\u00e3o arterial, teste de glicemia, e imuniza\u00e7\u00e3o contra Influenza, hepatite, febre amarela e outras doen\u00e7as, al\u00e9m da aplica\u00e7\u00e3o de fl\u00faor e oficinas sobre higiene bucal.<\/p>\n<p>V\u00e1rias atividades recreativas ser\u00e3o oferecidas aos participantes, como jogos, oficinas, al\u00e9m de palestras educativas, apresenta\u00e7\u00e3o de grupos de dan\u00e7a e pe\u00e7as teatrais, cursos r\u00e1pidos de gera\u00e7\u00e3o de renda e ainda Sal\u00e3o de Beleza com corte de cabelo e minicurso de maquiagem.<\/p>\n","protected":false},"excerpt":{"rendered":"<p>Promovida desde 1995 pelo\u00a0SESI, em parceria com a\u00a0Rede Globo de Televis\u00e3o\u00a0em todo o Brasil, a A\u00e7\u00e3o Global j\u00e1 beneficiou mais de 16,8 milh\u00f5es de brasileiros ao garantir acesso gratuito a uma s\u00e9rie de servi\u00e7os de promo\u00e7\u00e3o \u00e0 cidadania. Em sua 20\u00aa edi\u00e7\u00e3o marcada para 18 de maio, das 8 \u00e0s 17 horas, no Clube do [&hellip;]<\/p>\n","protected":false},"author":1,"featured_media":0,"comment_status":"open","ping_status":"open","sticky":false,"template":"","format":"standard","meta":{"footnotes":""},"categories":[25],"tags":[],"class_list":["post-4304","post","type-post","status-publish","format-standard","hentry","category-news"],"yoast_head":"<!-- This site is optimized with the Yoast SEO plugin v28.2 - https:\/\/yoast.com\/product\/yoast-seo-wordpress\/ -->\n<title>A\u00e7\u00e3o Global prepara-se para atender 55 mil pessoas - SESI<\/title>\n<meta name=\"robots\" content=\"index, follow, max-snippet:-1, max-image-preview:large, max-video-preview:-1\" \/>\n<link rel=\"canonical\" href=\"https:\/\/fieam.org.br\/sesi\/acao-global-prepara-se-para-atender-55-mil-pessoas\/\" \/>\n<meta property=\"og:locale\" content=\"pt_BR\" \/>\n<meta property=\"og:type\" content=\"article\" \/>\n<meta property=\"og:title\" content=\"A\u00e7\u00e3o Global prepara-se para atender 55 mil pessoas - SESI\" \/>\n<meta property=\"og:description\" content=\"Promovida desde 1995 pelo\u00a0SESI, em parceria com a\u00a0Rede Globo de Televis\u00e3o\u00a0em todo o Brasil, a A\u00e7\u00e3o Global j\u00e1 beneficiou mais de 16,8 milh\u00f5es de brasileiros ao garantir acesso gratuito a uma s\u00e9rie de servi\u00e7os de promo\u00e7\u00e3o \u00e0 cidadania. Em sua 20\u00aa edi\u00e7\u00e3o marcada para 18 de maio, das 8 \u00e0s 17 horas, no Clube do [&hellip;]\" \/>\n<meta property=\"og:url\" content=\"https:\/\/fieam.org.br\/sesi\/acao-global-prepara-se-para-atender-55-mil-pessoas\/\" \/>\n<meta property=\"og:site_name\" content=\"SESI\" \/>\n<meta property=\"article:published_time\" content=\"2013-05-08T13:52:06+00:00\" \/>\n<meta name=\"author\" content=\"Autor\" \/>\n<meta name=\"twitter:card\" content=\"summary_large_image\" \/>\n<meta name=\"twitter:label1\" content=\"Escrito por\" \/>\n\t<meta name=\"twitter:data1\" content=\"Autor\" \/>\n\t<meta name=\"twitter:label2\" content=\"Est. tempo de leitura\" \/>\n\t<meta name=\"twitter:data2\" content=\"2 minutos\" \/>\n<script type=\"application\/ld+json\" class=\"yoast-schema-graph\">{\"@context\":\"https:\\\/\\\/schema.org\",\"@graph\":[{\"@type\":\"Article\",\"@id\":\"https:\\\/\\\/fieam.org.br\\\/sesi\\\/acao-global-prepara-se-para-atender-55-mil-pessoas\\\/#article\",\"isPartOf\":{\"@id\":\"https:\\\/\\\/fieam.org.br\\\/sesi\\\/acao-global-prepara-se-para-atender-55-mil-pessoas\\\/\"},\"author\":{\"name\":\"Autor\",\"@id\":\"https:\\\/\\\/fieam.org.br\\\/sesi\\\/#\\\/schema\\\/person\\\/f54998dd14d5f0695b41444f2b01c31e\"},\"headline\":\"A\u00e7\u00e3o Global prepara-se para atender 55 mil pessoas\",\"datePublished\":\"2013-05-08T13:52:06+00:00\",\"mainEntityOfPage\":{\"@id\":\"https:\\\/\\\/fieam.org.br\\\/sesi\\\/acao-global-prepara-se-para-atender-55-mil-pessoas\\\/\"},\"wordCount\":472,\"commentCount\":0,\"publisher\":{\"@id\":\"https:\\\/\\\/fieam.org.br\\\/sesi\\\/#organization\"},\"articleSection\":[\"News\"],\"inLanguage\":\"pt-BR\",\"potentialAction\":[{\"@type\":\"CommentAction\",\"name\":\"Comment\",\"target\":[\"https:\\\/\\\/fieam.org.br\\\/sesi\\\/acao-global-prepara-se-para-atender-55-mil-pessoas\\\/#respond\"]}]},{\"@type\":\"WebPage\",\"@id\":\"https:\\\/\\\/fieam.org.br\\\/sesi\\\/acao-global-prepara-se-para-atender-55-mil-pessoas\\\/\",\"url\":\"https:\\\/\\\/fieam.org.br\\\/sesi\\\/acao-global-prepara-se-para-atender-55-mil-pessoas\\\/\",\"name\":\"A\u00e7\u00e3o Global prepara-se para atender 55 mil pessoas - SESI\",\"isPartOf\":{\"@id\":\"https:\\\/\\\/fieam.org.br\\\/sesi\\\/#website\"},\"datePublished\":\"2013-05-08T13:52:06+00:00\",\"breadcrumb\":{\"@id\":\"https:\\\/\\\/fieam.org.br\\\/sesi\\\/acao-global-prepara-se-para-atender-55-mil-pessoas\\\/#breadcrumb\"},\"inLanguage\":\"pt-BR\",\"potentialAction\":[{\"@type\":\"ReadAction\",\"target\":[\"https:\\\/\\\/fieam.org.br\\\/sesi\\\/acao-global-prepara-se-para-atender-55-mil-pessoas\\\/\"]}]},{\"@type\":\"BreadcrumbList\",\"@id\":\"https:\\\/\\\/fieam.org.br\\\/sesi\\\/acao-global-prepara-se-para-atender-55-mil-pessoas\\\/#breadcrumb\",\"itemListElement\":[{\"@type\":\"ListItem\",\"position\":1,\"name\":\"In\u00edcio\",\"item\":\"https:\\\/\\\/fieam.org.br\\\/sesi\\\/\"},{\"@type\":\"ListItem\",\"position\":2,\"name\":\"A\u00e7\u00e3o Global prepara-se para atender 55 mil pessoas\"}]},{\"@type\":\"WebSite\",\"@id\":\"https:\\\/\\\/fieam.org.br\\\/sesi\\\/#website\",\"url\":\"https:\\\/\\\/fieam.org.br\\\/sesi\\\/\",\"name\":\"SESI\",\"description\":\"Site Oficial!\",\"publisher\":{\"@id\":\"https:\\\/\\\/fieam.org.br\\\/sesi\\\/#organization\"},\"potentialAction\":[{\"@type\":\"SearchAction\",\"target\":{\"@type\":\"EntryPoint\",\"urlTemplate\":\"https:\\\/\\\/fieam.org.br\\\/sesi\\\/?s={search_term_string}\"},\"query-input\":{\"@type\":\"PropertyValueSpecification\",\"valueRequired\":true,\"valueName\":\"search_term_string\"}}],\"inLanguage\":\"pt-BR\"},{\"@type\":\"Organization\",\"@id\":\"https:\\\/\\\/fieam.org.br\\\/sesi\\\/#organization\",\"name\":\"SESI\",\"url\":\"https:\\\/\\\/fieam.org.br\\\/sesi\\\/\",\"logo\":{\"@type\":\"ImageObject\",\"inLanguage\":\"pt-BR\",\"@id\":\"https:\\\/\\\/fieam.org.br\\\/sesi\\\/#\\\/schema\\\/logo\\\/image\\\/\",\"url\":\"https:\\\/\\\/fieam.org.br\\\/sesi\\\/wp-content\\\/uploads\\\/sites\\\/14\\\/2024\\\/03\\\/cropped-fav.png\",\"contentUrl\":\"https:\\\/\\\/fieam.org.br\\\/sesi\\\/wp-content\\\/uploads\\\/sites\\\/14\\\/2024\\\/03\\\/cropped-fav.png\",\"width\":610,\"height\":589,\"caption\":\"SESI\"},\"image\":{\"@id\":\"https:\\\/\\\/fieam.org.br\\\/sesi\\\/#\\\/schema\\\/logo\\\/image\\\/\"}},{\"@type\":\"Person\",\"@id\":\"https:\\\/\\\/fieam.org.br\\\/sesi\\\/#\\\/schema\\\/person\\\/f54998dd14d5f0695b41444f2b01c31e\",\"name\":\"Autor\",\"image\":{\"@type\":\"ImageObject\",\"inLanguage\":\"pt-BR\",\"@id\":\"https:\\\/\\\/secure.gravatar.com\\\/avatar\\\/3732c223e0e1fad69062a8f770955c9068d37b055204f310a0be18d4069fe380?s=96&d=mm&r=g\",\"url\":\"https:\\\/\\\/secure.gravatar.com\\\/avatar\\\/3732c223e0e1fad69062a8f770955c9068d37b055204f310a0be18d4069fe380?s=96&d=mm&r=g\",\"contentUrl\":\"https:\\\/\\\/secure.gravatar.com\\\/avatar\\\/3732c223e0e1fad69062a8f770955c9068d37b055204f310a0be18d4069fe380?s=96&d=mm&r=g\",\"caption\":\"Autor\"},\"sameAs\":[\"https:\\\/\\\/marketingmassivo.com.br\"],\"url\":\"https:\\\/\\\/fieam.org.br\\\/sesi\\\/author\\\/admin\\\/\"}]}<\/script>\n<!-- \/ Yoast SEO plugin. -->","yoast_head_json":{"title":"A\u00e7\u00e3o Global prepara-se para atender 55 mil pessoas - SESI","robots":{"index":"index","follow":"follow","max-snippet":"max-snippet:-1","max-image-preview":"max-image-preview:large","max-video-preview":"max-video-preview:-1"},"canonical":"https:\/\/fieam.org.br\/sesi\/acao-global-prepara-se-para-atender-55-mil-pessoas\/","og_locale":"pt_BR","og_type":"article","og_title":"A\u00e7\u00e3o Global prepara-se para atender 55 mil pessoas - SESI","og_description":"Promovida desde 1995 pelo\u00a0SESI, em parceria com a\u00a0Rede Globo de Televis\u00e3o\u00a0em todo o Brasil, a A\u00e7\u00e3o Global j\u00e1 beneficiou mais de 16,8 milh\u00f5es de brasileiros ao garantir acesso gratuito a uma s\u00e9rie de servi\u00e7os de promo\u00e7\u00e3o \u00e0 cidadania. Em sua 20\u00aa edi\u00e7\u00e3o marcada para 18 de maio, das 8 \u00e0s 17 horas, no Clube do [&hellip;]","og_url":"https:\/\/fieam.org.br\/sesi\/acao-global-prepara-se-para-atender-55-mil-pessoas\/","og_site_name":"SESI","article_published_time":"2013-05-08T13:52:06+00:00","author":"Autor","twitter_card":"summary_large_image","twitter_misc":{"Escrito por":"Autor","Est. tempo de leitura":"2 minutos"},"schema":{"@context":"https:\/\/schema.org","@graph":[{"@type":"Article","@id":"https:\/\/fieam.org.br\/sesi\/acao-global-prepara-se-para-atender-55-mil-pessoas\/#article","isPartOf":{"@id":"https:\/\/fieam.org.br\/sesi\/acao-global-prepara-se-para-atender-55-mil-pessoas\/"},"author":{"name":"Autor","@id":"https:\/\/fieam.org.br\/sesi\/#\/schema\/person\/f54998dd14d5f0695b41444f2b01c31e"},"headline":"A\u00e7\u00e3o Global prepara-se para atender 55 mil pessoas","datePublished":"2013-05-08T13:52:06+00:00","mainEntityOfPage":{"@id":"https:\/\/fieam.org.br\/sesi\/acao-global-prepara-se-para-atender-55-mil-pessoas\/"},"wordCount":472,"commentCount":0,"publisher":{"@id":"https:\/\/fieam.org.br\/sesi\/#organization"},"articleSection":["News"],"inLanguage":"pt-BR","potentialAction":[{"@type":"CommentAction","name":"Comment","target":["https:\/\/fieam.org.br\/sesi\/acao-global-prepara-se-para-atender-55-mil-pessoas\/#respond"]}]},{"@type":"WebPage","@id":"https:\/\/fieam.org.br\/sesi\/acao-global-prepara-se-para-atender-55-mil-pessoas\/","url":"https:\/\/fieam.org.br\/sesi\/acao-global-prepara-se-para-atender-55-mil-pessoas\/","name":"A\u00e7\u00e3o Global prepara-se para atender 55 mil pessoas - SESI","isPartOf":{"@id":"https:\/\/fieam.org.br\/sesi\/#website"},"datePublished":"2013-05-08T13:52:06+00:00","breadcrumb":{"@id":"https:\/\/fieam.org.br\/sesi\/acao-global-prepara-se-para-atender-55-mil-pessoas\/#breadcrumb"},"inLanguage":"pt-BR","potentialAction":[{"@type":"ReadAction","target":["https:\/\/fieam.org.br\/sesi\/acao-global-prepara-se-para-atender-55-mil-pessoas\/"]}]},{"@type":"BreadcrumbList","@id":"https:\/\/fieam.org.br\/sesi\/acao-global-prepara-se-para-atender-55-mil-pessoas\/#breadcrumb","itemListElement":[{"@type":"ListItem","position":1,"name":"In\u00edcio","item":"https:\/\/fieam.org.br\/sesi\/"},{"@type":"ListItem","position":2,"name":"A\u00e7\u00e3o Global prepara-se para atender 55 mil pessoas"}]},{"@type":"WebSite","@id":"https:\/\/fieam.org.br\/sesi\/#website","url":"https:\/\/fieam.org.br\/sesi\/","name":"SESI","description":"Site Oficial!","publisher":{"@id":"https:\/\/fieam.org.br\/sesi\/#organization"},"potentialAction":[{"@type":"SearchAction","target":{"@type":"EntryPoint","urlTemplate":"https:\/\/fieam.org.br\/sesi\/?s={search_term_string}"},"query-input":{"@type":"PropertyValueSpecification","valueRequired":true,"valueName":"search_term_string"}}],"inLanguage":"pt-BR"},{"@type":"Organization","@id":"https:\/\/fieam.org.br\/sesi\/#organization","name":"SESI","url":"https:\/\/fieam.org.br\/sesi\/","logo":{"@type":"ImageObject","inLanguage":"pt-BR","@id":"https:\/\/fieam.org.br\/sesi\/#\/schema\/logo\/image\/","url":"https:\/\/fieam.org.br\/sesi\/wp-content\/uploads\/sites\/14\/2024\/03\/cropped-fav.png","contentUrl":"https:\/\/fieam.org.br\/sesi\/wp-content\/uploads\/sites\/14\/2024\/03\/cropped-fav.png","width":610,"height":589,"caption":"SESI"},"image":{"@id":"https:\/\/fieam.org.br\/sesi\/#\/schema\/logo\/image\/"}},{"@type":"Person","@id":"https:\/\/fieam.org.br\/sesi\/#\/schema\/person\/f54998dd14d5f0695b41444f2b01c31e","name":"Autor","image":{"@type":"ImageObject","inLanguage":"pt-BR","@id":"https:\/\/secure.gravatar.com\/avatar\/3732c223e0e1fad69062a8f770955c9068d37b055204f310a0be18d4069fe380?s=96&d=mm&r=g","url":"https:\/\/secure.gravatar.com\/avatar\/3732c223e0e1fad69062a8f770955c9068d37b055204f310a0be18d4069fe380?s=96&d=mm&r=g","contentUrl":"https:\/\/secure.gravatar.com\/avatar\/3732c223e0e1fad69062a8f770955c9068d37b055204f310a0be18d4069fe380?s=96&d=mm&r=g","caption":"Autor"},"sameAs":["https:\/\/marketingmassivo.com.br"],"url":"https:\/\/fieam.org.br\/sesi\/author\/admin\/"}]}},"_links":{"self":[{"href":"https:\/\/fieam.org.br\/sesi\/wp-json\/wp\/v2\/posts\/4304","targetHints":{"allow":["GET"]}}],"collection":[{"href":"https:\/\/fieam.org.br\/sesi\/wp-json\/wp\/v2\/posts"}],"about":[{"href":"https:\/\/fieam.org.br\/sesi\/wp-json\/wp\/v2\/types\/post"}],"author":[{"embeddable":true,"href":"https:\/\/fieam.org.br\/sesi\/wp-json\/wp\/v2\/users\/1"}],"replies":[{"embeddable":true,"href":"https:\/\/fieam.org.br\/sesi\/wp-json\/wp\/v2\/comments?post=4304"}],"version-history":[{"count":0,"href":"https:\/\/fieam.org.br\/sesi\/wp-json\/wp\/v2\/posts\/4304\/revisions"}],"wp:attachment":[{"href":"https:\/\/fieam.org.br\/sesi\/wp-json\/wp\/v2\/media?parent=4304"}],"wp:term":[{"taxonomy":"category","embeddable":true,"href":"https:\/\/fieam.org.br\/sesi\/wp-json\/wp\/v2\/categories?post=4304"},{"taxonomy":"post_tag","embeddable":true,"href":"https:\/\/fieam.org.br\/sesi\/wp-json\/wp\/v2\/tags?post=4304"}],"curies":[{"name":"wp","href":"https:\/\/api.w.org\/{rel}","templated":true}]}}