{"id":4267,"date":"2013-04-26T15:47:27","date_gmt":"2013-04-26T15:47:27","guid":{"rendered":"http:\/\/www.fieam.org.br\/site\/sesi\/?p=4267"},"modified":"2013-04-26T15:47:27","modified_gmt":"2013-04-26T15:47:27","slug":"a-obra-a-maca-foi-interpretada-pela-aluna-emanuele-benicio-galberto-esquerda","status":"publish","type":"post","link":"https:\/\/fieam.org.br\/sesi\/a-obra-a-maca-foi-interpretada-pela-aluna-emanuele-benicio-galberto-esquerda\/","title":{"rendered":"Mostra do SESI tem &#8220;tela viva&#8221; de Romero Britto"},"content":{"rendered":"<figure id=\"attachment_4268\" aria-describedby=\"caption-attachment-4268\" style=\"width: 300px\" class=\"wp-caption alignleft\"><a href=\"http:\/\/www.fieam.org.br\/site\/sesi\/a-obra-a-maca-foi-interpretada-pela-aluna-emanuele-benicio-galberto-esquerda\/a-obra-a-maca-foi-interpretada-pela-aluna-emanuele-benicio-galberto-esquerda\/\" rel=\"attachment wp-att-4268\"><img fetchpriority=\"high\" decoding=\"async\" class=\"size-medium wp-image-4268 \" alt=\"A obra, a ma\u00e7\u00e3, foi interpretada pela aluna Emanuele Ben\u00edcio Galberto (esquerda).\" src=\"http:\/\/www.fieam.org.br\/2015\/sesi\/wp-content\/uploads\/sites\/2\/2013\/04\/A-obra-a-maca-foi-interpretada-pela-aluna-Emanuele-Benicio-Galberto-esquerda-300x200.jpg\" width=\"300\" height=\"200\" srcset=\"https:\/\/fieam.org.br\/sesi\/wp-content\/uploads\/sites\/14\/2013\/04\/A-obra-a-maca-foi-interpretada-pela-aluna-Emanuele-Benicio-Galberto-esquerda-300x200.jpg 300w, https:\/\/fieam.org.br\/sesi\/wp-content\/uploads\/sites\/14\/2013\/04\/A-obra-a-maca-foi-interpretada-pela-aluna-Emanuele-Benicio-Galberto-esquerda-768x512.jpg 768w, https:\/\/fieam.org.br\/sesi\/wp-content\/uploads\/sites\/14\/2013\/04\/A-obra-a-maca-foi-interpretada-pela-aluna-Emanuele-Benicio-Galberto-esquerda.jpg 1024w\" sizes=\"(max-width: 300px) 100vw, 300px\" \/><\/a><figcaption id=\"caption-attachment-4268\" class=\"wp-caption-text\">A obra, a ma\u00e7\u00e3, foi interpretada pela aluna Emanuele Ben\u00edcio Galberto (esquerda).<\/figcaption><\/figure>\n<p style=\"text-align: left\" align=\"center\">Alunos do\u00a0<a href=\"http:\/\/www.fieam.org.br\/site\/sesi\/institucional\/\" target=\"_blank\" rel=\"noopener\">Servi\u00e7o Social da Ind\u00fastria (SESI Amazonas)<\/a>\u00a0tornaram-se ontem (25) &#8220;telas vivas&#8221; do pintor Romero Brito na 2\u00aa Mostra Liter\u00e1ria da Unidade de Educa\u00e7\u00e3o Dr. Francisco Garcia, localizada no Distrito Industrial.<\/p>\n<p style=\"text-align: left\">O desfile, com as \u201ctelas vivas\u201d de Romero, foi apresentado por crian\u00e7as do 2\u00ba per\u00edodo, expressadas em cores e gestos, ao som das m\u00fasicas \u201cAmor de Chocolate\u201d \u2013 Naldo, \u201cGangnam Style\u201d \u2013 Psy e \u201cEla \u00e9 Top \u2013 MC Bola.<\/p>\n<p>Os destaques foram para as alunas Emanuele Ben\u00edcio Galberto,5, e Isabela Vit\u00f3ria Brito,5, com a apresenta\u00e7\u00e3o das obras \u201cA ma\u00e7\u00e3\u201d e objetos criados pelo artista, respectivamente.<\/p>\n<p>Romero Britto, artista pernambucano radicado nos EUA, \u00e9 o maior expoente no Brasil da\u00a0Pop-Art, estilo que se baseia no reprocessamento de imagens populares e de consumo, contemplando a linguagem da cultura urbana. Com tra\u00e7o quase infantil, o artista explora formas geom\u00e9tricas e figuras, usa todas as cores, sempre muito vivas e vibrantes, transmitindo bom-humor, alegria e jovialidade, dando movimento e vida a figuras diversas.<\/p>\n<p>\u201cE tudo vira outra hist\u00f3ria\u201d foi o tema geral da 2\u00aa Mostra, realizada no per\u00edodo de 23 a 26 de abril, que contou ainda com a apresenta\u00e7\u00e3o do grupo Na\u00e7\u00e3o Tikuna, e dos alunos representando personagens de Ziraldo e Maur\u00edcio de Souza, al\u00e9m de exposi\u00e7\u00f5es e divulga\u00e7\u00f5es de obras de Tarsila do Amaral.<\/p>\n<p>De acordo com a pedagoga do 2\u00ba per\u00edodo, Ana Karina Holanda, as crian\u00e7as mostraram o seu lado criativo, com a cria\u00e7\u00e3o dos quadros, roupas e acess\u00f3rios para a mostra. \u201cO objetivo da mostra \u00e9 despertar a curiosidade pela arte visual e seus elementos\u201d, disse a pedagoga.<\/p>\n<p><strong>[nggallery id=172]<\/strong><\/p>\n","protected":false},"excerpt":{"rendered":"<p>Alunos do\u00a0Servi\u00e7o Social da Ind\u00fastria (SESI Amazonas)\u00a0tornaram-se ontem (25) &#8220;telas vivas&#8221; do pintor Romero Brito na 2\u00aa Mostra Liter\u00e1ria da Unidade de Educa\u00e7\u00e3o Dr. Francisco Garcia, localizada no Distrito Industrial. O desfile, com as \u201ctelas vivas\u201d de Romero, foi apresentado por crian\u00e7as do 2\u00ba per\u00edodo, expressadas em cores e gestos, ao som das m\u00fasicas \u201cAmor [&hellip;]<\/p>\n","protected":false},"author":1,"featured_media":0,"comment_status":"open","ping_status":"open","sticky":false,"template":"","format":"standard","meta":{"footnotes":""},"categories":[25],"tags":[],"class_list":["post-4267","post","type-post","status-publish","format-standard","hentry","category-news"],"yoast_head":"<!-- This site is optimized with the Yoast SEO plugin v28.2 - https:\/\/yoast.com\/product\/yoast-seo-wordpress\/ -->\n<title>Mostra do SESI tem &quot;tela viva&quot; de Romero Britto - SESI<\/title>\n<meta name=\"robots\" content=\"index, follow, max-snippet:-1, max-image-preview:large, max-video-preview:-1\" \/>\n<link rel=\"canonical\" href=\"https:\/\/fieam.org.br\/sesi\/a-obra-a-maca-foi-interpretada-pela-aluna-emanuele-benicio-galberto-esquerda\/\" \/>\n<meta property=\"og:locale\" content=\"pt_BR\" \/>\n<meta property=\"og:type\" content=\"article\" \/>\n<meta property=\"og:title\" content=\"Mostra do SESI tem &quot;tela viva&quot; de Romero Britto - SESI\" \/>\n<meta property=\"og:description\" content=\"Alunos do\u00a0Servi\u00e7o Social da Ind\u00fastria (SESI Amazonas)\u00a0tornaram-se ontem (25) &#8220;telas vivas&#8221; do pintor Romero Brito na 2\u00aa Mostra Liter\u00e1ria da Unidade de Educa\u00e7\u00e3o Dr. Francisco Garcia, localizada no Distrito Industrial. O desfile, com as \u201ctelas vivas\u201d de Romero, foi apresentado por crian\u00e7as do 2\u00ba per\u00edodo, expressadas em cores e gestos, ao som das m\u00fasicas \u201cAmor [&hellip;]\" \/>\n<meta property=\"og:url\" content=\"https:\/\/fieam.org.br\/sesi\/a-obra-a-maca-foi-interpretada-pela-aluna-emanuele-benicio-galberto-esquerda\/\" \/>\n<meta property=\"og:site_name\" content=\"SESI\" \/>\n<meta property=\"article:published_time\" content=\"2013-04-26T15:47:27+00:00\" \/>\n<meta property=\"og:image\" content=\"https:\/\/fieam.org.br\/sesi\/wp-content\/uploads\/sites\/14\/2013\/04\/A-obra-a-maca-foi-interpretada-pela-aluna-Emanuele-Benicio-Galberto-esquerda.jpg\" \/>\n\t<meta property=\"og:image:width\" content=\"1024\" \/>\n\t<meta property=\"og:image:height\" content=\"683\" \/>\n\t<meta property=\"og:image:type\" content=\"image\/jpeg\" \/>\n<meta name=\"author\" content=\"Autor\" \/>\n<meta name=\"twitter:card\" content=\"summary_large_image\" \/>\n<meta name=\"twitter:label1\" content=\"Escrito por\" \/>\n\t<meta name=\"twitter:data1\" content=\"Autor\" \/>\n\t<meta name=\"twitter:label2\" content=\"Est. tempo de leitura\" \/>\n\t<meta name=\"twitter:data2\" content=\"1 minuto\" \/>\n<script type=\"application\/ld+json\" class=\"yoast-schema-graph\">{\"@context\":\"https:\\\/\\\/schema.org\",\"@graph\":[{\"@type\":\"Article\",\"@id\":\"https:\\\/\\\/fieam.org.br\\\/sesi\\\/a-obra-a-maca-foi-interpretada-pela-aluna-emanuele-benicio-galberto-esquerda\\\/#article\",\"isPartOf\":{\"@id\":\"https:\\\/\\\/fieam.org.br\\\/sesi\\\/a-obra-a-maca-foi-interpretada-pela-aluna-emanuele-benicio-galberto-esquerda\\\/\"},\"author\":{\"name\":\"Autor\",\"@id\":\"https:\\\/\\\/fieam.org.br\\\/sesi\\\/#\\\/schema\\\/person\\\/f54998dd14d5f0695b41444f2b01c31e\"},\"headline\":\"Mostra do SESI tem &#8220;tela viva&#8221; de Romero Britto\",\"datePublished\":\"2013-04-26T15:47:27+00:00\",\"mainEntityOfPage\":{\"@id\":\"https:\\\/\\\/fieam.org.br\\\/sesi\\\/a-obra-a-maca-foi-interpretada-pela-aluna-emanuele-benicio-galberto-esquerda\\\/\"},\"wordCount\":304,\"commentCount\":0,\"publisher\":{\"@id\":\"https:\\\/\\\/fieam.org.br\\\/sesi\\\/#organization\"},\"image\":{\"@id\":\"https:\\\/\\\/fieam.org.br\\\/sesi\\\/a-obra-a-maca-foi-interpretada-pela-aluna-emanuele-benicio-galberto-esquerda\\\/#primaryimage\"},\"thumbnailUrl\":\"http:\\\/\\\/www.fieam.org.br\\\/2015\\\/sesi\\\/wp-content\\\/uploads\\\/sites\\\/2\\\/2013\\\/04\\\/A-obra-a-maca-foi-interpretada-pela-aluna-Emanuele-Benicio-Galberto-esquerda-300x200.jpg\",\"articleSection\":[\"News\"],\"inLanguage\":\"pt-BR\",\"potentialAction\":[{\"@type\":\"CommentAction\",\"name\":\"Comment\",\"target\":[\"https:\\\/\\\/fieam.org.br\\\/sesi\\\/a-obra-a-maca-foi-interpretada-pela-aluna-emanuele-benicio-galberto-esquerda\\\/#respond\"]}]},{\"@type\":\"WebPage\",\"@id\":\"https:\\\/\\\/fieam.org.br\\\/sesi\\\/a-obra-a-maca-foi-interpretada-pela-aluna-emanuele-benicio-galberto-esquerda\\\/\",\"url\":\"https:\\\/\\\/fieam.org.br\\\/sesi\\\/a-obra-a-maca-foi-interpretada-pela-aluna-emanuele-benicio-galberto-esquerda\\\/\",\"name\":\"Mostra do SESI tem \\\"tela viva\\\" de Romero Britto - SESI\",\"isPartOf\":{\"@id\":\"https:\\\/\\\/fieam.org.br\\\/sesi\\\/#website\"},\"primaryImageOfPage\":{\"@id\":\"https:\\\/\\\/fieam.org.br\\\/sesi\\\/a-obra-a-maca-foi-interpretada-pela-aluna-emanuele-benicio-galberto-esquerda\\\/#primaryimage\"},\"image\":{\"@id\":\"https:\\\/\\\/fieam.org.br\\\/sesi\\\/a-obra-a-maca-foi-interpretada-pela-aluna-emanuele-benicio-galberto-esquerda\\\/#primaryimage\"},\"thumbnailUrl\":\"http:\\\/\\\/www.fieam.org.br\\\/2015\\\/sesi\\\/wp-content\\\/uploads\\\/sites\\\/2\\\/2013\\\/04\\\/A-obra-a-maca-foi-interpretada-pela-aluna-Emanuele-Benicio-Galberto-esquerda-300x200.jpg\",\"datePublished\":\"2013-04-26T15:47:27+00:00\",\"breadcrumb\":{\"@id\":\"https:\\\/\\\/fieam.org.br\\\/sesi\\\/a-obra-a-maca-foi-interpretada-pela-aluna-emanuele-benicio-galberto-esquerda\\\/#breadcrumb\"},\"inLanguage\":\"pt-BR\",\"potentialAction\":[{\"@type\":\"ReadAction\",\"target\":[\"https:\\\/\\\/fieam.org.br\\\/sesi\\\/a-obra-a-maca-foi-interpretada-pela-aluna-emanuele-benicio-galberto-esquerda\\\/\"]}]},{\"@type\":\"ImageObject\",\"inLanguage\":\"pt-BR\",\"@id\":\"https:\\\/\\\/fieam.org.br\\\/sesi\\\/a-obra-a-maca-foi-interpretada-pela-aluna-emanuele-benicio-galberto-esquerda\\\/#primaryimage\",\"url\":\"http:\\\/\\\/www.fieam.org.br\\\/2015\\\/sesi\\\/wp-content\\\/uploads\\\/sites\\\/2\\\/2013\\\/04\\\/A-obra-a-maca-foi-interpretada-pela-aluna-Emanuele-Benicio-Galberto-esquerda-300x200.jpg\",\"contentUrl\":\"http:\\\/\\\/www.fieam.org.br\\\/2015\\\/sesi\\\/wp-content\\\/uploads\\\/sites\\\/2\\\/2013\\\/04\\\/A-obra-a-maca-foi-interpretada-pela-aluna-Emanuele-Benicio-Galberto-esquerda-300x200.jpg\"},{\"@type\":\"BreadcrumbList\",\"@id\":\"https:\\\/\\\/fieam.org.br\\\/sesi\\\/a-obra-a-maca-foi-interpretada-pela-aluna-emanuele-benicio-galberto-esquerda\\\/#breadcrumb\",\"itemListElement\":[{\"@type\":\"ListItem\",\"position\":1,\"name\":\"In\u00edcio\",\"item\":\"https:\\\/\\\/fieam.org.br\\\/sesi\\\/\"},{\"@type\":\"ListItem\",\"position\":2,\"name\":\"Mostra do SESI tem &#8220;tela viva&#8221; de Romero Britto\"}]},{\"@type\":\"WebSite\",\"@id\":\"https:\\\/\\\/fieam.org.br\\\/sesi\\\/#website\",\"url\":\"https:\\\/\\\/fieam.org.br\\\/sesi\\\/\",\"name\":\"SESI\",\"description\":\"Site Oficial!\",\"publisher\":{\"@id\":\"https:\\\/\\\/fieam.org.br\\\/sesi\\\/#organization\"},\"potentialAction\":[{\"@type\":\"SearchAction\",\"target\":{\"@type\":\"EntryPoint\",\"urlTemplate\":\"https:\\\/\\\/fieam.org.br\\\/sesi\\\/?s={search_term_string}\"},\"query-input\":{\"@type\":\"PropertyValueSpecification\",\"valueRequired\":true,\"valueName\":\"search_term_string\"}}],\"inLanguage\":\"pt-BR\"},{\"@type\":\"Organization\",\"@id\":\"https:\\\/\\\/fieam.org.br\\\/sesi\\\/#organization\",\"name\":\"SESI\",\"url\":\"https:\\\/\\\/fieam.org.br\\\/sesi\\\/\",\"logo\":{\"@type\":\"ImageObject\",\"inLanguage\":\"pt-BR\",\"@id\":\"https:\\\/\\\/fieam.org.br\\\/sesi\\\/#\\\/schema\\\/logo\\\/image\\\/\",\"url\":\"https:\\\/\\\/fieam.org.br\\\/sesi\\\/wp-content\\\/uploads\\\/sites\\\/14\\\/2024\\\/03\\\/cropped-fav.png\",\"contentUrl\":\"https:\\\/\\\/fieam.org.br\\\/sesi\\\/wp-content\\\/uploads\\\/sites\\\/14\\\/2024\\\/03\\\/cropped-fav.png\",\"width\":610,\"height\":589,\"caption\":\"SESI\"},\"image\":{\"@id\":\"https:\\\/\\\/fieam.org.br\\\/sesi\\\/#\\\/schema\\\/logo\\\/image\\\/\"}},{\"@type\":\"Person\",\"@id\":\"https:\\\/\\\/fieam.org.br\\\/sesi\\\/#\\\/schema\\\/person\\\/f54998dd14d5f0695b41444f2b01c31e\",\"name\":\"Autor\",\"image\":{\"@type\":\"ImageObject\",\"inLanguage\":\"pt-BR\",\"@id\":\"https:\\\/\\\/secure.gravatar.com\\\/avatar\\\/3732c223e0e1fad69062a8f770955c9068d37b055204f310a0be18d4069fe380?s=96&d=mm&r=g\",\"url\":\"https:\\\/\\\/secure.gravatar.com\\\/avatar\\\/3732c223e0e1fad69062a8f770955c9068d37b055204f310a0be18d4069fe380?s=96&d=mm&r=g\",\"contentUrl\":\"https:\\\/\\\/secure.gravatar.com\\\/avatar\\\/3732c223e0e1fad69062a8f770955c9068d37b055204f310a0be18d4069fe380?s=96&d=mm&r=g\",\"caption\":\"Autor\"},\"sameAs\":[\"https:\\\/\\\/marketingmassivo.com.br\"],\"url\":\"https:\\\/\\\/fieam.org.br\\\/sesi\\\/author\\\/admin\\\/\"}]}<\/script>\n<!-- \/ Yoast SEO plugin. -->","yoast_head_json":{"title":"Mostra do SESI tem \"tela viva\" de Romero Britto - SESI","robots":{"index":"index","follow":"follow","max-snippet":"max-snippet:-1","max-image-preview":"max-image-preview:large","max-video-preview":"max-video-preview:-1"},"canonical":"https:\/\/fieam.org.br\/sesi\/a-obra-a-maca-foi-interpretada-pela-aluna-emanuele-benicio-galberto-esquerda\/","og_locale":"pt_BR","og_type":"article","og_title":"Mostra do SESI tem \"tela viva\" de Romero Britto - SESI","og_description":"Alunos do\u00a0Servi\u00e7o Social da Ind\u00fastria (SESI Amazonas)\u00a0tornaram-se ontem (25) &#8220;telas vivas&#8221; do pintor Romero Brito na 2\u00aa Mostra Liter\u00e1ria da Unidade de Educa\u00e7\u00e3o Dr. Francisco Garcia, localizada no Distrito Industrial. O desfile, com as \u201ctelas vivas\u201d de Romero, foi apresentado por crian\u00e7as do 2\u00ba per\u00edodo, expressadas em cores e gestos, ao som das m\u00fasicas \u201cAmor [&hellip;]","og_url":"https:\/\/fieam.org.br\/sesi\/a-obra-a-maca-foi-interpretada-pela-aluna-emanuele-benicio-galberto-esquerda\/","og_site_name":"SESI","article_published_time":"2013-04-26T15:47:27+00:00","og_image":[{"width":1024,"height":683,"url":"https:\/\/fieam.org.br\/sesi\/wp-content\/uploads\/sites\/14\/2013\/04\/A-obra-a-maca-foi-interpretada-pela-aluna-Emanuele-Benicio-Galberto-esquerda.jpg","type":"image\/jpeg"}],"author":"Autor","twitter_card":"summary_large_image","twitter_misc":{"Escrito por":"Autor","Est. tempo de leitura":"1 minuto"},"schema":{"@context":"https:\/\/schema.org","@graph":[{"@type":"Article","@id":"https:\/\/fieam.org.br\/sesi\/a-obra-a-maca-foi-interpretada-pela-aluna-emanuele-benicio-galberto-esquerda\/#article","isPartOf":{"@id":"https:\/\/fieam.org.br\/sesi\/a-obra-a-maca-foi-interpretada-pela-aluna-emanuele-benicio-galberto-esquerda\/"},"author":{"name":"Autor","@id":"https:\/\/fieam.org.br\/sesi\/#\/schema\/person\/f54998dd14d5f0695b41444f2b01c31e"},"headline":"Mostra do SESI tem &#8220;tela viva&#8221; de Romero Britto","datePublished":"2013-04-26T15:47:27+00:00","mainEntityOfPage":{"@id":"https:\/\/fieam.org.br\/sesi\/a-obra-a-maca-foi-interpretada-pela-aluna-emanuele-benicio-galberto-esquerda\/"},"wordCount":304,"commentCount":0,"publisher":{"@id":"https:\/\/fieam.org.br\/sesi\/#organization"},"image":{"@id":"https:\/\/fieam.org.br\/sesi\/a-obra-a-maca-foi-interpretada-pela-aluna-emanuele-benicio-galberto-esquerda\/#primaryimage"},"thumbnailUrl":"http:\/\/www.fieam.org.br\/2015\/sesi\/wp-content\/uploads\/sites\/2\/2013\/04\/A-obra-a-maca-foi-interpretada-pela-aluna-Emanuele-Benicio-Galberto-esquerda-300x200.jpg","articleSection":["News"],"inLanguage":"pt-BR","potentialAction":[{"@type":"CommentAction","name":"Comment","target":["https:\/\/fieam.org.br\/sesi\/a-obra-a-maca-foi-interpretada-pela-aluna-emanuele-benicio-galberto-esquerda\/#respond"]}]},{"@type":"WebPage","@id":"https:\/\/fieam.org.br\/sesi\/a-obra-a-maca-foi-interpretada-pela-aluna-emanuele-benicio-galberto-esquerda\/","url":"https:\/\/fieam.org.br\/sesi\/a-obra-a-maca-foi-interpretada-pela-aluna-emanuele-benicio-galberto-esquerda\/","name":"Mostra do SESI tem \"tela viva\" de Romero Britto - SESI","isPartOf":{"@id":"https:\/\/fieam.org.br\/sesi\/#website"},"primaryImageOfPage":{"@id":"https:\/\/fieam.org.br\/sesi\/a-obra-a-maca-foi-interpretada-pela-aluna-emanuele-benicio-galberto-esquerda\/#primaryimage"},"image":{"@id":"https:\/\/fieam.org.br\/sesi\/a-obra-a-maca-foi-interpretada-pela-aluna-emanuele-benicio-galberto-esquerda\/#primaryimage"},"thumbnailUrl":"http:\/\/www.fieam.org.br\/2015\/sesi\/wp-content\/uploads\/sites\/2\/2013\/04\/A-obra-a-maca-foi-interpretada-pela-aluna-Emanuele-Benicio-Galberto-esquerda-300x200.jpg","datePublished":"2013-04-26T15:47:27+00:00","breadcrumb":{"@id":"https:\/\/fieam.org.br\/sesi\/a-obra-a-maca-foi-interpretada-pela-aluna-emanuele-benicio-galberto-esquerda\/#breadcrumb"},"inLanguage":"pt-BR","potentialAction":[{"@type":"ReadAction","target":["https:\/\/fieam.org.br\/sesi\/a-obra-a-maca-foi-interpretada-pela-aluna-emanuele-benicio-galberto-esquerda\/"]}]},{"@type":"ImageObject","inLanguage":"pt-BR","@id":"https:\/\/fieam.org.br\/sesi\/a-obra-a-maca-foi-interpretada-pela-aluna-emanuele-benicio-galberto-esquerda\/#primaryimage","url":"http:\/\/www.fieam.org.br\/2015\/sesi\/wp-content\/uploads\/sites\/2\/2013\/04\/A-obra-a-maca-foi-interpretada-pela-aluna-Emanuele-Benicio-Galberto-esquerda-300x200.jpg","contentUrl":"http:\/\/www.fieam.org.br\/2015\/sesi\/wp-content\/uploads\/sites\/2\/2013\/04\/A-obra-a-maca-foi-interpretada-pela-aluna-Emanuele-Benicio-Galberto-esquerda-300x200.jpg"},{"@type":"BreadcrumbList","@id":"https:\/\/fieam.org.br\/sesi\/a-obra-a-maca-foi-interpretada-pela-aluna-emanuele-benicio-galberto-esquerda\/#breadcrumb","itemListElement":[{"@type":"ListItem","position":1,"name":"In\u00edcio","item":"https:\/\/fieam.org.br\/sesi\/"},{"@type":"ListItem","position":2,"name":"Mostra do SESI tem &#8220;tela viva&#8221; de Romero Britto"}]},{"@type":"WebSite","@id":"https:\/\/fieam.org.br\/sesi\/#website","url":"https:\/\/fieam.org.br\/sesi\/","name":"SESI","description":"Site Oficial!","publisher":{"@id":"https:\/\/fieam.org.br\/sesi\/#organization"},"potentialAction":[{"@type":"SearchAction","target":{"@type":"EntryPoint","urlTemplate":"https:\/\/fieam.org.br\/sesi\/?s={search_term_string}"},"query-input":{"@type":"PropertyValueSpecification","valueRequired":true,"valueName":"search_term_string"}}],"inLanguage":"pt-BR"},{"@type":"Organization","@id":"https:\/\/fieam.org.br\/sesi\/#organization","name":"SESI","url":"https:\/\/fieam.org.br\/sesi\/","logo":{"@type":"ImageObject","inLanguage":"pt-BR","@id":"https:\/\/fieam.org.br\/sesi\/#\/schema\/logo\/image\/","url":"https:\/\/fieam.org.br\/sesi\/wp-content\/uploads\/sites\/14\/2024\/03\/cropped-fav.png","contentUrl":"https:\/\/fieam.org.br\/sesi\/wp-content\/uploads\/sites\/14\/2024\/03\/cropped-fav.png","width":610,"height":589,"caption":"SESI"},"image":{"@id":"https:\/\/fieam.org.br\/sesi\/#\/schema\/logo\/image\/"}},{"@type":"Person","@id":"https:\/\/fieam.org.br\/sesi\/#\/schema\/person\/f54998dd14d5f0695b41444f2b01c31e","name":"Autor","image":{"@type":"ImageObject","inLanguage":"pt-BR","@id":"https:\/\/secure.gravatar.com\/avatar\/3732c223e0e1fad69062a8f770955c9068d37b055204f310a0be18d4069fe380?s=96&d=mm&r=g","url":"https:\/\/secure.gravatar.com\/avatar\/3732c223e0e1fad69062a8f770955c9068d37b055204f310a0be18d4069fe380?s=96&d=mm&r=g","contentUrl":"https:\/\/secure.gravatar.com\/avatar\/3732c223e0e1fad69062a8f770955c9068d37b055204f310a0be18d4069fe380?s=96&d=mm&r=g","caption":"Autor"},"sameAs":["https:\/\/marketingmassivo.com.br"],"url":"https:\/\/fieam.org.br\/sesi\/author\/admin\/"}]}},"_links":{"self":[{"href":"https:\/\/fieam.org.br\/sesi\/wp-json\/wp\/v2\/posts\/4267","targetHints":{"allow":["GET"]}}],"collection":[{"href":"https:\/\/fieam.org.br\/sesi\/wp-json\/wp\/v2\/posts"}],"about":[{"href":"https:\/\/fieam.org.br\/sesi\/wp-json\/wp\/v2\/types\/post"}],"author":[{"embeddable":true,"href":"https:\/\/fieam.org.br\/sesi\/wp-json\/wp\/v2\/users\/1"}],"replies":[{"embeddable":true,"href":"https:\/\/fieam.org.br\/sesi\/wp-json\/wp\/v2\/comments?post=4267"}],"version-history":[{"count":0,"href":"https:\/\/fieam.org.br\/sesi\/wp-json\/wp\/v2\/posts\/4267\/revisions"}],"wp:attachment":[{"href":"https:\/\/fieam.org.br\/sesi\/wp-json\/wp\/v2\/media?parent=4267"}],"wp:term":[{"taxonomy":"category","embeddable":true,"href":"https:\/\/fieam.org.br\/sesi\/wp-json\/wp\/v2\/categories?post=4267"},{"taxonomy":"post_tag","embeddable":true,"href":"https:\/\/fieam.org.br\/sesi\/wp-json\/wp\/v2\/tags?post=4267"}],"curies":[{"name":"wp","href":"https:\/\/api.w.org\/{rel}","templated":true}]}}