{"id":4265,"date":"2013-04-25T19:21:08","date_gmt":"2013-04-25T19:21:08","guid":{"rendered":"http:\/\/www.fieam.org.br\/site\/sesi\/?p=4265"},"modified":"2013-04-25T19:21:08","modified_gmt":"2013-04-25T19:21:08","slug":"jogos-sesi-tem-abertura-festiva-no-clube-do-trabalhador","status":"publish","type":"post","link":"https:\/\/fieam.org.br\/sesi\/jogos-sesi-tem-abertura-festiva-no-clube-do-trabalhador\/","title":{"rendered":"Jogos SESI t\u00eam abertura festiva no Clube do Trabalhador"},"content":{"rendered":"<p style=\"text-align: left\" align=\"center\">Espet\u00e1culos de dan\u00e7a, shows musicais e desfile de empresas s\u00e3o atra\u00e7\u00f5es da abertura dos Jogos SESI 2013, nesta sexta-feira (26), a partir das 19h, no<a href=\"http:\/\/www.fieam.org.br\/site\/sesi\/institucional\/\" target=\"_blank\" rel=\"noopener\">Clube do Trabalhador do Amazonas<\/a>\u00a0(Alameda Cosme Ferreira, 7.399, S\u00e3o Jos\u00e9 I, zona Leste). Os jogos, criados em 1963 com o nome de Olimp\u00edada Oper\u00e1ria, re\u00fanem neste ano mais de 6 mil trabalhadores de 151 empresas do\u00a0<a href=\"http:\/\/www.suframa.gov.br\/\" target=\"_blank\" rel=\"noopener\">Polo Industrial de Manaus (PIM).<\/a><\/p>\n<p>Considerados como a maior competi\u00e7\u00e3o esportiva entre trabalhadores, no pa\u00eds, os Jogos SESI tiveram neste ano um aumento de 14% no n\u00famero de empresas participantes em rela\u00e7\u00e3o a 2012. Nos pr\u00f3ximos quatro meses, partir de 7 de maio, estar\u00e3o em jogo 17 modalidades esportivas, oito coletivas (futebol sete master, futebol sete principal, futebol de campo, futsal, queimada, v\u00f4lei indoor, v\u00f4lei de praia, e soft-ball) e nove individuais (domin\u00f3, sinuca numerada, xadrez, t\u00eanis de quadra, t\u00eanis de mesa, jud\u00f4, nata\u00e7\u00e3o, jiu-j\u00edtsu e atletismo). A maior parte das competi\u00e7\u00f5es ser\u00e1 disputada no Clube do Trabalhador, mas algumas provas ter\u00e3o lugar na Vila Ol\u00edmpica de Manaus.<\/p>\n<p>O futebol sete principal masculino re\u00fane o maior n\u00famero de empresas, 107, seguido do futsal masculino, com 60 empresas, e o futebol de campo masculino, com 56. De acordo com o regulamento, as empresas vencedoras nas modalidades coletivas e os atletas de melhor \u00edndice t\u00e9cnico nas individuais participar\u00e3o dos Jogos Regionais do SESI, que ser\u00e3o disputados no segundo semestre deste ano nas cidades de Boa Vista (RR) e Rio Branco (AC).<\/p>\n<p>Na solenidade de abertura, o trabalhador Jean Lopes, da equipe de nata\u00e7\u00e3o da Moto Honda, far\u00e1 o juramento do atleta, seguido do hasteamento das bandeiras, quando o presidente do\u00a0<a href=\"http:\/\/www.fieam.org.br\/\" target=\"_blank\" rel=\"noopener\">Sistema FIEAM<\/a>, Antonio Silva, declara abertos os Jogos SESI 2013 no Amazonas.<\/p>\n<p>A programa\u00e7\u00e3o segue com o desfile das delega\u00e7\u00f5es de 47 das empresas participantes. De acordo com o regulamento, \u00e9 obrigat\u00f3ria a participa\u00e7\u00e3o no desfile das empresas inscritas a partir de cinco modalidades. Dessas, nove estar\u00e3o concorrendo ao t\u00edtulo de campe\u00e3 do desfile, quando ser\u00e3o observados pelos jurados crit\u00e9rios, como organiza\u00e7\u00e3o, disciplina, criatividade e torcida mais animada. Segundo o coordenador de Esportes do SESI, Ant\u00f4nio Alberto J\u00fanior, ser\u00e3o premiadas com trof\u00e9us as tr\u00eas primeiras colocadas.<\/p>\n<p>Antonio Silva, que tamb\u00e9m \u00e9 diretor regional do SESI, salientou que desde o in\u00edcio de suas atividades o SESI vem contribuindo para o desenvolvimento, em todo o Brasil, de milhares de empresas e trabalhadores por meio do esporte. Para Silva, os jogos disseminam a pr\u00e1tica do esporte pautada em valores e princ\u00edpios de cidadania, al\u00e9m de promover um estilo de vida ativo e saud\u00e1vel dos trabalhadores da ind\u00fastria.<\/p>\n<p><b>Atra\u00e7\u00f5es culturais<\/b><\/p>\n<p>Grupos de pagode, de dan\u00e7a cl\u00e1ssica e int\u00e9rpretes da m\u00fasica popular do Amazonas est\u00e3o na programa\u00e7\u00e3o da abertura dos Jogos Estaduais do SESI. Foram montados dois palcos para que o p\u00fablico possa assistir, a partir das 17h, a v\u00e1rios shows de dan\u00e7a e m\u00fasica. Em um dos palcos, a principal atra\u00e7\u00e3o ser\u00e1 o grupo Frutos do Pagode. A partir das 18h, no palco principal, montado no gramado do Est\u00e1dio Roberto Simonsen, vai se apresentar o Bal\u00e9 Folcl\u00f3rico Afro-Mutalemb\u00ea, da Academia de Dan\u00e7a do SESI. Todos os convidados ser\u00e3o recepcionados na entrada do Clube do Trabalhador por palha\u00e7os, malabaristas e pernas-de-pau.<\/p>\n<p><b>Rela\u00e7\u00e3o dos jurados<\/b><\/p>\n<p>Com a miss\u00e3o de escolher as tr\u00eas melhores empresas no desfile competitivo da abertura dos Jogos Estaduais do SESI, foi formada comiss\u00e3o julgadora integrada por importantes nomes das artes, das letras e dos desportos. Veja a lista:<\/p>\n<p>DOUGLAS RODRIGUES \u2013 O mais premiado diretor do teatro amazonense. \u00a0Dramaturgo, cen\u00f3grafo, figurinista, aderecista formado em Filosofia pela UFAM. Comanda o Ponto de Cultura e Bar Cultural Arte e Fato. Foi vice-presidente da Federa\u00e7\u00e3o de Teatro do Amazonas.<\/p>\n<p>BETH GHIMEL \u2013 Atriz carioca h\u00e1 sete anos radicada em Manaus. Formada em Letras pela\u00a0Faculdade Veiga de Almeida do Rio de Janeiro. Produtora, artista pl\u00e1stica, participou como atriz em mais de 20 espet\u00e1culos no Rio de Janeiro e Manaus.<\/p>\n<p>MICHEL GUERREIRO &#8211; Ator, diretor, produtor e jornalista formado pela Uninorte. Criou h\u00e1 15 anos a Companhia de Teatro Apareceu a Margarida. Duas vezes premiado como \u201cMelhor Ator\u201d no Festival de Teatro da Amaz\u00f4nia. Foi presidente da Federa\u00e7\u00e3o de Teatro do Amazonas, Conselheiro Estadual de Cultura e diretor de Eventos da Manaus Cult.\u00a0 Atualmente \u00e9 rep\u00f3rter do Portal Amaz\u00f4nia.<\/p>\n<p>AIDA DAVID BARBOSA PRAZERES \u2013 Gestora da Escola Estadual General Sampaio.<\/p>\n<p>JONIFERSON VIEIRA DA SILVA: Graduado em Educa\u00e7\u00e3o F\u00edsica e p\u00f3s-graduado pela UFAM, professor da Faculdade La Salle, vice-presidente do Conselho Regional de Educa\u00e7\u00e3o F\u00edsica- CREF-<\/p>\n<p>&nbsp;<\/p>\n","protected":false},"excerpt":{"rendered":"<p>Espet\u00e1culos de dan\u00e7a, shows musicais e desfile de empresas s\u00e3o atra\u00e7\u00f5es da abertura dos Jogos SESI 2013, nesta sexta-feira (26), a partir das 19h, noClube do Trabalhador do Amazonas\u00a0(Alameda Cosme Ferreira, 7.399, S\u00e3o Jos\u00e9 I, zona Leste). Os jogos, criados em 1963 com o nome de Olimp\u00edada Oper\u00e1ria, re\u00fanem neste ano mais de 6 mil [&hellip;]<\/p>\n","protected":false},"author":1,"featured_media":0,"comment_status":"open","ping_status":"open","sticky":false,"template":"","format":"standard","meta":{"footnotes":""},"categories":[25],"tags":[],"class_list":["post-4265","post","type-post","status-publish","format-standard","hentry","category-news"],"yoast_head":"<!-- This site is optimized with the Yoast SEO plugin v28.2 - https:\/\/yoast.com\/product\/yoast-seo-wordpress\/ -->\n<title>Jogos SESI t\u00eam abertura festiva no Clube do Trabalhador - SESI<\/title>\n<meta name=\"robots\" content=\"index, follow, max-snippet:-1, max-image-preview:large, max-video-preview:-1\" \/>\n<link rel=\"canonical\" href=\"https:\/\/fieam.org.br\/sesi\/jogos-sesi-tem-abertura-festiva-no-clube-do-trabalhador\/\" \/>\n<meta property=\"og:locale\" content=\"pt_BR\" \/>\n<meta property=\"og:type\" content=\"article\" \/>\n<meta property=\"og:title\" content=\"Jogos SESI t\u00eam abertura festiva no Clube do Trabalhador - SESI\" \/>\n<meta property=\"og:description\" content=\"Espet\u00e1culos de dan\u00e7a, shows musicais e desfile de empresas s\u00e3o atra\u00e7\u00f5es da abertura dos Jogos SESI 2013, nesta sexta-feira (26), a partir das 19h, noClube do Trabalhador do Amazonas\u00a0(Alameda Cosme Ferreira, 7.399, S\u00e3o Jos\u00e9 I, zona Leste). Os jogos, criados em 1963 com o nome de Olimp\u00edada Oper\u00e1ria, re\u00fanem neste ano mais de 6 mil [&hellip;]\" \/>\n<meta property=\"og:url\" content=\"https:\/\/fieam.org.br\/sesi\/jogos-sesi-tem-abertura-festiva-no-clube-do-trabalhador\/\" \/>\n<meta property=\"og:site_name\" content=\"SESI\" \/>\n<meta property=\"article:published_time\" content=\"2013-04-25T19:21:08+00:00\" \/>\n<meta name=\"author\" content=\"Autor\" \/>\n<meta name=\"twitter:card\" content=\"summary_large_image\" \/>\n<meta name=\"twitter:label1\" content=\"Escrito por\" \/>\n\t<meta name=\"twitter:data1\" content=\"Autor\" \/>\n\t<meta name=\"twitter:label2\" content=\"Est. tempo de leitura\" \/>\n\t<meta name=\"twitter:data2\" content=\"4 minutos\" \/>\n<script type=\"application\/ld+json\" class=\"yoast-schema-graph\">{\"@context\":\"https:\\\/\\\/schema.org\",\"@graph\":[{\"@type\":\"Article\",\"@id\":\"https:\\\/\\\/fieam.org.br\\\/sesi\\\/jogos-sesi-tem-abertura-festiva-no-clube-do-trabalhador\\\/#article\",\"isPartOf\":{\"@id\":\"https:\\\/\\\/fieam.org.br\\\/sesi\\\/jogos-sesi-tem-abertura-festiva-no-clube-do-trabalhador\\\/\"},\"author\":{\"name\":\"Autor\",\"@id\":\"https:\\\/\\\/fieam.org.br\\\/sesi\\\/#\\\/schema\\\/person\\\/f54998dd14d5f0695b41444f2b01c31e\"},\"headline\":\"Jogos SESI t\u00eam abertura festiva no Clube do Trabalhador\",\"datePublished\":\"2013-04-25T19:21:08+00:00\",\"mainEntityOfPage\":{\"@id\":\"https:\\\/\\\/fieam.org.br\\\/sesi\\\/jogos-sesi-tem-abertura-festiva-no-clube-do-trabalhador\\\/\"},\"wordCount\":810,\"commentCount\":0,\"publisher\":{\"@id\":\"https:\\\/\\\/fieam.org.br\\\/sesi\\\/#organization\"},\"articleSection\":[\"News\"],\"inLanguage\":\"pt-BR\",\"potentialAction\":[{\"@type\":\"CommentAction\",\"name\":\"Comment\",\"target\":[\"https:\\\/\\\/fieam.org.br\\\/sesi\\\/jogos-sesi-tem-abertura-festiva-no-clube-do-trabalhador\\\/#respond\"]}]},{\"@type\":\"WebPage\",\"@id\":\"https:\\\/\\\/fieam.org.br\\\/sesi\\\/jogos-sesi-tem-abertura-festiva-no-clube-do-trabalhador\\\/\",\"url\":\"https:\\\/\\\/fieam.org.br\\\/sesi\\\/jogos-sesi-tem-abertura-festiva-no-clube-do-trabalhador\\\/\",\"name\":\"Jogos SESI t\u00eam abertura festiva no Clube do Trabalhador - SESI\",\"isPartOf\":{\"@id\":\"https:\\\/\\\/fieam.org.br\\\/sesi\\\/#website\"},\"datePublished\":\"2013-04-25T19:21:08+00:00\",\"breadcrumb\":{\"@id\":\"https:\\\/\\\/fieam.org.br\\\/sesi\\\/jogos-sesi-tem-abertura-festiva-no-clube-do-trabalhador\\\/#breadcrumb\"},\"inLanguage\":\"pt-BR\",\"potentialAction\":[{\"@type\":\"ReadAction\",\"target\":[\"https:\\\/\\\/fieam.org.br\\\/sesi\\\/jogos-sesi-tem-abertura-festiva-no-clube-do-trabalhador\\\/\"]}]},{\"@type\":\"BreadcrumbList\",\"@id\":\"https:\\\/\\\/fieam.org.br\\\/sesi\\\/jogos-sesi-tem-abertura-festiva-no-clube-do-trabalhador\\\/#breadcrumb\",\"itemListElement\":[{\"@type\":\"ListItem\",\"position\":1,\"name\":\"In\u00edcio\",\"item\":\"https:\\\/\\\/fieam.org.br\\\/sesi\\\/\"},{\"@type\":\"ListItem\",\"position\":2,\"name\":\"Jogos SESI t\u00eam abertura festiva no Clube do Trabalhador\"}]},{\"@type\":\"WebSite\",\"@id\":\"https:\\\/\\\/fieam.org.br\\\/sesi\\\/#website\",\"url\":\"https:\\\/\\\/fieam.org.br\\\/sesi\\\/\",\"name\":\"SESI\",\"description\":\"Site Oficial!\",\"publisher\":{\"@id\":\"https:\\\/\\\/fieam.org.br\\\/sesi\\\/#organization\"},\"potentialAction\":[{\"@type\":\"SearchAction\",\"target\":{\"@type\":\"EntryPoint\",\"urlTemplate\":\"https:\\\/\\\/fieam.org.br\\\/sesi\\\/?s={search_term_string}\"},\"query-input\":{\"@type\":\"PropertyValueSpecification\",\"valueRequired\":true,\"valueName\":\"search_term_string\"}}],\"inLanguage\":\"pt-BR\"},{\"@type\":\"Organization\",\"@id\":\"https:\\\/\\\/fieam.org.br\\\/sesi\\\/#organization\",\"name\":\"SESI\",\"url\":\"https:\\\/\\\/fieam.org.br\\\/sesi\\\/\",\"logo\":{\"@type\":\"ImageObject\",\"inLanguage\":\"pt-BR\",\"@id\":\"https:\\\/\\\/fieam.org.br\\\/sesi\\\/#\\\/schema\\\/logo\\\/image\\\/\",\"url\":\"https:\\\/\\\/fieam.org.br\\\/sesi\\\/wp-content\\\/uploads\\\/sites\\\/14\\\/2024\\\/03\\\/cropped-fav.png\",\"contentUrl\":\"https:\\\/\\\/fieam.org.br\\\/sesi\\\/wp-content\\\/uploads\\\/sites\\\/14\\\/2024\\\/03\\\/cropped-fav.png\",\"width\":610,\"height\":589,\"caption\":\"SESI\"},\"image\":{\"@id\":\"https:\\\/\\\/fieam.org.br\\\/sesi\\\/#\\\/schema\\\/logo\\\/image\\\/\"}},{\"@type\":\"Person\",\"@id\":\"https:\\\/\\\/fieam.org.br\\\/sesi\\\/#\\\/schema\\\/person\\\/f54998dd14d5f0695b41444f2b01c31e\",\"name\":\"Autor\",\"image\":{\"@type\":\"ImageObject\",\"inLanguage\":\"pt-BR\",\"@id\":\"https:\\\/\\\/secure.gravatar.com\\\/avatar\\\/3732c223e0e1fad69062a8f770955c9068d37b055204f310a0be18d4069fe380?s=96&d=mm&r=g\",\"url\":\"https:\\\/\\\/secure.gravatar.com\\\/avatar\\\/3732c223e0e1fad69062a8f770955c9068d37b055204f310a0be18d4069fe380?s=96&d=mm&r=g\",\"contentUrl\":\"https:\\\/\\\/secure.gravatar.com\\\/avatar\\\/3732c223e0e1fad69062a8f770955c9068d37b055204f310a0be18d4069fe380?s=96&d=mm&r=g\",\"caption\":\"Autor\"},\"sameAs\":[\"https:\\\/\\\/marketingmassivo.com.br\"],\"url\":\"https:\\\/\\\/fieam.org.br\\\/sesi\\\/author\\\/admin\\\/\"}]}<\/script>\n<!-- \/ Yoast SEO plugin. -->","yoast_head_json":{"title":"Jogos SESI t\u00eam abertura festiva no Clube do Trabalhador - SESI","robots":{"index":"index","follow":"follow","max-snippet":"max-snippet:-1","max-image-preview":"max-image-preview:large","max-video-preview":"max-video-preview:-1"},"canonical":"https:\/\/fieam.org.br\/sesi\/jogos-sesi-tem-abertura-festiva-no-clube-do-trabalhador\/","og_locale":"pt_BR","og_type":"article","og_title":"Jogos SESI t\u00eam abertura festiva no Clube do Trabalhador - SESI","og_description":"Espet\u00e1culos de dan\u00e7a, shows musicais e desfile de empresas s\u00e3o atra\u00e7\u00f5es da abertura dos Jogos SESI 2013, nesta sexta-feira (26), a partir das 19h, noClube do Trabalhador do Amazonas\u00a0(Alameda Cosme Ferreira, 7.399, S\u00e3o Jos\u00e9 I, zona Leste). Os jogos, criados em 1963 com o nome de Olimp\u00edada Oper\u00e1ria, re\u00fanem neste ano mais de 6 mil [&hellip;]","og_url":"https:\/\/fieam.org.br\/sesi\/jogos-sesi-tem-abertura-festiva-no-clube-do-trabalhador\/","og_site_name":"SESI","article_published_time":"2013-04-25T19:21:08+00:00","author":"Autor","twitter_card":"summary_large_image","twitter_misc":{"Escrito por":"Autor","Est. tempo de leitura":"4 minutos"},"schema":{"@context":"https:\/\/schema.org","@graph":[{"@type":"Article","@id":"https:\/\/fieam.org.br\/sesi\/jogos-sesi-tem-abertura-festiva-no-clube-do-trabalhador\/#article","isPartOf":{"@id":"https:\/\/fieam.org.br\/sesi\/jogos-sesi-tem-abertura-festiva-no-clube-do-trabalhador\/"},"author":{"name":"Autor","@id":"https:\/\/fieam.org.br\/sesi\/#\/schema\/person\/f54998dd14d5f0695b41444f2b01c31e"},"headline":"Jogos SESI t\u00eam abertura festiva no Clube do Trabalhador","datePublished":"2013-04-25T19:21:08+00:00","mainEntityOfPage":{"@id":"https:\/\/fieam.org.br\/sesi\/jogos-sesi-tem-abertura-festiva-no-clube-do-trabalhador\/"},"wordCount":810,"commentCount":0,"publisher":{"@id":"https:\/\/fieam.org.br\/sesi\/#organization"},"articleSection":["News"],"inLanguage":"pt-BR","potentialAction":[{"@type":"CommentAction","name":"Comment","target":["https:\/\/fieam.org.br\/sesi\/jogos-sesi-tem-abertura-festiva-no-clube-do-trabalhador\/#respond"]}]},{"@type":"WebPage","@id":"https:\/\/fieam.org.br\/sesi\/jogos-sesi-tem-abertura-festiva-no-clube-do-trabalhador\/","url":"https:\/\/fieam.org.br\/sesi\/jogos-sesi-tem-abertura-festiva-no-clube-do-trabalhador\/","name":"Jogos SESI t\u00eam abertura festiva no Clube do Trabalhador - SESI","isPartOf":{"@id":"https:\/\/fieam.org.br\/sesi\/#website"},"datePublished":"2013-04-25T19:21:08+00:00","breadcrumb":{"@id":"https:\/\/fieam.org.br\/sesi\/jogos-sesi-tem-abertura-festiva-no-clube-do-trabalhador\/#breadcrumb"},"inLanguage":"pt-BR","potentialAction":[{"@type":"ReadAction","target":["https:\/\/fieam.org.br\/sesi\/jogos-sesi-tem-abertura-festiva-no-clube-do-trabalhador\/"]}]},{"@type":"BreadcrumbList","@id":"https:\/\/fieam.org.br\/sesi\/jogos-sesi-tem-abertura-festiva-no-clube-do-trabalhador\/#breadcrumb","itemListElement":[{"@type":"ListItem","position":1,"name":"In\u00edcio","item":"https:\/\/fieam.org.br\/sesi\/"},{"@type":"ListItem","position":2,"name":"Jogos SESI t\u00eam abertura festiva no Clube do Trabalhador"}]},{"@type":"WebSite","@id":"https:\/\/fieam.org.br\/sesi\/#website","url":"https:\/\/fieam.org.br\/sesi\/","name":"SESI","description":"Site Oficial!","publisher":{"@id":"https:\/\/fieam.org.br\/sesi\/#organization"},"potentialAction":[{"@type":"SearchAction","target":{"@type":"EntryPoint","urlTemplate":"https:\/\/fieam.org.br\/sesi\/?s={search_term_string}"},"query-input":{"@type":"PropertyValueSpecification","valueRequired":true,"valueName":"search_term_string"}}],"inLanguage":"pt-BR"},{"@type":"Organization","@id":"https:\/\/fieam.org.br\/sesi\/#organization","name":"SESI","url":"https:\/\/fieam.org.br\/sesi\/","logo":{"@type":"ImageObject","inLanguage":"pt-BR","@id":"https:\/\/fieam.org.br\/sesi\/#\/schema\/logo\/image\/","url":"https:\/\/fieam.org.br\/sesi\/wp-content\/uploads\/sites\/14\/2024\/03\/cropped-fav.png","contentUrl":"https:\/\/fieam.org.br\/sesi\/wp-content\/uploads\/sites\/14\/2024\/03\/cropped-fav.png","width":610,"height":589,"caption":"SESI"},"image":{"@id":"https:\/\/fieam.org.br\/sesi\/#\/schema\/logo\/image\/"}},{"@type":"Person","@id":"https:\/\/fieam.org.br\/sesi\/#\/schema\/person\/f54998dd14d5f0695b41444f2b01c31e","name":"Autor","image":{"@type":"ImageObject","inLanguage":"pt-BR","@id":"https:\/\/secure.gravatar.com\/avatar\/3732c223e0e1fad69062a8f770955c9068d37b055204f310a0be18d4069fe380?s=96&d=mm&r=g","url":"https:\/\/secure.gravatar.com\/avatar\/3732c223e0e1fad69062a8f770955c9068d37b055204f310a0be18d4069fe380?s=96&d=mm&r=g","contentUrl":"https:\/\/secure.gravatar.com\/avatar\/3732c223e0e1fad69062a8f770955c9068d37b055204f310a0be18d4069fe380?s=96&d=mm&r=g","caption":"Autor"},"sameAs":["https:\/\/marketingmassivo.com.br"],"url":"https:\/\/fieam.org.br\/sesi\/author\/admin\/"}]}},"_links":{"self":[{"href":"https:\/\/fieam.org.br\/sesi\/wp-json\/wp\/v2\/posts\/4265","targetHints":{"allow":["GET"]}}],"collection":[{"href":"https:\/\/fieam.org.br\/sesi\/wp-json\/wp\/v2\/posts"}],"about":[{"href":"https:\/\/fieam.org.br\/sesi\/wp-json\/wp\/v2\/types\/post"}],"author":[{"embeddable":true,"href":"https:\/\/fieam.org.br\/sesi\/wp-json\/wp\/v2\/users\/1"}],"replies":[{"embeddable":true,"href":"https:\/\/fieam.org.br\/sesi\/wp-json\/wp\/v2\/comments?post=4265"}],"version-history":[{"count":0,"href":"https:\/\/fieam.org.br\/sesi\/wp-json\/wp\/v2\/posts\/4265\/revisions"}],"wp:attachment":[{"href":"https:\/\/fieam.org.br\/sesi\/wp-json\/wp\/v2\/media?parent=4265"}],"wp:term":[{"taxonomy":"category","embeddable":true,"href":"https:\/\/fieam.org.br\/sesi\/wp-json\/wp\/v2\/categories?post=4265"},{"taxonomy":"post_tag","embeddable":true,"href":"https:\/\/fieam.org.br\/sesi\/wp-json\/wp\/v2\/tags?post=4265"}],"curies":[{"name":"wp","href":"https:\/\/api.w.org\/{rel}","templated":true}]}}