{"id":4239,"date":"2013-04-22T14:41:25","date_gmt":"2013-04-22T14:41:25","guid":{"rendered":"http:\/\/www.fieam.org.br\/site\/sesi\/?p=4239"},"modified":"2013-04-22T14:41:25","modified_gmt":"2013-04-22T14:41:25","slug":"clube-do-trabalhador-do-sesi-amazonas-entra-na-campanha-de-vacinacao-contra-a-gripe","status":"publish","type":"post","link":"https:\/\/fieam.org.br\/sesi\/clube-do-trabalhador-do-sesi-amazonas-entra-na-campanha-de-vacinacao-contra-a-gripe\/","title":{"rendered":"Clube do Trabalhador do SESI Amazonas entra na campanha de vacina\u00e7\u00e3o contra a gripe"},"content":{"rendered":"<p style=\"text-align: left\" align=\"center\"><a href=\"http:\/\/www.fieam.org.br\/site\/sesi\/institucional\/\" target=\"_blank\" rel=\"noopener\">O Servi\u00e7o Social da Ind\u00fastria (SESI AM)<\/a>, em parceria com a\u00a0<a href=\"http:\/\/semsa.manaus.am.gov.br\/\" target=\"_blank\" rel=\"noopener\">Secretaria Municipal de Sa\u00fade (Semsa)<\/a>, participa neste s\u00e1bado (20), no Clube do Trabalhador do Amazonas, da Campanha Nacional de Vacina\u00e7\u00e3o contra Gripe, promovida pelo\u00a0<a href=\"http:\/\/www.saude.gov.br\/\" target=\"_blank\" rel=\"noopener\">Minist\u00e9rio da Sa\u00fade<\/a>. O posto de vacina\u00e7\u00e3o instalado no Clube funcionar\u00e1 apenas neste s\u00e1bado, no hor\u00e1rio das 8h \u00e0s 17h, e marca o in\u00edcio das atividades da 20\u00aa edi\u00e7\u00e3o da A\u00e7\u00e3o Global que ser\u00e1 realizada no dia 18 de maio de 2013.<\/p>\n<p>A campanha de imuniza\u00e7\u00e3o tem como p\u00fablico alvo gestantes, ind\u00edgenas, profissionais de sa\u00fade, idosos (a partir dos 60 anos de idade), crian\u00e7as a partir de seis meses a dois anos, mulheres no per\u00edodo de at\u00e9 45 dias ap\u00f3s o parto (puerp\u00e9rio), al\u00e9m de grupos com comorbidades, tais como: diab\u00e9ticos, obesos, transplantados, doentes card\u00edacos, renais, neurol\u00f3gicos e imunodeprimidos. As pessoas neste grupo devem levar encaminhamento do m\u00e9dico para tomar a vacina ou receita do medicamento que est\u00e1 usando.<\/p>\n<p>De acordo com o Minist\u00e9rio da Sa\u00fade, a vacina\u00e7\u00e3o \u00e9 importante porque protege contra tr\u00eas subtipos do v\u00edrus\u00a0<i>influenza<\/i>: A (H1N1 e H3N2) e Influenza B. Pesquisas do Minist\u00e9rio indicam que alguns grupos dessa popula\u00e7\u00e3o, principalmente idosos, gr\u00e1vidas e crian\u00e7as pequenas, correm mais risco de ter complica\u00e7\u00f5es em decorr\u00eancia da gripe, como pneumonia, e morrer pela doen\u00e7a.<\/p>\n<p>Segundo a enfermeira do SESI, Alessandra J\u00fania, pessoas que apresentarem sintomas de gripe (febre, dor de cabe\u00e7a) n\u00e3o devem procurar os postos de vacina\u00e7\u00e3o desta vez, mas n\u00e3o podem deixar de se vacinar numa outra data num dos postos da Rede Municipal de Sa\u00fade.\u00a0 \u201cO posto no Clube do Trabalhador vai funcionar com uma equipe de quatro t\u00e9cnicas de enfermagem, e todos que comparecerem ser\u00e3o atendidos\u201d, disse ela.<\/p>\n<p>&nbsp;<\/p>\n<p><b>ATENDIMENTO \u00c0 IMPRENSA<\/b><\/p>\n<p><b><span style=\"text-decoration: underline\">Diretoria de Comunica\u00e7\u00e3o e Marketing do Sistema FIEAM<\/span><\/b><\/p>\n<p><span style=\"text-decoration: underline\">Tel: (92) 3186-6576\u00a0 Fax: (92) 3233-5594<\/span><\/p>\n<p><span style=\"text-decoration: underline\">E-mail:\u00a0<a href=\"mailto:imprensa@fieam.org.br\" target=\"_blank\" rel=\"noopener\">imprensa@fieam.org.br<\/a><\/span><\/p>\n<p><span style=\"text-decoration: underline\"><a href=\"http:\/\/www.fieam.org.br\/\" target=\"_blank\" rel=\"noopener\">http:\/\/www.fieam.org.br<\/a><\/span><\/p>\n<p><span style=\"text-decoration: underline\"><a href=\"http:\/\/www.facebook.com\/sistemafieam\" target=\"_blank\" rel=\"noopener\">http:\/\/www.facebook.com\/sistemafieam<\/a><\/span><\/p>\n<p><span style=\"text-decoration: underline\">Twitter: @fieam @sesiamazonas @senaiamazonas @ielamazonas<\/span><\/p>\n","protected":false},"excerpt":{"rendered":"<p>O Servi\u00e7o Social da Ind\u00fastria (SESI AM), em parceria com a\u00a0Secretaria Municipal de Sa\u00fade (Semsa), participa neste s\u00e1bado (20), no Clube do Trabalhador do Amazonas, da Campanha Nacional de Vacina\u00e7\u00e3o contra Gripe, promovida pelo\u00a0Minist\u00e9rio da Sa\u00fade. O posto de vacina\u00e7\u00e3o instalado no Clube funcionar\u00e1 apenas neste s\u00e1bado, no hor\u00e1rio das 8h \u00e0s 17h, e marca [&hellip;]<\/p>\n","protected":false},"author":1,"featured_media":0,"comment_status":"open","ping_status":"open","sticky":false,"template":"","format":"standard","meta":{"footnotes":""},"categories":[25],"tags":[],"class_list":["post-4239","post","type-post","status-publish","format-standard","hentry","category-news"],"yoast_head":"<!-- This site is optimized with the Yoast SEO plugin v28.2 - https:\/\/yoast.com\/product\/yoast-seo-wordpress\/ -->\n<title>Clube do Trabalhador do SESI Amazonas entra na campanha de vacina\u00e7\u00e3o contra a gripe - SESI<\/title>\n<meta name=\"robots\" content=\"index, follow, max-snippet:-1, max-image-preview:large, max-video-preview:-1\" \/>\n<link rel=\"canonical\" href=\"https:\/\/fieam.org.br\/sesi\/clube-do-trabalhador-do-sesi-amazonas-entra-na-campanha-de-vacinacao-contra-a-gripe\/\" \/>\n<meta property=\"og:locale\" content=\"pt_BR\" \/>\n<meta property=\"og:type\" content=\"article\" \/>\n<meta property=\"og:title\" content=\"Clube do Trabalhador do SESI Amazonas entra na campanha de vacina\u00e7\u00e3o contra a gripe - SESI\" \/>\n<meta property=\"og:description\" content=\"O Servi\u00e7o Social da Ind\u00fastria (SESI AM), em parceria com a\u00a0Secretaria Municipal de Sa\u00fade (Semsa), participa neste s\u00e1bado (20), no Clube do Trabalhador do Amazonas, da Campanha Nacional de Vacina\u00e7\u00e3o contra Gripe, promovida pelo\u00a0Minist\u00e9rio da Sa\u00fade. O posto de vacina\u00e7\u00e3o instalado no Clube funcionar\u00e1 apenas neste s\u00e1bado, no hor\u00e1rio das 8h \u00e0s 17h, e marca [&hellip;]\" \/>\n<meta property=\"og:url\" content=\"https:\/\/fieam.org.br\/sesi\/clube-do-trabalhador-do-sesi-amazonas-entra-na-campanha-de-vacinacao-contra-a-gripe\/\" \/>\n<meta property=\"og:site_name\" content=\"SESI\" \/>\n<meta property=\"article:published_time\" content=\"2013-04-22T14:41:25+00:00\" \/>\n<meta name=\"author\" content=\"Autor\" \/>\n<meta name=\"twitter:card\" content=\"summary_large_image\" \/>\n<meta name=\"twitter:label1\" content=\"Escrito por\" \/>\n\t<meta name=\"twitter:data1\" content=\"Autor\" \/>\n\t<meta name=\"twitter:label2\" content=\"Est. tempo de leitura\" \/>\n\t<meta name=\"twitter:data2\" content=\"2 minutos\" \/>\n<script type=\"application\/ld+json\" class=\"yoast-schema-graph\">{\"@context\":\"https:\\\/\\\/schema.org\",\"@graph\":[{\"@type\":\"Article\",\"@id\":\"https:\\\/\\\/fieam.org.br\\\/sesi\\\/clube-do-trabalhador-do-sesi-amazonas-entra-na-campanha-de-vacinacao-contra-a-gripe\\\/#article\",\"isPartOf\":{\"@id\":\"https:\\\/\\\/fieam.org.br\\\/sesi\\\/clube-do-trabalhador-do-sesi-amazonas-entra-na-campanha-de-vacinacao-contra-a-gripe\\\/\"},\"author\":{\"name\":\"Autor\",\"@id\":\"https:\\\/\\\/fieam.org.br\\\/sesi\\\/#\\\/schema\\\/person\\\/f54998dd14d5f0695b41444f2b01c31e\"},\"headline\":\"Clube do Trabalhador do SESI Amazonas entra na campanha de vacina\u00e7\u00e3o contra a gripe\",\"datePublished\":\"2013-04-22T14:41:25+00:00\",\"mainEntityOfPage\":{\"@id\":\"https:\\\/\\\/fieam.org.br\\\/sesi\\\/clube-do-trabalhador-do-sesi-amazonas-entra-na-campanha-de-vacinacao-contra-a-gripe\\\/\"},\"wordCount\":371,\"commentCount\":0,\"publisher\":{\"@id\":\"https:\\\/\\\/fieam.org.br\\\/sesi\\\/#organization\"},\"articleSection\":[\"News\"],\"inLanguage\":\"pt-BR\",\"potentialAction\":[{\"@type\":\"CommentAction\",\"name\":\"Comment\",\"target\":[\"https:\\\/\\\/fieam.org.br\\\/sesi\\\/clube-do-trabalhador-do-sesi-amazonas-entra-na-campanha-de-vacinacao-contra-a-gripe\\\/#respond\"]}]},{\"@type\":\"WebPage\",\"@id\":\"https:\\\/\\\/fieam.org.br\\\/sesi\\\/clube-do-trabalhador-do-sesi-amazonas-entra-na-campanha-de-vacinacao-contra-a-gripe\\\/\",\"url\":\"https:\\\/\\\/fieam.org.br\\\/sesi\\\/clube-do-trabalhador-do-sesi-amazonas-entra-na-campanha-de-vacinacao-contra-a-gripe\\\/\",\"name\":\"Clube do Trabalhador do SESI Amazonas entra na campanha de vacina\u00e7\u00e3o contra a gripe - SESI\",\"isPartOf\":{\"@id\":\"https:\\\/\\\/fieam.org.br\\\/sesi\\\/#website\"},\"datePublished\":\"2013-04-22T14:41:25+00:00\",\"breadcrumb\":{\"@id\":\"https:\\\/\\\/fieam.org.br\\\/sesi\\\/clube-do-trabalhador-do-sesi-amazonas-entra-na-campanha-de-vacinacao-contra-a-gripe\\\/#breadcrumb\"},\"inLanguage\":\"pt-BR\",\"potentialAction\":[{\"@type\":\"ReadAction\",\"target\":[\"https:\\\/\\\/fieam.org.br\\\/sesi\\\/clube-do-trabalhador-do-sesi-amazonas-entra-na-campanha-de-vacinacao-contra-a-gripe\\\/\"]}]},{\"@type\":\"BreadcrumbList\",\"@id\":\"https:\\\/\\\/fieam.org.br\\\/sesi\\\/clube-do-trabalhador-do-sesi-amazonas-entra-na-campanha-de-vacinacao-contra-a-gripe\\\/#breadcrumb\",\"itemListElement\":[{\"@type\":\"ListItem\",\"position\":1,\"name\":\"In\u00edcio\",\"item\":\"https:\\\/\\\/fieam.org.br\\\/sesi\\\/\"},{\"@type\":\"ListItem\",\"position\":2,\"name\":\"Clube do Trabalhador do SESI Amazonas entra na campanha de vacina\u00e7\u00e3o contra a gripe\"}]},{\"@type\":\"WebSite\",\"@id\":\"https:\\\/\\\/fieam.org.br\\\/sesi\\\/#website\",\"url\":\"https:\\\/\\\/fieam.org.br\\\/sesi\\\/\",\"name\":\"SESI\",\"description\":\"Site Oficial!\",\"publisher\":{\"@id\":\"https:\\\/\\\/fieam.org.br\\\/sesi\\\/#organization\"},\"potentialAction\":[{\"@type\":\"SearchAction\",\"target\":{\"@type\":\"EntryPoint\",\"urlTemplate\":\"https:\\\/\\\/fieam.org.br\\\/sesi\\\/?s={search_term_string}\"},\"query-input\":{\"@type\":\"PropertyValueSpecification\",\"valueRequired\":true,\"valueName\":\"search_term_string\"}}],\"inLanguage\":\"pt-BR\"},{\"@type\":\"Organization\",\"@id\":\"https:\\\/\\\/fieam.org.br\\\/sesi\\\/#organization\",\"name\":\"SESI\",\"url\":\"https:\\\/\\\/fieam.org.br\\\/sesi\\\/\",\"logo\":{\"@type\":\"ImageObject\",\"inLanguage\":\"pt-BR\",\"@id\":\"https:\\\/\\\/fieam.org.br\\\/sesi\\\/#\\\/schema\\\/logo\\\/image\\\/\",\"url\":\"https:\\\/\\\/fieam.org.br\\\/sesi\\\/wp-content\\\/uploads\\\/sites\\\/14\\\/2024\\\/03\\\/cropped-fav.png\",\"contentUrl\":\"https:\\\/\\\/fieam.org.br\\\/sesi\\\/wp-content\\\/uploads\\\/sites\\\/14\\\/2024\\\/03\\\/cropped-fav.png\",\"width\":610,\"height\":589,\"caption\":\"SESI\"},\"image\":{\"@id\":\"https:\\\/\\\/fieam.org.br\\\/sesi\\\/#\\\/schema\\\/logo\\\/image\\\/\"}},{\"@type\":\"Person\",\"@id\":\"https:\\\/\\\/fieam.org.br\\\/sesi\\\/#\\\/schema\\\/person\\\/f54998dd14d5f0695b41444f2b01c31e\",\"name\":\"Autor\",\"image\":{\"@type\":\"ImageObject\",\"inLanguage\":\"pt-BR\",\"@id\":\"https:\\\/\\\/secure.gravatar.com\\\/avatar\\\/3732c223e0e1fad69062a8f770955c9068d37b055204f310a0be18d4069fe380?s=96&d=mm&r=g\",\"url\":\"https:\\\/\\\/secure.gravatar.com\\\/avatar\\\/3732c223e0e1fad69062a8f770955c9068d37b055204f310a0be18d4069fe380?s=96&d=mm&r=g\",\"contentUrl\":\"https:\\\/\\\/secure.gravatar.com\\\/avatar\\\/3732c223e0e1fad69062a8f770955c9068d37b055204f310a0be18d4069fe380?s=96&d=mm&r=g\",\"caption\":\"Autor\"},\"sameAs\":[\"https:\\\/\\\/marketingmassivo.com.br\"],\"url\":\"https:\\\/\\\/fieam.org.br\\\/sesi\\\/author\\\/admin\\\/\"}]}<\/script>\n<!-- \/ Yoast SEO plugin. -->","yoast_head_json":{"title":"Clube do Trabalhador do SESI Amazonas entra na campanha de vacina\u00e7\u00e3o contra a gripe - SESI","robots":{"index":"index","follow":"follow","max-snippet":"max-snippet:-1","max-image-preview":"max-image-preview:large","max-video-preview":"max-video-preview:-1"},"canonical":"https:\/\/fieam.org.br\/sesi\/clube-do-trabalhador-do-sesi-amazonas-entra-na-campanha-de-vacinacao-contra-a-gripe\/","og_locale":"pt_BR","og_type":"article","og_title":"Clube do Trabalhador do SESI Amazonas entra na campanha de vacina\u00e7\u00e3o contra a gripe - SESI","og_description":"O Servi\u00e7o Social da Ind\u00fastria (SESI AM), em parceria com a\u00a0Secretaria Municipal de Sa\u00fade (Semsa), participa neste s\u00e1bado (20), no Clube do Trabalhador do Amazonas, da Campanha Nacional de Vacina\u00e7\u00e3o contra Gripe, promovida pelo\u00a0Minist\u00e9rio da Sa\u00fade. O posto de vacina\u00e7\u00e3o instalado no Clube funcionar\u00e1 apenas neste s\u00e1bado, no hor\u00e1rio das 8h \u00e0s 17h, e marca [&hellip;]","og_url":"https:\/\/fieam.org.br\/sesi\/clube-do-trabalhador-do-sesi-amazonas-entra-na-campanha-de-vacinacao-contra-a-gripe\/","og_site_name":"SESI","article_published_time":"2013-04-22T14:41:25+00:00","author":"Autor","twitter_card":"summary_large_image","twitter_misc":{"Escrito por":"Autor","Est. tempo de leitura":"2 minutos"},"schema":{"@context":"https:\/\/schema.org","@graph":[{"@type":"Article","@id":"https:\/\/fieam.org.br\/sesi\/clube-do-trabalhador-do-sesi-amazonas-entra-na-campanha-de-vacinacao-contra-a-gripe\/#article","isPartOf":{"@id":"https:\/\/fieam.org.br\/sesi\/clube-do-trabalhador-do-sesi-amazonas-entra-na-campanha-de-vacinacao-contra-a-gripe\/"},"author":{"name":"Autor","@id":"https:\/\/fieam.org.br\/sesi\/#\/schema\/person\/f54998dd14d5f0695b41444f2b01c31e"},"headline":"Clube do Trabalhador do SESI Amazonas entra na campanha de vacina\u00e7\u00e3o contra a gripe","datePublished":"2013-04-22T14:41:25+00:00","mainEntityOfPage":{"@id":"https:\/\/fieam.org.br\/sesi\/clube-do-trabalhador-do-sesi-amazonas-entra-na-campanha-de-vacinacao-contra-a-gripe\/"},"wordCount":371,"commentCount":0,"publisher":{"@id":"https:\/\/fieam.org.br\/sesi\/#organization"},"articleSection":["News"],"inLanguage":"pt-BR","potentialAction":[{"@type":"CommentAction","name":"Comment","target":["https:\/\/fieam.org.br\/sesi\/clube-do-trabalhador-do-sesi-amazonas-entra-na-campanha-de-vacinacao-contra-a-gripe\/#respond"]}]},{"@type":"WebPage","@id":"https:\/\/fieam.org.br\/sesi\/clube-do-trabalhador-do-sesi-amazonas-entra-na-campanha-de-vacinacao-contra-a-gripe\/","url":"https:\/\/fieam.org.br\/sesi\/clube-do-trabalhador-do-sesi-amazonas-entra-na-campanha-de-vacinacao-contra-a-gripe\/","name":"Clube do Trabalhador do SESI Amazonas entra na campanha de vacina\u00e7\u00e3o contra a gripe - SESI","isPartOf":{"@id":"https:\/\/fieam.org.br\/sesi\/#website"},"datePublished":"2013-04-22T14:41:25+00:00","breadcrumb":{"@id":"https:\/\/fieam.org.br\/sesi\/clube-do-trabalhador-do-sesi-amazonas-entra-na-campanha-de-vacinacao-contra-a-gripe\/#breadcrumb"},"inLanguage":"pt-BR","potentialAction":[{"@type":"ReadAction","target":["https:\/\/fieam.org.br\/sesi\/clube-do-trabalhador-do-sesi-amazonas-entra-na-campanha-de-vacinacao-contra-a-gripe\/"]}]},{"@type":"BreadcrumbList","@id":"https:\/\/fieam.org.br\/sesi\/clube-do-trabalhador-do-sesi-amazonas-entra-na-campanha-de-vacinacao-contra-a-gripe\/#breadcrumb","itemListElement":[{"@type":"ListItem","position":1,"name":"In\u00edcio","item":"https:\/\/fieam.org.br\/sesi\/"},{"@type":"ListItem","position":2,"name":"Clube do Trabalhador do SESI Amazonas entra na campanha de vacina\u00e7\u00e3o contra a gripe"}]},{"@type":"WebSite","@id":"https:\/\/fieam.org.br\/sesi\/#website","url":"https:\/\/fieam.org.br\/sesi\/","name":"SESI","description":"Site Oficial!","publisher":{"@id":"https:\/\/fieam.org.br\/sesi\/#organization"},"potentialAction":[{"@type":"SearchAction","target":{"@type":"EntryPoint","urlTemplate":"https:\/\/fieam.org.br\/sesi\/?s={search_term_string}"},"query-input":{"@type":"PropertyValueSpecification","valueRequired":true,"valueName":"search_term_string"}}],"inLanguage":"pt-BR"},{"@type":"Organization","@id":"https:\/\/fieam.org.br\/sesi\/#organization","name":"SESI","url":"https:\/\/fieam.org.br\/sesi\/","logo":{"@type":"ImageObject","inLanguage":"pt-BR","@id":"https:\/\/fieam.org.br\/sesi\/#\/schema\/logo\/image\/","url":"https:\/\/fieam.org.br\/sesi\/wp-content\/uploads\/sites\/14\/2024\/03\/cropped-fav.png","contentUrl":"https:\/\/fieam.org.br\/sesi\/wp-content\/uploads\/sites\/14\/2024\/03\/cropped-fav.png","width":610,"height":589,"caption":"SESI"},"image":{"@id":"https:\/\/fieam.org.br\/sesi\/#\/schema\/logo\/image\/"}},{"@type":"Person","@id":"https:\/\/fieam.org.br\/sesi\/#\/schema\/person\/f54998dd14d5f0695b41444f2b01c31e","name":"Autor","image":{"@type":"ImageObject","inLanguage":"pt-BR","@id":"https:\/\/secure.gravatar.com\/avatar\/3732c223e0e1fad69062a8f770955c9068d37b055204f310a0be18d4069fe380?s=96&d=mm&r=g","url":"https:\/\/secure.gravatar.com\/avatar\/3732c223e0e1fad69062a8f770955c9068d37b055204f310a0be18d4069fe380?s=96&d=mm&r=g","contentUrl":"https:\/\/secure.gravatar.com\/avatar\/3732c223e0e1fad69062a8f770955c9068d37b055204f310a0be18d4069fe380?s=96&d=mm&r=g","caption":"Autor"},"sameAs":["https:\/\/marketingmassivo.com.br"],"url":"https:\/\/fieam.org.br\/sesi\/author\/admin\/"}]}},"_links":{"self":[{"href":"https:\/\/fieam.org.br\/sesi\/wp-json\/wp\/v2\/posts\/4239","targetHints":{"allow":["GET"]}}],"collection":[{"href":"https:\/\/fieam.org.br\/sesi\/wp-json\/wp\/v2\/posts"}],"about":[{"href":"https:\/\/fieam.org.br\/sesi\/wp-json\/wp\/v2\/types\/post"}],"author":[{"embeddable":true,"href":"https:\/\/fieam.org.br\/sesi\/wp-json\/wp\/v2\/users\/1"}],"replies":[{"embeddable":true,"href":"https:\/\/fieam.org.br\/sesi\/wp-json\/wp\/v2\/comments?post=4239"}],"version-history":[{"count":0,"href":"https:\/\/fieam.org.br\/sesi\/wp-json\/wp\/v2\/posts\/4239\/revisions"}],"wp:attachment":[{"href":"https:\/\/fieam.org.br\/sesi\/wp-json\/wp\/v2\/media?parent=4239"}],"wp:term":[{"taxonomy":"category","embeddable":true,"href":"https:\/\/fieam.org.br\/sesi\/wp-json\/wp\/v2\/categories?post=4239"},{"taxonomy":"post_tag","embeddable":true,"href":"https:\/\/fieam.org.br\/sesi\/wp-json\/wp\/v2\/tags?post=4239"}],"curies":[{"name":"wp","href":"https:\/\/api.w.org\/{rel}","templated":true}]}}