{"id":4228,"date":"2013-04-18T19:37:49","date_gmt":"2013-04-18T19:37:49","guid":{"rendered":"http:\/\/www.fieam.org.br\/site\/sesi\/?p=4228"},"modified":"2013-04-18T19:37:49","modified_gmt":"2013-04-18T19:37:49","slug":"circuito-de-bem-estar-saude-e-atitude","status":"publish","type":"post","link":"https:\/\/fieam.org.br\/sesi\/circuito-de-bem-estar-saude-e-atitude\/","title":{"rendered":"Circuito de Bem-Estar &#8211; Sa\u00fade e Atitude"},"content":{"rendered":"<p style=\"text-align: left\" align=\"center\"><a href=\"http:\/\/www.fieam.org.br\/site\/sesi\/institucional\/\" target=\"_blank\" rel=\"noopener\">O Servi\u00e7o Social da Ind\u00fastria (SESI)<\/a>\u00a0participar\u00e1 nos dias 20 e 21 (s\u00e1bado e domingo) do 1\u00ba Circuito Bem Viver &#8211; Sa\u00fade e Atitude, das 9h \u00e0s 17h, no Sal\u00e3o de Festas do Clube do Trabalhador.\u00a0\u00a0<strong>Com entrada gratuita<\/strong>, o\u00a0evento \u00e9 promovido pela empresa Villas Design e tem por objetivo levar a popula\u00e7\u00e3o informa\u00e7\u00f5es sobre estilo de vida por meio de palestras, verifica\u00e7\u00e3o da press\u00e3o arterial, \u00edndice de massa corporal, al\u00e9m de atividades de lazer.<\/p>\n<p>\u00a0O SESI colocar\u00e1 professores de educa\u00e7\u00e3o f\u00edsica, nutricionistas e t\u00e9cnicos em lazer, para atender o p\u00fablico interessado.<\/p>\n<p>De acordo com a gerente de Lazer, Cultura e Esporte do SESI, Nelsi Luni\u00e8re, o evento est\u00e1 alinhado com atividades desenvolvidas pela institui\u00e7\u00e3o no seu dia a dia e vai oferecer servi\u00e7os de qualidade.<\/p>\n<p>Segundo Luni\u00e9re, \u00e9 importante que as pessoas tenham consci\u00eancia da necessidade de uma alimenta\u00e7\u00e3o balanceada e da pr\u00e1tica de atividades f\u00edsicas, al\u00e9m do controle do peso e de atitudes para evitar o sedentarismo.<\/p>\n<p>A programa\u00e7\u00e3o consta tamb\u00e9m de Aul\u00e3o de Body Gym, apresenta\u00e7\u00e3o do Grupo de Teatro do SESI, com performances sobre bem- estar, al\u00e9m de palestra do especialista em Qualidade de Vida, Cl\u00e1udio Hip\u00f3lito, que vai passar informa\u00e7\u00f5es sobre estilo de vida saud\u00e1vel para jovens, adultos, gestantes e pessoas com necessidades especiais, al\u00e9m medidas preventivas que poder\u00e3o ser adotadas de forma positiva para a sa\u00fade.<\/p>\n<p>&nbsp;<\/p>\n<p><b>ATENDIMENTO \u00c0 IMPRENSA<\/b><\/p>\n<p><b>Diretoria de Comunica\u00e7\u00e3o e Marketing do Sistema FIEAM<\/b><\/p>\n<p>Tel: (92) 3186-6576\u00a0 Fax: (92) 3233-5594<\/p>\n<p>E-mail:\u00a0<a href=\"mailto:imprensa@fieam.org.br\" target=\"_blank\" rel=\"noopener\">imprensa@fieam.org.br<\/a><\/p>\n<p><a href=\"http:\/\/www.fieam.org.br\/\" target=\"_blank\" rel=\"noopener\">http:\/\/www.fieam.org.br<\/a><\/p>\n<p><a href=\"http:\/\/www.facebook.com\/sistemafieam\" target=\"_blank\" rel=\"noopener\">http:\/\/www.facebook.com\/sistemafieam<\/a><\/p>\n<p>Twitter:\u00a0@fieam\u00a0@sesiamazonas\u00a0@senaiamazonas\u00a0@ielamazonas<\/p>\n","protected":false},"excerpt":{"rendered":"<p>O Servi\u00e7o Social da Ind\u00fastria (SESI)\u00a0participar\u00e1 nos dias 20 e 21 (s\u00e1bado e domingo) do 1\u00ba Circuito Bem Viver &#8211; Sa\u00fade e Atitude, das 9h \u00e0s 17h, no Sal\u00e3o de Festas do Clube do Trabalhador.\u00a0\u00a0Com entrada gratuita, o\u00a0evento \u00e9 promovido pela empresa Villas Design e tem por objetivo levar a popula\u00e7\u00e3o informa\u00e7\u00f5es sobre estilo de [&hellip;]<\/p>\n","protected":false},"author":1,"featured_media":0,"comment_status":"open","ping_status":"open","sticky":false,"template":"","format":"standard","meta":{"footnotes":""},"categories":[25],"tags":[],"class_list":["post-4228","post","type-post","status-publish","format-standard","hentry","category-news"],"yoast_head":"<!-- This site is optimized with the Yoast SEO plugin v28.2 - https:\/\/yoast.com\/product\/yoast-seo-wordpress\/ -->\n<title>Circuito de Bem-Estar - Sa\u00fade e Atitude - SESI<\/title>\n<meta name=\"robots\" content=\"index, follow, max-snippet:-1, max-image-preview:large, max-video-preview:-1\" \/>\n<link rel=\"canonical\" href=\"https:\/\/fieam.org.br\/sesi\/circuito-de-bem-estar-saude-e-atitude\/\" \/>\n<meta property=\"og:locale\" content=\"pt_BR\" \/>\n<meta property=\"og:type\" content=\"article\" \/>\n<meta property=\"og:title\" content=\"Circuito de Bem-Estar - Sa\u00fade e Atitude - SESI\" \/>\n<meta property=\"og:description\" content=\"O Servi\u00e7o Social da Ind\u00fastria (SESI)\u00a0participar\u00e1 nos dias 20 e 21 (s\u00e1bado e domingo) do 1\u00ba Circuito Bem Viver &#8211; Sa\u00fade e Atitude, das 9h \u00e0s 17h, no Sal\u00e3o de Festas do Clube do Trabalhador.\u00a0\u00a0Com entrada gratuita, o\u00a0evento \u00e9 promovido pela empresa Villas Design e tem por objetivo levar a popula\u00e7\u00e3o informa\u00e7\u00f5es sobre estilo de [&hellip;]\" \/>\n<meta property=\"og:url\" content=\"https:\/\/fieam.org.br\/sesi\/circuito-de-bem-estar-saude-e-atitude\/\" \/>\n<meta property=\"og:site_name\" content=\"SESI\" \/>\n<meta property=\"article:published_time\" content=\"2013-04-18T19:37:49+00:00\" \/>\n<meta name=\"author\" content=\"Autor\" \/>\n<meta name=\"twitter:card\" content=\"summary_large_image\" \/>\n<meta name=\"twitter:label1\" content=\"Escrito por\" \/>\n\t<meta name=\"twitter:data1\" content=\"Autor\" \/>\n\t<meta name=\"twitter:label2\" content=\"Est. tempo de leitura\" \/>\n\t<meta name=\"twitter:data2\" content=\"1 minuto\" \/>\n<script type=\"application\/ld+json\" class=\"yoast-schema-graph\">{\"@context\":\"https:\\\/\\\/schema.org\",\"@graph\":[{\"@type\":\"Article\",\"@id\":\"https:\\\/\\\/fieam.org.br\\\/sesi\\\/circuito-de-bem-estar-saude-e-atitude\\\/#article\",\"isPartOf\":{\"@id\":\"https:\\\/\\\/fieam.org.br\\\/sesi\\\/circuito-de-bem-estar-saude-e-atitude\\\/\"},\"author\":{\"name\":\"Autor\",\"@id\":\"https:\\\/\\\/fieam.org.br\\\/sesi\\\/#\\\/schema\\\/person\\\/f54998dd14d5f0695b41444f2b01c31e\"},\"headline\":\"Circuito de Bem-Estar &#8211; Sa\u00fade e Atitude\",\"datePublished\":\"2013-04-18T19:37:49+00:00\",\"mainEntityOfPage\":{\"@id\":\"https:\\\/\\\/fieam.org.br\\\/sesi\\\/circuito-de-bem-estar-saude-e-atitude\\\/\"},\"wordCount\":297,\"commentCount\":0,\"publisher\":{\"@id\":\"https:\\\/\\\/fieam.org.br\\\/sesi\\\/#organization\"},\"articleSection\":[\"News\"],\"inLanguage\":\"pt-BR\",\"potentialAction\":[{\"@type\":\"CommentAction\",\"name\":\"Comment\",\"target\":[\"https:\\\/\\\/fieam.org.br\\\/sesi\\\/circuito-de-bem-estar-saude-e-atitude\\\/#respond\"]}]},{\"@type\":\"WebPage\",\"@id\":\"https:\\\/\\\/fieam.org.br\\\/sesi\\\/circuito-de-bem-estar-saude-e-atitude\\\/\",\"url\":\"https:\\\/\\\/fieam.org.br\\\/sesi\\\/circuito-de-bem-estar-saude-e-atitude\\\/\",\"name\":\"Circuito de Bem-Estar - Sa\u00fade e Atitude - SESI\",\"isPartOf\":{\"@id\":\"https:\\\/\\\/fieam.org.br\\\/sesi\\\/#website\"},\"datePublished\":\"2013-04-18T19:37:49+00:00\",\"breadcrumb\":{\"@id\":\"https:\\\/\\\/fieam.org.br\\\/sesi\\\/circuito-de-bem-estar-saude-e-atitude\\\/#breadcrumb\"},\"inLanguage\":\"pt-BR\",\"potentialAction\":[{\"@type\":\"ReadAction\",\"target\":[\"https:\\\/\\\/fieam.org.br\\\/sesi\\\/circuito-de-bem-estar-saude-e-atitude\\\/\"]}]},{\"@type\":\"BreadcrumbList\",\"@id\":\"https:\\\/\\\/fieam.org.br\\\/sesi\\\/circuito-de-bem-estar-saude-e-atitude\\\/#breadcrumb\",\"itemListElement\":[{\"@type\":\"ListItem\",\"position\":1,\"name\":\"In\u00edcio\",\"item\":\"https:\\\/\\\/fieam.org.br\\\/sesi\\\/\"},{\"@type\":\"ListItem\",\"position\":2,\"name\":\"Circuito de Bem-Estar &#8211; Sa\u00fade e Atitude\"}]},{\"@type\":\"WebSite\",\"@id\":\"https:\\\/\\\/fieam.org.br\\\/sesi\\\/#website\",\"url\":\"https:\\\/\\\/fieam.org.br\\\/sesi\\\/\",\"name\":\"SESI\",\"description\":\"Site Oficial!\",\"publisher\":{\"@id\":\"https:\\\/\\\/fieam.org.br\\\/sesi\\\/#organization\"},\"potentialAction\":[{\"@type\":\"SearchAction\",\"target\":{\"@type\":\"EntryPoint\",\"urlTemplate\":\"https:\\\/\\\/fieam.org.br\\\/sesi\\\/?s={search_term_string}\"},\"query-input\":{\"@type\":\"PropertyValueSpecification\",\"valueRequired\":true,\"valueName\":\"search_term_string\"}}],\"inLanguage\":\"pt-BR\"},{\"@type\":\"Organization\",\"@id\":\"https:\\\/\\\/fieam.org.br\\\/sesi\\\/#organization\",\"name\":\"SESI\",\"url\":\"https:\\\/\\\/fieam.org.br\\\/sesi\\\/\",\"logo\":{\"@type\":\"ImageObject\",\"inLanguage\":\"pt-BR\",\"@id\":\"https:\\\/\\\/fieam.org.br\\\/sesi\\\/#\\\/schema\\\/logo\\\/image\\\/\",\"url\":\"https:\\\/\\\/fieam.org.br\\\/sesi\\\/wp-content\\\/uploads\\\/sites\\\/14\\\/2024\\\/03\\\/cropped-fav.png\",\"contentUrl\":\"https:\\\/\\\/fieam.org.br\\\/sesi\\\/wp-content\\\/uploads\\\/sites\\\/14\\\/2024\\\/03\\\/cropped-fav.png\",\"width\":610,\"height\":589,\"caption\":\"SESI\"},\"image\":{\"@id\":\"https:\\\/\\\/fieam.org.br\\\/sesi\\\/#\\\/schema\\\/logo\\\/image\\\/\"}},{\"@type\":\"Person\",\"@id\":\"https:\\\/\\\/fieam.org.br\\\/sesi\\\/#\\\/schema\\\/person\\\/f54998dd14d5f0695b41444f2b01c31e\",\"name\":\"Autor\",\"image\":{\"@type\":\"ImageObject\",\"inLanguage\":\"pt-BR\",\"@id\":\"https:\\\/\\\/secure.gravatar.com\\\/avatar\\\/3732c223e0e1fad69062a8f770955c9068d37b055204f310a0be18d4069fe380?s=96&d=mm&r=g\",\"url\":\"https:\\\/\\\/secure.gravatar.com\\\/avatar\\\/3732c223e0e1fad69062a8f770955c9068d37b055204f310a0be18d4069fe380?s=96&d=mm&r=g\",\"contentUrl\":\"https:\\\/\\\/secure.gravatar.com\\\/avatar\\\/3732c223e0e1fad69062a8f770955c9068d37b055204f310a0be18d4069fe380?s=96&d=mm&r=g\",\"caption\":\"Autor\"},\"sameAs\":[\"https:\\\/\\\/marketingmassivo.com.br\"],\"url\":\"https:\\\/\\\/fieam.org.br\\\/sesi\\\/author\\\/admin\\\/\"}]}<\/script>\n<!-- \/ Yoast SEO plugin. -->","yoast_head_json":{"title":"Circuito de Bem-Estar - Sa\u00fade e Atitude - SESI","robots":{"index":"index","follow":"follow","max-snippet":"max-snippet:-1","max-image-preview":"max-image-preview:large","max-video-preview":"max-video-preview:-1"},"canonical":"https:\/\/fieam.org.br\/sesi\/circuito-de-bem-estar-saude-e-atitude\/","og_locale":"pt_BR","og_type":"article","og_title":"Circuito de Bem-Estar - Sa\u00fade e Atitude - SESI","og_description":"O Servi\u00e7o Social da Ind\u00fastria (SESI)\u00a0participar\u00e1 nos dias 20 e 21 (s\u00e1bado e domingo) do 1\u00ba Circuito Bem Viver &#8211; Sa\u00fade e Atitude, das 9h \u00e0s 17h, no Sal\u00e3o de Festas do Clube do Trabalhador.\u00a0\u00a0Com entrada gratuita, o\u00a0evento \u00e9 promovido pela empresa Villas Design e tem por objetivo levar a popula\u00e7\u00e3o informa\u00e7\u00f5es sobre estilo de [&hellip;]","og_url":"https:\/\/fieam.org.br\/sesi\/circuito-de-bem-estar-saude-e-atitude\/","og_site_name":"SESI","article_published_time":"2013-04-18T19:37:49+00:00","author":"Autor","twitter_card":"summary_large_image","twitter_misc":{"Escrito por":"Autor","Est. tempo de leitura":"1 minuto"},"schema":{"@context":"https:\/\/schema.org","@graph":[{"@type":"Article","@id":"https:\/\/fieam.org.br\/sesi\/circuito-de-bem-estar-saude-e-atitude\/#article","isPartOf":{"@id":"https:\/\/fieam.org.br\/sesi\/circuito-de-bem-estar-saude-e-atitude\/"},"author":{"name":"Autor","@id":"https:\/\/fieam.org.br\/sesi\/#\/schema\/person\/f54998dd14d5f0695b41444f2b01c31e"},"headline":"Circuito de Bem-Estar &#8211; Sa\u00fade e Atitude","datePublished":"2013-04-18T19:37:49+00:00","mainEntityOfPage":{"@id":"https:\/\/fieam.org.br\/sesi\/circuito-de-bem-estar-saude-e-atitude\/"},"wordCount":297,"commentCount":0,"publisher":{"@id":"https:\/\/fieam.org.br\/sesi\/#organization"},"articleSection":["News"],"inLanguage":"pt-BR","potentialAction":[{"@type":"CommentAction","name":"Comment","target":["https:\/\/fieam.org.br\/sesi\/circuito-de-bem-estar-saude-e-atitude\/#respond"]}]},{"@type":"WebPage","@id":"https:\/\/fieam.org.br\/sesi\/circuito-de-bem-estar-saude-e-atitude\/","url":"https:\/\/fieam.org.br\/sesi\/circuito-de-bem-estar-saude-e-atitude\/","name":"Circuito de Bem-Estar - Sa\u00fade e Atitude - SESI","isPartOf":{"@id":"https:\/\/fieam.org.br\/sesi\/#website"},"datePublished":"2013-04-18T19:37:49+00:00","breadcrumb":{"@id":"https:\/\/fieam.org.br\/sesi\/circuito-de-bem-estar-saude-e-atitude\/#breadcrumb"},"inLanguage":"pt-BR","potentialAction":[{"@type":"ReadAction","target":["https:\/\/fieam.org.br\/sesi\/circuito-de-bem-estar-saude-e-atitude\/"]}]},{"@type":"BreadcrumbList","@id":"https:\/\/fieam.org.br\/sesi\/circuito-de-bem-estar-saude-e-atitude\/#breadcrumb","itemListElement":[{"@type":"ListItem","position":1,"name":"In\u00edcio","item":"https:\/\/fieam.org.br\/sesi\/"},{"@type":"ListItem","position":2,"name":"Circuito de Bem-Estar &#8211; Sa\u00fade e Atitude"}]},{"@type":"WebSite","@id":"https:\/\/fieam.org.br\/sesi\/#website","url":"https:\/\/fieam.org.br\/sesi\/","name":"SESI","description":"Site Oficial!","publisher":{"@id":"https:\/\/fieam.org.br\/sesi\/#organization"},"potentialAction":[{"@type":"SearchAction","target":{"@type":"EntryPoint","urlTemplate":"https:\/\/fieam.org.br\/sesi\/?s={search_term_string}"},"query-input":{"@type":"PropertyValueSpecification","valueRequired":true,"valueName":"search_term_string"}}],"inLanguage":"pt-BR"},{"@type":"Organization","@id":"https:\/\/fieam.org.br\/sesi\/#organization","name":"SESI","url":"https:\/\/fieam.org.br\/sesi\/","logo":{"@type":"ImageObject","inLanguage":"pt-BR","@id":"https:\/\/fieam.org.br\/sesi\/#\/schema\/logo\/image\/","url":"https:\/\/fieam.org.br\/sesi\/wp-content\/uploads\/sites\/14\/2024\/03\/cropped-fav.png","contentUrl":"https:\/\/fieam.org.br\/sesi\/wp-content\/uploads\/sites\/14\/2024\/03\/cropped-fav.png","width":610,"height":589,"caption":"SESI"},"image":{"@id":"https:\/\/fieam.org.br\/sesi\/#\/schema\/logo\/image\/"}},{"@type":"Person","@id":"https:\/\/fieam.org.br\/sesi\/#\/schema\/person\/f54998dd14d5f0695b41444f2b01c31e","name":"Autor","image":{"@type":"ImageObject","inLanguage":"pt-BR","@id":"https:\/\/secure.gravatar.com\/avatar\/3732c223e0e1fad69062a8f770955c9068d37b055204f310a0be18d4069fe380?s=96&d=mm&r=g","url":"https:\/\/secure.gravatar.com\/avatar\/3732c223e0e1fad69062a8f770955c9068d37b055204f310a0be18d4069fe380?s=96&d=mm&r=g","contentUrl":"https:\/\/secure.gravatar.com\/avatar\/3732c223e0e1fad69062a8f770955c9068d37b055204f310a0be18d4069fe380?s=96&d=mm&r=g","caption":"Autor"},"sameAs":["https:\/\/marketingmassivo.com.br"],"url":"https:\/\/fieam.org.br\/sesi\/author\/admin\/"}]}},"_links":{"self":[{"href":"https:\/\/fieam.org.br\/sesi\/wp-json\/wp\/v2\/posts\/4228","targetHints":{"allow":["GET"]}}],"collection":[{"href":"https:\/\/fieam.org.br\/sesi\/wp-json\/wp\/v2\/posts"}],"about":[{"href":"https:\/\/fieam.org.br\/sesi\/wp-json\/wp\/v2\/types\/post"}],"author":[{"embeddable":true,"href":"https:\/\/fieam.org.br\/sesi\/wp-json\/wp\/v2\/users\/1"}],"replies":[{"embeddable":true,"href":"https:\/\/fieam.org.br\/sesi\/wp-json\/wp\/v2\/comments?post=4228"}],"version-history":[{"count":0,"href":"https:\/\/fieam.org.br\/sesi\/wp-json\/wp\/v2\/posts\/4228\/revisions"}],"wp:attachment":[{"href":"https:\/\/fieam.org.br\/sesi\/wp-json\/wp\/v2\/media?parent=4228"}],"wp:term":[{"taxonomy":"category","embeddable":true,"href":"https:\/\/fieam.org.br\/sesi\/wp-json\/wp\/v2\/categories?post=4228"},{"taxonomy":"post_tag","embeddable":true,"href":"https:\/\/fieam.org.br\/sesi\/wp-json\/wp\/v2\/tags?post=4228"}],"curies":[{"name":"wp","href":"https:\/\/api.w.org\/{rel}","templated":true}]}}