{"id":4111,"date":"2013-03-21T10:48:00","date_gmt":"2013-03-21T10:48:00","guid":{"rendered":"http:\/\/www.fieam.org.br\/site\/sesi\/?p=4111"},"modified":"2013-03-21T10:48:00","modified_gmt":"2013-03-21T10:48:00","slug":"sesi-promove-encontro-de-ideias-cafe-com-responsabilidade","status":"publish","type":"post","link":"https:\/\/fieam.org.br\/sesi\/sesi-promove-encontro-de-ideias-cafe-com-responsabilidade\/","title":{"rendered":"SESI promove Encontro de Ideias \u2013 Caf\u00e9 com Responsabilidade"},"content":{"rendered":"<p style=\"text-align: left\" align=\"center\">Com o tema, \u201cA import\u00e2ncia da educa\u00e7\u00e3o para A competitividade da Ind\u00fastria\u201d, o\u00a0<a href=\"http:\/\/www.fieam.org.br\/site\/sesi\/institucional\/\" target=\"_blank\" rel=\"noopener\">Servi\u00e7o Social da Ind\u00fastria (SESI Amazonas)<\/a>, realiza hoje (21), das 7h \u00e0s 11h, no Sal\u00e3o de Eventos do Clube do Trabalhador, Alameda Cosme Ferreira \u2013 7399, bairro S\u00e3o Jos\u00e9 l, o 1\u00ba Encontro de Ideias \u2013 Caf\u00e9 com Responsabilidade.<\/p>\n<p>O evento \u00e9 uma iniciativa integrada entre as \u00e1reas de Responsabilidade Social Empresarial, Educa\u00e7\u00e3o de Jovens e Adultos e N\u00facleo de Educa\u00e7\u00e3o Continuada, com o objetivo de\u00a0disseminar a gest\u00e3o do conhecimento em responsabilidade social e sustentabilidade, al\u00e9m de boas pr\u00e1ticas em educa\u00e7\u00e3o nas ind\u00fastrias.<\/p>\n<p>Da programa\u00e7\u00e3o constam palestras, gin\u00e1stica laboral, din\u00e2mica sobre gest\u00e3o participativa, al\u00e9m do case de Boas Pr\u00e1ticas da Springer Pl\u00e1stico, vencedora do Pr\u00eamio SESI Qualidade no Trabalho 2012, na \u00e1rea de gest\u00e3o de pessoas.<\/p>\n<p>O educador Francisco Aparecido Cord\u00e3o, conselheiro da C\u00e2mara de Educa\u00e7\u00e3o B\u00e1sica do Conselho Nacional de Educa\u00e7\u00e3o do Minist\u00e9rio da Educa\u00e7\u00e3o, ser\u00e1 o respons\u00e1vel pela palestra magna, \u201c<b>A import\u00e2ncia da Ind\u00fastria para a competitividade da Ind\u00fastria<\/b>\u201d, enquanto que, a bi\u00f3loga Cl\u00e1udia Moreira, do SESI S\u00e3o Paulo, abordar\u00e1 a palestra, Consumo Consciente e Sustentabilidade \u2013 Uma estrat\u00e9gia para minimizar os impactos ambientais na Ind\u00fastria.<b><\/b><\/p>\n<p>De acordo com o t\u00e9cnico da \u00e1rea do N\u00facleo de Educa\u00e7\u00e3o Continuada do SESI, Erivan Braga, as avalia\u00e7\u00f5es\u00a0 referentes aos servi\u00e7os do SESI ser\u00e3o de grande import\u00e2ncia para a elabora\u00e7\u00e3o de novos portf\u00f3lios nas \u00e1reas de Educa\u00e7\u00e3o de Jovens de Adultos, Responsabilidade Social Empresarial e Educa\u00e7\u00e3o Continuada, que ir\u00e3o possibilitar o desenvolvimento t\u00e9cnico e pessoal de colaboradores de empresas do<a href=\"http:\/\/www.suframa.gov.br\/\" target=\"_blank\" rel=\"noopener\">Polo Industrial de Manaus. (PIM)<\/a>.<\/p>\n<p>O Encontro de Ideias ter\u00e1 in\u00edcio \u00e0s 7h com um caf\u00e9 servido aos participantes. A solenidade de abertura ser\u00e1 realizada \u00e0s 8h pela diretora t\u00e9cnica do SESI, Rosana Vasconcelos.<\/p>\n","protected":false},"excerpt":{"rendered":"<p>Com o tema, \u201cA import\u00e2ncia da educa\u00e7\u00e3o para A competitividade da Ind\u00fastria\u201d, o\u00a0Servi\u00e7o Social da Ind\u00fastria (SESI Amazonas), realiza hoje (21), das 7h \u00e0s 11h, no Sal\u00e3o de Eventos do Clube do Trabalhador, Alameda Cosme Ferreira \u2013 7399, bairro S\u00e3o Jos\u00e9 l, o 1\u00ba Encontro de Ideias \u2013 Caf\u00e9 com Responsabilidade. O evento \u00e9 uma [&hellip;]<\/p>\n","protected":false},"author":1,"featured_media":0,"comment_status":"open","ping_status":"open","sticky":false,"template":"","format":"standard","meta":{"footnotes":""},"categories":[25],"tags":[],"class_list":["post-4111","post","type-post","status-publish","format-standard","hentry","category-news"],"yoast_head":"<!-- This site is optimized with the Yoast SEO plugin v28.2 - https:\/\/yoast.com\/product\/yoast-seo-wordpress\/ -->\n<title>SESI promove Encontro de Ideias \u2013 Caf\u00e9 com Responsabilidade - SESI<\/title>\n<meta name=\"robots\" content=\"index, follow, max-snippet:-1, max-image-preview:large, max-video-preview:-1\" \/>\n<link rel=\"canonical\" href=\"https:\/\/fieam.org.br\/sesi\/sesi-promove-encontro-de-ideias-cafe-com-responsabilidade\/\" \/>\n<meta property=\"og:locale\" content=\"pt_BR\" \/>\n<meta property=\"og:type\" content=\"article\" \/>\n<meta property=\"og:title\" content=\"SESI promove Encontro de Ideias \u2013 Caf\u00e9 com Responsabilidade - SESI\" \/>\n<meta property=\"og:description\" content=\"Com o tema, \u201cA import\u00e2ncia da educa\u00e7\u00e3o para A competitividade da Ind\u00fastria\u201d, o\u00a0Servi\u00e7o Social da Ind\u00fastria (SESI Amazonas), realiza hoje (21), das 7h \u00e0s 11h, no Sal\u00e3o de Eventos do Clube do Trabalhador, Alameda Cosme Ferreira \u2013 7399, bairro S\u00e3o Jos\u00e9 l, o 1\u00ba Encontro de Ideias \u2013 Caf\u00e9 com Responsabilidade. O evento \u00e9 uma [&hellip;]\" \/>\n<meta property=\"og:url\" content=\"https:\/\/fieam.org.br\/sesi\/sesi-promove-encontro-de-ideias-cafe-com-responsabilidade\/\" \/>\n<meta property=\"og:site_name\" content=\"SESI\" \/>\n<meta property=\"article:published_time\" content=\"2013-03-21T10:48:00+00:00\" \/>\n<meta name=\"author\" content=\"Autor\" \/>\n<meta name=\"twitter:card\" content=\"summary_large_image\" \/>\n<meta name=\"twitter:label1\" content=\"Escrito por\" \/>\n\t<meta name=\"twitter:data1\" content=\"Autor\" \/>\n\t<meta name=\"twitter:label2\" content=\"Est. tempo de leitura\" \/>\n\t<meta name=\"twitter:data2\" content=\"2 minutos\" \/>\n<script type=\"application\/ld+json\" class=\"yoast-schema-graph\">{\"@context\":\"https:\\\/\\\/schema.org\",\"@graph\":[{\"@type\":\"Article\",\"@id\":\"https:\\\/\\\/fieam.org.br\\\/sesi\\\/sesi-promove-encontro-de-ideias-cafe-com-responsabilidade\\\/#article\",\"isPartOf\":{\"@id\":\"https:\\\/\\\/fieam.org.br\\\/sesi\\\/sesi-promove-encontro-de-ideias-cafe-com-responsabilidade\\\/\"},\"author\":{\"name\":\"Autor\",\"@id\":\"https:\\\/\\\/fieam.org.br\\\/sesi\\\/#\\\/schema\\\/person\\\/f54998dd14d5f0695b41444f2b01c31e\"},\"headline\":\"SESI promove Encontro de Ideias \u2013 Caf\u00e9 com Responsabilidade\",\"datePublished\":\"2013-03-21T10:48:00+00:00\",\"mainEntityOfPage\":{\"@id\":\"https:\\\/\\\/fieam.org.br\\\/sesi\\\/sesi-promove-encontro-de-ideias-cafe-com-responsabilidade\\\/\"},\"wordCount\":340,\"commentCount\":0,\"publisher\":{\"@id\":\"https:\\\/\\\/fieam.org.br\\\/sesi\\\/#organization\"},\"articleSection\":[\"News\"],\"inLanguage\":\"pt-BR\",\"potentialAction\":[{\"@type\":\"CommentAction\",\"name\":\"Comment\",\"target\":[\"https:\\\/\\\/fieam.org.br\\\/sesi\\\/sesi-promove-encontro-de-ideias-cafe-com-responsabilidade\\\/#respond\"]}]},{\"@type\":\"WebPage\",\"@id\":\"https:\\\/\\\/fieam.org.br\\\/sesi\\\/sesi-promove-encontro-de-ideias-cafe-com-responsabilidade\\\/\",\"url\":\"https:\\\/\\\/fieam.org.br\\\/sesi\\\/sesi-promove-encontro-de-ideias-cafe-com-responsabilidade\\\/\",\"name\":\"SESI promove Encontro de Ideias \u2013 Caf\u00e9 com Responsabilidade - SESI\",\"isPartOf\":{\"@id\":\"https:\\\/\\\/fieam.org.br\\\/sesi\\\/#website\"},\"datePublished\":\"2013-03-21T10:48:00+00:00\",\"breadcrumb\":{\"@id\":\"https:\\\/\\\/fieam.org.br\\\/sesi\\\/sesi-promove-encontro-de-ideias-cafe-com-responsabilidade\\\/#breadcrumb\"},\"inLanguage\":\"pt-BR\",\"potentialAction\":[{\"@type\":\"ReadAction\",\"target\":[\"https:\\\/\\\/fieam.org.br\\\/sesi\\\/sesi-promove-encontro-de-ideias-cafe-com-responsabilidade\\\/\"]}]},{\"@type\":\"BreadcrumbList\",\"@id\":\"https:\\\/\\\/fieam.org.br\\\/sesi\\\/sesi-promove-encontro-de-ideias-cafe-com-responsabilidade\\\/#breadcrumb\",\"itemListElement\":[{\"@type\":\"ListItem\",\"position\":1,\"name\":\"In\u00edcio\",\"item\":\"https:\\\/\\\/fieam.org.br\\\/sesi\\\/\"},{\"@type\":\"ListItem\",\"position\":2,\"name\":\"SESI promove Encontro de Ideias \u2013 Caf\u00e9 com Responsabilidade\"}]},{\"@type\":\"WebSite\",\"@id\":\"https:\\\/\\\/fieam.org.br\\\/sesi\\\/#website\",\"url\":\"https:\\\/\\\/fieam.org.br\\\/sesi\\\/\",\"name\":\"SESI\",\"description\":\"Site Oficial!\",\"publisher\":{\"@id\":\"https:\\\/\\\/fieam.org.br\\\/sesi\\\/#organization\"},\"potentialAction\":[{\"@type\":\"SearchAction\",\"target\":{\"@type\":\"EntryPoint\",\"urlTemplate\":\"https:\\\/\\\/fieam.org.br\\\/sesi\\\/?s={search_term_string}\"},\"query-input\":{\"@type\":\"PropertyValueSpecification\",\"valueRequired\":true,\"valueName\":\"search_term_string\"}}],\"inLanguage\":\"pt-BR\"},{\"@type\":\"Organization\",\"@id\":\"https:\\\/\\\/fieam.org.br\\\/sesi\\\/#organization\",\"name\":\"SESI\",\"url\":\"https:\\\/\\\/fieam.org.br\\\/sesi\\\/\",\"logo\":{\"@type\":\"ImageObject\",\"inLanguage\":\"pt-BR\",\"@id\":\"https:\\\/\\\/fieam.org.br\\\/sesi\\\/#\\\/schema\\\/logo\\\/image\\\/\",\"url\":\"https:\\\/\\\/fieam.org.br\\\/sesi\\\/wp-content\\\/uploads\\\/sites\\\/14\\\/2024\\\/03\\\/cropped-fav.png\",\"contentUrl\":\"https:\\\/\\\/fieam.org.br\\\/sesi\\\/wp-content\\\/uploads\\\/sites\\\/14\\\/2024\\\/03\\\/cropped-fav.png\",\"width\":610,\"height\":589,\"caption\":\"SESI\"},\"image\":{\"@id\":\"https:\\\/\\\/fieam.org.br\\\/sesi\\\/#\\\/schema\\\/logo\\\/image\\\/\"}},{\"@type\":\"Person\",\"@id\":\"https:\\\/\\\/fieam.org.br\\\/sesi\\\/#\\\/schema\\\/person\\\/f54998dd14d5f0695b41444f2b01c31e\",\"name\":\"Autor\",\"image\":{\"@type\":\"ImageObject\",\"inLanguage\":\"pt-BR\",\"@id\":\"https:\\\/\\\/secure.gravatar.com\\\/avatar\\\/3732c223e0e1fad69062a8f770955c9068d37b055204f310a0be18d4069fe380?s=96&d=mm&r=g\",\"url\":\"https:\\\/\\\/secure.gravatar.com\\\/avatar\\\/3732c223e0e1fad69062a8f770955c9068d37b055204f310a0be18d4069fe380?s=96&d=mm&r=g\",\"contentUrl\":\"https:\\\/\\\/secure.gravatar.com\\\/avatar\\\/3732c223e0e1fad69062a8f770955c9068d37b055204f310a0be18d4069fe380?s=96&d=mm&r=g\",\"caption\":\"Autor\"},\"sameAs\":[\"https:\\\/\\\/marketingmassivo.com.br\"],\"url\":\"https:\\\/\\\/fieam.org.br\\\/sesi\\\/author\\\/admin\\\/\"}]}<\/script>\n<!-- \/ Yoast SEO plugin. -->","yoast_head_json":{"title":"SESI promove Encontro de Ideias \u2013 Caf\u00e9 com Responsabilidade - SESI","robots":{"index":"index","follow":"follow","max-snippet":"max-snippet:-1","max-image-preview":"max-image-preview:large","max-video-preview":"max-video-preview:-1"},"canonical":"https:\/\/fieam.org.br\/sesi\/sesi-promove-encontro-de-ideias-cafe-com-responsabilidade\/","og_locale":"pt_BR","og_type":"article","og_title":"SESI promove Encontro de Ideias \u2013 Caf\u00e9 com Responsabilidade - SESI","og_description":"Com o tema, \u201cA import\u00e2ncia da educa\u00e7\u00e3o para A competitividade da Ind\u00fastria\u201d, o\u00a0Servi\u00e7o Social da Ind\u00fastria (SESI Amazonas), realiza hoje (21), das 7h \u00e0s 11h, no Sal\u00e3o de Eventos do Clube do Trabalhador, Alameda Cosme Ferreira \u2013 7399, bairro S\u00e3o Jos\u00e9 l, o 1\u00ba Encontro de Ideias \u2013 Caf\u00e9 com Responsabilidade. O evento \u00e9 uma [&hellip;]","og_url":"https:\/\/fieam.org.br\/sesi\/sesi-promove-encontro-de-ideias-cafe-com-responsabilidade\/","og_site_name":"SESI","article_published_time":"2013-03-21T10:48:00+00:00","author":"Autor","twitter_card":"summary_large_image","twitter_misc":{"Escrito por":"Autor","Est. tempo de leitura":"2 minutos"},"schema":{"@context":"https:\/\/schema.org","@graph":[{"@type":"Article","@id":"https:\/\/fieam.org.br\/sesi\/sesi-promove-encontro-de-ideias-cafe-com-responsabilidade\/#article","isPartOf":{"@id":"https:\/\/fieam.org.br\/sesi\/sesi-promove-encontro-de-ideias-cafe-com-responsabilidade\/"},"author":{"name":"Autor","@id":"https:\/\/fieam.org.br\/sesi\/#\/schema\/person\/f54998dd14d5f0695b41444f2b01c31e"},"headline":"SESI promove Encontro de Ideias \u2013 Caf\u00e9 com Responsabilidade","datePublished":"2013-03-21T10:48:00+00:00","mainEntityOfPage":{"@id":"https:\/\/fieam.org.br\/sesi\/sesi-promove-encontro-de-ideias-cafe-com-responsabilidade\/"},"wordCount":340,"commentCount":0,"publisher":{"@id":"https:\/\/fieam.org.br\/sesi\/#organization"},"articleSection":["News"],"inLanguage":"pt-BR","potentialAction":[{"@type":"CommentAction","name":"Comment","target":["https:\/\/fieam.org.br\/sesi\/sesi-promove-encontro-de-ideias-cafe-com-responsabilidade\/#respond"]}]},{"@type":"WebPage","@id":"https:\/\/fieam.org.br\/sesi\/sesi-promove-encontro-de-ideias-cafe-com-responsabilidade\/","url":"https:\/\/fieam.org.br\/sesi\/sesi-promove-encontro-de-ideias-cafe-com-responsabilidade\/","name":"SESI promove Encontro de Ideias \u2013 Caf\u00e9 com Responsabilidade - SESI","isPartOf":{"@id":"https:\/\/fieam.org.br\/sesi\/#website"},"datePublished":"2013-03-21T10:48:00+00:00","breadcrumb":{"@id":"https:\/\/fieam.org.br\/sesi\/sesi-promove-encontro-de-ideias-cafe-com-responsabilidade\/#breadcrumb"},"inLanguage":"pt-BR","potentialAction":[{"@type":"ReadAction","target":["https:\/\/fieam.org.br\/sesi\/sesi-promove-encontro-de-ideias-cafe-com-responsabilidade\/"]}]},{"@type":"BreadcrumbList","@id":"https:\/\/fieam.org.br\/sesi\/sesi-promove-encontro-de-ideias-cafe-com-responsabilidade\/#breadcrumb","itemListElement":[{"@type":"ListItem","position":1,"name":"In\u00edcio","item":"https:\/\/fieam.org.br\/sesi\/"},{"@type":"ListItem","position":2,"name":"SESI promove Encontro de Ideias \u2013 Caf\u00e9 com Responsabilidade"}]},{"@type":"WebSite","@id":"https:\/\/fieam.org.br\/sesi\/#website","url":"https:\/\/fieam.org.br\/sesi\/","name":"SESI","description":"Site Oficial!","publisher":{"@id":"https:\/\/fieam.org.br\/sesi\/#organization"},"potentialAction":[{"@type":"SearchAction","target":{"@type":"EntryPoint","urlTemplate":"https:\/\/fieam.org.br\/sesi\/?s={search_term_string}"},"query-input":{"@type":"PropertyValueSpecification","valueRequired":true,"valueName":"search_term_string"}}],"inLanguage":"pt-BR"},{"@type":"Organization","@id":"https:\/\/fieam.org.br\/sesi\/#organization","name":"SESI","url":"https:\/\/fieam.org.br\/sesi\/","logo":{"@type":"ImageObject","inLanguage":"pt-BR","@id":"https:\/\/fieam.org.br\/sesi\/#\/schema\/logo\/image\/","url":"https:\/\/fieam.org.br\/sesi\/wp-content\/uploads\/sites\/14\/2024\/03\/cropped-fav.png","contentUrl":"https:\/\/fieam.org.br\/sesi\/wp-content\/uploads\/sites\/14\/2024\/03\/cropped-fav.png","width":610,"height":589,"caption":"SESI"},"image":{"@id":"https:\/\/fieam.org.br\/sesi\/#\/schema\/logo\/image\/"}},{"@type":"Person","@id":"https:\/\/fieam.org.br\/sesi\/#\/schema\/person\/f54998dd14d5f0695b41444f2b01c31e","name":"Autor","image":{"@type":"ImageObject","inLanguage":"pt-BR","@id":"https:\/\/secure.gravatar.com\/avatar\/3732c223e0e1fad69062a8f770955c9068d37b055204f310a0be18d4069fe380?s=96&d=mm&r=g","url":"https:\/\/secure.gravatar.com\/avatar\/3732c223e0e1fad69062a8f770955c9068d37b055204f310a0be18d4069fe380?s=96&d=mm&r=g","contentUrl":"https:\/\/secure.gravatar.com\/avatar\/3732c223e0e1fad69062a8f770955c9068d37b055204f310a0be18d4069fe380?s=96&d=mm&r=g","caption":"Autor"},"sameAs":["https:\/\/marketingmassivo.com.br"],"url":"https:\/\/fieam.org.br\/sesi\/author\/admin\/"}]}},"_links":{"self":[{"href":"https:\/\/fieam.org.br\/sesi\/wp-json\/wp\/v2\/posts\/4111","targetHints":{"allow":["GET"]}}],"collection":[{"href":"https:\/\/fieam.org.br\/sesi\/wp-json\/wp\/v2\/posts"}],"about":[{"href":"https:\/\/fieam.org.br\/sesi\/wp-json\/wp\/v2\/types\/post"}],"author":[{"embeddable":true,"href":"https:\/\/fieam.org.br\/sesi\/wp-json\/wp\/v2\/users\/1"}],"replies":[{"embeddable":true,"href":"https:\/\/fieam.org.br\/sesi\/wp-json\/wp\/v2\/comments?post=4111"}],"version-history":[{"count":0,"href":"https:\/\/fieam.org.br\/sesi\/wp-json\/wp\/v2\/posts\/4111\/revisions"}],"wp:attachment":[{"href":"https:\/\/fieam.org.br\/sesi\/wp-json\/wp\/v2\/media?parent=4111"}],"wp:term":[{"taxonomy":"category","embeddable":true,"href":"https:\/\/fieam.org.br\/sesi\/wp-json\/wp\/v2\/categories?post=4111"},{"taxonomy":"post_tag","embeddable":true,"href":"https:\/\/fieam.org.br\/sesi\/wp-json\/wp\/v2\/tags?post=4111"}],"curies":[{"name":"wp","href":"https:\/\/api.w.org\/{rel}","templated":true}]}}