{"id":408,"date":"2011-01-12T14:11:41","date_gmt":"2011-01-12T14:11:41","guid":{"rendered":"http:\/\/www.fieam.org.br\/site\/sesi\/?p=408"},"modified":"2011-01-12T14:11:41","modified_gmt":"2011-01-12T14:11:41","slug":"matriculas-da-rede-sesi-de-educacao-continuam-abertas","status":"publish","type":"post","link":"https:\/\/fieam.org.br\/sesi\/matriculas-da-rede-sesi-de-educacao-continuam-abertas\/","title":{"rendered":"Matr\u00edculas da Rede SESI de Educa\u00e7\u00e3o continuam abertas"},"content":{"rendered":"<p>Pais trabalhadores da ind\u00fastria que ainda n\u00e3o matricularam seus filhos na Educa\u00e7\u00e3o Infantil e tamb\u00e9m no Ensino Fundamental (1\u00ba ao 9\u00ba ano), promovidos pela Rede SESI de Educa\u00e7\u00e3o, podem inscrev\u00ea-los nas unidades de ensino da institui\u00e7\u00e3o. Este ano o Servi\u00e7o Social da Ind\u00fastria (SESI\/AM) ampliou a capacidade de atendimento em Educa\u00e7\u00e3o Infantil, com novas 100 vagas. <\/p>\n<p>O SESI\/AM estar\u00e1 com as matr\u00edculas abertas at\u00e9 que todas as vagas sejam preenchidas. As inscri\u00e7\u00f5es tamb\u00e9m podem ser efetuadas pelos n\u00e3o dependentes de industri\u00e1rios com mensalidades mais acess\u00edveis em rela\u00e7\u00e3o \u00e0s cobradas por institui\u00e7\u00f5es de ensino particulares.<\/p>\n<figure id=\"attachment_409\" aria-describedby=\"caption-attachment-409\" style=\"width: 638px\" class=\"wp-caption aligncenter\"><a href=\"http:\/\/www.fieam.org.br\/site\/sesi\/files\/2011\/01\/criancasesi650.jpg\"><img fetchpriority=\"high\" decoding=\"async\" class=\"size-full wp-image-409\" src=\"http:\/\/www.fieam.org.br\/site\/sesi\/files\/2011\/01\/criancasesi650.jpg\" alt=\"Matr\u00edculas da Rede SESI de Educa\u00e7\u00e3o continuam abertas\" width=\"638\" height=\"300\" srcset=\"https:\/\/fieam.org.br\/sesi\/wp-content\/uploads\/sites\/14\/2011\/01\/criancasesi650.jpg 638w, https:\/\/fieam.org.br\/sesi\/wp-content\/uploads\/sites\/14\/2011\/01\/criancasesi650-300x141.jpg 300w\" sizes=\"(max-width: 638px) 100vw, 638px\" \/><\/a><figcaption id=\"caption-attachment-409\" class=\"wp-caption-text\">Matr\u00edculas da Rede SESI de Educa\u00e7\u00e3o continuam abertas<\/figcaption><\/figure>\n<p>\nAs aulas v\u00e3o come\u00e7ar no dia 7 de fevereiro em todas as unidades. Os livros ser\u00e3o vendidos na pr\u00f3pria escola, a partir do dia 10, e o fardamento e demais materiais em locais credenciados.<\/p>\n<p>Com metodologia inovadora de ensino, que possibilita \u00e0 crian\u00e7a a constru\u00e7\u00e3o de seu pr\u00f3prio conhecimento, a Rede SESI estimula a autonomia, o di\u00e1logo, a autocr\u00edtica e a consci\u00eancia social. Al\u00e9m disso, os alunos s\u00e3o preparados para a conviv\u00eancia em equipe e em diferentes ambientes do mercado de trabalho.<\/p>\n<p>O \u201cProjeto Lego de Educa\u00e7\u00e3o Tecnol\u00f3gica\u201d, em parceria com o SESI \u00e9 um dos mais atuantes na institui\u00e7\u00e3o. Ele desenvolve compet\u00eancias exigidas atualmente pelo mercado de trabalho. O aluno \u00e9 colocado diante das inova\u00e7\u00f5es do mundo tecnol\u00f3gico, aumentando seu potencial criativo e inovador. Al\u00e9m do desenvolvimento de habilidades tecnol\u00f3gicas com resolu\u00e7\u00e3o de exerc\u00edcios matem\u00e1ticos e montagem de projetos Lego, a crian\u00e7a trabalha com no\u00e7\u00f5es de \u00e9tica, cidadania, meio ambiente e trabalho em equipe.<\/p>\n<p>Segundo a gerente geral de Educa\u00e7\u00e3o do SESI, Cassandra Augusta, as revistas que acompanham a metodologia trazem situa\u00e7\u00f5es- problema para que o aluno trabalhe todas essas tem\u00e1ticas. \u201cPara 2011, o objetivo \u00e9 estender a metodologia para todas as s\u00e9ries em tempo parcial e integral\u201d, afirma a gerente.<\/p>\n<p>O aluno ainda tem a op\u00e7\u00e3o de estudar o ensino integral ofertado pelo SESI e, no contraturno, a op\u00e7\u00e3o de realizar atividades esportivas e socioculturais, a exemplo das aulas de nata\u00e7\u00e3o, viol\u00e3o, teatro e oficinas de artes para os alunos do 1\u00b0ao 4\u00b0ano. <\/p>\n<p>A escola oferece acompanhamento escolar e aten\u00e7\u00e3o especial, com alunos finalistas (9\u00b0 ano) do ensino fundamental trabalhando com afinco as disciplinas que fazem parte dos processos da Funda\u00e7\u00e3o Nokia de Ensino, Instituto Federal do Amazonas (IFAM) e Col\u00e9gio Militar de Manaus (CMM). Neste ano 18 alunos da institui\u00e7\u00e3o obtiveram aprova\u00e7\u00e3o nas tr\u00eas institui\u00e7\u00f5es mais disputadas, sendo dois primeiros lugares: o 1\u00ba lugar no curso de inform\u00e1tica (escolas particulares) da Nokia com o aluno Caio Borba e o primeiro lugar no CMM, com a aluna Bruna Lopes, ambos de 14 anos.<\/p>\n<p><strong>Educa\u00e7\u00e3o Integral<\/strong><\/p>\n<p>Desde 2007, a Rede SESI de Educa\u00e7\u00e3o possui duas modalidades de Educa\u00e7\u00e3o Integral. A primeira delas \u00e9 a Educa\u00e7\u00e3o Infantil (creche e pr\u00e9-escola) oferecida aos filhos dos trabalhadores da ind\u00fastria. No qual o perfil desse aluno \u00e9 tra\u00e7ado pela pr\u00f3pria institui\u00e7\u00e3o e as matr\u00edculas s\u00e3o pagas. As aulas s\u00e3o oferecidas na educa\u00e7\u00e3o \u201cDr. Francisco Garcia\u201d, localizada no Distrito Industrial (UE 08).<\/p>\n<p>A segunda modalidade de Educa\u00e7\u00e3o Integral cobre o ensino fundamental e \u00e9 oferecida na unidade de educa\u00e7\u00e3o \u201cDra. Emina Barbosa Mustafa\u201d (UE 03), localizada no S\u00e3o Jos\u00e9. O perfil do aluno \u00e9 tra\u00e7ado pela pr\u00f3pria empresa, que define se o trabalhador ter\u00e1 ou n\u00e3o acesso a educa\u00e7\u00e3o integral e gratuita.<\/p>\n<p>As matr\u00edculas podem ser efetuadas, por ordem de chegada, na secretaria escolar das seguintes unidades: <br \/>\nEduca\u00e7\u00e3o Infantil e Ensino Fundamental (1\u00b0 ao 5\u00b0 ano). UE 02 &#8211; Unidade de Educa\u00e7\u00e3o Adalberto Ferreira Valle, localizada no Adrian\u00f3polis. Telefone: <strong>(092)3216-5020\/5022<\/strong>.<\/p>\n<p>Educa\u00e7\u00e3o Infantil e Ensino Fundamental (1\u00b0 ao 9\u00b0 ano). UE 03 &#8211; Unidade de Educa\u00e7\u00e3o Emina Barbosa Mustafa, localizada no S\u00e3o Jos\u00e9. Telefone: <strong>(092) 3216-1020<\/strong>.<\/p>\n<p><strong>Para as inscri\u00e7\u00f5es, \u00e9 necess\u00e1ria a apresenta\u00e7\u00e3o dos seguintes documentos:<\/strong><\/p>\n<p>&#8211; 2 fotos 3&#215;4<br \/>\n&#8211; Certid\u00e3o de nascimento<br \/>\n&#8211; Cart\u00e3o de vacina<br \/>\n&#8211; RG\/CPF dos pais<br \/>\n&#8211; Comprovante de resid\u00eancia<br \/>\n&#8211; Comprovante de renda<\/p>\n<p>* para o Ensino Fundamental \u00e9 necess\u00e1rio 3 fotos 3&#215;4 e mais transfer\u00eancia e boletim escolar.<\/p>\n","protected":false},"excerpt":{"rendered":"<p>Este ano o Servi\u00e7o Social da Ind\u00fastria (SESI\/AM) ampliou a capacidade de atendimento em Educa\u00e7\u00e3o Infantil, com novas 100 vagas<\/p>\n","protected":false},"author":1,"featured_media":0,"comment_status":"open","ping_status":"open","sticky":false,"template":"","format":"standard","meta":{"footnotes":""},"categories":[25],"tags":[87],"class_list":["post-408","post","type-post","status-publish","format-standard","hentry","category-news","tag-matriculas-sesi"],"yoast_head":"<!-- This site is optimized with the Yoast SEO plugin v26.8 - https:\/\/yoast.com\/product\/yoast-seo-wordpress\/ -->\n<title>Matr\u00edculas da Rede SESI de Educa\u00e7\u00e3o continuam abertas - SESI<\/title>\n<meta name=\"robots\" content=\"index, follow, max-snippet:-1, max-image-preview:large, max-video-preview:-1\" \/>\n<link rel=\"canonical\" href=\"https:\/\/fieam.org.br\/sesi\/matriculas-da-rede-sesi-de-educacao-continuam-abertas\/\" \/>\n<meta property=\"og:locale\" content=\"pt_BR\" \/>\n<meta property=\"og:type\" content=\"article\" \/>\n<meta property=\"og:title\" content=\"Matr\u00edculas da Rede SESI de Educa\u00e7\u00e3o continuam abertas - SESI\" \/>\n<meta property=\"og:description\" content=\"Este ano o Servi\u00e7o Social da Ind\u00fastria (SESI\/AM) ampliou a capacidade de atendimento em Educa\u00e7\u00e3o Infantil, com novas 100 vagas\" \/>\n<meta property=\"og:url\" content=\"https:\/\/fieam.org.br\/sesi\/matriculas-da-rede-sesi-de-educacao-continuam-abertas\/\" \/>\n<meta property=\"og:site_name\" content=\"SESI\" \/>\n<meta property=\"article:published_time\" content=\"2011-01-12T14:11:41+00:00\" \/>\n<meta property=\"og:image\" content=\"https:\/\/fieam.org.br\/sesi\/wp-content\/uploads\/sites\/14\/2011\/01\/criancasesi650.jpg\" \/>\n\t<meta property=\"og:image:width\" content=\"638\" \/>\n\t<meta property=\"og:image:height\" content=\"300\" \/>\n\t<meta property=\"og:image:type\" content=\"image\/jpeg\" \/>\n<meta name=\"author\" content=\"Autor\" \/>\n<meta name=\"twitter:card\" content=\"summary_large_image\" \/>\n<meta name=\"twitter:label1\" content=\"Escrito por\" \/>\n\t<meta name=\"twitter:data1\" content=\"Autor\" \/>\n\t<meta name=\"twitter:label2\" content=\"Est. tempo de leitura\" \/>\n\t<meta name=\"twitter:data2\" content=\"4 minutos\" \/>\n<script type=\"application\/ld+json\" class=\"yoast-schema-graph\">{\"@context\":\"https:\/\/schema.org\",\"@graph\":[{\"@type\":\"Article\",\"@id\":\"https:\/\/fieam.org.br\/sesi\/matriculas-da-rede-sesi-de-educacao-continuam-abertas\/#article\",\"isPartOf\":{\"@id\":\"https:\/\/fieam.org.br\/sesi\/matriculas-da-rede-sesi-de-educacao-continuam-abertas\/\"},\"author\":{\"name\":\"Autor\",\"@id\":\"https:\/\/fieam.org.br\/sesi\/#\/schema\/person\/c1ceda8321521b291cee22da0a7d34be\"},\"headline\":\"Matr\u00edculas da Rede SESI de Educa\u00e7\u00e3o continuam abertas\",\"datePublished\":\"2011-01-12T14:11:41+00:00\",\"mainEntityOfPage\":{\"@id\":\"https:\/\/fieam.org.br\/sesi\/matriculas-da-rede-sesi-de-educacao-continuam-abertas\/\"},\"wordCount\":748,\"commentCount\":0,\"publisher\":{\"@id\":\"https:\/\/fieam.org.br\/sesi\/#organization\"},\"image\":{\"@id\":\"https:\/\/fieam.org.br\/sesi\/matriculas-da-rede-sesi-de-educacao-continuam-abertas\/#primaryimage\"},\"thumbnailUrl\":\"http:\/\/www.fieam.org.br\/site\/sesi\/files\/2011\/01\/criancasesi650.jpg\",\"keywords\":[\"matr\u00edculas SESI\"],\"articleSection\":[\"News\"],\"inLanguage\":\"pt-BR\",\"potentialAction\":[{\"@type\":\"CommentAction\",\"name\":\"Comment\",\"target\":[\"https:\/\/fieam.org.br\/sesi\/matriculas-da-rede-sesi-de-educacao-continuam-abertas\/#respond\"]}]},{\"@type\":\"WebPage\",\"@id\":\"https:\/\/fieam.org.br\/sesi\/matriculas-da-rede-sesi-de-educacao-continuam-abertas\/\",\"url\":\"https:\/\/fieam.org.br\/sesi\/matriculas-da-rede-sesi-de-educacao-continuam-abertas\/\",\"name\":\"Matr\u00edculas da Rede SESI de Educa\u00e7\u00e3o continuam abertas - SESI\",\"isPartOf\":{\"@id\":\"https:\/\/fieam.org.br\/sesi\/#website\"},\"primaryImageOfPage\":{\"@id\":\"https:\/\/fieam.org.br\/sesi\/matriculas-da-rede-sesi-de-educacao-continuam-abertas\/#primaryimage\"},\"image\":{\"@id\":\"https:\/\/fieam.org.br\/sesi\/matriculas-da-rede-sesi-de-educacao-continuam-abertas\/#primaryimage\"},\"thumbnailUrl\":\"http:\/\/www.fieam.org.br\/site\/sesi\/files\/2011\/01\/criancasesi650.jpg\",\"datePublished\":\"2011-01-12T14:11:41+00:00\",\"breadcrumb\":{\"@id\":\"https:\/\/fieam.org.br\/sesi\/matriculas-da-rede-sesi-de-educacao-continuam-abertas\/#breadcrumb\"},\"inLanguage\":\"pt-BR\",\"potentialAction\":[{\"@type\":\"ReadAction\",\"target\":[\"https:\/\/fieam.org.br\/sesi\/matriculas-da-rede-sesi-de-educacao-continuam-abertas\/\"]}]},{\"@type\":\"ImageObject\",\"inLanguage\":\"pt-BR\",\"@id\":\"https:\/\/fieam.org.br\/sesi\/matriculas-da-rede-sesi-de-educacao-continuam-abertas\/#primaryimage\",\"url\":\"http:\/\/www.fieam.org.br\/site\/sesi\/files\/2011\/01\/criancasesi650.jpg\",\"contentUrl\":\"http:\/\/www.fieam.org.br\/site\/sesi\/files\/2011\/01\/criancasesi650.jpg\"},{\"@type\":\"BreadcrumbList\",\"@id\":\"https:\/\/fieam.org.br\/sesi\/matriculas-da-rede-sesi-de-educacao-continuam-abertas\/#breadcrumb\",\"itemListElement\":[{\"@type\":\"ListItem\",\"position\":1,\"name\":\"In\u00edcio\",\"item\":\"https:\/\/fieam.org.br\/sesi\/\"},{\"@type\":\"ListItem\",\"position\":2,\"name\":\"Matr\u00edculas da Rede SESI de Educa\u00e7\u00e3o continuam abertas\"}]},{\"@type\":\"WebSite\",\"@id\":\"https:\/\/fieam.org.br\/sesi\/#website\",\"url\":\"https:\/\/fieam.org.br\/sesi\/\",\"name\":\"SESI\",\"description\":\"Site Oficial!\",\"publisher\":{\"@id\":\"https:\/\/fieam.org.br\/sesi\/#organization\"},\"potentialAction\":[{\"@type\":\"SearchAction\",\"target\":{\"@type\":\"EntryPoint\",\"urlTemplate\":\"https:\/\/fieam.org.br\/sesi\/?s={search_term_string}\"},\"query-input\":{\"@type\":\"PropertyValueSpecification\",\"valueRequired\":true,\"valueName\":\"search_term_string\"}}],\"inLanguage\":\"pt-BR\"},{\"@type\":\"Organization\",\"@id\":\"https:\/\/fieam.org.br\/sesi\/#organization\",\"name\":\"SESI\",\"url\":\"https:\/\/fieam.org.br\/sesi\/\",\"logo\":{\"@type\":\"ImageObject\",\"inLanguage\":\"pt-BR\",\"@id\":\"https:\/\/fieam.org.br\/sesi\/#\/schema\/logo\/image\/\",\"url\":\"https:\/\/fieam.org.br\/sesi\/wp-content\/uploads\/sites\/14\/2024\/03\/cropped-fav.png\",\"contentUrl\":\"https:\/\/fieam.org.br\/sesi\/wp-content\/uploads\/sites\/14\/2024\/03\/cropped-fav.png\",\"width\":610,\"height\":589,\"caption\":\"SESI\"},\"image\":{\"@id\":\"https:\/\/fieam.org.br\/sesi\/#\/schema\/logo\/image\/\"}},{\"@type\":\"Person\",\"@id\":\"https:\/\/fieam.org.br\/sesi\/#\/schema\/person\/c1ceda8321521b291cee22da0a7d34be\",\"name\":\"Autor\",\"image\":{\"@type\":\"ImageObject\",\"inLanguage\":\"pt-BR\",\"@id\":\"https:\/\/fieam.org.br\/sesi\/#\/schema\/person\/image\/\",\"url\":\"https:\/\/secure.gravatar.com\/avatar\/3732c223e0e1fad69062a8f770955c9068d37b055204f310a0be18d4069fe380?s=96&d=mm&r=g\",\"contentUrl\":\"https:\/\/secure.gravatar.com\/avatar\/3732c223e0e1fad69062a8f770955c9068d37b055204f310a0be18d4069fe380?s=96&d=mm&r=g\",\"caption\":\"Autor\"},\"sameAs\":[\"https:\/\/marketingmassivo.com.br\"],\"url\":\"https:\/\/fieam.org.br\/sesi\/author\/admin\/\"}]}<\/script>\n<!-- \/ Yoast SEO plugin. -->","yoast_head_json":{"title":"Matr\u00edculas da Rede SESI de Educa\u00e7\u00e3o continuam abertas - SESI","robots":{"index":"index","follow":"follow","max-snippet":"max-snippet:-1","max-image-preview":"max-image-preview:large","max-video-preview":"max-video-preview:-1"},"canonical":"https:\/\/fieam.org.br\/sesi\/matriculas-da-rede-sesi-de-educacao-continuam-abertas\/","og_locale":"pt_BR","og_type":"article","og_title":"Matr\u00edculas da Rede SESI de Educa\u00e7\u00e3o continuam abertas - SESI","og_description":"Este ano o Servi\u00e7o Social da Ind\u00fastria (SESI\/AM) ampliou a capacidade de atendimento em Educa\u00e7\u00e3o Infantil, com novas 100 vagas","og_url":"https:\/\/fieam.org.br\/sesi\/matriculas-da-rede-sesi-de-educacao-continuam-abertas\/","og_site_name":"SESI","article_published_time":"2011-01-12T14:11:41+00:00","og_image":[{"width":638,"height":300,"url":"https:\/\/fieam.org.br\/sesi\/wp-content\/uploads\/sites\/14\/2011\/01\/criancasesi650.jpg","type":"image\/jpeg"}],"author":"Autor","twitter_card":"summary_large_image","twitter_misc":{"Escrito por":"Autor","Est. tempo de leitura":"4 minutos"},"schema":{"@context":"https:\/\/schema.org","@graph":[{"@type":"Article","@id":"https:\/\/fieam.org.br\/sesi\/matriculas-da-rede-sesi-de-educacao-continuam-abertas\/#article","isPartOf":{"@id":"https:\/\/fieam.org.br\/sesi\/matriculas-da-rede-sesi-de-educacao-continuam-abertas\/"},"author":{"name":"Autor","@id":"https:\/\/fieam.org.br\/sesi\/#\/schema\/person\/c1ceda8321521b291cee22da0a7d34be"},"headline":"Matr\u00edculas da Rede SESI de Educa\u00e7\u00e3o continuam abertas","datePublished":"2011-01-12T14:11:41+00:00","mainEntityOfPage":{"@id":"https:\/\/fieam.org.br\/sesi\/matriculas-da-rede-sesi-de-educacao-continuam-abertas\/"},"wordCount":748,"commentCount":0,"publisher":{"@id":"https:\/\/fieam.org.br\/sesi\/#organization"},"image":{"@id":"https:\/\/fieam.org.br\/sesi\/matriculas-da-rede-sesi-de-educacao-continuam-abertas\/#primaryimage"},"thumbnailUrl":"http:\/\/www.fieam.org.br\/site\/sesi\/files\/2011\/01\/criancasesi650.jpg","keywords":["matr\u00edculas SESI"],"articleSection":["News"],"inLanguage":"pt-BR","potentialAction":[{"@type":"CommentAction","name":"Comment","target":["https:\/\/fieam.org.br\/sesi\/matriculas-da-rede-sesi-de-educacao-continuam-abertas\/#respond"]}]},{"@type":"WebPage","@id":"https:\/\/fieam.org.br\/sesi\/matriculas-da-rede-sesi-de-educacao-continuam-abertas\/","url":"https:\/\/fieam.org.br\/sesi\/matriculas-da-rede-sesi-de-educacao-continuam-abertas\/","name":"Matr\u00edculas da Rede SESI de Educa\u00e7\u00e3o continuam abertas - SESI","isPartOf":{"@id":"https:\/\/fieam.org.br\/sesi\/#website"},"primaryImageOfPage":{"@id":"https:\/\/fieam.org.br\/sesi\/matriculas-da-rede-sesi-de-educacao-continuam-abertas\/#primaryimage"},"image":{"@id":"https:\/\/fieam.org.br\/sesi\/matriculas-da-rede-sesi-de-educacao-continuam-abertas\/#primaryimage"},"thumbnailUrl":"http:\/\/www.fieam.org.br\/site\/sesi\/files\/2011\/01\/criancasesi650.jpg","datePublished":"2011-01-12T14:11:41+00:00","breadcrumb":{"@id":"https:\/\/fieam.org.br\/sesi\/matriculas-da-rede-sesi-de-educacao-continuam-abertas\/#breadcrumb"},"inLanguage":"pt-BR","potentialAction":[{"@type":"ReadAction","target":["https:\/\/fieam.org.br\/sesi\/matriculas-da-rede-sesi-de-educacao-continuam-abertas\/"]}]},{"@type":"ImageObject","inLanguage":"pt-BR","@id":"https:\/\/fieam.org.br\/sesi\/matriculas-da-rede-sesi-de-educacao-continuam-abertas\/#primaryimage","url":"http:\/\/www.fieam.org.br\/site\/sesi\/files\/2011\/01\/criancasesi650.jpg","contentUrl":"http:\/\/www.fieam.org.br\/site\/sesi\/files\/2011\/01\/criancasesi650.jpg"},{"@type":"BreadcrumbList","@id":"https:\/\/fieam.org.br\/sesi\/matriculas-da-rede-sesi-de-educacao-continuam-abertas\/#breadcrumb","itemListElement":[{"@type":"ListItem","position":1,"name":"In\u00edcio","item":"https:\/\/fieam.org.br\/sesi\/"},{"@type":"ListItem","position":2,"name":"Matr\u00edculas da Rede SESI de Educa\u00e7\u00e3o continuam abertas"}]},{"@type":"WebSite","@id":"https:\/\/fieam.org.br\/sesi\/#website","url":"https:\/\/fieam.org.br\/sesi\/","name":"SESI","description":"Site Oficial!","publisher":{"@id":"https:\/\/fieam.org.br\/sesi\/#organization"},"potentialAction":[{"@type":"SearchAction","target":{"@type":"EntryPoint","urlTemplate":"https:\/\/fieam.org.br\/sesi\/?s={search_term_string}"},"query-input":{"@type":"PropertyValueSpecification","valueRequired":true,"valueName":"search_term_string"}}],"inLanguage":"pt-BR"},{"@type":"Organization","@id":"https:\/\/fieam.org.br\/sesi\/#organization","name":"SESI","url":"https:\/\/fieam.org.br\/sesi\/","logo":{"@type":"ImageObject","inLanguage":"pt-BR","@id":"https:\/\/fieam.org.br\/sesi\/#\/schema\/logo\/image\/","url":"https:\/\/fieam.org.br\/sesi\/wp-content\/uploads\/sites\/14\/2024\/03\/cropped-fav.png","contentUrl":"https:\/\/fieam.org.br\/sesi\/wp-content\/uploads\/sites\/14\/2024\/03\/cropped-fav.png","width":610,"height":589,"caption":"SESI"},"image":{"@id":"https:\/\/fieam.org.br\/sesi\/#\/schema\/logo\/image\/"}},{"@type":"Person","@id":"https:\/\/fieam.org.br\/sesi\/#\/schema\/person\/c1ceda8321521b291cee22da0a7d34be","name":"Autor","image":{"@type":"ImageObject","inLanguage":"pt-BR","@id":"https:\/\/fieam.org.br\/sesi\/#\/schema\/person\/image\/","url":"https:\/\/secure.gravatar.com\/avatar\/3732c223e0e1fad69062a8f770955c9068d37b055204f310a0be18d4069fe380?s=96&d=mm&r=g","contentUrl":"https:\/\/secure.gravatar.com\/avatar\/3732c223e0e1fad69062a8f770955c9068d37b055204f310a0be18d4069fe380?s=96&d=mm&r=g","caption":"Autor"},"sameAs":["https:\/\/marketingmassivo.com.br"],"url":"https:\/\/fieam.org.br\/sesi\/author\/admin\/"}]}},"_links":{"self":[{"href":"https:\/\/fieam.org.br\/sesi\/wp-json\/wp\/v2\/posts\/408","targetHints":{"allow":["GET"]}}],"collection":[{"href":"https:\/\/fieam.org.br\/sesi\/wp-json\/wp\/v2\/posts"}],"about":[{"href":"https:\/\/fieam.org.br\/sesi\/wp-json\/wp\/v2\/types\/post"}],"author":[{"embeddable":true,"href":"https:\/\/fieam.org.br\/sesi\/wp-json\/wp\/v2\/users\/1"}],"replies":[{"embeddable":true,"href":"https:\/\/fieam.org.br\/sesi\/wp-json\/wp\/v2\/comments?post=408"}],"version-history":[{"count":0,"href":"https:\/\/fieam.org.br\/sesi\/wp-json\/wp\/v2\/posts\/408\/revisions"}],"wp:attachment":[{"href":"https:\/\/fieam.org.br\/sesi\/wp-json\/wp\/v2\/media?parent=408"}],"wp:term":[{"taxonomy":"category","embeddable":true,"href":"https:\/\/fieam.org.br\/sesi\/wp-json\/wp\/v2\/categories?post=408"},{"taxonomy":"post_tag","embeddable":true,"href":"https:\/\/fieam.org.br\/sesi\/wp-json\/wp\/v2\/tags?post=408"}],"curies":[{"name":"wp","href":"https:\/\/api.w.org\/{rel}","templated":true}]}}