{"id":4062,"date":"2013-03-13T20:27:33","date_gmt":"2013-03-13T20:27:33","guid":{"rendered":"http:\/\/www.fieam.org.br\/site\/sesi\/?p=4062"},"modified":"2013-03-13T20:27:33","modified_gmt":"2013-03-13T20:27:33","slug":"cozinha-brasil-promove-especial-de-pascoa","status":"publish","type":"post","link":"https:\/\/fieam.org.br\/sesi\/cozinha-brasil-promove-especial-de-pascoa\/","title":{"rendered":"Cozinha Brasil promove Especial de P\u00e1scoa"},"content":{"rendered":"<figure id=\"attachment_4063\" aria-describedby=\"caption-attachment-4063\" style=\"width: 300px\" class=\"wp-caption alignleft\"><a href=\"http:\/\/www.fieam.org.br\/site\/sesi\/cozinha-brasil-promove-especial-de-pascoa\/nutricionista-do-sesi-evelyn-medeiros-centro\/\" rel=\"attachment wp-att-4063\"><img fetchpriority=\"high\" decoding=\"async\" class=\"size-medium wp-image-4063 \" alt=\"Nutricionista do SESI Evelyn Medeiros (centro)\" src=\"http:\/\/www.fieam.org.br\/2015\/sesi\/wp-content\/uploads\/sites\/2\/2013\/03\/Nutricionista-do-SESI-Evelyn-Medeiros-centro-300x238.jpg\" width=\"300\" height=\"238\" srcset=\"https:\/\/fieam.org.br\/sesi\/wp-content\/uploads\/sites\/14\/2013\/03\/Nutricionista-do-SESI-Evelyn-Medeiros-centro-300x238.jpg 300w, https:\/\/fieam.org.br\/sesi\/wp-content\/uploads\/sites\/14\/2013\/03\/Nutricionista-do-SESI-Evelyn-Medeiros-centro-768x610.jpg 768w, https:\/\/fieam.org.br\/sesi\/wp-content\/uploads\/sites\/14\/2013\/03\/Nutricionista-do-SESI-Evelyn-Medeiros-centro.jpg 860w\" sizes=\"(max-width: 300px) 100vw, 300px\" \/><\/a><figcaption id=\"caption-attachment-4063\" class=\"wp-caption-text\">Nutricionista do SESI Evelyn Medeiros (centro)<\/figcaption><\/figure>\n<p style=\"text-align: left\" align=\"center\">Com a proposta de oferecer receitas para a Semana Santa \u00e0 base de alimentos saud\u00e1veis e de baixo custo, o\u00a0<a href=\"http:\/\/www.fieam.org.br\/site\/sesi\/institucional\/\" target=\"_blank\" rel=\"noopener\">Servi\u00e7o Social da Ind\u00fastria (SESI Amazonas)<\/a>\u00a0promove no per\u00edodo de 19 a 22 de mar\u00e7o, o Curso de Educa\u00e7\u00e3o Alimentar \u2013 Especial de P\u00e1scoa. O curso faz parte do card\u00e1pio do Programa SESI Cozinha Brasil e ser\u00e1 realizado no Clube do Trabalhador do Amazonas, na Alameda Cosme Ferreira, 7.399, S\u00e3o Jos\u00e9 I. As inscri\u00e7\u00f5es s\u00e3o gratuitas e as vagas s\u00e3o limitadas.<\/p>\n<p>De acordo com a nutricionista do SESI, Evely Medeiros, o \u201cEspecial de P\u00e1scoa\u201d est\u00e1 sendo oferecido pela segunda vez, e \u00e9 aberto a trabalhadores do Polo Industrial de Manaus (PIM), como tamb\u00e9m a comunidade em geral. Devido \u00e0 grande procura, na primeira edi\u00e7\u00e3o, em 2012, para este ano o curso ser\u00e1 realizado desta vez nos tr\u00eas hor\u00e1rios. Pela manh\u00e3, de 8h \u00e0s 11h, \u00e0 tarde, das 13h \u00e0s 16h e \u00e0 noite, das 18 \u00e0s 21h.<\/p>\n<p>Segundo Evely o diferencial deste curso \u00e9 que as receitas ser\u00e3o preparadas ao vivo, ou seja, os alunos acompanhar\u00e3o o passo a passo das receitas, que ser\u00e3o ensinadas simultaneamente teoria e a pr\u00e1tica.<\/p>\n<p>A estimativa \u00e9 beneficiar cerca de 180 pessoas nas seis turmas. Dentro da programa\u00e7\u00e3o os alunos v\u00e3o aprender a fazer tronco de chocolate, bombons de soja, choco monkey de banana, pirarucu econ\u00f4mico, suco da horta e arroz verdinho, entre outros pratos. O objetivo do curso \u00e9 oferece op\u00e7\u00f5es saud\u00e1veis sem grandes custos.<\/p>\n<p>Evely Medeiros disse ainda que no encerramento do curso os participantes ter\u00e3o a oportunidade de degustar todas as receitas ensinadas.<\/p>\n<p>O pirarucu econ\u00f4mico leva ingredientes, como azeite, alho, cebola picada, batata, tomate, piment\u00e3o verde, sal, ovo e pirarucu seco.<\/p>\n<p>Durante o curso os participantes tamb\u00e9m aprendem a fazer um planejamento de compras, como a lista de supermercado, compra de produtos com boa proced\u00eancia e os cuidados com a higiene e a manipula\u00e7\u00e3o dos alimentos.<\/p>\n<p>As inscri\u00e7\u00f5es s\u00e3o gratuitas e podem ser feitas at\u00e9 o dia 18 de mar\u00e7o pelo e-mail\u00a0<a href=\"mailto:cozinha.brasil@sesiam.org.br\" target=\"_blank\" rel=\"noopener\">cozinha.brasil@sesiam.org.br<\/a>. Mais informa\u00e7\u00f5es pelo telefone 3216-1013.<\/p>\n","protected":false},"excerpt":{"rendered":"<p>Com a proposta de oferecer receitas para a Semana Santa \u00e0 base de alimentos saud\u00e1veis e de baixo custo, o\u00a0Servi\u00e7o Social da Ind\u00fastria (SESI Amazonas)\u00a0promove no per\u00edodo de 19 a 22 de mar\u00e7o, o Curso de Educa\u00e7\u00e3o Alimentar \u2013 Especial de P\u00e1scoa. O curso faz parte do card\u00e1pio do Programa SESI Cozinha Brasil e ser\u00e1 [&hellip;]<\/p>\n","protected":false},"author":1,"featured_media":0,"comment_status":"open","ping_status":"open","sticky":false,"template":"","format":"standard","meta":{"footnotes":""},"categories":[25],"tags":[],"class_list":["post-4062","post","type-post","status-publish","format-standard","hentry","category-news"],"yoast_head":"<!-- This site is optimized with the Yoast SEO plugin v28.2 - https:\/\/yoast.com\/product\/yoast-seo-wordpress\/ -->\n<title>Cozinha Brasil promove Especial de P\u00e1scoa - SESI<\/title>\n<meta name=\"robots\" content=\"index, follow, max-snippet:-1, max-image-preview:large, max-video-preview:-1\" \/>\n<link rel=\"canonical\" href=\"https:\/\/fieam.org.br\/sesi\/cozinha-brasil-promove-especial-de-pascoa\/\" \/>\n<meta property=\"og:locale\" content=\"pt_BR\" \/>\n<meta property=\"og:type\" content=\"article\" \/>\n<meta property=\"og:title\" content=\"Cozinha Brasil promove Especial de P\u00e1scoa - SESI\" \/>\n<meta property=\"og:description\" content=\"Com a proposta de oferecer receitas para a Semana Santa \u00e0 base de alimentos saud\u00e1veis e de baixo custo, o\u00a0Servi\u00e7o Social da Ind\u00fastria (SESI Amazonas)\u00a0promove no per\u00edodo de 19 a 22 de mar\u00e7o, o Curso de Educa\u00e7\u00e3o Alimentar \u2013 Especial de P\u00e1scoa. O curso faz parte do card\u00e1pio do Programa SESI Cozinha Brasil e ser\u00e1 [&hellip;]\" \/>\n<meta property=\"og:url\" content=\"https:\/\/fieam.org.br\/sesi\/cozinha-brasil-promove-especial-de-pascoa\/\" \/>\n<meta property=\"og:site_name\" content=\"SESI\" \/>\n<meta property=\"article:published_time\" content=\"2013-03-13T20:27:33+00:00\" \/>\n<meta property=\"og:image\" content=\"https:\/\/fieam.org.br\/sesi\/wp-content\/uploads\/sites\/14\/2013\/03\/Nutricionista-do-SESI-Evelyn-Medeiros-centro.jpg\" \/>\n\t<meta property=\"og:image:width\" content=\"860\" \/>\n\t<meta property=\"og:image:height\" content=\"683\" \/>\n\t<meta property=\"og:image:type\" content=\"image\/jpeg\" \/>\n<meta name=\"author\" content=\"Autor\" \/>\n<meta name=\"twitter:card\" content=\"summary_large_image\" \/>\n<meta name=\"twitter:label1\" content=\"Escrito por\" \/>\n\t<meta name=\"twitter:data1\" content=\"Autor\" \/>\n\t<meta name=\"twitter:label2\" content=\"Est. tempo de leitura\" \/>\n\t<meta name=\"twitter:data2\" content=\"2 minutos\" \/>\n<script type=\"application\/ld+json\" class=\"yoast-schema-graph\">{\"@context\":\"https:\\\/\\\/schema.org\",\"@graph\":[{\"@type\":\"Article\",\"@id\":\"https:\\\/\\\/fieam.org.br\\\/sesi\\\/cozinha-brasil-promove-especial-de-pascoa\\\/#article\",\"isPartOf\":{\"@id\":\"https:\\\/\\\/fieam.org.br\\\/sesi\\\/cozinha-brasil-promove-especial-de-pascoa\\\/\"},\"author\":{\"name\":\"Autor\",\"@id\":\"https:\\\/\\\/fieam.org.br\\\/sesi\\\/#\\\/schema\\\/person\\\/f54998dd14d5f0695b41444f2b01c31e\"},\"headline\":\"Cozinha Brasil promove Especial de P\u00e1scoa\",\"datePublished\":\"2013-03-13T20:27:33+00:00\",\"mainEntityOfPage\":{\"@id\":\"https:\\\/\\\/fieam.org.br\\\/sesi\\\/cozinha-brasil-promove-especial-de-pascoa\\\/\"},\"wordCount\":382,\"commentCount\":0,\"publisher\":{\"@id\":\"https:\\\/\\\/fieam.org.br\\\/sesi\\\/#organization\"},\"image\":{\"@id\":\"https:\\\/\\\/fieam.org.br\\\/sesi\\\/cozinha-brasil-promove-especial-de-pascoa\\\/#primaryimage\"},\"thumbnailUrl\":\"http:\\\/\\\/www.fieam.org.br\\\/2015\\\/sesi\\\/wp-content\\\/uploads\\\/sites\\\/2\\\/2013\\\/03\\\/Nutricionista-do-SESI-Evelyn-Medeiros-centro-300x238.jpg\",\"articleSection\":[\"News\"],\"inLanguage\":\"pt-BR\",\"potentialAction\":[{\"@type\":\"CommentAction\",\"name\":\"Comment\",\"target\":[\"https:\\\/\\\/fieam.org.br\\\/sesi\\\/cozinha-brasil-promove-especial-de-pascoa\\\/#respond\"]}]},{\"@type\":\"WebPage\",\"@id\":\"https:\\\/\\\/fieam.org.br\\\/sesi\\\/cozinha-brasil-promove-especial-de-pascoa\\\/\",\"url\":\"https:\\\/\\\/fieam.org.br\\\/sesi\\\/cozinha-brasil-promove-especial-de-pascoa\\\/\",\"name\":\"Cozinha Brasil promove Especial de P\u00e1scoa - SESI\",\"isPartOf\":{\"@id\":\"https:\\\/\\\/fieam.org.br\\\/sesi\\\/#website\"},\"primaryImageOfPage\":{\"@id\":\"https:\\\/\\\/fieam.org.br\\\/sesi\\\/cozinha-brasil-promove-especial-de-pascoa\\\/#primaryimage\"},\"image\":{\"@id\":\"https:\\\/\\\/fieam.org.br\\\/sesi\\\/cozinha-brasil-promove-especial-de-pascoa\\\/#primaryimage\"},\"thumbnailUrl\":\"http:\\\/\\\/www.fieam.org.br\\\/2015\\\/sesi\\\/wp-content\\\/uploads\\\/sites\\\/2\\\/2013\\\/03\\\/Nutricionista-do-SESI-Evelyn-Medeiros-centro-300x238.jpg\",\"datePublished\":\"2013-03-13T20:27:33+00:00\",\"breadcrumb\":{\"@id\":\"https:\\\/\\\/fieam.org.br\\\/sesi\\\/cozinha-brasil-promove-especial-de-pascoa\\\/#breadcrumb\"},\"inLanguage\":\"pt-BR\",\"potentialAction\":[{\"@type\":\"ReadAction\",\"target\":[\"https:\\\/\\\/fieam.org.br\\\/sesi\\\/cozinha-brasil-promove-especial-de-pascoa\\\/\"]}]},{\"@type\":\"ImageObject\",\"inLanguage\":\"pt-BR\",\"@id\":\"https:\\\/\\\/fieam.org.br\\\/sesi\\\/cozinha-brasil-promove-especial-de-pascoa\\\/#primaryimage\",\"url\":\"http:\\\/\\\/www.fieam.org.br\\\/2015\\\/sesi\\\/wp-content\\\/uploads\\\/sites\\\/2\\\/2013\\\/03\\\/Nutricionista-do-SESI-Evelyn-Medeiros-centro-300x238.jpg\",\"contentUrl\":\"http:\\\/\\\/www.fieam.org.br\\\/2015\\\/sesi\\\/wp-content\\\/uploads\\\/sites\\\/2\\\/2013\\\/03\\\/Nutricionista-do-SESI-Evelyn-Medeiros-centro-300x238.jpg\"},{\"@type\":\"BreadcrumbList\",\"@id\":\"https:\\\/\\\/fieam.org.br\\\/sesi\\\/cozinha-brasil-promove-especial-de-pascoa\\\/#breadcrumb\",\"itemListElement\":[{\"@type\":\"ListItem\",\"position\":1,\"name\":\"In\u00edcio\",\"item\":\"https:\\\/\\\/fieam.org.br\\\/sesi\\\/\"},{\"@type\":\"ListItem\",\"position\":2,\"name\":\"Cozinha Brasil promove Especial de P\u00e1scoa\"}]},{\"@type\":\"WebSite\",\"@id\":\"https:\\\/\\\/fieam.org.br\\\/sesi\\\/#website\",\"url\":\"https:\\\/\\\/fieam.org.br\\\/sesi\\\/\",\"name\":\"SESI\",\"description\":\"Site Oficial!\",\"publisher\":{\"@id\":\"https:\\\/\\\/fieam.org.br\\\/sesi\\\/#organization\"},\"potentialAction\":[{\"@type\":\"SearchAction\",\"target\":{\"@type\":\"EntryPoint\",\"urlTemplate\":\"https:\\\/\\\/fieam.org.br\\\/sesi\\\/?s={search_term_string}\"},\"query-input\":{\"@type\":\"PropertyValueSpecification\",\"valueRequired\":true,\"valueName\":\"search_term_string\"}}],\"inLanguage\":\"pt-BR\"},{\"@type\":\"Organization\",\"@id\":\"https:\\\/\\\/fieam.org.br\\\/sesi\\\/#organization\",\"name\":\"SESI\",\"url\":\"https:\\\/\\\/fieam.org.br\\\/sesi\\\/\",\"logo\":{\"@type\":\"ImageObject\",\"inLanguage\":\"pt-BR\",\"@id\":\"https:\\\/\\\/fieam.org.br\\\/sesi\\\/#\\\/schema\\\/logo\\\/image\\\/\",\"url\":\"https:\\\/\\\/fieam.org.br\\\/sesi\\\/wp-content\\\/uploads\\\/sites\\\/14\\\/2024\\\/03\\\/cropped-fav.png\",\"contentUrl\":\"https:\\\/\\\/fieam.org.br\\\/sesi\\\/wp-content\\\/uploads\\\/sites\\\/14\\\/2024\\\/03\\\/cropped-fav.png\",\"width\":610,\"height\":589,\"caption\":\"SESI\"},\"image\":{\"@id\":\"https:\\\/\\\/fieam.org.br\\\/sesi\\\/#\\\/schema\\\/logo\\\/image\\\/\"}},{\"@type\":\"Person\",\"@id\":\"https:\\\/\\\/fieam.org.br\\\/sesi\\\/#\\\/schema\\\/person\\\/f54998dd14d5f0695b41444f2b01c31e\",\"name\":\"Autor\",\"image\":{\"@type\":\"ImageObject\",\"inLanguage\":\"pt-BR\",\"@id\":\"https:\\\/\\\/secure.gravatar.com\\\/avatar\\\/3732c223e0e1fad69062a8f770955c9068d37b055204f310a0be18d4069fe380?s=96&d=mm&r=g\",\"url\":\"https:\\\/\\\/secure.gravatar.com\\\/avatar\\\/3732c223e0e1fad69062a8f770955c9068d37b055204f310a0be18d4069fe380?s=96&d=mm&r=g\",\"contentUrl\":\"https:\\\/\\\/secure.gravatar.com\\\/avatar\\\/3732c223e0e1fad69062a8f770955c9068d37b055204f310a0be18d4069fe380?s=96&d=mm&r=g\",\"caption\":\"Autor\"},\"sameAs\":[\"https:\\\/\\\/marketingmassivo.com.br\"],\"url\":\"https:\\\/\\\/fieam.org.br\\\/sesi\\\/author\\\/admin\\\/\"}]}<\/script>\n<!-- \/ Yoast SEO plugin. -->","yoast_head_json":{"title":"Cozinha Brasil promove Especial de P\u00e1scoa - SESI","robots":{"index":"index","follow":"follow","max-snippet":"max-snippet:-1","max-image-preview":"max-image-preview:large","max-video-preview":"max-video-preview:-1"},"canonical":"https:\/\/fieam.org.br\/sesi\/cozinha-brasil-promove-especial-de-pascoa\/","og_locale":"pt_BR","og_type":"article","og_title":"Cozinha Brasil promove Especial de P\u00e1scoa - SESI","og_description":"Com a proposta de oferecer receitas para a Semana Santa \u00e0 base de alimentos saud\u00e1veis e de baixo custo, o\u00a0Servi\u00e7o Social da Ind\u00fastria (SESI Amazonas)\u00a0promove no per\u00edodo de 19 a 22 de mar\u00e7o, o Curso de Educa\u00e7\u00e3o Alimentar \u2013 Especial de P\u00e1scoa. O curso faz parte do card\u00e1pio do Programa SESI Cozinha Brasil e ser\u00e1 [&hellip;]","og_url":"https:\/\/fieam.org.br\/sesi\/cozinha-brasil-promove-especial-de-pascoa\/","og_site_name":"SESI","article_published_time":"2013-03-13T20:27:33+00:00","og_image":[{"width":860,"height":683,"url":"https:\/\/fieam.org.br\/sesi\/wp-content\/uploads\/sites\/14\/2013\/03\/Nutricionista-do-SESI-Evelyn-Medeiros-centro.jpg","type":"image\/jpeg"}],"author":"Autor","twitter_card":"summary_large_image","twitter_misc":{"Escrito por":"Autor","Est. tempo de leitura":"2 minutos"},"schema":{"@context":"https:\/\/schema.org","@graph":[{"@type":"Article","@id":"https:\/\/fieam.org.br\/sesi\/cozinha-brasil-promove-especial-de-pascoa\/#article","isPartOf":{"@id":"https:\/\/fieam.org.br\/sesi\/cozinha-brasil-promove-especial-de-pascoa\/"},"author":{"name":"Autor","@id":"https:\/\/fieam.org.br\/sesi\/#\/schema\/person\/f54998dd14d5f0695b41444f2b01c31e"},"headline":"Cozinha Brasil promove Especial de P\u00e1scoa","datePublished":"2013-03-13T20:27:33+00:00","mainEntityOfPage":{"@id":"https:\/\/fieam.org.br\/sesi\/cozinha-brasil-promove-especial-de-pascoa\/"},"wordCount":382,"commentCount":0,"publisher":{"@id":"https:\/\/fieam.org.br\/sesi\/#organization"},"image":{"@id":"https:\/\/fieam.org.br\/sesi\/cozinha-brasil-promove-especial-de-pascoa\/#primaryimage"},"thumbnailUrl":"http:\/\/www.fieam.org.br\/2015\/sesi\/wp-content\/uploads\/sites\/2\/2013\/03\/Nutricionista-do-SESI-Evelyn-Medeiros-centro-300x238.jpg","articleSection":["News"],"inLanguage":"pt-BR","potentialAction":[{"@type":"CommentAction","name":"Comment","target":["https:\/\/fieam.org.br\/sesi\/cozinha-brasil-promove-especial-de-pascoa\/#respond"]}]},{"@type":"WebPage","@id":"https:\/\/fieam.org.br\/sesi\/cozinha-brasil-promove-especial-de-pascoa\/","url":"https:\/\/fieam.org.br\/sesi\/cozinha-brasil-promove-especial-de-pascoa\/","name":"Cozinha Brasil promove Especial de P\u00e1scoa - SESI","isPartOf":{"@id":"https:\/\/fieam.org.br\/sesi\/#website"},"primaryImageOfPage":{"@id":"https:\/\/fieam.org.br\/sesi\/cozinha-brasil-promove-especial-de-pascoa\/#primaryimage"},"image":{"@id":"https:\/\/fieam.org.br\/sesi\/cozinha-brasil-promove-especial-de-pascoa\/#primaryimage"},"thumbnailUrl":"http:\/\/www.fieam.org.br\/2015\/sesi\/wp-content\/uploads\/sites\/2\/2013\/03\/Nutricionista-do-SESI-Evelyn-Medeiros-centro-300x238.jpg","datePublished":"2013-03-13T20:27:33+00:00","breadcrumb":{"@id":"https:\/\/fieam.org.br\/sesi\/cozinha-brasil-promove-especial-de-pascoa\/#breadcrumb"},"inLanguage":"pt-BR","potentialAction":[{"@type":"ReadAction","target":["https:\/\/fieam.org.br\/sesi\/cozinha-brasil-promove-especial-de-pascoa\/"]}]},{"@type":"ImageObject","inLanguage":"pt-BR","@id":"https:\/\/fieam.org.br\/sesi\/cozinha-brasil-promove-especial-de-pascoa\/#primaryimage","url":"http:\/\/www.fieam.org.br\/2015\/sesi\/wp-content\/uploads\/sites\/2\/2013\/03\/Nutricionista-do-SESI-Evelyn-Medeiros-centro-300x238.jpg","contentUrl":"http:\/\/www.fieam.org.br\/2015\/sesi\/wp-content\/uploads\/sites\/2\/2013\/03\/Nutricionista-do-SESI-Evelyn-Medeiros-centro-300x238.jpg"},{"@type":"BreadcrumbList","@id":"https:\/\/fieam.org.br\/sesi\/cozinha-brasil-promove-especial-de-pascoa\/#breadcrumb","itemListElement":[{"@type":"ListItem","position":1,"name":"In\u00edcio","item":"https:\/\/fieam.org.br\/sesi\/"},{"@type":"ListItem","position":2,"name":"Cozinha Brasil promove Especial de P\u00e1scoa"}]},{"@type":"WebSite","@id":"https:\/\/fieam.org.br\/sesi\/#website","url":"https:\/\/fieam.org.br\/sesi\/","name":"SESI","description":"Site Oficial!","publisher":{"@id":"https:\/\/fieam.org.br\/sesi\/#organization"},"potentialAction":[{"@type":"SearchAction","target":{"@type":"EntryPoint","urlTemplate":"https:\/\/fieam.org.br\/sesi\/?s={search_term_string}"},"query-input":{"@type":"PropertyValueSpecification","valueRequired":true,"valueName":"search_term_string"}}],"inLanguage":"pt-BR"},{"@type":"Organization","@id":"https:\/\/fieam.org.br\/sesi\/#organization","name":"SESI","url":"https:\/\/fieam.org.br\/sesi\/","logo":{"@type":"ImageObject","inLanguage":"pt-BR","@id":"https:\/\/fieam.org.br\/sesi\/#\/schema\/logo\/image\/","url":"https:\/\/fieam.org.br\/sesi\/wp-content\/uploads\/sites\/14\/2024\/03\/cropped-fav.png","contentUrl":"https:\/\/fieam.org.br\/sesi\/wp-content\/uploads\/sites\/14\/2024\/03\/cropped-fav.png","width":610,"height":589,"caption":"SESI"},"image":{"@id":"https:\/\/fieam.org.br\/sesi\/#\/schema\/logo\/image\/"}},{"@type":"Person","@id":"https:\/\/fieam.org.br\/sesi\/#\/schema\/person\/f54998dd14d5f0695b41444f2b01c31e","name":"Autor","image":{"@type":"ImageObject","inLanguage":"pt-BR","@id":"https:\/\/secure.gravatar.com\/avatar\/3732c223e0e1fad69062a8f770955c9068d37b055204f310a0be18d4069fe380?s=96&d=mm&r=g","url":"https:\/\/secure.gravatar.com\/avatar\/3732c223e0e1fad69062a8f770955c9068d37b055204f310a0be18d4069fe380?s=96&d=mm&r=g","contentUrl":"https:\/\/secure.gravatar.com\/avatar\/3732c223e0e1fad69062a8f770955c9068d37b055204f310a0be18d4069fe380?s=96&d=mm&r=g","caption":"Autor"},"sameAs":["https:\/\/marketingmassivo.com.br"],"url":"https:\/\/fieam.org.br\/sesi\/author\/admin\/"}]}},"_links":{"self":[{"href":"https:\/\/fieam.org.br\/sesi\/wp-json\/wp\/v2\/posts\/4062","targetHints":{"allow":["GET"]}}],"collection":[{"href":"https:\/\/fieam.org.br\/sesi\/wp-json\/wp\/v2\/posts"}],"about":[{"href":"https:\/\/fieam.org.br\/sesi\/wp-json\/wp\/v2\/types\/post"}],"author":[{"embeddable":true,"href":"https:\/\/fieam.org.br\/sesi\/wp-json\/wp\/v2\/users\/1"}],"replies":[{"embeddable":true,"href":"https:\/\/fieam.org.br\/sesi\/wp-json\/wp\/v2\/comments?post=4062"}],"version-history":[{"count":0,"href":"https:\/\/fieam.org.br\/sesi\/wp-json\/wp\/v2\/posts\/4062\/revisions"}],"wp:attachment":[{"href":"https:\/\/fieam.org.br\/sesi\/wp-json\/wp\/v2\/media?parent=4062"}],"wp:term":[{"taxonomy":"category","embeddable":true,"href":"https:\/\/fieam.org.br\/sesi\/wp-json\/wp\/v2\/categories?post=4062"},{"taxonomy":"post_tag","embeddable":true,"href":"https:\/\/fieam.org.br\/sesi\/wp-json\/wp\/v2\/tags?post=4062"}],"curies":[{"name":"wp","href":"https:\/\/api.w.org\/{rel}","templated":true}]}}